{"id":7563,"date":"2025-05-30T20:40:01","date_gmt":"2025-05-30T23:40:01","guid":{"rendered":"https:\/\/www.ariadnatucma.com.ar\/?p=7563"},"modified":"2025-06-04T20:33:30","modified_gmt":"2025-06-04T23:33:30","slug":"educacion-ambiental-transformadora-un-enfoque-etico-emocional-y-espiritual-hacia-la-sostenibilidad","status":"publish","type":"post","link":"https:\/\/www.ariadnatucma.com.ar\/?p=7563","title":{"rendered":"Educaci\u00f3n ambiental transformadora: un enfoque \u00e9tico, emocional y espiritual hacia la sostenibilidad"},"content":{"rendered":"\n<div class=\"wp-block-cover alignfull has-custom-content-position is-position-bottom-right\"><span aria-hidden=\"true\" class=\"wp-block-cover__background has-background-dim\" style=\"background-color:#18183a\"><\/span><img loading=\"lazy\" decoding=\"async\" width=\"1200\" height=\"900\" class=\"wp-block-cover__image-background wp-image-7628\" alt=\"\" src=\"https:\/\/www.ariadnatucma.com.ar\/wp-content\/uploads\/2025\/05\/Roberto-Carlos-Educacion-Ambiental.jpg\" data-object-fit=\"cover\" srcset=\"https:\/\/www.ariadnatucma.com.ar\/wp-content\/uploads\/2025\/05\/Roberto-Carlos-Educacion-Ambiental.jpg 1200w, https:\/\/www.ariadnatucma.com.ar\/wp-content\/uploads\/2025\/05\/Roberto-Carlos-Educacion-Ambiental-300x225.jpg 300w, https:\/\/www.ariadnatucma.com.ar\/wp-content\/uploads\/2025\/05\/Roberto-Carlos-Educacion-Ambiental-1024x768.jpg 1024w, https:\/\/www.ariadnatucma.com.ar\/wp-content\/uploads\/2025\/05\/Roberto-Carlos-Educacion-Ambiental-768x576.jpg 768w\" sizes=\"auto, (max-width: 1200px) 100vw, 1200px\" \/><div class=\"wp-block-cover__inner-container is-layout-flow wp-block-cover-is-layout-flow\">\n<p class=\"has-large-font-size\"><strong>Roberto Carlos D\u00edaz Salina*<\/strong><\/p>\n<\/div><\/div>\n\n\n\n<p><strong>Resumen<\/strong><\/p>\n\n\n\n<p>La educaci\u00f3n ambiental en Am\u00e9rica Latina ha evolucionado desde una simple conservaci\u00f3n hacia una herramienta integral para el cambio social y la justicia ambiental. Inicialmente, adopt\u00f3 principios de educaci\u00f3n popular y ahora se enfoca en abordar tanto problemas ambientales como inequidades sociales. A trav\u00e9s de un enfoque hol\u00edstico y multidisciplinario, reflejado en las pol\u00edticas y programas de pa\u00edses como Argentina, Chile y Colombia, busca cultivar habilidades cr\u00edticas y \u00e9ticas, junto con un profundo respeto por la relaci\u00f3n entre sociedad y naturaleza.<\/p>\n\n\n\n<p>A pesar de los avances, la percepci\u00f3n p\u00fablica sobre la efectividad de estas iniciativas es en general pesimista, destacando la necesidad de transformar la educaci\u00f3n ambiental en una praxis de liberaci\u00f3n, tal como propone Dussel. Esto implica empoderar a las comunidades marginadas, integrar la justicia social y reconectar con la sabidur\u00eda ind\u00edgena, transformando as\u00ed la relaci\u00f3n de las personas con el medio ambiente.<\/p>\n\n\n\n<p>Este enfoque transformador aboga por una comprensi\u00f3n m\u00e1s profunda de las desigualdades y c\u00f3mo estas afectan la sostenibilidad ambiental. La educaci\u00f3n ambiental debe entonces ser vista no solo como transmisi\u00f3n de conocimientos sino como un veh\u00edculo para la transformaci\u00f3n \u00e9tica y cultural, enfrentando desaf\u00edos ambientales contempor\u00e1neos y promoviendo un desarrollo m\u00e1s sostenible y equitativo.<\/p>\n\n\n\n<p><strong>Palabras clave. <\/strong>Educaci\u00f3n Ambiental, Am\u00e9rica Latina, Cambio Social, Justicia Ambiental, Sostenibilidad.<\/p>\n\n\n\n<!--more-->\n\n\n\n<p><strong>Transformative environmental education: an ethical, emotional, and spiritual approach to sustainability<\/strong><\/p>\n\n\n\n<p><strong>Abstract<\/strong><\/p>\n\n\n\n<p><strong>Palabras clave:<\/strong><em> <\/em>educaci\u00f3n ambiental, Am\u00e9rica Latina, cambio social, justicia ambiental, sostenibilidad.<\/p>\n\n\n\n<p>Environmental education in Latin America has evolved from simple conservation into a comprehensive tool for social change and environmental justice. Initially adopting principles of popular education, it now focuses on addressing both environmental issues and social inequities. Through a holistic and multidisciplinary approach, as reflected in the policies and programs of countries like Argentina, Chile, and Colombia, it aims to cultivate critical and ethical skills, along with a deep respect for the relationship between society and nature.<\/p>\n\n\n\n<p>Despite advances, public perception regarding the effectiveness of these initiatives is generally pessimistic, highlighting the need to transform environmental education into a practice of liberation, as proposed by Dussel. This involves empowering marginalized communities, integrating social justice, and reconnecting with indigenous wisdom, thus transforming people&#8217;s relationship with the environment. This transformative approach advocates for a deeper understanding of inequalities and how they impact environmental sustainability. Environmental education must then be seen not just as a transmission of knowledge but as a vehicle for ethical and cultural transformation, tackling contemporary environmental challenges and promoting a more sustainable and equitable development.<\/p>\n\n\n\n<p><strong>Keywords<\/strong><em>:<\/em> Environmental Education, Latin America, Social Change, Environmental Justice, Sustainability.<\/p>\n\n\n\n<hr class=\"wp-block-separator has-alpha-channel-opacity\"\/>\n\n\n\n<p><strong>Introducci\u00f3n<\/strong><\/p>\n\n\n\n<p>En el umbral del siglo XXI, enfrentamos una crisis ambiental sin precedentes que demanda una revisi\u00f3n profunda y transformadora de nuestros enfoques educativos hacia el entorno natural. La educaci\u00f3n ambiental, evolucionando significativamente desde su conceptualizaci\u00f3n inicial por la UNESCO (1983), se presenta no solo como una disciplina acad\u00e9mica, sino como un movimiento \u00e9tico, emocional y espiritual. Este art\u00edculo propone un enfoque hol\u00edstico que reconoce la interconexi\u00f3n de estas dimensiones en el aprendizaje sobre y para el ambiente, preparando a las personas para entender y enfrentar los cambios globales r\u00e1pidos y para desempe\u00f1ar un rol activo en la mejora y protecci\u00f3n de nuestro planeta.<\/p>\n\n\n\n<p>Al profundizar en estos temas, se ver\u00e1 c\u00f3mo la educaci\u00f3n ambiental puede ser un veh\u00edculo no solo para la transmisi\u00f3n de conocimientos, sino tambi\u00e9n para el desarrollo de una conciencia integral que respete y valore la interdependencia de todos los seres con su entorno.<\/p>\n\n\n\n<p>Para ello la primera parte de este art\u00edculo, establece el marco te\u00f3rico y pr\u00e1ctico necesario para una educaci\u00f3n que no solo informe, sino que transforme. A trav\u00e9s de este enfoque, se busca desarrollar una conciencia ambiental que se arraigue profundamente en los valores \u00e9ticos, el compromiso emocional y la sensibilidad espiritual de los individuos.<\/p>\n\n\n\n<p>Por otro lado, el segundo apartado, se explorar\u00e1 c\u00f3mo distintas iniciativas en la regi\u00f3n han adoptado y adaptado de alguna forma estos principios hol\u00edsticos. Estos casos ejemplifican c\u00f3mo la educaci\u00f3n ambiental puede ser una herramienta de cambio social, involucrando activamente a las comunidades y respondiendo a sus contextos socio-ecol\u00f3gicos espec\u00edficos.<\/p>\n\n\n\n<p>Finalmente, el \u00faltimo apartado profundiza en c\u00f3mo los principios de la filosof\u00eda de la liberaci\u00f3n pueden fundamentar pr\u00e1cticas educativas que no solo busquen entender el mundo natural, sino que aspiren a transformar las estructuras sociales y econ\u00f3micas que subyacen a la crisis ecol\u00f3gica actual. Este enfoque busca empoderar la concepci\u00f3n de educaci\u00f3n ambiental para que se conviertan en un agente activo de cambio en la transici\u00f3n hacia la sostenibilidad.<\/p>\n\n\n\n<p>Este art\u00edculo se propone explorar un enfoque hol\u00edstico de la educaci\u00f3n ambiental, que integra estos aspectos y prepara a las personas para comprender y enfrentar los r\u00e1pidos cambios globales, as\u00ed como para participar activamente en la protecci\u00f3n y mejora de nuestro planeta. Lo anterior ayuda a la tesis doctoral que se adelanta, \u201cEducaci\u00f3n ambiental en Instituciones Educativas Rurales para el desarrollo sostenible en Colombia\u201d.<\/p>\n\n\n\n<p>Esta investigaci\u00f3n ha implementado una estructura metodol\u00f3gica rigurosa para una revisi\u00f3n cr\u00edtica y sistem\u00e1tica de la literatura cient\u00edfica relevante en educaci\u00f3n ambiental, abarcando tesis y art\u00edculos entre 2013 y 2023. Se ha enfocado en categor\u00edas clave como desarrollo sostenible, cultura ambiental, educaci\u00f3n ambiental, sabidur\u00eda ancestral y ecolog\u00eda espiritual, con especial \u00e9nfasis en la ruralidad, entendida como el conjunto de caracter\u00edsticas y pr\u00e1cticas que definen la vida en espacios rurales. Esta dimensi\u00f3n a\u00f1ade complejidad a la educaci\u00f3n ambiental al considerar el v\u00ednculo entre comunidades y su entorno rural, integrando saberes y pr\u00e1cticas ancestrales y promoviendo un desarrollo sostenible sensible al contexto rural. Por lo que este art\u00edculo de reflexi\u00f3n es producto de esta revisi\u00f3n.<\/p>\n\n\n\n<p><strong>Hacia una educaci\u00f3n ambiental hol\u00edstica: integrando dimensiones \u00e9ticas, emocionales y espirituales<\/strong><\/p>\n\n\n\n<p>La UNESCO (1983) define la educaci\u00f3n ambiental como un proceso educativo amplio y de por vida, dise\u00f1ado como respuesta a los r\u00e1pidos cambios del mundo. Este enfoque subraya la importancia de preparar a las personas para comprender los principales problemas globales y equiparlas con habilidades y conocimientos para un rol activo en la mejora de la vida y la protecci\u00f3n del medio ambiente, respetando valores \u00e9ticos esenciales.<\/p>\n\n\n\n<p>Adem\u00e1s, la UNESCO promueve la integraci\u00f3n de la educaci\u00f3n ambiental en el curr\u00edculo existente, sugiriendo m\u00e9todos que incluyen la observaci\u00f3n directa y la interacci\u00f3n con afectados por problemas ambientales, enfatizando la importancia de la formaci\u00f3n docente en ciencias y el desarrollo de competencias para investigar y ense\u00f1ar sobre estas cuestiones.<\/p>\n\n\n\n<p>Sin embargo, esta definici\u00f3n ofrecida por la UNESCO asume una visi\u00f3n muy t\u00e9cnica sobre lo que se debe comprender por educaci\u00f3n ambiental.<\/p>\n\n\n\n<p>Puesto que como lo plantea Gadotti (2008) la educaci\u00f3n debe ser una educaci\u00f3n transformadora que prepare a los individuos para pensar cr\u00edticamente y actuar de manera responsable en el mundo. Por lo que la reducci\u00f3n de la educaci\u00f3n ambiental al desarrollo de habilidades problemas\/soluci\u00f3n, no permite una dimensi\u00f3n m\u00e1s amplia de los problemas ambientales que ata\u00f1en a nuestro tiempo. De manera que la educaci\u00f3n ambiental posee como finalidad crear competencias ciudadanas para la responsabilidad social de la humanidad con su entorno.<\/p>\n\n\n\n<p>De ah\u00ed que se comprenda en primer lugar que, tal como lo plantea Macy (1991), explorar la relaci\u00f3n entre el individuo y el medio ambiente desde una perspectiva emocional y espiritual, es necesaria para lograr una reconexi\u00f3n con el mundo natural. Por lo que la educaci\u00f3n ambiental debe apuntar a esto, ya que en contextos educativos, donde el desarrollo de una conexi\u00f3n emocional profunda con el entorno puede inspirar a estudiantes y comunidades a comprometerse con pr\u00e1cticas ambientales sostenibles.<\/p>\n\n\n\n<p>Por otro lado, la educaci\u00f3n ambiental debe permear de sobremanera la conciencia ambiental de los individuos a quienes se est\u00e1n educando, por lo que Bonnett (2021) ofrece una visi\u00f3n profunda y cr\u00edtica sobre la educaci\u00f3n ambiental, argumentando que la predominante mentalidad de dominaci\u00f3n sobre la naturaleza y el enfoque cientificista en la educaci\u00f3n han generado una desconexi\u00f3n con el mundo natural. Este autor propone una \u00abecologizaci\u00f3n\u00bb de la educaci\u00f3n que va m\u00e1s all\u00e1 del conocimiento cient\u00edfico, promoviendo una conexi\u00f3n experiencial y espiritual con la naturaleza. Este enfoque aboga por integrar las artes y la literatura como medios para fomentar un v\u00ednculo m\u00e1s profundo y significativo con el entorno, marcando un cambio cultural significativo hacia una conciencia ambiental m\u00e1s arraigada y hol\u00edstica. La visi\u00f3n de Bonnett es un llamado a reevaluar y transformar nuestra relaci\u00f3n con la naturaleza, reconociendo la necesidad de una \u00e9tica ambiental robusta y sostenible en todos los \u00e1mbitos de la vida. Esto se evidencia en las siguientes palabras del autor sobre la ecologizaci\u00f3n de la educaci\u00f3n:<\/p>\n\n\n\n<p class=\"has-small-font-size\">\u201cSe ha argumentado que, para que las cosas de la naturaleza ocurran como tales, es necesario desbaratar la actitud antropoc\u00e9ntrica que, en \u00faltima instancia, las deja aparecer s\u00f3lo como un recurso: necesitamos desarrollar una receptividad atenta y abierta que nos permita encontrarlas de nuevo, liberadas del instrumentalismo dominante. La experiencia sugiere que proporcionar el espacio para este nuevo encuentro es precisamente lo que el arte puede hacer y, por lo tanto, es prometedor como una v\u00eda para revelar la naturaleza y, por lo tanto, como una contribuci\u00f3n a la ecologizaci\u00f3n de la educaci\u00f3n [&#8230;] En la \u00e9poca en que la metaf\u00edsica del dominio se mantiene vigente, una consideraci\u00f3n educativa paralela clave ser\u00e1 la preparaci\u00f3n de la mente-cuerpo-coraz\u00f3n para estar adecuadamente abiertos a la aparici\u00f3n de la naturaleza en tales experiencias. Por las razones indicadas anteriormente para nosotros los modernos, esto requiere una modificaci\u00f3n sustancial de nuestra perspectiva intencional con el fin de recibir lo que se nos ofrece &#8211; una suspensi\u00f3n del motivo de dominio y la adopci\u00f3n de una actitud que no es ni una indiferencia ni un deseo posesivo, sino m\u00e1s bien una apertura dial\u00f3gica que incorpora un sentido del bienestar de las cosas mismas. El acontecer nativo de las cosas en la naturaleza no puede revelarse al ojo que busca principalmente organizar, gestionar y manipular (Bonnett, 2021, p\u00e1gs. 132-133).\u201d<a href=\"#_edn1\" id=\"_ednref1\">[i]<\/a><\/p>\n\n\n\n<p>En este sentido, la educaci\u00f3n ambiental, para ser efectiva, debe ir m\u00e1s all\u00e1 del enfoque t\u00e9cnico que ha sido promovido tradicionalmente por instituciones como la UNESCO, e incorporar una dimensi\u00f3n emocional y espiritual que fomente una conexi\u00f3n profunda con la naturaleza. Este enfoque hol\u00edstico no solo capacita a los individuos para enfrentar los desaf\u00edos ambientales, sino que tambi\u00e9n promueve un cambio cultural hacia el respeto y la armon\u00eda con el entorno natural.<\/p>\n\n\n\n<p>Es crucial destacar que la educaci\u00f3n ambiental est\u00e1 profundamente arraigada en principios \u00e9ticos, vincul\u00e1ndose estrechamente con la \u00e9tica ambiental, un campo interdisciplinario que aborda las perspectivas morales hacia la protecci\u00f3n de las entidades naturales y el uso sostenible de los recursos. La \u00e9tica ambiental enfatiza valores como el respeto y la armon\u00eda con nuestro entorno, lo que refleja un prop\u00f3sito \u00e9tico inherente en la educaci\u00f3n ambiental (Ott, 2020).<\/p>\n\n\n\n<p>Adem\u00e1s, es importante considerar la cr\u00edtica de Vygotsky (2004) hacia las teor\u00edas cl\u00e1sicas de educaci\u00f3n, proponiendo una nueva interpretaci\u00f3n sobre el desarrollo y la naturaleza de las emociones. Este marco te\u00f3rico ofrece una base s\u00f3lida para comprender c\u00f3mo los aspectos emocionales influyen y potencian el aprendizaje. En el contexto de la educaci\u00f3n ambiental, esto sugiere que los programas deben dise\u00f1arse no solo para transmitir conocimientos t\u00e9cnicos, sino tambi\u00e9n para involucrar emocionalmente a los estudiantes, permiti\u00e9ndoles establecer una conexi\u00f3n personal con la naturaleza. Al adaptar los m\u00e9todos educativos para abordar las necesidades emocionales individuales, los educadores pueden motivar eficazmente a los estudiantes, convirti\u00e9ndolos en agentes de cambio en la protecci\u00f3n del medio ambiente.<\/p>\n\n\n\n<p>A\u00fan m\u00e1s, la ecolog\u00eda espiritual, seg\u00fan Zohar &amp; Marshall (2001), busca integrar la conciencia espiritual con el activismo ecol\u00f3gico, resaltando la necesidad de una educaci\u00f3n que profundice nuestra conexi\u00f3n con la naturaleza. Esta perspectiva aborda la desconexi\u00f3n existente entre el ser humano y la naturaleza, una brecha que ha contribuido a la crisis ecol\u00f3gica actual, y propone un camino hacia la sanaci\u00f3n de esta fractura, revalorizando nuestra relaci\u00f3n intr\u00ednseca con el entorno natural.<\/p>\n\n\n\n<p>La integraci\u00f3n de la ecolog\u00eda espiritual en la educaci\u00f3n ambiental implica un enfoque hol\u00edstico que abarca tanto el curr\u00edculo formal como las actividades extracurriculares. Esto puede incluir clases pr\u00e1cticas al aire libre, di\u00e1logos y reflexiones grupales sobre la interconexi\u00f3n de la vida, y proyectos comunitarios que promuevan acciones concretas de cuidado ambiental. Al fomentar una relaci\u00f3n m\u00e1s profunda y respetuosa con nuestro planeta a trav\u00e9s de la ecolog\u00eda espiritual, se enriquece el esp\u00edritu humano y se contribuye al bienestar de las futuras generaciones y la salud de la Tierra. Esta conexi\u00f3n espiritual con el mundo natural es esencial para enfrentar los desaf\u00edos ambientales actuales y promover un desarrollo sostenible.<\/p>\n\n\n\n<p>Este enriquecimiento emocional y espiritual en la educaci\u00f3n ambiental no solo cumple con su cometido \u00e9tico, sino que tambi\u00e9n establece una dimensi\u00f3n que fundamenta la relaci\u00f3n \u00edntima con la naturaleza que es crucial para una efectiva educaci\u00f3n ambiental.<\/p>\n\n\n\n<p><strong>Educaci\u00f3n ambiental en Am\u00e9rica Latina: enfoques integrales y participativos en Argentina, Chile y Colombia<\/strong><\/p>\n\n\n\n<p>La educaci\u00f3n ambiental en Am\u00e9rica Latina ha experimentado una evoluci\u00f3n significativa desde sus inicios en los a\u00f1os sesenta, transform\u00e1ndose en un pilar fundamental para el desarrollo sostenible de la regi\u00f3n. Este apartado aborda el desarrollo hist\u00f3rico de la educaci\u00f3n ambiental en Am\u00e9rica Latina, destacando sus enfoques cr\u00edticos y transformadores que buscan integrar la conservaci\u00f3n ambiental con el cambio social.<\/p>\n\n\n\n<p>Siguiendo a Tr\u00e9llez (2006) la educaci\u00f3n ambiental en Am\u00e9rica Latina empez\u00f3 bajo la influencia de la educaci\u00f3n popular de Paulo Freire (1970; 1999; 2005), enfoc\u00e1ndose en las comunidades m\u00e1s excluidas. Este enfoque no solo buscaba promover la conservaci\u00f3n ambiental, sino tambi\u00e9n fomentar un cambio social que permitiera una vida m\u00e1s digna y libre. Se destacaba la importancia de desarrollar un conocimiento propio que hiciera consciente la relaci\u00f3n intr\u00ednseca entre sociedad y naturaleza.<\/p>\n\n\n\n<p>Tras la Conferencia de Estocolmo en 1972, los esfuerzos por integrar la educaci\u00f3n ambiental en los sistemas educativos se intensificaron. Durante esta \u00e9poca, se comenzaron a cuestionar los modelos de consumo y crecimiento de los pa\u00edses industrializados, promoviendo un enfoque m\u00e1s cr\u00edtico y transformador en la educaci\u00f3n ambiental que buscaba replantear las pr\u00e1cticas y pol\u00edticas existentes.<\/p>\n\n\n\n<p>De manera formal, este aspecto repercuti\u00f3 en el hecho de que la educaci\u00f3n ambiental deb\u00eda tener un lugar prominente en Am\u00e9rica Latina, buscando con ello inculcar una \u00e9tica m\u00e1s humana y sostenible en relaci\u00f3n con el medio ambiente. Seg\u00fan Teitelbaum (1978) este movimiento educativo toma sus ra\u00edces en principios establecidos desde la Carta de Belgrado de 1975, la cual marc\u00f3 un hito importante al proponer una educaci\u00f3n que no solo aborde los s\u00edntomas sino que tambi\u00e9n erradique las causas fundamentales de problemas ambientales, como la pobreza, el hambre y la contaminaci\u00f3n.<\/p>\n\n\n\n<p>Por otro lado, los movimientos ambientales en Am\u00e9rica Latina, a partir de los a\u00f1os setenta y especialmente durante las d\u00e9cadas de 1980 y 1990, se caracterizaron por su diversidad y por la amplia gama de actores que los conformaban. Estos movimientos incluyeron participaci\u00f3n de diversos sectores sociales, como grupos urbanos, campesinos con contenidos \u00e9tnico-culturales, movimientos ecologistas y otros colectivos que articulaban demandas espec\u00edficas relacionadas con el medio ambiente y el desarrollo sostenible (Murga Frassinetti, 2006).<\/p>\n\n\n\n<p>Durante los noventa se fortaleci\u00f3 el respaldo te\u00f3rico a los enfoques participativos en educaci\u00f3n ambiental, aspecto que acompa\u00f1aba estas demandas sociales que promulgaban una conciencia social por el medio ambiente. El trabajo de pensadores como Enrique Leff (2000) reconocen la complejidad de los procesos sociales y naturales, y la importancia de la participaci\u00f3n comunitaria en la conservaci\u00f3n ambiental.<\/p>\n\n\n\n<p>Con el nuevo milenio, se han lanzado iniciativas significativas como el Programa Latinoamericano y del Caribe de Educaci\u00f3n Ambiental (PLACEA), este documento presentado por la Rep\u00fablica Bolivariana de Venezuela en el 2003, se enfocaba en la creaci\u00f3n de un modelo de desarrollo alternativo que responda a la crisis ambiental y social causada por los modelos econ\u00f3micos tradicionales (Programa de las Naciones Unidas para el Medio Ambiente, 2003). Un aspecto importante de esto es que este documento destaca la importancia de la educaci\u00f3n ambiental como herramienta clave para impulsar un cambio hacia la sostenibilidad, promoviendo una \u00e9tica de responsabilidad colectiva y equidad social.<\/p>\n\n\n\n<p>Por otro lado, el esfuerzo m\u00e1s reciente de este panorama alrededor de la educaci\u00f3n ambiental se encuentra en la Estrategia Mesoamericana de Sustentabilidad Ambiental (EMSA), un esfuerzo colaborativo que une a diez pa\u00edses, entre ellos Colombia. La cual ella dio origen al Observatorio Mesoamericano de Educaci\u00f3n Ambiental, ubicado en la Universidad del Atl\u00e1ntico; donde este observatorio se concibe como un espacio de convergencia para el pensamiento cr\u00edtico, la investigaci\u00f3n y la innovaci\u00f3n en el \u00e1mbito de la educaci\u00f3n ambiental, promoviendo la colaboraci\u00f3n entre pa\u00edses para abordar desaf\u00edos ambientales comunes (Observatorio Mesoamericano de Educaci\u00f3n Ambiental, 2023).<\/p>\n\n\n\n<p>En este sentido, podr\u00edamos alegar que la educaci\u00f3n ambiental en Am\u00e9rica Latina ha evolucionado de una extensi\u00f3n de la conservaci\u00f3n ecol\u00f3gica a convertirse en un veh\u00edculo para el cambio social y el desarrollo sostenible. A trav\u00e9s de enfoques cr\u00edticos y participativos, refleja y aborda los desaf\u00edos espec\u00edficos de la regi\u00f3n, mostrando un camino prometedor hacia un futuro m\u00e1s sostenible y equitativo.<\/p>\n\n\n\n<p>Sin embargo, la investigaci\u00f3n de Medina Arboleda, I. F., &amp; P\u00e1ramo, P. (2014) muestra como resultado que si bien hay notable crecimiento en el desarrollo de programas y experiencias en educaci\u00f3n ambiental en la regi\u00f3n, \u00e9stos tienen una efectividad escasa. Y esto se debe a: primero, el enfoque descriptivo predominante en las investigaciones realizadas alrededor de la educaci\u00f3n ambiental; y segundo, se ha dado importancia a la construcci\u00f3n te\u00f3rica de los componentes que fundamentan dicha educaci\u00f3n. Puesto que la importancia de la educaci\u00f3n ambiental trasciende su simple aplicaci\u00f3n, destacando su efectividad y el impacto significativo que tiene en la sociedad en general.<\/p>\n\n\n\n<p>En este sentido, la educaci\u00f3n ambiental en Am\u00e9rica Latina enfrenta desaf\u00edos, como la adaptaci\u00f3n de los programas educativos a las realidades locales y la integraci\u00f3n de enfoques te\u00f3ricos y pr\u00e1cticos que respondan eficazmente a las necesidades ambientales y sociales de la regi\u00f3n.<\/p>\n\n\n\n<p>Desde entonces, se ha vuelto imperativo que uno de los principios fundamentales de la educaci\u00f3n ambiental en la regi\u00f3n debe ser su capacidad de adaptaci\u00f3n a las diversas realidades socioecon\u00f3micas y culturales de cada pa\u00eds. Esta adaptabilidad es crucial para promover un desarrollo que sea tanto ambiental como socialmente sostenible. Entender y respetar las particularidades locales no solo enriquece el proceso educativo, sino que tambi\u00e9n asegura que las soluciones propuestas sean relevantes y efectivas en cada contexto espec\u00edfico.<\/p>\n\n\n\n<p>Ahora bien, si analizamos casos concretos de la pol\u00edtica educativa en cuanto al medioambiente, se observar\u00e1 que la pol\u00edtica p\u00fablica de Latinoam\u00e9rica no se aleja de lo antes mencionado.&nbsp;<\/p>\n\n\n\n<p>As\u00ed, en Argentina (Ministerio de Educaci\u00f3n de la Naci\u00f3n, 2015) se enfoca en abordar los problemas ambientales desde una perspectiva integral y participativa. Este enfoque resalta la importancia de comprender los conflictos ambientales, como el caso del gasoducto, dentro de un marco m\u00e1s amplio que involucra conflictos sociales y los intereses de diversos actores, incluyendo empresas, comunidades ind\u00edgenas y organismos ambientalistas.<\/p>\n\n\n\n<p>La metodolog\u00eda educativa propuesta va m\u00e1s all\u00e1 del conocimiento te\u00f3rico, promoviendo un an\u00e1lisis cr\u00edtico, la discusi\u00f3n de casos reales y la participaci\u00f3n en la resoluci\u00f3n de problemas ambientales. El papel de los educadores es crucial para guiar a los estudiantes en procesos cr\u00edticos y \u00e9ticos, ayud\u00e1ndolos a comprender la complejidad de los problemas ambientales y a desarrollar un pensamiento cr\u00edtico.<\/p>\n\n\n\n<p>Se sugiere la integraci\u00f3n de diversas disciplinas, como la geograf\u00eda, la historia y la ciencia pol\u00edtica, para ofrecer una comprensi\u00f3n integral de los problemas ambientales. Este aspecto reconoce que los problemas ambientales son tambi\u00e9n problemas sociales, destacando la importancia de la participaci\u00f3n ciudadana y la responsabilidad social en la identificaci\u00f3n y soluci\u00f3n de estos problemas. Por lo que esta pol\u00edtica educativa en la Argentina invita a reflexionar sobre la ense\u00f1anza de los problemas ambientales y a generar propuestas que vinculen la escuela con la comunidad, promoviendo un cambio efectivo en la perspectiva ambiental.<\/p>\n\n\n\n<p>Por otro lado, la educaci\u00f3n ambiental en Chile (Ministerio de Medio ambiente, 2018) se centra en un enfoque integral y participativo. Este enfoque subraya la necesidad de integrar aspectos ambientales, sociales, culturales y econ\u00f3micos en la ense\u00f1anza, destacando la importancia de un m\u00e9todo interdisciplinario en l\u00ednea con las recomendaciones de la UNESCO.<\/p>\n\n\n\n<p>De la misma forma que en Argentina, los educadores juegan un papel crucial en este proceso, no solo transmitiendo conocimientos te\u00f3ricos sino tambi\u00e9n fomentando la aplicaci\u00f3n pr\u00e1ctica y la responsabilidad personal en los estudiantes. Se pone \u00e9nfasis en inculcar valores \u00e9ticos como la austeridad, el respeto, la corresponsabilidad y la empat\u00eda, fundamentales para una comprensi\u00f3n profunda y un comportamiento respetuoso hacia el medio ambiente.<\/p>\n\n\n\n<p>En el aspecto curricular, este mismo documento menciona que la Ley General de Educaci\u00f3n en Chile (2009) promueve la inclusi\u00f3n de la educaci\u00f3n ambiental, pero se reconoce la necesidad de una mayor integraci\u00f3n transversal y contextualizada en la realidad local. Se identifican desaf\u00edos como la necesidad de m\u00e1s investigaci\u00f3n, la profesionalizaci\u00f3n de los educadores ambientales y el desarrollo de programas educativos innovadores.<\/p>\n\n\n\n<p>Para el caso de Colombia, la pol\u00edtica de educaci\u00f3n ambiental busca fomentar una cultura \u00e9tica y responsable en el manejo sostenible del ambiente. Se enfoca en formar ciudadanos con capacidad para comprender las din\u00e1micas naturales, sociales y culturales en las que est\u00e1n inmersos, reconocerse como parte integral del ambiente, participar en la gesti\u00f3n ambiental y tomar decisiones responsables.<\/p>\n\n\n\n<p>La pol\u00edtica enfatiza la necesidad de un enfoque educativo que cultive valores \u00e9ticos y actitudes responsables hacia el ambiente, promoviendo la participaci\u00f3n en la gesti\u00f3n ambiental y la toma de decisiones. Esto implica un cambio de actitud hacia el entorno, buscando un equilibrio en su manejo y una mejor calidad de vida. La educaci\u00f3n debe fomentar la comprensi\u00f3n de la realidad biof\u00edsica, social, pol\u00edtica y econ\u00f3mica, as\u00ed como la interdependencia entre estos factores. Esto se evidencia cuando el documento plantea que la visi\u00f3n de la pol\u00edtica es:<\/p>\n\n\n\n<p class=\"has-small-font-size\">\u201cLa construcci\u00f3n de una cultura ambiental \u00e9tica y responsable frente al manejo de la vida [&#8230;] para la cual la sostenibilidad de los contextos naturales y sociales sea un reto y los prop\u00f3sitos de desarrollo sostenible, tengan como principio b\u00e1sico la equidad&nbsp;(Ministerio de Ambiente, Vivienda y Desarrollo Territorial &amp; Ministerio de Educaci\u00f3n Nacional, 2003, p\u00e1g. 32).\u201d<\/p>\n\n\n\n<p>La pol\u00edtica se gu\u00eda por una comprensi\u00f3n integral del ambiente, que incluye aspectos f\u00edsicos, biol\u00f3gicos, sociales y culturales. Plantea un enfoque sist\u00e9mico, interdisciplinario e intercultural. Busca vincular las din\u00e1micas y problem\u00e1ticas ambientales locales en los procesos educativos.<\/p>\n\n\n\n<p>Sobre esto, el documento se\u00f1ala: <\/p>\n\n\n\n<p class=\"has-small-font-size\">\u00abEl ambiente no se puede reducir estrictamente a la conservaci\u00f3n de la naturaleza [\u2026] Es mucho m\u00e1s amplio y profundo y se deriva de la complejidad de los problemas y potencialidades ambientales\u00bb (Ministerio de Ambiente, Vivienda y Desarrollo Territorial &amp; Ministerio de Educaci\u00f3n Nacional, 2003, p\u00e1g. 33).<\/p>\n\n\n\n<p>En conclusi\u00f3n, la Pol\u00edtica Nacional de Educaci\u00f3n Ambiental en Colombia se centra en desarrollar una comprensi\u00f3n integral del ambiente y sus desaf\u00edos, promoviendo un enfoque educativo que sea interdisciplinario, participativo y centrado en la formaci\u00f3n de ciudadanos responsables y comprometidos con la sostenibilidad ambiental y el desarrollo de una sociedad m\u00e1s consciente y respetuosa del entorno natural y social.<\/p>\n\n\n\n<p>De esta forma, se comprende que la educaci\u00f3n ambiental en Argentina, Chile y Colombia, aunque presenta particularidades espec\u00edficas en cada pa\u00eds, comparte un enfoque integral y participativo que subraya la importancia de una comprensi\u00f3n hol\u00edstica y multidisciplinaria de los problemas ambientales. Esta aproximaci\u00f3n com\u00fan refleja una tendencia creciente en Am\u00e9rica Latina hacia una educaci\u00f3n ambiental que no solo se enfoca en la transmisi\u00f3n de conocimientos, sino tambi\u00e9n en el desarrollo de habilidades cr\u00edticas, \u00e9ticas y participativas [Ver tabla 1].<\/p>\n\n\n\n<p>En resumen: en Argentina, la educaci\u00f3n ambiental se caracteriza por su enfoque en el an\u00e1lisis cr\u00edtico y la participaci\u00f3n, lo que fomenta una comprensi\u00f3n profunda de los conflictos ambientales dentro de un contexto social m\u00e1s amplio. En Chile, se pone \u00e9nfasis en la integraci\u00f3n de aspectos ambientales, sociales, culturales y econ\u00f3micos, promoviendo un m\u00e9todo interdisciplinario alineado con las recomendaciones de la UNESCO, resaltando la importancia \u00e9tica que tiene este tipo de educaci\u00f3n. Y Colombia, por su parte, se centra en un enfoque \u00e9tico y responsable, con un \u00e9nfasis en el manejo sostenible del ambiente y la formaci\u00f3n de ciudadanos conscientes de su papel en la gesti\u00f3n ambiental, con el prop\u00f3sito de establecer una cultura ambiental s\u00f3lida en el pa\u00eds.<\/p>\n\n\n\n<p><strong>Tabla 1.<\/strong><\/p>\n\n\n\n<p><em>Esquema de particularidades de la educaci\u00f3n ambiental en Argentina, Chile y Colombia<\/em><\/p>\n\n\n\n<figure class=\"wp-block-table\"><table class=\"has-fixed-layout\"><tbody><tr><td><strong>Aspectos<\/strong><\/td><td><strong>Argentina<\/strong><\/td><td><strong>Chile<\/strong>     <\/td><td>Colombia<\/td><\/tr><tr><td><strong>Enfoque<br>principal<\/strong><\/td><td>Integral y participativo<\/td><td>Integral y participativo, con \u00e9nfasis en la interdisci-plinariedad<\/td><td>\u00c9tico y responsable, centrado en el manejo sostenible del ambiente.<\/td><\/tr><tr><td><strong>Estrategias pedag\u00f3gicas<\/strong><\/td><td>An\u00e1lisis cr\u00edtico, discusi\u00f3n de casos reales, participaci\u00f3n.<\/td><td>Aplicaci\u00f3n pr\u00e1ctica, responsabili-dad personal, inculcaci\u00f3n de valores \u00e9ticos.<\/td><td>Enfoque sist\u00e9mico, interdisciplina-rio e inter-cultural.<\/td><\/tr><tr><td><strong>Rol de los educadores<\/strong><\/td><td>Gu\u00eda en procesos cr\u00edticos y \u00e9ticos, comprensi\u00f3n de la complejidad ambiental<\/td><td>Transmisi\u00f3n de conocimientos te\u00f3ricos y pr\u00e1cticos, fomento de valores \u00e9ticos.<\/td><td>Transmisi\u00f3n de conocimientos te\u00f3ricos y pr\u00e1cticos, fomento de valores \u00e9ticos.<\/td><\/tr><tr><td><strong>Integraci\u00f3n curricular<\/strong><\/td><td>Interdisciplinariedad (geograf\u00eda, historia, ciencia pol\u00edtica).<\/td><td>Integraci\u00f3n de aspectos ambientales, sociales, culturales y econ\u00f3micos.<\/td><td>Vinculaci\u00f3n de din\u00e1micas y problem\u00e1ticas ambientales locales.<\/td><\/tr><tr><td><strong>Desaf\u00edos y necesidades<\/strong><\/td><td>Fomento de la participaci\u00f3n ciudadana y responsabi-lidad social.<\/td><td>Mayor integraci\u00f3n transversal y contextualiza-da, profesiona-lizaci\u00f3n de educadores ambientales.<\/td><td>Mayor integraci\u00f3n transversal y contextualizada, profesionalizaci\u00f3n de educadores ambientales.<\/td><\/tr><tr><td>Iniciativas y pol\u00edticas<\/td><td>Enfoque en comprender conflictos ambientales dentro de un marco social amplio.<\/td><td>Certificaci\u00f3n Ambiental de Establecimientos Educacionales, Pol\u00edtica Nacional de Educaci\u00f3n.<\/td><td>Pol\u00edtica Nacional de Educaci\u00f3n Ambiental, fomento de una cultura ambiental \u00e9tica y responsable.<\/td><\/tr><tr><td><strong>Particularida-des culturales<\/strong><\/td><td>Consideraci\u00f3n de conflictos sociales e intereses de diversos actores.<\/td><td>Enfoque en valores \u00e9ticos como austeridad, respeto, corresponsabilidad y empat\u00eda.<\/td><td>Reconocimiento de la interdependencia entre factores biof\u00edsicos, sociales, pol\u00edticos y econ\u00f3micos.<\/td><\/tr><\/tbody><\/table><\/figure>\n\n\n\n<p class=\"has-small-font-size\"><em>Nota.<\/em> Conceptos expresados seg\u00fan la concepci\u00f3n de educaci\u00f3n ambiental de cada pa\u00eds. Fuente: propia.<\/p>\n\n\n\n<p>A modo de conclusi\u00f3n se podr\u00eda decir que estas caracter\u00edsticas reflejan un cambio significativo en la educaci\u00f3n ambiental, pasando de un enfoque tradicionalmente centrado en la conservaci\u00f3n y el conocimiento cient\u00edfico del medio ambiente, hacia un enfoque m\u00e1s integral que incluye aspectos sociales, culturales y \u00e9ticos. Este cambio es crucial para abordar los desaf\u00edos ambientales contempor\u00e1neos, que son cada vez m\u00e1s complejos y requieren una comprensi\u00f3n y participaci\u00f3n de todos los sectores de la sociedad.<\/p>\n\n\n\n<p>Adem\u00e1s, la educaci\u00f3n ambiental en estos pa\u00edses, con su enfoque en la \u00e9tica, la responsabilidad social y la participaci\u00f3n ciudadana, puede contribuir a formar una nueva generaci\u00f3n de l\u00edderes y ciudadanos comprometidos con el desarrollo sostenible. Esto es particularmente importante en Am\u00e9rica Latina, una regi\u00f3n que enfrenta desaf\u00edos ambientales \u00fanicos y donde la participaci\u00f3n y consciencia de la ciudadan\u00eda puede ser un factor decisivo para el cambio positivo.<\/p>\n\n\n\n<p><strong>Filosof\u00eda de la liberaci\u00f3n: fundamento para una educaci\u00f3n ambiental transformadora<\/strong><\/p>\n\n\n\n<p>En l\u00edneas anteriores se observ\u00f3 como la educaci\u00f3n ambiental en Am\u00e9rica Latina ha demostrado ser un pilar crucial para el desarrollo sostenible de la regi\u00f3n, evolucionando significativamente desde sus inicios en los a\u00f1os sesenta. A trav\u00e9s de enfoques cr\u00edticos y participativos, se ha integrado la conservaci\u00f3n ambiental con el cambio social, promoviendo un profundo entendimiento y respeto por la relaci\u00f3n intr\u00ednseca entre sociedad y naturaleza. Las pol\u00edticas y programas implementados en pa\u00edses como Argentina, Chile y Colombia reflejan una tendencia hacia una educaci\u00f3n que no solo transmite conocimientos, sino que tambi\u00e9n fomenta habilidades cr\u00edticas, \u00e9ticas y participativas. Esta evoluci\u00f3n refleja un cambio significativo hacia una comprensi\u00f3n m\u00e1s hol\u00edstica y multidisciplinaria de los problemas ambientales, crucial para enfrentar los desaf\u00edos contempor\u00e1neos y promover un futuro m\u00e1s equitativo y sostenible.<\/p>\n\n\n\n<p>Sin embargo, lo anterior no es nada alentador cuando se compara con la realidad ambiental de la regi\u00f3n. Puesto que para P\u00e1ramo, P., Sandoval-Escobar, M, et all. (2015), quienes exploran las evaluaciones de los habitantes de ocho pa\u00edses de Am\u00e9rica Latina sobre el estado actual y futuro del medio ambiente, tanto a nivel local, nacional como global, llegan a la conclusi\u00f3n que generalmente hay un pesimismo sobre el estado actual y futuro del medio ambiente en estos pa\u00edses, con la excepci\u00f3n de Brasil, donde los niveles de optimismo son m\u00e1s altos. La raz\u00f3n de esto se debe a que las personas tienden a asignar una alta responsabilidad, debido a su cultura, a agentes sociales externos en los distintos niveles.<\/p>\n\n\n\n<p>Este panorama pone en incertidumbre la concepci\u00f3n ambiental de la regi\u00f3n, pues estos resultados ponen en cuesti\u00f3n la manera en c\u00f3mo se est\u00e1 llevando las pol\u00edticas ambientales y la educaci\u00f3n en la regi\u00f3n. Por esta sencilla raz\u00f3n el llamado que se ha esbozado al principio de este texto tiene la importancia significativa que de manera urgente se haga una educaci\u00f3n ambiental que transforme nuestra realidad regional.<\/p>\n\n\n\n<p>Dussel (2006) desaf\u00eda las estructuras \u00e9ticas tradicionales a la luz de la globalizaci\u00f3n y la exclusi\u00f3n, particularmente de aquellos marginados por los sistemas econ\u00f3micos y sociales dominantes. En este aspecto, \u00e9l asume que la \u00e9tica contempor\u00e1nea debe abordar directamente las realidades de exclusi\u00f3n y marginalizaci\u00f3n que enfrenta la mayor\u00eda de la humanidad, destacando la urgencia de una transformaci\u00f3n \u00e9tica que reivindique la vida y la dignidad humana frente a las tendencias destructivas del orden global actual.<\/p>\n\n\n\n<p>Este enfoque \u00e9tico que es tanto cr\u00edtico como constructivo, buscando reformular los principios \u00e9ticos de manera que respondan efectivamente a los desaf\u00edos de la injusticia y la opresi\u00f3n en un mundo globalizado. Mas aun cuando es crucial considerar c\u00f3mo la \u00e9tica de la inclusi\u00f3n y la justicia social se extiende al dominio del medio ambiente.<\/p>\n\n\n\n<p>En este sentido, la educaci\u00f3n ambiental se presenta como un campo f\u00e9rtil para aplicar y expandir estas reformulaciones \u00e9ticas, abordando no solo la urgencia de proteger nuestro planeta, sino tambi\u00e9n de garantizar que los beneficios y las responsabilidades de esta protecci\u00f3n sean compartidos equitativamente entre todas las comunidades. Pues \u201cel sujeto de la praxis de liberaci\u00f3n es el sujeto vivo, necesitado, natural, y por ello cultural, en \u00faltimo t\u00e9rmino la v\u00edctima, la comunidad de las v\u00edctimas y los a ella corresponsablemente articulados\u201d (Dussel, 2006, p. 524).<\/p>\n\n\n\n<p>En Latinoam\u00e9rica, la historia de opresi\u00f3n y explotaci\u00f3n no se limita solo a las esferas sociales y econ\u00f3micas, sino que tambi\u00e9n se extiende profundamente en el \u00e1mbito ambiental. Las comunidades ind\u00edgenas y rurales, quienes a menudo se encuentran en las periferias de las decisiones pol\u00edticas y econ\u00f3micas, han sido particularmente vulnerables. Estas comunidades han visto c\u00f3mo sus territorios son explotados para la extracci\u00f3n de recursos naturales, desde minerales hasta la deforestaci\u00f3n para la agricultura y la ganader\u00eda, lo que no solo deteriora su entorno natural, sino que tambi\u00e9n amenaza su sustento y tradiciones culturales.<\/p>\n\n\n\n<p>Este patr\u00f3n de explotaci\u00f3n resalta una dimensi\u00f3n cr\u00edtica de la opresi\u00f3n que Dussel aborda: la marginalizaci\u00f3n de \u00abla v\u00edctima\u00bb. En el contexto latinoamericano, esta v\u00edctima no solo sufre exclusiones sociales o econ\u00f3micas, sino tambi\u00e9n una profunda vulnerabilidad ecol\u00f3gica. Las pol\u00edticas y pr\u00e1cticas que favorecen el desarrollo a costa de la sostenibilidad ambiental perpet\u00faan ciclos de pobreza y degradaci\u00f3n que afectan desproporcionadamente a estas comunidades.<\/p>\n\n\n\n<p>As\u00ed, desde la \u00e9tica propuesta por Dussel, la educaci\u00f3n ambiental en Latinoam\u00e9rica no puede ser vista simplemente como un esfuerzo para impartir conocimiento sobre pr\u00e1cticas sostenibles. M\u00e1s bien, debe ser entendida como una praxis de liberaci\u00f3n, una herramienta para reivindicar la vida y la dignidad de las v\u00edctimas de la opresi\u00f3n ambiental. Al situar a las comunidades afectadas como sujetos centrales de la educaci\u00f3n ambiental, se les empodera para reclamar no solo un ambiente sano, sino tambi\u00e9n un papel activo en la toma de decisiones que afectan sus vidas y su entorno.<\/p>\n\n\n\n<p>Es de esta forma en c\u00f3mo la educaci\u00f3n ambiental es transformadora, porque \u201c\u00abTransformar\u00bb es cambiar el rumbo de una intenci\u00f3n, el contenido de una norma; modificar una acci\u00f3n o instituci\u00f3n posibles [\u2026]\u201d (Dussel, 2006, p. 534). Y en el esfuerzo educativo por el medioambiente, esto implica que no solo se debe concentrar los esfuerzo a impartir conocimientos sobre sostenibilidad, sino que tambi\u00e9n fomentar una conciencia cr\u00edtica sobre c\u00f3mo las desigualdades sociales y econ\u00f3micas se reflejan y perpet\u00faan en las cuestiones ambientales. Por tanto, la educaci\u00f3n ambiental de esta manera se convierte en un veh\u00edculo para la transformaci\u00f3n \u00e9tica que Dussel vislumbra, integrando la lucha por la dignidad humana y la justicia social en la batalla contra la degradaci\u00f3n ambiental y el cambio clim\u00e1tico.<\/p>\n\n\n\n<p>Ahora bien, adem\u00e1s de lo anterior, es importante resaltar el aspecto cultural que posee la regi\u00f3n, por ello es fundamental entender que este enfoque critico debe tambi\u00e9n transformar la cultura en s\u00ed misma. Por ello, la \u00e9tica propuesta por Dussel (1980) y la \u00e9tica biocultural de Rozzi (2013) ilustran un enfoque cr\u00edtico y transformador que confronta las estructuras de injusticia impactando tanto a las comunidades humanas como a la naturaleza. Este enfoque puede ser decisivo para prevenir la continuaci\u00f3n de la p\u00e9rdida de culturas y conocimientos ind\u00edgenas en nuestra regi\u00f3n, destacando la necesidad de integrar y valorar estas perspectivas en el desarrollo cultural y ambiental de Am\u00e9rica Latina. Esto se evidencia porque,<\/p>\n\n\n\n<p class=\"has-small-font-size\">\u201c[\u2026] no s\u00f3lo se coloniza a las personas; tambi\u00e9n se oprime a la naturaleza. La colonialidad de la naturaleza\u00bb, es decir, convertir los recursos del mundo natural en meras mercanc\u00edas para el enriquecimiento de unos pocos arranc\u00e1ndolos de la tierra y de las personas m\u00e1s cercanas a ella, es consecuencia de las mismas estructuras de injusticia que oprimen a las personas<a href=\"#_edn2\" id=\"_ednref2\">[ii]<\/a>&nbsp;(May Jr, 2023, p\u00e1g. 212).\u201d<\/p>\n\n\n\n<p>De esta manera, es como los esfuerzos de la filosof\u00eda de la liberaci\u00f3n puede contribuir a cambios significativos en la educaci\u00f3n en Am\u00e9rica Latina, con un mayor reconocimiento y respeto por las lenguas, culturas y tierras ind\u00edgenas. Puesto que, a pesar de los avances, la lucha contra la \u00abcolonialidad del poder\u00bb y por la justicia socioambiental contin\u00faa. En este sentido, la educaci\u00f3n ambiental se convierte intr\u00ednsecamente una educaci\u00f3n pol\u00edtica, esencial para la liberaci\u00f3n biocultural y el desaf\u00edo continuo a las estructuras de poder.<a href=\"#_edn3\" id=\"_ednref3\">[iii]<\/a> En resumen, una educaci\u00f3n ambiental transformadora.<\/p>\n\n\n\n<p><strong>Conclusiones<\/strong><\/p>\n\n\n\n<p>La educaci\u00f3n ambiental debe ir m\u00e1s all\u00e1 del simple desarrollo de habilidades t\u00e9cnicas para abordar profundamente los aspectos emocionales y espirituales que conectan al individuo con su entorno natural. Adoptando un enfoque hol\u00edstico que integra el conocimiento cient\u00edfico con experiencias emocionales y espirituales, se puede fomentar una conciencia ambiental m\u00e1s profunda y una \u00e9tica de respeto y armon\u00eda con la naturaleza. Al incluir elementos de las artes, literatura y ecolog\u00eda espiritual, la educaci\u00f3n ambiental no solo aborda los desaf\u00edos ecol\u00f3gicos contempor\u00e1neos, sino que tambi\u00e9n promueve un cambio cultural hacia una relaci\u00f3n m\u00e1s sostenible y \u00e9tica con nuestro planeta. Esta visi\u00f3n transformadora desempe\u00f1a un papel crucial en la formaci\u00f3n de ciudadanos conscientes y comprometidos, capacit\u00e1ndolos para actuar con responsabilidad y cuidado hacia el medio ambiente, garantizando as\u00ed el bienestar de las futuras generaciones y la salud del planeta.<\/p>\n\n\n\n<p>Es importante destacar que los programas de educaci\u00f3n ambiental que integran aspectos locales y acciones concretas, como los descritos por Ardoin, Bowers y Gaillard (2020), ejercen un impacto significativo en la conservaci\u00f3n del medio ambiente. Esta sinergia entre teor\u00eda y pr\u00e1ctica se fortalece mediante la educaci\u00f3n ambiental participativa y basada en la acci\u00f3n, que empodera a las comunidades para enfrentar desaf\u00edos ambientales, seg\u00fan indican Pathak y Pathak (2016). Adem\u00e1s, la formaci\u00f3n de actitudes positivas hacia el medio ambiente es fundamental; Boca y Sara\u00e7li (2019) observaron que los estudiantes con educaci\u00f3n ambiental perciben con mayor intensidad la importancia de la sostenibilidad y participan m\u00e1s activamente en actividades de protecci\u00f3n ambiental. Este cambio de actitud es crucial para fomentar un comportamiento proambiental sostenido.<\/p>\n\n\n\n<p>Incorporar elementos de acci\u00f3n en los programas educativos, como sugieren Frantz y Mayer (2014), aumenta la probabilidad de que los participantes adopten medidas concretas para la conservaci\u00f3n ambiental. Esta motivaci\u00f3n se potencia mediante la conexi\u00f3n con la naturaleza, un factor clave para un comportamiento ecol\u00f3gicamente responsable. Socialmente, la educaci\u00f3n ambiental act\u00faa como un conector intergeneracional, mejorando el conocimiento y las pr\u00e1cticas ambientales de los adultos, como demostraron Damerell, Howe y Milner\u2010Gulland (2013). Esto facilita la transmisi\u00f3n de valores y comportamientos proambientales de una generaci\u00f3n a otra, arraigando la conciencia y la responsabilidad ambiental en la cultura de las comunidades.<\/p>\n\n\n\n<p>Adem\u00e1s, como un conector interdisciplinario, la educaci\u00f3n ambiental permite a los estudiantes explorar y comprender los desaf\u00edos ambientales desde m\u00faltiples perspectivas, promoviendo el pensamiento cr\u00edtico, la creatividad y la colaboraci\u00f3n. La formaci\u00f3n docente y la integraci\u00f3n curricular son fundamentales para incorporar eficazmente la educaci\u00f3n ambiental en los sistemas educativos, como enfatiza Flores (2015).<\/p>\n\n\n\n<p>En resumen, la educaci\u00f3n ambiental es un catalizador esencial para el cambio hacia una sociedad m\u00e1s sostenible y consciente de su interdependencia con el medio ambiente. Actuando como un puente entre teor\u00eda y pr\u00e1ctica, empodera a las comunidades, inculca actitudes positivas, motiva acciones proambientales y enriquece la comprensi\u00f3n de los desaf\u00edos ambientales. Su funci\u00f3n intergeneracional y enfoque interdisciplinario son claves para asegurar la perpetuaci\u00f3n de valores ambientales y la integraci\u00f3n efectiva de la educaci\u00f3n ambiental en los sistemas educativos.<\/p>\n\n\n\n<p>La evoluci\u00f3n de la educaci\u00f3n ambiental en Am\u00e9rica Latina refleja un compromiso significativo con el desarrollo sostenible, marcando un cambio profundo desde su enfoque inicial centrado en la conservaci\u00f3n hacia un papel m\u00e1s amplio y transformador en la sociedad. Este cambio se ha fundamentado en la integraci\u00f3n de teor\u00edas cr\u00edticas y participativas que consideran el entorno sociocultural de las comunidades locales, reconociendo la interdependencia entre el bienestar humano y la salud ambiental. La influencia de te\u00f3ricos como Paulo Freire ha impregnado la educaci\u00f3n ambiental con un esp\u00edritu de empoderamiento comunitario, permitiendo abordar no solo los s\u00edntomas de los problemas ambientales, sino tambi\u00e9n sus causas subyacentes, como la inequidad y la exclusi\u00f3n social.<\/p>\n\n\n\n<p>La adaptaci\u00f3n de los programas educativos a las realidades locales y la incorporaci\u00f3n de enfoques que equilibran lo te\u00f3rico con lo pr\u00e1ctico son cruciales para superar los desaf\u00edos que a\u00fan persisten, como la efectividad limitada de algunas iniciativas. La continua evoluci\u00f3n de esta disciplina, evidenciada por iniciativas como la EMSA, demuestra la importancia de la colaboraci\u00f3n transnacional y la innovaci\u00f3n en la pedagog\u00eda ambiental.<\/p>\n\n\n\n<p>La creaci\u00f3n de este observatorio representa un paso adelante en el fomento de un enfoque educativo ambiental adaptado a las necesidades del siglo XXI, enfatizando la importancia de amalgamar la sabidur\u00eda ancestral con estrategias contempor\u00e1neas en la gesti\u00f3n y conservaci\u00f3n ambiental. A medida que Am\u00e9rica Latina sigue enfrentando desaf\u00edos ambientales y sociales complejos, la educaci\u00f3n ambiental se presenta no solo como una herramienta para la conservaci\u00f3n, sino como un veh\u00edculo esencial para el cambio social, la equidad y la construcci\u00f3n de un futuro m\u00e1s sostenible y justo. La participaci\u00f3n y la responsabilidad compartida, fomentadas a trav\u00e9s de estas educaciones, son fundamentales para generar un impacto duradero y positivo, preparando a las futuras generaciones para liderar con conciencia y compromiso hacia la sostenibilidad ambiental y social.<\/p>\n\n\n\n<p>Sin embargo, la educaci\u00f3n ambiental en Am\u00e9rica Latina, a pesar de sus esfuerzos significativos por integrar el conocimiento y la acci\u00f3n hacia la sostenibilidad, enfrenta desaf\u00edos cr\u00edticos reflejados en el pesimismo de la poblaci\u00f3n respecto al futuro ambiental de la regi\u00f3n. Este escenario no solo demanda una expansi\u00f3n del conocimiento ambiental, sino tambi\u00e9n una transformaci\u00f3n \u00e9tica y cultural que confronte las injusticias sociales y ambientales arraigadas. Inspirado por las perspectivas de Dussel, el enfoque debe trascender la mera conservaci\u00f3n y abordar las profundas vulnerabilidades ecol\u00f3gicas y sociales, especialmente de aquellas comunidades marginadas y explotadas.<\/p>\n\n\n\n<p>La educaci\u00f3n ambiental, entonces, debe reconfigurarse como una praxis de liberaci\u00f3n que no solo educa sobre pr\u00e1cticas sostenibles, sino que tambi\u00e9n empodera a las comunidades afectadas para que sean agentes activos en la gesti\u00f3n de sus recursos y en la toma de decisiones. Este cambio implica una consideraci\u00f3n cr\u00edtica de c\u00f3mo las desigualdades sociales y econ\u00f3micas se manifiestan en los problemas ambientales, integrando la lucha por la justicia social y la dignidad humana dentro de la batalla contra la degradaci\u00f3n ambiental y el cambio clim\u00e1tico.<\/p>\n\n\n\n<p>Adem\u00e1s, debe promoverse un reconocimiento y respeto m\u00e1s profundo por las culturas y conocimientos ind\u00edgenas, revaluando estos elementos como esenciales en la construcci\u00f3n de una cultura ambiental que es tanto diversa como inclusiva. Esta transformaci\u00f3n \u00e9tica y cultural, que Dussel y Rozzi visualizan, se convierte en un elemento crucial para una educaci\u00f3n que no solo se enfoca en lo ambiental sino que tambi\u00e9n se interrelaciona con lo pol\u00edtico y lo cultural, haciendo de la educaci\u00f3n ambiental una herramienta vital para la liberaci\u00f3n biocultural y el desaf\u00edo continuo a las estructuras de poder que perpet\u00faan la injusticia y la exclusi\u00f3n.<\/p>\n\n\n\n<p><strong>Referencias bibliogr\u00e1ficas<\/strong><\/p>\n\n\n\n<p>Ardoin, N., Bowers, A., &amp; Gaillard, E. (2020). Environmental education outcomes for conservation: A systematic review. Biological Conservation. doi: <a href=\"https:\/\/doi.org\/10.1016\/j.biocon.2019.108224\">https:\/\/doi.org\/10.1016\/j.biocon.2019.108224<\/a><\/p>\n\n\n\n<p>Boca, G., &amp; Sara\u00e7li, S. (2019). Environmental Education and Student\u2019s Perception, for Sustainability. <em>Sustainability<\/em>. doi: <a href=\"https:\/\/doi.org\/10.3390\/SU11061553\">https:\/\/doi.org\/10.3390\/SU11061553<\/a><\/p>\n\n\n\n<p>Bonnett, M. (2021). <em>Environmental Consciousness, Nature and the Philosophy of Education.<\/em> New York : Routledge.<\/p>\n\n\n\n<p>Damerell, P. H.\u2010G. (2013). Child-orientated environmental education influences adult knowledge and household behaviour. <em>Environmental Research Letters , 8<\/em>. doi: <a href=\"https:\/\/doi.org\/10.1088\/1748-9326\/8\/1\/015016\">https:\/\/doi.org\/10.1088\/1748-9326\/8\/1\/015016<\/a><\/p>\n\n\n\n<p>Dussel, E. (1980 ). <em>Filosof\u00eda de la liberaci\u00f3n .<\/em> Bogot\u00e1 : Universidad de Santo Tom\u00e1s.<\/p>\n\n\n\n<p>Dussel, E. (2006). \u00c9tica de la liberaci\u00f3n. Madrid: Trotta.<\/p>\n\n\n\n<p>Flores, R. C. (2015). Educaci\u00f3n Ambiental para la Sustentabilidad en la Educaci\u00f3n Secundaria. <em>Revista Internacional de Investigaci\u00f3n en Educaci\u00f3n Ambiental, 6<\/em>(1), 13-27.<strong><\/strong><\/p>\n\n\n\n<p>Frantz, C., &amp; Mayer, F. (2014). The importance of connection to nature in assessing environmental education programs. <em>Studies in Educational Evaluation,, 41 <\/em>, 85-89. doi: <a href=\"https:\/\/doi.org\/10.1016\/J.STUEDUC.2013.10.001\">https:\/\/doi.org\/10.1016\/J.STUEDUC.2013.10.001<\/a><\/p>\n\n\n\n<p>Freire, P. (1970). <em>Pedagog\u00eda del oprimido.<\/em> M\u00e9xico : Siglo XXI.<\/p>\n\n\n\n<p>Freire, P. (1999). <em>Educa\u00e7\u00e3o como pr\u00e1tica da liberdade<\/em>. S\u00e3o Paulo: Siglo XXI.<\/p>\n\n\n\n<p>Freire, P. (2005).<em> Pedagogia da autonomia. Saberes necess\u00e1rios \u00e0 pr\u00e1tica educativa<\/em>. S\u00e3o Paulo: Siglo XXI<\/p>\n\n\n\n<p>Gadotti, M. (2008). Educar para la sustentabilidad. Sao Paulo: Editora Paulo Freire.<\/p>\n\n\n\n<p>Ministerio de Educaci\u00f3n de Chile. (2009). Ley General de Educaci\u00f3n (Ley N\u00ba 20.370). <a href=\"https:\/\/www.bcn.cl\/leychile\/navegar?idNorma=1006048\">https:\/\/www.bcn.cl\/leychile\/navegar?idNorma=1006048<\/a><\/p>\n\n\n\n<p>Leff, E. (2002): <em>Saber ambiental. Sustentabilidad, racionalidad, complejidad, poder<\/em>. M\u00e9xico: Siglo XXI.<\/p>\n\n\n\n<p>Macy, J. (1991). World as Lover, World as Self. Parallax Press.<\/p>\n\n\n\n<p>May Jr, R. H. (2023). Liberation Philosophy and Biocultural Education. A Latin America Journey. En R. Rozzi , A. Tauro , N. Avriel-Avni, T. Wright , &amp; R. H. May Jr. (Edits.), <em>Field Environmental Philosophy. Education for Biocultural Conservation<\/em> (p\u00e1gs. 203-227). Texas: Springer.<\/p>\n\n\n\n<p>Medina Arboleda, I. F., &amp; P\u00e1ramo, P. (2014). La investigaci\u00f3n en educaci\u00f3n ambiental en Am\u00e9rica Latina: un an\u00e1lisis bibliom\u00e9trico. Revista Colombiana de Educaci\u00f3n, (66), 55-72.<\/p>\n\n\n\n<p>Ministerio de Ambiente, Vivienda y Desarrollo Territorial &amp; Ministerio de Educaci\u00f3n Nacional. (2003). <em>Educaci\u00f3n ambiental. Pol\u00edtica nacional.<\/em> Bogot\u00e1 : Ministerio de Ambiente, Vivienda y Desarrollo Territorial &amp; Ministerio de Educaci\u00f3n Nacional.<\/p>\n\n\n\n<p>Ministerio de Educaci\u00f3n de la Naci\u00f3n. (2015). <em>Educaci\u00f3n ambiental: repensar la ense\u00f1anza de problemas ambientales.<\/em> Buenos Aires: Ministerio de Educaci\u00f3n de la Naci\u00f3n.<\/p>\n\n\n\n<p>Ministerio de Medio ambiente. (2018). <em>Educaci\u00f3n ambiental. Una mirada desde la instittucionalidad ambiental chilena.<\/em> Santiago de Chile: Ministerio de Medio ambiente.<\/p>\n\n\n\n<p>Murga Frassinetti, A. (2006). Los movimientos sociales en Am\u00e9rica Latina (1980-2000): una revisi\u00f3n bibliogr\u00e1fica. Polis, 2(2), 163-234.<\/p>\n\n\n\n<p>Observatorio Mesoamericano de Educaci\u00f3n Ambiental. (2023). Memorias Encuentro Internacional Fortalecimiento y Creaci\u00f3n del Observatorio Mesoamericano de Educaci\u00f3n Ambiental. (p\u00e1gs. 1-93). Puerto Colombia: Observatorio Mesoamericano de Educaci\u00f3n Ambiental.<\/p>\n\n\n\n<p>Ott, K. (2020). Environmental ethics. In Kirchhoff, Thomas (ed.). <em>Online Encyclopedia Philosophy of Nature \/ Online Lexikon Naturphilosophie<\/em>. doi:10.11588\/oepn.2020.0.71420<\/p>\n\n\n\n<p>P\u00e1ramo, P., Sandoval-Escobar, M., Jakovcevic, A., Ferreiro, J., Mustaca, A., Jengich, A., &#8230; Castillo, B. (2015). Assessment of environmental quality, degree of optimism, and the assignment of responsibility regarding the state of the environment in Latin America. <em>Universitas Psychologica<\/em>, 14(2), 605-618. http:\/\/dx.doi.org\/10.11144\/Javeriana.upsy14-2.aeqd<\/p>\n\n\n\n<p>Pathak, M., &amp; Pathak, R. (2016). Environmental Education Perspectives &amp; Propsects. <em>International journal of scientific research, 5<\/em>.<\/p>\n\n\n\n<p>Programa de las Naciones Unidas para el Medio Ambiente. (2003). Propuesta de Programa Latinoamericano y del Caribe de Educaci\u00f3n Ambiental en el Marco del Desarrollo Sostenible. XIV Reuni\u00f3n del Foro de Ministros de Medio Ambiente de Am\u00e9rica Latina y el Caribe. Ciudad de Panam\u00e1, Panam\u00e1.<\/p>\n\n\n\n<p>Rozzi, R. (2013). Biocultural ethics: from biocultural homogenization toward biocultural conservation. En R. Rozzi , S. Pickett , C. Palmer, J. J. Armesto , &amp; J. B. Callicot (Edits.), <em>Linking ecology and ethics for a changing world: values, philosophy, and action, Ecology and ethics<\/em> (p\u00e1gs. 9-32). Dordrecht: Springer.<\/p>\n\n\n\n<p>Teitelbaum, A. (1978). El papel de la educaci\u00f3n ambiental en Am\u00e9rica Latina. Par\u00eds: UNESCO.<\/p>\n\n\n\n<p>Tr\u00e9llez, E. (2006). Algunos elementos del proceso de construcci\u00f3n de la educaci\u00f3n ambiental en Am\u00e9rica Latina. Revista Iberoamericana de Educaci\u00f3n, 41, 69-81.<\/p>\n\n\n\n<p>Vygotsky, L. (2004). Teor\u00eda de las emociones: estudio hist\u00f3rico-psicol\u00f3gico. Madrid, Espa\u00f1a: Ediciones Akal.<\/p>\n\n\n\n<p>Zohar, D., &amp; Marshall, I. (2001). <em>Inteligencia espiritual .<\/em> Barcelona: Plaza &amp; Jan\u00e9s Editores.<\/p>\n\n\n\n<p><strong>Nota<\/strong>s<\/p>\n\n\n\n<p>* Roberto Carlos D\u00edaz Salina. Mg. Administraci\u00f3n y Planificaci\u00f3n Educativa, Universidad Metropolitana de Educaci\u00f3n, Ciencia y Tecnolog\u00eda (UMECIT).\u00a0 Doctorante en educaci\u00f3n de la Universidad del Atl\u00e1ntico, Puerto Colombia (Atl\u00e1ntico), Colombia. Correo institucional: <a href=\"mailto:diazsal@mail.uniatlantico.edu.co\">diazsal@mail.uniatlantico.edu.co<\/a>\u00a0 Enlace ORCID: <a href=\"https:\/\/orcid.org\/0000-0002-5283-810X\" target=\"_blank\" rel=\"noreferrer noopener\">https:\/\/orcid.org\/0000-0002-5283-810X<\/a><\/p>\n\n\n\n<hr class=\"wp-block-separator has-alpha-channel-opacity\"\/>\n\n\n\n<p><a href=\"#_ednref1\" id=\"_edn1\">[i]<\/a> It has been argued that in order for things in nature to occur as themselves the attitude of anthropocentrism that ultimately lets them appear only as a resource needs to be disrupted: we need to develop an open attentive receptiveness that allows us to encounter them afresh freed from masterful instrumentalism. Experience suggests that providing the space for such a fresh encounter is precisely what art can do and therefore it holds promise as an avenue for revealing nature and therefore as a contributor to the ecologizing of education [\u2026] In the time of the holding sway of the metaphysics of mastery, a key parallel educational consideration will be the preparation of the mind\u2013body\u2013heart to be properly open to the occurring of nature in such experiences. For reasons previously indicated for us moderns, this requires a substantial modification of our intentional outlook in order to receive what is on offer \u2013 a suspension of the mastery motive and the adoption of an attitude that is neither an indifference nor a possessive desiring but rather a dialogical openness that incorporates a sense of the well-being of things themselves. The native occurring of things in nature cannot reveal itself to the eye that primarily seeks to organize, to manage, and to manipulate [Traducci\u00f3n propia].<\/p>\n\n\n\n<p><a href=\"#_ednref2\" id=\"_edn2\">[ii]<\/a> \u201c[\u2026] not only people are colonized; nature is also oppressed. The coloniality of nature,\u201d that is, turning the resources of the natural world into mere commodities for the enrichment of the few by ripping them from the earth and the people nearest to them, is the consequence of the same structures of injustice that oppress people\u201d [Traducci\u00f3n Propia]<\/p>\n\n\n\n<p><a href=\"#_ednref3\" id=\"_edn3\">[iii]<\/a> Ac\u00e1 es importante manifestar que los aportes de Paulo Freire en la pedagog\u00eda del oprimido son relevantes, porque se busca priorizar una educaci\u00f3n participativa en la que en la co-creaci\u00f3n de saberes \u00fatiles ayuden al empoderamiento de aquellas comunidades que pueden cambiar su realidad.<\/p>\n\n\n\n<div style=\"height:41px\" aria-hidden=\"true\" class=\"wp-block-spacer\"><\/div>\n\n\n\n<figure class=\"wp-block-image size-large\"><img loading=\"lazy\" decoding=\"async\" width=\"1024\" height=\"796\" src=\"https:\/\/www.ariadnatucma.com.ar\/wp-content\/uploads\/2025\/05\/ATRL-Logo-2025-bloque-1-1024x796.jpg\" alt=\"\" class=\"wp-image-7543\" srcset=\"https:\/\/www.ariadnatucma.com.ar\/wp-content\/uploads\/2025\/05\/ATRL-Logo-2025-bloque-1-1024x796.jpg 1024w, https:\/\/www.ariadnatucma.com.ar\/wp-content\/uploads\/2025\/05\/ATRL-Logo-2025-bloque-1-300x233.jpg 300w, https:\/\/www.ariadnatucma.com.ar\/wp-content\/uploads\/2025\/05\/ATRL-Logo-2025-bloque-1-768x597.jpg 768w, https:\/\/www.ariadnatucma.com.ar\/wp-content\/uploads\/2025\/05\/ATRL-Logo-2025-bloque-1.jpg 1325w\" sizes=\"auto, (max-width: 1024px) 100vw, 1024px\" \/><\/figure>\n\n\n\n<div class=\"wp-block-group\"><div class=\"wp-block-group__inner-container is-layout-constrained wp-block-group-is-layout-constrained\">\n<div class=\"wp-block-group\"><div class=\"wp-block-group__inner-container is-layout-constrained wp-block-group-is-layout-constrained\">\n<figure class=\"wp-block-table\"><table><tbody><tr><td><\/td><\/tr><tr><td>ATRLA N\u00ba 15\/16 &#8211; Enero 2023 &#8211; Marzo 2025<\/td><\/tr><tr><td><\/td><\/tr><tr><td><strong><em>N\u00fameros anteriores <\/em><\/strong><\/td><\/tr><tr><td><\/td><\/tr><tr><td><a href=\"https:\/\/www.ariadnatucma.com.ar\/wp-admin\/post.php?post=7505&amp;action=edit\">ATRLA N\u00ba 13\/14 Marzo 2019 &#8211; Diciembre 2022<\/a><\/td><\/tr><tr><td>\ufeff<\/td><\/tr><tr><td><a href=\"http:\/\/www.ariadnatucma.com.ar\/?page_id=6275\">ATRLA N\u00ba 11\/12 Marzo 2016 &#8211; Febrero 2019<\/a><\/td><\/tr><tr><td>\ufeff<\/td><\/tr><tr><td><a href=\"http:\/\/www.ariadnatucma.com.ar\/?page_id=6270\">ATRLA N\u00ba 10 Marzo 2015 &#8211; Febrero 2016<\/a><\/td><\/tr><tr><td>\ufeff<\/td><\/tr><tr><td><a href=\"http:\/\/www.ariadnatucma.com.ar\/?page_id=6200\">ATRLA N\u00ba 9 Marzo 2014 &#8211; Febrero 2015<\/a><\/td><\/tr><tr><td>\ufeff<\/td><\/tr><tr><td><a href=\"http:\/\/www.ariadnatucma.com.ar\/?page_id=6186\">ATRLA N\u00ba 8 Marzo 2013 &#8211; Febrero 2014<\/a><\/td><\/tr><tr><td>\ufeff<\/td><\/tr><tr><td><a href=\"http:\/\/www.ariadnatucma.com.ar\/?page_id=6177\">ATRLA N\u00ba 7 Marzo 2012 &#8211; Febrero 2013<\/a><\/td><\/tr><tr><td>\ufeff<\/td><\/tr><tr><td><a href=\"http:\/\/www.ariadnatucma.com.ar\/?page_id=6159\">ATRLA N\u00ba 6 Marzo 2011 &#8211; Febrero 2012<\/a><\/td><\/tr><tr><td>\ufeff<\/td><\/tr><tr><td><a href=\"http:\/\/www.ariadnatucma.com.ar\/?page_id=6138\">ATRLA N\u00ba 5 Marzo 2010 &#8211; Febrero 2011<\/a><\/td><\/tr><tr><td>\ufeff<\/td><\/tr><tr><td><a href=\"http:\/\/www.ariadnatucma.com.ar\/?page_id=5921\">ATRLA N\u00ba 1 a 4 2006 &#8211; 2009<\/a><\/td><\/tr><tr><td><\/td><\/tr><\/tbody><\/table><\/figure>\n<\/div><\/div>\n<\/div><\/div>\n\n\n\n<p><a href=\"https:\/\/www.ariadnatucma.com.ar\/?page_id=6661\">Qui\u00e9nes somos<\/a><\/p>\n\n\n\n<p><a href=\"https:\/\/www.ariadnatucma.com.ar\/?page_id=809\">Normas de publicaci\u00f3n<\/a><\/p>\n","protected":false},"excerpt":{"rendered":"<p>Resumen La educaci\u00f3n ambiental en Am\u00e9rica Latina ha evolucionado desde una simple conservaci\u00f3n hacia una herramienta integral para el cambio social y la justicia ambiental. Inicialmente, adopt\u00f3 principios de educaci\u00f3n popular y ahora se enfoca en abordar tanto problemas ambientales como inequidades sociales. A trav\u00e9s de un enfoque hol\u00edstico y multidisciplinario, reflejado en las pol\u00edticas &hellip; <\/p>\n<p class=\"link-more\"><a href=\"https:\/\/www.ariadnatucma.com.ar\/?p=7563\" class=\"more-link\">Seguir leyendo<span class=\"screen-reader-text\"> \u00abEducaci\u00f3n ambiental transformadora: un enfoque \u00e9tico, emocional y espiritual hacia la sostenibilidad\u00bb<\/span><\/a><\/p>\n","protected":false},"author":2,"featured_media":0,"comment_status":"closed","ping_status":"closed","sticky":false,"template":"","format":"standard","meta":{"footnotes":""},"categories":[57],"tags":[9,644,645,643,646],"class_list":["post-7563","post","type-post","status-publish","format-standard","hentry","category-ciencias-sociales","tag-america-latina","tag-cambio-social","tag-educacion-ambiental","tag-justicia-ambiental","tag-sostenibilidad","entry"],"_links":{"self":[{"href":"https:\/\/www.ariadnatucma.com.ar\/index.php?rest_route=\/wp\/v2\/posts\/7563","targetHints":{"allow":["GET"]}}],"collection":[{"href":"https:\/\/www.ariadnatucma.com.ar\/index.php?rest_route=\/wp\/v2\/posts"}],"about":[{"href":"https:\/\/www.ariadnatucma.com.ar\/index.php?rest_route=\/wp\/v2\/types\/post"}],"author":[{"embeddable":true,"href":"https:\/\/www.ariadnatucma.com.ar\/index.php?rest_route=\/wp\/v2\/users\/2"}],"replies":[{"embeddable":true,"href":"https:\/\/www.ariadnatucma.com.ar\/index.php?rest_route=%2Fwp%2Fv2%2Fcomments&post=7563"}],"version-history":[{"count":10,"href":"https:\/\/www.ariadnatucma.com.ar\/index.php?rest_route=\/wp\/v2\/posts\/7563\/revisions"}],"predecessor-version":[{"id":7796,"href":"https:\/\/www.ariadnatucma.com.ar\/index.php?rest_route=\/wp\/v2\/posts\/7563\/revisions\/7796"}],"wp:attachment":[{"href":"https:\/\/www.ariadnatucma.com.ar\/index.php?rest_route=%2Fwp%2Fv2%2Fmedia&parent=7563"}],"wp:term":[{"taxonomy":"category","embeddable":true,"href":"https:\/\/www.ariadnatucma.com.ar\/index.php?rest_route=%2Fwp%2Fv2%2Fcategories&post=7563"},{"taxonomy":"post_tag","embeddable":true,"href":"https:\/\/www.ariadnatucma.com.ar\/index.php?rest_route=%2Fwp%2Fv2%2Ftags&post=7563"}],"curies":[{"name":"wp","href":"https:\/\/api.w.org\/{rel}","templated":true}]}}