{"id":6892,"date":"2022-10-09T20:24:50","date_gmt":"2022-10-09T23:24:50","guid":{"rendered":"https:\/\/www.ariadnatucma.com.ar\/?p=6892"},"modified":"2023-06-28T17:27:45","modified_gmt":"2023-06-28T20:27:45","slug":"religions-and-education-in-the-history-of-the-french-revolution-of-1848-allan-kardec-and-the-genesis-of-modern-spiritualism","status":"publish","type":"post","link":"https:\/\/www.ariadnatucma.com.ar\/?p=6892","title":{"rendered":"Religions and Education in the History of the French Revolution of 1848: Allan Kardec and the genesis of modern spiritualism."},"content":{"rendered":"\n<p>Anderson C. Ferreira Brettas*<\/p>\n\n\n<div class=\"wp-block-image\">\n<figure class=\"aligncenter size-full is-resized\"><img loading=\"lazy\" decoding=\"async\" src=\"https:\/\/www.ariadnatucma.com.ar\/wp-content\/uploads\/2023\/05\/The-burning-of-the-throne-of-king-Louis-Philippe-during-the-French-revolution-of-1848.-Paris-25th-February-1848.jpg\" alt=\"\" class=\"wp-image-6894\" width=\"487\" height=\"305\" srcset=\"https:\/\/www.ariadnatucma.com.ar\/wp-content\/uploads\/2023\/05\/The-burning-of-the-throne-of-king-Louis-Philippe-during-the-French-revolution-of-1848.-Paris-25th-February-1848.jpg 747w, https:\/\/www.ariadnatucma.com.ar\/wp-content\/uploads\/2023\/05\/The-burning-of-the-throne-of-king-Louis-Philippe-during-the-French-revolution-of-1848.-Paris-25th-February-1848-300x188.jpg 300w\" sizes=\"auto, (max-width: 487px) 100vw, 487px\" \/><\/figure>\n<\/div>\n\n\n<p class=\"has-small-font-size\"><em>The burning of the throne of king Louis Philippe during the French revolution of 1848, Paris 25th February 1848<\/em><\/p>\n\n\n\n<p><strong>Resumen <\/strong><\/p>\n\n\n\n<p>El llamado \u2018espiritismo\u2019, o espiritualismo franc\u00e9s, es una religi\u00f3n muy difundida en Brasil, especialmente en los sectores medios y urbanos de la poblaci\u00f3n. Su alcance se manifiesta en la creencia en la reencarnaci\u00f3n y en el contacto racional con el mundo de los muertos, y se organiza y difunde a trav\u00e9s de una grandiosa producci\u00f3n editorial. Movimientos similares resuenan en otros pa\u00edses latinoamericanos. El te\u00f3rico de la doctrina esp\u00edrita fue el pedagogo y profesor franc\u00e9s Hyppolite Le\u00f3n Denizard-Rivail, seguidor de las ideas y acciones del suizo-alem\u00e1n Johann Henrich Pestalozzi, quien fue considerado en la historiograf\u00eda especializada como uno de los fundadores de la educaci\u00f3n contempor\u00e1nea y un intelectual activamente dedicado a la educaci\u00f3n ya la docencia, con la apertura de escuelas, la organizaci\u00f3n y publicaci\u00f3n de libros de texto y la elaboraci\u00f3n y propuesta de proyectos de reforma educativa.<br>Este art\u00edculo busca demostrar las articulaciones hist\u00f3ricas entre pol\u00edtica y religi\u00f3n, con \u00e9nfasis en la Revoluci\u00f3n de 1848 en Francia (un movimiento burgu\u00e9s inserto en un contexto europeo m\u00e1s amplio de derrocamiento de los tronos absolutistas) y las direcciones del profesor Denizard-Rivail, quien fue entusiasta de las promesas liberales contenidas en el ciclo revolucionario, especialmente en el campo de la ciencia y la educaci\u00f3n que propugnaba la secularizaci\u00f3n de la ense\u00f1anza, ante la frustraci\u00f3n del entonces curso conservador de la pol\u00edtica francesa durante el ascenso de Napole\u00f3n III.<br>El contacto con los grupos espiritistas en Par\u00eds y la aceptaci\u00f3n de la existencia de manifestaciones racionales en sesiones esot\u00e9ricas y posteriormente la adopci\u00f3n del seud\u00f3nimo de Allan Kardec marcaron las inflexiones en la vida del anciano profesor Hyppolite Le\u00f3n Denizard-Rivail, y la historia del misticismo occidental.<\/p>\n\n\n\n<!--more-->\n\n\n\n<p><strong>Palabras clave <\/strong><\/p>\n\n\n\n<p>Espiritismo Franc\u00e9s \u2013 Allan Kardec \u2013 Revoluciones de 1848 \u2013 Religi\u00f3n y Pol\u00edtica \u2013 Johann Henrich Pestalozzi<\/p>\n\n\n\n<p><strong>Abstract<\/strong><\/p>\n\n\n\n<p>The so-called \u201cspiritism,\u201d or French spiritualism, is a widespread religion in Brazil, especially in middle and urban sectors of the population. Its scope is manifested in the belief in reincarnation and in rational contact with the world of the dead, and it is organized and disseminated through a grandiose editorial production. Similar movements echo in other Latin American countries. The theoretician of the spiritist doctrine was the French pedagogue and professor Hyppolite Le\u00f3n Denizard-Rivail, a follower of the ideas and actions of the Swiss-German Johann Henrich Pestalozzi, who was considered in specialized historiography as one of the founders of contemporary education and an intellectual actively dedicated to education and to teaching, with the opening of schools, organization and publication of textbooks and the preparation and proposal of educational reform projects.<\/p>\n\n\n\n<p>This article seeks to demonstrate the historical articulations between politics and religion, with emphasis on the Revolution of 1848 in France (a bourgeois movement inserted in a broader European context of the overthrow of absolutist thrones) and the directions of Professor Denizard-Rivail, who was an enthusiast of the liberal promises contained in the revolutionary cycle, especially in the field of science and education that advocated the secularization of teaching, to the frustration of the then conservative course of French politics during the rise of Napoleon III.<\/p>\n\n\n\n<p>The contact with the spiritualist groups in Paris and the acceptance of the existence of rational manifestations in esoteric sessions and later the adoption of the pseudonym Allan Kardec marked the inflections in the life of the old professor, Hyppolite Le\u00f3n Denizard-Rivail, and in the history of Western mysticism.<\/p>\n\n\n\n<p><strong>Keywords<\/strong>: French Spiritism \u2013 Allan Kardec \u2013 Revolutions of 1848 \u2013 Religion and Politics \u2013 Johann Henrich Pestalozzi<\/p>\n\n\n\n<div style=\"height:40px\" aria-hidden=\"true\" class=\"wp-block-spacer\"><\/div>\n\n\n\n<hr class=\"wp-block-separator has-alpha-channel-opacity\"\/>\n\n\n\n<div style=\"height:40px\" aria-hidden=\"true\" class=\"wp-block-spacer\"><\/div>\n\n\n\n<p><strong>Introduction<\/strong><\/p>\n\n\n\n<p>1848 was an emblematic year in the history of French spiritism.<br>In the United States, the \u201cCase of the Fox Sisters\u201d generated enormous repercussions that reverberated in intellectual circles in America and Europe. Kate, Leah and Margareth Fox were daughters of a family of Canadian origin installed in Hydesville County, in the State of New York, and they heard knocking on the walls in their home. The sisters combined knocks to produce the letters of the alphabet and obtained the identity of the one who produced the sounds: a peddler named Charles Rosma who, supposedly, four years earlier had been murdered in that house and buried in the cellar.<\/p>\n\n\n\n<p>Although events considered supernatural are recurrent over time, the Hydesville episodes, which were also described by Arthur Conan Doyle (2006: p.73-96), a writer who was adept at spiritism and the creator of one of the most famous characters in literature, the detective Sherlock Holmes, reverberated to become a kind of foundational myth of the spiritist doctrine.<\/p>\n\n\n<div class=\"wp-block-image\">\n<figure class=\"aligncenter size-large is-resized\"><img loading=\"lazy\" decoding=\"async\" src=\"https:\/\/www.ariadnatucma.com.ar\/wp-content\/uploads\/2023\/05\/ArthurConanDoyle-642x1024.jpeg\" alt=\"\" class=\"wp-image-6895\" width=\"276\" height=\"440\" srcset=\"https:\/\/www.ariadnatucma.com.ar\/wp-content\/uploads\/2023\/05\/ArthurConanDoyle-642x1024.jpeg 642w, https:\/\/www.ariadnatucma.com.ar\/wp-content\/uploads\/2023\/05\/ArthurConanDoyle-188x300.jpeg 188w, https:\/\/www.ariadnatucma.com.ar\/wp-content\/uploads\/2023\/05\/ArthurConanDoyle-768x1225.jpeg 768w, https:\/\/www.ariadnatucma.com.ar\/wp-content\/uploads\/2023\/05\/ArthurConanDoyle-963x1536.jpeg 963w, https:\/\/www.ariadnatucma.com.ar\/wp-content\/uploads\/2023\/05\/ArthurConanDoyle-1284x2048.jpeg 1284w, https:\/\/www.ariadnatucma.com.ar\/wp-content\/uploads\/2023\/05\/ArthurConanDoyle.jpeg 1403w\" sizes=\"auto, (max-width: 276px) 100vw, 276px\" \/><\/figure>\n<\/div>\n\n\n<p class=\"has-text-align-center has-small-font-size\"><em>Arthur Conan Doyle<\/em><\/p>\n\n\n\n<p>In 1848, an intense revolutionary wave erupted called \u201cSpring of the Peoples\u201d that ignited agitations and rebellions in the Old Continent and had repercussions in various parts of the world that definitively ended the cycle of monarchical absolutism.<\/p>\n\n\n\n<p>Despite the undoubted importance and reflections of the mystical events of the American sisters, the Revolutions that took place in Europe marked the political conditions for the emergence and advancement of modern spiritualism, with the gradual loss of hegemony of the Catholic clergy and the secularization of laws and customs, as well as the advancement of a \u201cscientistic\u201d mentality. They also marked a profound break in the intellectual and professional career of the person who became the founder of the doctrine of spirits, Professor Hippolyte Leon Denizard Rivail, who later retired from education in the face of the frustrations of the conservative outcome of the 1848 movement and converted to rational and systematic study of relations with the spiritual world and started to sign himself as Allan Kardec, an iconic character in Brazilian religiosity with reflections in Latin America.<\/p>\n\n\n\n<p>This article articulates the relations between religion and politics in history, describes events and aspects that characterized the Revolutionary Days of 1848 in France (a broader movement that marked the overthrow of European thrones) and presents and discusses modern spiritualism and demonstrates and analyzes the inflections of the trajectory of the educator Denizard Rivail, who became the spiritist leader Allan Kardec.<\/p>\n\n\n\n<p><strong>1 &#8211; The revolutions of 1848 and the shaking of thrones<\/strong><\/p>\n\n\n\n<p>\u201cRevolutions of 1848\u201d or \u201cSpring of the peoples\u201d generically denominate the revolutionary wave that occurred in Central and Eastern Europe, which in general terms arose from the successive economic crises of capitalism in its industrial phase and the worsening of the financial conditions of the population in general, particularly for the low representation of the middle classes and the urban proletariat, as well as the national minorities of the Old Continent. Successive attempts at political rearrangements and economic adjustments implemented by reformist monarchs were doomed to failure.<\/p>\n\n\n\n<p>In France, the episodes became known as the \u201cFrench Revolution of 1848\u201d or the \u201cFebruary Revolution\u201d, which overthrew the \u201cJuly Monarchy\u201d and established the \u201cSecond French Republic\u201d (1848-1851).<\/p>\n\n\n\n<p>Since 1830, the year in which there were also social upheavals and an outbreak of liberal political revolutions, the country had been ruled by Louis Philippe I, monarch of the House of Orl\u00e9ans, who was nicknamed \u201cthe citizen king\u201d and \u201cthe bourgeois king.\u201d and whose reign represented, on the one hand, the \u201cgolden age\u201d of the French bourgeoisie, with the triumph of nationalist and liberal principles. On the other hand, however, his regime progressively hardened in its repression of the republican opposition, which represented the growing discontent of the working class and its approximation with the conservative elements of French society. (HOBSBAWM: 2005).<\/p>\n\n\n<div class=\"wp-block-image\">\n<figure class=\"aligncenter size-large\"><img loading=\"lazy\" decoding=\"async\" width=\"662\" height=\"1024\" src=\"https:\/\/www.ariadnatucma.com.ar\/wp-content\/uploads\/2023\/05\/Franz-Xaver-Winterhalter-Luis-Felipe-I-de-Orleans-1841-1-662x1024.jpeg\" alt=\"\" class=\"wp-image-6897\" srcset=\"https:\/\/www.ariadnatucma.com.ar\/wp-content\/uploads\/2023\/05\/Franz-Xaver-Winterhalter-Luis-Felipe-I-de-Orleans-1841-1-662x1024.jpeg 662w, https:\/\/www.ariadnatucma.com.ar\/wp-content\/uploads\/2023\/05\/Franz-Xaver-Winterhalter-Luis-Felipe-I-de-Orleans-1841-1-194x300.jpeg 194w, https:\/\/www.ariadnatucma.com.ar\/wp-content\/uploads\/2023\/05\/Franz-Xaver-Winterhalter-Luis-Felipe-I-de-Orleans-1841-1-768x1188.jpeg 768w, https:\/\/www.ariadnatucma.com.ar\/wp-content\/uploads\/2023\/05\/Franz-Xaver-Winterhalter-Luis-Felipe-I-de-Orleans-1841-1-993x1536.jpeg 993w, https:\/\/www.ariadnatucma.com.ar\/wp-content\/uploads\/2023\/05\/Franz-Xaver-Winterhalter-Luis-Felipe-I-de-Orleans-1841-1-1324x2048.jpeg 1324w, https:\/\/www.ariadnatucma.com.ar\/wp-content\/uploads\/2023\/05\/Franz-Xaver-Winterhalter-Luis-Felipe-I-de-Orleans-1841-1-1568x2425.jpeg 1568w, https:\/\/www.ariadnatucma.com.ar\/wp-content\/uploads\/2023\/05\/Franz-Xaver-Winterhalter-Luis-Felipe-I-de-Orleans-1841-1-scaled.jpeg 1655w\" sizes=\"auto, (max-width: 662px) 100vw, 662px\" \/><\/figure>\n<\/div>\n\n\n<p class=\"has-text-align-center has-small-font-size\"><em>Luis Felipe I de Orleans por <em>Franz Xaver Winterhalter<\/em><\/em>. <em>1841<\/em><\/p>\n\n\n\n<p>By privileging the interests of the bourgeois class, Lu\u00eds Filipe intensified social conflicts that aroused the revolt of the poorest populations, the republicans, and the socialists, who were already a relevant presence in Europe. With the fall of this \u201cbourgeois king\u201d, the first president of the ephemeral Second Republic was Louis Bonaparte, nephew of Emperor Napoleon Bonaparte.<\/p>\n\n\n\n<p>From France, the movement expanded to the domains of the Austro-Hungarian Empire, the Germanic Confederation and Italy to the favor of national unifications; other regions of central-eastern Europe were influenced as well. These explosions, marked by the formation of popular barricades, synthesized the profusion of rebellions with liberal, democratic and nationalist ideas.<\/p>\n\n\n\n<p>Even in Brazil, where D. Pedro II, as compared to the previous reign of Dom Pedro I, was able to impress a relative institutional balance with the Pernambuco Liberal Party, the \u201cbeach gang\u201d, which rose up against the Cavalcanti command in defense of the expansion of civil liberties. (FAUSTO: 1998, p.176-9).<\/p>\n\n\n\n<p>Strictly speaking, 1848 can be considered the year of the first potentially global revolution, as historian Eric Hobsbawm (1996) pointed out:<\/p>\n\n\n\n<p>In France, the natural center and detonator of European revolutions, the republic was proclaimed on February 24th. By March 2, the revolution had won southwest Germany; on March 6 to Bavaria, March 11 to Berlin, March 13 to Vienna, and almost immediately to Hungary; on 18 March Milan and then Italy (where an independent revolt had taken Sicily). At this time, the fastest information service accessible to anyone (the services of the Rothschild bank) could not bring news from Paris to Vienna in less than five days. In a few weeks, no government was left standing in an area of Europe that is now fully or partially occupied by ten states, not to mention the repercussions in a good number of others. (HOBSBAWM: 1996, p.26).<\/p>\n\n\n\n<p>Moreover, Jean-Luc Mayaud, historian of Lyon 2, summarized the situation in this line: \u00abHistorians recognize in 1848 the daughter of 1789 that established the definitive end of the old economic and social system, which innovated with the proclamation of universal male suffrage, finally marked by the spirit of 1848.\u201d (MAYAUD: 1989, p.327).<\/p>\n\n\n\n<p>Also in that year and despite the little importance in those revolutions, Karl Marx and Friederich Engels launched the first edition of the \u201cCommunist Manifesto\u201d (1975) from Brussels, and this forty-page document that became one of the greatest bestsellers in the press history of society. After his involvement in intricate Prussian politics, Marx was arrested in September but was acquitted and went into exile in London.<\/p>\n\n\n\n<figure class=\"wp-block-image size-full\"><img loading=\"lazy\" decoding=\"async\" width=\"624\" height=\"417\" src=\"https:\/\/www.ariadnatucma.com.ar\/wp-content\/uploads\/2012\/08\/Berlin-Marx.jpg\" alt=\"Karl Marx\" class=\"wp-image-3196\" srcset=\"https:\/\/www.ariadnatucma.com.ar\/wp-content\/uploads\/2012\/08\/Berlin-Marx.jpg 624w, https:\/\/www.ariadnatucma.com.ar\/wp-content\/uploads\/2012\/08\/Berlin-Marx-300x200.jpg 300w\" sizes=\"auto, (max-width: 624px) 100vw, 624px\" \/><figcaption class=\"wp-element-caption\"><em> <\/em><\/figcaption><\/figure>\n\n\n\n<p class=\"has-text-align-center\"><em>Karl Marx. Berlin por Carolina Crisorio <\/em><\/p>\n\n\n\n<p>In appearance, the revolutions in France and Europe signaled a period of profound social transformations, but in essence, such a perspective was once again frustrated by the projections of bourgeois hegemony.<\/p>\n\n\n\n<p>In the brief six-month period of its outbreak, as Hobsbawm (1996) pointed out, the defeat of the \u201cSpring of the Peoples\u201d was surely predictable. Eighteen months later, all the overthrown regimes were restored, except in France, where the regime of Napoleon III maintained \u201c(\u2026) all possible distances in relation to the revolution to which it owed its very existence\u201d.<\/p>\n\n\n\n<p>In France, after the fall of Lu\u00eds Filipe and the installation of the Second French Republic with a socialist, Louis Blanc, composing the provisional in a cabinet also composed of representatives of the liberal bourgeoisie and the working class, the presidency fell to Alphonse de Lamartine (1790\/1869), who in addition to being a liberal politician, was a writer and poet.<\/p>\n\n\n\n<p>This provisional government, known as the \u201cSocial Republic,\u201d ensured important achievements, such as the end of the death penalty, the application of universal suffrage and also articulated the \u201cnational workshops,\u201d which were public undertakings that guaranteed employment for thousands of unemployed people in construction, landfills and factories.<br>In April, with the holding of elections for the formation of the Constituent Assembly, the moderate liberals, a group made up of large rural landowners, won with a large majority that ended the short cycle of alleged social advances; however, although the powerful \u201cParty of Order\u201d managed to defeat the social revolution, it was not able to gain the support of the masses (idem, 1996).<\/p>\n\n\n\n<p>In June, with the polarization between socialists and the bourgeoisie, a new wave of unrest shook Paris.<\/p>\n\n\n\n<p>Alexis de Tocqueville (1803\/1859), famous writer and political thinker, had been victorious since the elections of 1839 and was deputy in several legislatures. Of aristocratic origin, his main concern was the maintenance of order. In the classic Souvenirs of 1848, dealing with the outbreak of the June days, the \u201cCount of Tocqueville\u201d, who witnessed of the facts \u2013 it is important to highlight \u2013, described:<\/p>\n\n\n\n<p>\u00abHere I am, finally, arriving at the June Insurrection, the greatest and most singular that has taken place in our history and perhaps in any other: the greatest, because during four days more than 100 thousand men engaged in it, and five generals perished. : the most singular, since the insurgents fought without war cries, without leaders, without a flag (\u2026) aimed to change the form of government, but to change the order of society. It was not, to tell the truth, a political struggle (in the sense we had given the word until then), but a class struggle, a kind of servile war. This characterized the February Revolution in facts as socialist theories had characterized it in ideas; or rather, it emerged naturally from these ideas, as a child emerges from its mother, and was due to it nothing more than a brutal and blind, but powerful, effort by the workers to escape the necessities of their condition (which had been described to them as oppression illegitimate) and to use forceps to open a path towards that imaginary well-being (which had been shown to them from afar as a right. (TOCQUEVILLE: 1991, p.149-50).\u00bb<\/p>\n\n\n\n<p>Faced with the radicalization of the movement, the National Assembly decreed a state of siege and appointed the Minister of War, General Louis-Eug\u00e8ne Cavaignac, as head of the Executive branch with dictatorial powers to contain popular radicalization.<\/p>\n\n\n\n<p>With a violent repression, the Paris insurgents were contained. In the four days that the fighting lasted, more than 1,500 rebels were killed, more than 12,000 arrested and 4,000 deported to Algeria. Individual rights were suspended, national offices closed and newspapers were suspended.<\/p>\n\n\n\n<p>A new republican constitution was approved, providing for direct suffrage for the legislature with a three-year term and executive power in charge of a president elected for a period of four years.<\/p>\n\n\n\n<p>In the December presidential elections, Louis Napoleon was elected, winning with an overwhelming majority \u2013 5.5 million out of 7.4 million votes \u2013 defeating General Cavaignac.<\/p>\n\n\n\n<p>The mandate was marked by the search for conciliation and pacification, and the ideal of progress was highlighted. Institutionally, Louis Bonaparte&#8217;s investiture as president would end in 1852; however, in December 1851 he orchestrated a coup d&#8217;\u00e9tat that ended the Republic and made him Emperor of France. It was the end of the brief French \u201cSecond Republic\u201d and the beginning of the dictatorship of the \u201cSecond Empire\u201d (1852\/1870), a regime legitimized through a plebiscite, as in the time of Uncle Napoleon.<\/p>\n\n\n\n<p>In one of Marx\u2019s most famous passages about the \u201crepetition of history as a farce\u201d, the philosopher made this reference precisely to this political process:<\/p>\n\n\n\n<p>\u00bb Hegel observes in one of his works that all the facts and personages of great importance in the history of the world occur, so to speak, twice. And he forgot to add: the first time as a tragedy, the second as a farce. Caussidi\u00e8re by Danton, Louis Blanc by Robespierre, the Montagne from 1845-1851 by the Montagne from 1793-1795, the nephew by the uncle. And the same caricature occurs in the circumstances accompanying the second edition of the Eighteenth Brumaire! (MARX: 1988, p.329).\u00bb<\/p>\n\n\n\n<div class=\"wp-block-media-text alignwide is-stacked-on-mobile\"><figure class=\"wp-block-media-text__media\"><img loading=\"lazy\" decoding=\"async\" width=\"299\" height=\"378\" src=\"https:\/\/www.ariadnatucma.com.ar\/wp-content\/uploads\/2010\/02\/Hegel_portrait_by_Schlesinger_1831.png\" alt=\"Hegel\" class=\"wp-image-361 size-full\"\/><\/figure><div class=\"wp-block-media-text__content\">\n<p><em>Georg Wilhelm Friedrich Hegel<\/em><\/p>\n\n\n\n<p><em>por Jakob Schlesinger, 1831<\/em><\/p>\n<\/div><\/div>\n\n\n\n<p>The writer Victor Hugo, a convinced republican, follows this line of contempt for the figure of Napoleon&#8217;s nephew in Napoleon the Little:<\/p>\n\n\n\n<p>\u00abAh, France rambles. Somehow you have to wake up this nation\u2026 talk to the soldier who has a picture of the Emperor in his hut and who votes for anything because of it. These people are good and honest. You will understand. Yes, peasant, they are two, the great and the small, the illustrious and the infamous, Napoleon and Napoleon.\u00bb (HUGO: 1996, p.XX).<\/p>\n\n\n\n<p>Alexis de Tocqueville even participated in the government of Louis Bonaparte in 1849, between June and October, when he held the foreign affairs portfolio of the Odilon Barrot ministry. However, he took a leave of absence from the Assembly in 1850 due to health problems and, with the December coup; he denounced what he considered the \u201cBonapartist farce\u201d and definitively withdrew from politics. (JASMIM, 2005, p.34).<br>Hobsbawm (1996), in an analysis of the political character of the rise and consolidation of Louis Bonaparte, summarized:<\/p>\n\n\n\n<p>\u00abHe would become the first of the modern heads of state who would govern not just by force of arms, but also with that kind of demagoguery and public relations so much more easily operated from the top of the state than anywhere else. His experience demonstrates not only that the \u00absocial order\u00bb could appear as a force capable of attracting the \u00ableft\u00bb, but also an era or a country where citizens had been mobilized to participate in politics.\u00bb (HOBSBAWM: 1996, p.42).<\/p>\n\n\n\n<p>Bonaparte&#8217;s government had a base of support rooted in the bourgeoisie, the clergy and the armed forces. It was a period of economic prosperity, with the undertaking of numerous public works, especially in Paris, where Mayor George-Eug\u00e8ne Hausmann built the famous and elegant boulevards and magnificent parks; however, the dictatorship, the marginalization of the legislature and the repression of opposition forces and conservatism characterized the Bonapartist regime.<\/p>\n\n\n\n<p><strong>2 &#8211; A Pestalozzian educator in revolutionary France<\/strong><\/p>\n\n\n<div class=\"wp-block-image\">\n<figure class=\"aligncenter size-large is-resized\"><img loading=\"lazy\" decoding=\"async\" src=\"https:\/\/www.ariadnatucma.com.ar\/wp-content\/uploads\/2023\/05\/Johann.Heinrich.Pestalozzi.RealAcademiaBellasArtesdeSanFernandoMadrid-785x1024.jpeg\" alt=\"\" class=\"wp-image-6893\" width=\"380\" height=\"496\" srcset=\"https:\/\/www.ariadnatucma.com.ar\/wp-content\/uploads\/2023\/05\/Johann.Heinrich.Pestalozzi.RealAcademiaBellasArtesdeSanFernandoMadrid-785x1024.jpeg 785w, https:\/\/www.ariadnatucma.com.ar\/wp-content\/uploads\/2023\/05\/Johann.Heinrich.Pestalozzi.RealAcademiaBellasArtesdeSanFernandoMadrid-230x300.jpeg 230w, https:\/\/www.ariadnatucma.com.ar\/wp-content\/uploads\/2023\/05\/Johann.Heinrich.Pestalozzi.RealAcademiaBellasArtesdeSanFernandoMadrid-768x1002.jpeg 768w, https:\/\/www.ariadnatucma.com.ar\/wp-content\/uploads\/2023\/05\/Johann.Heinrich.Pestalozzi.RealAcademiaBellasArtesdeSanFernandoMadrid-1178x1536.jpeg 1178w, https:\/\/www.ariadnatucma.com.ar\/wp-content\/uploads\/2023\/05\/Johann.Heinrich.Pestalozzi.RealAcademiaBellasArtesdeSanFernandoMadrid-1570x2048.jpeg 1570w, https:\/\/www.ariadnatucma.com.ar\/wp-content\/uploads\/2023\/05\/Johann.Heinrich.Pestalozzi.RealAcademiaBellasArtesdeSanFernandoMadrid-1568x2045.jpeg 1568w, https:\/\/www.ariadnatucma.com.ar\/wp-content\/uploads\/2023\/05\/Johann.Heinrich.Pestalozzi.RealAcademiaBellasArtesdeSanFernandoMadrid-scaled.jpeg 1963w\" sizes=\"auto, (max-width: 380px) 100vw, 380px\" \/><\/figure>\n<\/div>\n\n\n<p class=\"has-small-font-size\"><em>Johann Heinrich Pestalozzi. Real Academia de Bellas Artes de San Fernando Madrid<\/em><\/p>\n\n\n\n<p>Hippolyte Leon Denizard Rivail (1804\/1869), better known in Brazil by the pseudonym Allan Kardec, was a cultured, methodical man who lived in tune with the great questions posed in his time &#8211; the economic transformations brought about by the second industrial revolution, the affirmation of the scientific discourse, the influence of illustration and the predominance of reason and the perspectives of progress and the expansion of education in the genesis of the state and national organization of education.<\/p>\n\n\n\n<p>Born in Lyon into a family with a tradition in the judiciary, Rivail was educated at the school of one of the most influential thinkers in contemporary pedagogy, the Swiss-German Johann Henrich Pestalozzi (1746\/1827), at the castle of Yverdun, Switzerland, the same school where the German Friedrich Fr\u00f6ebel (1782\/1852), precursor of kindergartens, was a visitor and perfected his humanist education. (BRETTAS: 2012).<\/p>\n\n\n\n<p>Pestalozzi was one of the pioneers in the \u201cpsychologization\u201d of education and is recognized in pedagogy, mainly for his efforts to unite the vast theoretical production with practice and with the undertaking of various educational institutions. He was a thinker who emphasized the social character of education, made efforts to accommodate poor students and advocated for public and democratic education.<\/p>\n\n\n\n<p>The young Denizard Rivail was at Yverdon from 1815 to 1822, presumably becoming a disciple and enthusiastic propagandist of Pestalozzi. Facing his unexplored path as the future so-called \u201cencoder of spiritism, Rivail was on his trajectory, he became a teacher, founded schools in France, published several textbooks on grammar, arithmetic, and pedagogy, proposed teaching plans at different times in the troubled French political history, and organized free courses in Chemistry, Physics, Astronomy, Comparative Anatomy and Physiology. (BRETTAS: op.cit).<\/p>\n\n\n\n<p>Regarding the relationship between professor Rivail and the pedagogue Pestalozzi, Jean Vartier, an Italian biographer of Allan Kardec, pointed out: \u201cPestalozzi can be considered Rivail&#8217;s spiritual father, in the same way that Jean-Jacques Rousseau was Pestalozzi&#8217;s spiritual father \u201d.(1971: p.23). Like Rousseau and Pestalozzi, Rivail believed that social problems could be overcome by renewing education.<br>As an example of these influences, in the introduction to his practical course in arithmetic, Rivail listed the six principles of Pestalozzi&#8217;s system that he applied in his work:<\/p>\n\n\n\n<p>\u00aba) cultivation of the student&#8217;s natural spirit of observation, calling his attention to the objects that surround him;<br>b) the cultivation of intelligence, following the path that allows the student to discover the rules by himself;<br>c) always starting from knowledge towards the unknown, from the simple to the compound;<br>d) avoid all mechanical attitudes, allowing the student to understand the reason and focus of everything he does;<br>e) make him feel with his fingers and with his eyes all realities;<br>entrust to memory only what has already been grasped by intelligence.\u00bb (PIRES: 2004, p.88-9).<\/p>\n\n\n\n<p>Andr\u00e9 Moreil (1986), also a biographer of Allan Kardec, analytically established the influences of the \u201cpedagogue Rivail\u201d in the organization and elaboration of spiritism: \u201cPrinciples 3 and 5 seem to have been used, word for word, for the elaboration of the Book of Mediums, which proves the extraordinary importance of the Yverdun phase in the life of the future founder of Spiritism\u201d. (MOREIL: 1986, p.36). Henri Sausse (2012), another author who biographed him, highlighted: \u201cIt was in this school that he developed the ideas that should make him an attentive and meticulous observer, a prudent and profound thinker\u201d. (SAUSSE: 2012, p.29).<\/p>\n\n\n\n<p>As an intellectual in tune with political and social dynamics and a defender of the secular nature of education, Professor Rivail expressed himself politically about his ideas in the field of education at different historical moments in the country.<\/p>\n\n\n\n<p>In 1828, in the reign of Charles X during the Restoration, he presented a \u201cProposed Plan for the Improvement of Public Education.\u201d On the cover, he signed \u201cBy H.-L.-D. Rivail, disciple of Pestalozzi, director of a school at the Paris Academy, member of several scientific societies\u201d, and highlighted the core of the text: \u201cThe proper means for educating youth are a very different science that one should study in order to be an educator, how to study medicine or to be a doctor\u201d (RIVAIL: 1999).<\/p>\n\n\n\n<p>Presented to the French Parliament among several points that emphasized the importance of moral education, the project defended the improvement of public education in early childhood education and emphasized the scientific character of education, even proposing the creation of a \u201cTheoretical and practical School of Pedagogy\u201d.<br>During the government of Lu\u00eds Filipe I, actions were taken to implement and develop primary education. In February 1831 a commission was appointed to revise the legislation on public instruction and to prepare a bill for the general organization of teaching. Rivail then forwarded a Mem\u00f3ire su l\u2019 instruction publique to the group, formulating propositions that advocated for freedom of teaching, against university monopoly, and the gap which he believed contained in public establishments &#8211; about the emphasis on moral education. (WANTUIL; THIESEN: 1999, p.123).<\/p>\n\n\n\n<p>For the purpose of collaborating with these propositions, the bill was published in a text entitled \u201cReform plan for exams and youth education centers\u2026,\u201d that suggested measures concerning the organization and orientation of teaching \u2013 measures that would bring, according to its understanding, significant improvements in the writing of school books and the adoption of classic works by the university (idem: p.152).<\/p>\n\n\n\n<p>With the revolutionary process of 1848 and the regime that followed the \u201cJuly Monarchy\u201d, these initiatives were almost entirely aborted.<\/p>\n\n\n\n<p>When raised to the presidency in December, Louis Bonaparte formed a conservative cabinet. One of his ministers was Alfred Falloux, a legitimist and clerical politician linked to the Society of Jesus, which that same year initiated the dissolution of the \u201cnational workshops\u201d with the aim of weakening the labor movement. Strictly speaking, the government of Charles X had withdrawn the right to teach from the Jesuits, but even so, the Order had the tolerance of Louis Philippe and Bonaparte. In Falloux\u2019 return to power with Bonaparte, the Jesuit Minister of Education made a vote that was approved in 1850 with the law that bears his name, \u201cLaw Falloux,\u201d which under the pretense of freedom of teaching handed over public instruction to the clericals.<\/p>\n\n\n\n<p>That same year of the victory of the Catholic clergy in the government of Louis Bonaparte, Hippolyte Leon Denizard Rivail, then 46 years old and disappointed with the religious inclination of teaching in France and also counting on relative financial stability, ended his activities in field of teaching and began to dedicate himself to studies in the field of esotericism, such as animal magnetism and, later, to turning tables.<\/p>\n\n\n\n<p>3 &#8211; Modern mysticism and Professor Rivail&#8217;s spiritual journey<\/p>\n\n\n\n<p>The consolidation of the scientific discourse of modernity undoubtedly referred to the dominance of reason over faith, with the preponderance of the experimental method. Between the end of the Enlightenment and the outbreak of the social revolutions of the 19th century in France and Europe there was a profusion of beliefs, secret orders and various mysticisms, some with more or less scientific pretensions, which also brought together intellectuals and politicians from various spheres.<\/p>\n\n\n\n<p>In the second half of the 18th century, the Austrian physician Franz Anton Mesmer (1734\/1814) proposed a set of procedures as a healing therapy that consisted of the supposed exchange of magnetic fluids between two living organisms. The system which was disseminated considerably in Europe was called \u00abanimal magnetism\u00bb or \u00abmesmerism\u00bb.<\/p>\n\n\n\n<p>Robert Darnton, an American historian specializing in mentalities, especially in the popular culture of the period, in The Hidden Side of the Revolution (1988), analyzed mesmerism in the context of the French Revolution, demonstrating the impact of these ideas on literati and political activists engaged in the revolutionary project.<\/p>\n\n\n\n<p>For Mesmer, who frequented occult and alchemical circles in Austria, there would be a correspondence between the outside world \u2013 the macrocosm \u2013 and the different parts of the organism \u2013 the microcosm; a similar line was followed by the famous mystic Paracelsus. In his medical graduation thesis, Mesmer described planetary influence through a universal magnetic fluid with powers over living matter.<\/p>\n\n\n\n<p>There would be an animal magnetism that would exist in two antagonistic forms, emanating from the right and left sides of the human body. The cure of illnesses would occur by restoring the balance between fluids. Based on these assumptions, he developed a therapy that consisted of fixing the eyes and applying magnetic passes using the hands (FIGUEIREDO: 2007). In the wake of the scientism and rationalism that was typical of the Enlightenment, Mesmer sought to impart an academic character to his theories, which was rejected by medical faculties.<\/p>\n\n\n\n<p>As a young man, Denizard Rivail came into contact with these phenomena of animal magnetism. In 1823, when he was 19 years old, he studied the stages of somnambulism, considered by him as a disturbing mystery, with the application of mesmerism therapy. (SAUSSE: 2012, p.33-4).<\/p>\n\n\n\n<p>In Sweden, the mystic Emanuel Swedenborg (1688\/1772), son of a Lutheran pastor and a graduate in mining engineering, was professor of Mathematics at the University of Uppsala and even held positions in the Swedish government. On the death of the father, the family was elevated to the nobility by Queen Ulrica. He is said to have had visions since he was a child, and on a trip to London in 1744 supposed psychic forces blossomed and remained with him until his death in 1772 at the age of 84. (STANLEY: 2007).<\/p>\n\n\n\n<p>Swedenborg wrote books with the description of alleged spiritual spheres and claimed to have visions, premonitions and unfolding of the physical body. His paranormal activities influenced many intellectuals, and among his admirers were intellectuals such as Baudelaire, Balzac and Jorge Lu\u00eds Borges.<\/p>\n\n\n\n<p>Swedenborg&#8217;s spiritualism had resonance in Brazil with the dissemination of centers and entities of mystical studies in this line.<\/p>\n\n\n\n<p>In articulations similar to those operated by Allan Kardec (Rivail), the combination between religiosity considered esoteric and rationality, in 1875 Helena Petrovna Blavatsky founded the \u201cTheosophical Society\u201d in New York in the same year that the Austro-Hungarian philosopher and educator Rudolf Steiner (1861\/1925) launched Anthroposophy. In spite of certain variations, they were Christian, reincarnationist approaches and proposed a rapprochement between science and religion.<\/p>\n\n\n\n<p>Strictly speaking, extra-psychic phenomena, such as the notion of a soul separated from the body, the supposed incorporation of said spirits, and the alleged communication with the spirits of ancestors are recurrent phenomena in all societies, obviously with different representations. As sociologist \u00c9mile Durkheim in The Rules of Sociological Method (2011), which treats religion as a social fact, pointed out about man&#8217;s efforts to understand the various physical phenomena:<\/p>\n\n\n\n<p>Before the first rudiments of physics and chemistry, men already had notions about physical-chemical phenomena that went beyond pure perception, such as those, for example, that we find mixed in all religions. It is because, in fact, reflection is prior to science, which only makes use of it with more method. Man cannot live among things without forming ideas about them; according to which he regulates his conduct. (DURKHEIM: 2011, p.14).<\/p>\n\n\n\n<p>\u00abThe spiritualist movement in the United States advanced from the case of the Fox Sisters, in interaction with the Protestantism of different groups and sects through educational approaches, resulting in several publications and formation of study groups. (SILVA, 1997, p.8). The first regular Spiritist organization was formed in New York, on June 10, 1854, being called \u00abSociety for the Diffusion of Spiritist Knowledge, among whose members was a judge, Edmonds, and the governor of Wisconsin, Tallmadge.\u00bb (DOYLE: op.cit, p.129).<\/p>\n\n\n\n<p>A few years after the events in Hydesville, attempts to reproduce the phenomenon with supposed contact with the dead frequently occurred from the adaptation of \u201cturning tables\u201d, which would soon become a fad and a sensation in social gatherings, mainly in Paris and Lyon. The newspapers announced these strange phenomena without concern for the investigation of the causes.<\/p>\n\n\n\n<p>The so-called \u201cturning table\u201d consisted of a round piece of furniture with three legs, on which the participants invoked the manifestation of supernatural forces. With the belief of a spiritual presence, the table jumped and turned, indicating the letters of the alphabet according to the established codes. Some attributed such effects to \u201cdemonic manifestation\u201d, and the Holy Office condemned the tables in 1856 with the allegation that there was interference from hypnotism and magnetism. The \u201cmagnetists\u201d, in turn, also believed that the phenomena could be caused by electric or magnetic fluids, or even by some other type of unknown but similar manifestation.<\/p>\n\n\n\n<p>At the end of 1854, Fortier, a friend of Denizard Rivail, told him about the existence of \u201ctalking tables\u201d, artifacts that were capable of issuing coherent responses to their interlocutors through codes. Incredulous at first, the professor, who was part of the Society of Magnetism in Paris, shared the same opinion as the magnetists about these turning tables., Furthermore, other descriptions also left him intrigued, such as in early 1855, when Carloti, another close friend, made similar comments about such tables and sessions.<\/p>\n\n\n\n<p>Imbued with skepticism and hesitation, years later Rivail narrated his initial doubts about the acceptance of spiritual phenomena, published in Posthumous Works (2000):<\/p>\n\n\n\n<p>\u00abI was therefore faced with an unexplained fact, apparently contrary to the Laws of Nature and which my reason rejected. Nothing had seen or observed yet; the experiments, carried out in the presence of honorable and trustworthy persons, confirmed my opinion as to the possibility of the purely material effect, but the idea of a talking table had not yet crossed my mind.\u00bb (RIVAIL: 2000, p.237).<\/p>\n\n\n\n<p>In May 1855, Hippolyte Leon Denizard Rivail accompanied his friend Fortier to a meeting at Mrs. Plainemaison&#8217;s residence. His incredulity was shaken as he saw the tables bounce, slam against the floor, and questions were answered with supposed logic. In the following year, he began to assiduously attend meetings at the Baudin house, in private sessions, but with a large audience.<\/p>\n\n\n\n<p>Rivail\u2019s adoption of the pseudonym Allan Kardec, by which he would be better known in posterity, occurred after one of the spiritist sessions when a medium told him that in past lives he would have been a \u201cdruid\u201d in the denomination of Celtic priests and would have been named Allan Kardec. (DENIS: 2001, p.17-9).<\/p>\n\n\n\n<p>In the book What is Spiritism, Kardec clarified what led him to rationally study these new phenomena: \u201cHaving acquired, in the study of the exact sciences, the habit of positive things, I probed, scrutinized this new science in its most intimate depths; I tried to explain everything to myself, because I don&#8217;t usually accept any idea without knowing the how and why\u201d. (KARDEC: 2003, p.47).<\/p>\n\n\n\n<div style=\"height:40px\" aria-hidden=\"true\" class=\"wp-block-spacer\"><\/div>\n\n\n\n<p><strong>Final considerations<\/strong><\/p>\n\n\n\n<div style=\"height:40px\" aria-hidden=\"true\" class=\"wp-block-spacer\"><\/div>\n\n\n\n<p>As an heir to the Enlightenment in the best tradition of Pestalozzi and J.J. Rousseau, which was imbued with the liberal spirit, and removed from his professional activities in the face of the direction of French politics, and mainly due to the mix between religious interests and public education \u2013 Hippolyte L\u00e9on Denizard Rivail imprinted a rationalization on esoteric studies.<\/p>\n\n\n\n<p>Seeing him as a man of his time, methodical and rational, Anna Blackwell (1816\/1900) a teacher and writer and the first translator of Allan Kardec\u2019s works into English, described him in the preface to The Spirits\u2019 Book:<\/p>\n\n\n\n<p>\u00abPersonally, Allan Kardec was of average height. Strongly built, with a large, round, massive head, sharp features, clear brown eyes, he looked more like a German than a Frenchman. Energetic and persevering, but of a calm temper, cautious, and not imaginative to the point of coldness, incredulous by nature and upbringing, a sure and logical thinker, and eminently practical in thought and action, he was equally emancipated from mysticism and enthusiasm. Devoid of ambition, indifferent to luxury and display, the modest income he had acquired from teaching and selling his educational works was sufficient for the simple style of life he had adopted, and enabled him to devote all the proceeds from the sale to of his spiritist books and the Revue Spirite for the propagation of the movement started by him [\u2026].\u00bb (BLACKWELL: 2011, p.14).<\/p>\n\n\n\n<p>Conceptually, the French spiritism systematized by Allan Kardec can be understood as a complex system of thought, encompassing philosophical, scientific and religious principles. The central axis is the millenary idea based on the Hindu doctrine of reincarnation and the concrete possibility of communication between the dead (generically classified as \u00abdisembodied spirits\u00bb) and carried out through people endowed with the capacity for psychic trance (the \u00abmediums\u00bb) during the s\u00e9ance. (HELLERN; NOTEKER; GAARDER: 2007).<\/p>\n\n\n\n<p>In a process of doctrinal syncretism, the essential element of Christianity contained in the gospels is added to the Eastern structural logic of reincarnation: the ethics of charity. Jesus Christ is considered the greatest entity ever incarnated and the spiritual ruler of the planet. Allan Kardec understood that the greatest commandment is love of neighbor and considered this the supreme virtue.<\/p>\n\n\n\n<p>The adoption of the pseudonym Allan Kardec by Professor Hippolyte Leon Denizard Rivail, as Pestalozzi&#8217;s disciple, gave inflection to his intellectual trajectory, and to some extent political, which was based on formulations and propositions of ideas and educational projects for French public education; however, far from abandoning his knowledge and experiences, the old professor incorporated methods and pedagogical concepts into the doctrine that founded his later educational utopias.<\/p>\n\n\n\n<div style=\"height:40px\" aria-hidden=\"true\" class=\"wp-block-spacer\"><\/div>\n\n\n\n<p><strong>REFERENCES<\/strong><\/p>\n\n\n\n<div style=\"height:40px\" aria-hidden=\"true\" class=\"wp-block-spacer\"><\/div>\n\n\n\n<p>BRETTAS, Anderson C.F. Hippolyte Leon Denizard Rivail, ou Allan Kardec: Um professor pestalozziano na Fran\u00e7a do tempo das Revolu\u00e7\u00f5es. Universidade Federal de Uberl\u00e2ndia \/ Programa de P\u00f3s Gradua\u00e7\u00e3o em Educa\u00e7\u00e3o, Uberl\u00e2ndia, 2012. [Tese de Doutorado].<br>DARNTON, Robert. O lado oculto da revolu\u00e7\u00e3o: Mesmer e o final do Iluminismo na Fran\u00e7a. Companhia das Letras, S\u00e3o Paulo, 2007.<br>DENIS, L\u00e9on. O G\u00eanio C\u00e9ltico e o Mundo Invis\u00edvel. 2. ed. Edi\u00e7\u00f5es CELD, Rio de Janeiro, 2001.<br>DOYLE, Arthur Conan. Hist\u00f3ria do Espiritismo. Editora Pensamento, S\u00e3o Paulo, 2006.<br>DURKHEIM, \u00c9mile. As Regras do M\u00e9todo Sociol\u00f3gico. S\u00e3o Paulo: Edipro, 2012.<br>FAUSTO, B\u00f3ris. Hist\u00f3ria do Brasil. 6. ed. EDUSP \/ Funda\u00e7\u00e3o de Desenvolvimento da Educa\u00e7\u00e3o, S\u00e3o Paulo, 1998.<br>FIGUEIREDO, Paulo Henrique de. Mesmer: a ci\u00eancia negada e os textos escondidos. Lach\u00e2tre, S\u00e3o Paulo, 2007.<br>HELLERN, Victor; NOTAKER, Henry; GAARDER, Jostein. O Livro das Religi\u00f5es. Companhia das Letras, S\u00e3o Paulo, 2007.<br>HOBSBAWM, Eric. Era das Revolu\u00e7\u00f5es: 1789-1848. 19. ed. Paz e Terra, S\u00e3o Paulo, 2005.<br>HOBSBAWM, Eric. Era do Capital: 1848-1875. 5. ed. Paz e Terra, S\u00e3o Paulo, 1996.<br>HUGO, Victor. Napole\u00e3o: O pequeno. Ensaio, S\u00e3o Paulo, 1996.<br>JASMIM, Marcelo. Alexis de Tocqueville: a historiografia como ci\u00eancia da pol\u00edtica. 2. ed. Belo Horizonte: Editora UFMG, Belo Horizonte; IUPERJ, Rio de Janeiro, 2005.<br>KARDEC, Allan. O Que \u00e9 Espiritismo. 53. ed. Instituto de Difus\u00e3o Esp\u00edrita, Araras, 2003.<br>KARDEC, Allan. The Spirits Book. [Preface by Anna Blackwell]. International Spiritist, Bras\u00edlia (DF), 2011.<br>MARX K., ENGELS, F. Manifesto do Partido Comunista. Editoral Avante, Lisboa, 1975.<br>MARX. O 18 Brum\u00e1rio de Lu\u00eds Bonaparte. In: Os Pensadores. Abril, S\u00e3o Paulo, 2005.<br>MAYAUD, J. La R\u00e9volutionde De 1848: une histoire Sainte Revisit\u00e9e in Les R\u00e9volutions Fran\u00e7aises. Fayard, Paris, 1989.<br>MOREIL, Andr\u00e9. Vida e Obra de Allan Kardec. Edicel, S\u00e3o Paulo, 1977.<br>PIRES, Herculano. Pedagogia Esp\u00edrita. 10.ed. Editora Paid\u00e9ia, S\u00e3o Paulo, 2004.<br>RIVAIL, Hippolyte-L\u00e9on Denizard. Textos Pedag\u00f3gicos. 2. ed. Editora Comenius, Bragan\u00e7a Paulista (SP), 1999.<\/p>\n\n\n\n<div style=\"height:40px\" aria-hidden=\"true\" class=\"wp-block-spacer\"><\/div>\n\n\n\n<p>* Anderson C. Ferreira Brettas <\/p>\n\n\n\n<p>Professor, Soci\u00f3logo e Historiador. Possui gradua\u00e7\u00e3o em Ci\u00eancias Sociais (UFMG), licenciatura em Hist\u00f3ria (Simonsen), especializa\u00e7\u00e3o em Ci\u00eancia Pol\u00edtica (UFF), mestrado e doutorado em Educa\u00e7\u00e3o (Universidade Federal de Uberl\u00e2ndia). Realizou est\u00e1gios p\u00f3s-doutorais na Pontif\u00edcia Universidade Cat\u00f3lica de S\u00e3o Paulo (Hist\u00f3ria Latinoamericana), e na Universidad del Magdalena &#8211; em Santa Marta, Col\u00f4mbia (Hist\u00f3ria Econ\u00f4mica). Professor do Instituto Federal do Tri\u00e2ngulo Mineiro (IFTM), Campus Uberaba, onde atua como docente permanente no Programa de P\u00f3s-Gradua\u00e7\u00e3o em Educa\u00e7\u00e3o Tecnol\u00f3gica &#8211; Mestrado Profissional em Educa\u00e7\u00e3o (MPET); e no Mestrado em Educa\u00e7\u00e3o Profissional e Tecnol\u00f3gica da Rede Federal (ProfEPT).<br>Vice-Presidente da Asociaci\u00f3n de Historiadores Latinoamericanos y del Caribe (Adhilac Internacional), l\u00edder do Grupo de Pesquisa &#8216;Mnemosyne &#8211; Mem\u00f3rias, Representa\u00e7\u00f5es &amp; Oralidades na Educa\u00e7\u00e3o e no Ensino&#8217; (IFTM\/CNPq), e integra o CEHAL\/PUCSP &#8211; Centro de Estudos de Hist\u00f3ria da Am\u00e9rica Latina da PUC-SP; o N\u00facleo de Estudos Hisp\u00e2nicos da Universidade Estadual do Piau\u00ed (NEH-UESPI); e o Grupo de Pesquisa &#8216;Naci\u00f3n, Regi\u00f3n y Relaciones Internacionales en el Caribe y America Latina&#8217;, da Universidad Nacional de Colombia, sede San Andr\u00e9s.<br>Desenvolve pesquisas e orienta\u00e7\u00f5es de disserta\u00e7\u00f5es e supervis\u00f5es de posdoc em educa\u00e7\u00e3o, trabalho, processos formativos e sentidos do trabalho; intelectuais e a educa\u00e7\u00e3o; rela\u00e7\u00f5es entre hist\u00f3ria e literatura; mem\u00f3rias, narrativas, ditaduras, viol\u00eancia institucional e direitos humanos com \u00eanfase nas representa\u00e7\u00f5es na educa\u00e7\u00e3o e no ensino de hist\u00f3ria no Brasil, Col\u00f4mbia, Paraguai e El Salvador.<br>Organiza a cole\u00e7\u00e3o \u00abNuestra Am\u00e9rica\u00bb na Editora Navegando.<\/p>\n\n\n\n<div style=\"height:40px\" aria-hidden=\"true\" class=\"wp-block-spacer\"><\/div>\n\n\n\n<p><em><em>Ariadna Tucma Revista Latinoamericana. N\u00ba 13\/14. Marzo 2019 \u2013 Diciembre 202<\/em>2<\/em><\/p>\n\n\n\n<div style=\"height:40px\" aria-hidden=\"true\" class=\"wp-block-spacer\"><\/div>\n\n\n\n<p><strong>Publicado por \u00a9www.ariadnatucma.com.ar<\/strong><\/p>\n\n\n\n<p>Contacto: info@ariadnatucma.com.ar<\/p>\n\n\n\n<p><a rel=\"noreferrer noopener\" href=\"https:\/\/www.ariadnatucma.com.ar\/wp-admin\/post.php?post=6960&amp;action=edit\" data-type=\"URL\" data-id=\"https:\/\/www.ariadnatucma.com.ar\/wp-admin\/post.php?post=6960&amp;action=edit\" target=\"_blank\">INDICE <\/a><\/p>\n\n\n\n<div style=\"height:40px\" aria-hidden=\"true\" class=\"wp-block-spacer\"><\/div>\n\n\n\n<p style=\"background-color:#fdf7f1;color:#147aa6;font-size:16.5px\" class=\"has-text-color has-background has-text-align-center\">ARIADNA TUCMA Revista Latinoamericana<\/p>\n\n\n\n<p style=\"background-color:#fdf7f1;color:#147aa6;font-size:16.5px\" class=\"has-text-color has-background has-text-align-center\">ISSN 1853-9467 <\/p>\n\n\n\n<p style=\"background-color:#fdf7f1;color:#147aa6;font-size:16.5px\" class=\"has-text-color has-background has-text-align-center\">info@ariadnatucma.com.ar<\/p>\n\n\n\n<p style=\"background-color:#fdf7f1;color:#147aa6;font-size:16.5px\" class=\"has-text-color has-background has-text-align-center\">Revista de la Asociaci\u00f3n de Historiadores Latinoamericanos y del Caribe (ADHILAC)<strong> <\/strong><\/p>\n\n\n\n<p style=\"background-color:#fdf7f1;color:#147aa6;font-size:16.5px\" class=\"has-text-color has-background has-text-align-center\">www.adhilac.com.ar <\/p>\n\n\n\n<p style=\"background-color:#fdf7f1;color:#147aa6;font-size:16.5px\" class=\"has-text-color has-background has-text-align-center\">info@adhilac.com.ar <\/p>\n\n\n\n<p style=\"background-color:#fdf7f1;color:#147aa6;font-size:16.5px\" class=\"has-text-color has-background has-text-align-center\">@AdhilacInfo<\/p>\n","protected":false},"excerpt":{"rendered":"<p>Anderson C. Ferreira Brettas* The burning of the throne of king Louis Philippe during the French revolution of 1848, Paris 25th February 1848 Resumen El llamado \u2018espiritismo\u2019, o espiritualismo franc\u00e9s, es una religi\u00f3n muy difundida en Brasil, especialmente en los sectores medios y urbanos de la poblaci\u00f3n. Su alcance se manifiesta en la creencia en &hellip; <\/p>\n<p class=\"link-more\"><a href=\"https:\/\/www.ariadnatucma.com.ar\/?p=6892\" class=\"more-link\">Seguir leyendo<span class=\"screen-reader-text\"> \u00abReligions and Education in the History of the French Revolution of 1848: Allan Kardec and the genesis of modern spiritualism.\u00bb<\/span><\/a><\/p>\n","protected":false},"author":117,"featured_media":0,"comment_status":"closed","ping_status":"closed","sticky":false,"template":"","format":"standard","meta":{"footnotes":""},"categories":[57,3],"tags":[548,545,555,604,603],"class_list":["post-6892","post","type-post","status-publish","format-standard","hentry","category-ciencias-sociales","category-historia","tag-allan-kardec","tag-espiritismo-frances-allan-kardec-revolutions-of-1848-religion-johann-henrich-pestalozzi","tag-johann-henrich-pestalozzi","tag-religion-y-politica","tag-revoluciones-de-1848","entry"],"_links":{"self":[{"href":"https:\/\/www.ariadnatucma.com.ar\/index.php?rest_route=\/wp\/v2\/posts\/6892","targetHints":{"allow":["GET"]}}],"collection":[{"href":"https:\/\/www.ariadnatucma.com.ar\/index.php?rest_route=\/wp\/v2\/posts"}],"about":[{"href":"https:\/\/www.ariadnatucma.com.ar\/index.php?rest_route=\/wp\/v2\/types\/post"}],"author":[{"embeddable":true,"href":"https:\/\/www.ariadnatucma.com.ar\/index.php?rest_route=\/wp\/v2\/users\/117"}],"replies":[{"embeddable":true,"href":"https:\/\/www.ariadnatucma.com.ar\/index.php?rest_route=%2Fwp%2Fv2%2Fcomments&post=6892"}],"version-history":[{"count":18,"href":"https:\/\/www.ariadnatucma.com.ar\/index.php?rest_route=\/wp\/v2\/posts\/6892\/revisions"}],"predecessor-version":[{"id":7368,"href":"https:\/\/www.ariadnatucma.com.ar\/index.php?rest_route=\/wp\/v2\/posts\/6892\/revisions\/7368"}],"wp:attachment":[{"href":"https:\/\/www.ariadnatucma.com.ar\/index.php?rest_route=%2Fwp%2Fv2%2Fmedia&parent=6892"}],"wp:term":[{"taxonomy":"category","embeddable":true,"href":"https:\/\/www.ariadnatucma.com.ar\/index.php?rest_route=%2Fwp%2Fv2%2Fcategories&post=6892"},{"taxonomy":"post_tag","embeddable":true,"href":"https:\/\/www.ariadnatucma.com.ar\/index.php?rest_route=%2Fwp%2Fv2%2Ftags&post=6892"}],"curies":[{"name":"wp","href":"https:\/\/api.w.org\/{rel}","templated":true}]}}