{"id":5377,"date":"2016-06-02T22:02:09","date_gmt":"2016-06-03T01:02:09","guid":{"rendered":"http:\/\/www.ariadnatucma.com.ar\/?p=5377"},"modified":"2019-09-28T17:30:49","modified_gmt":"2019-09-28T20:30:49","slug":"pobres-y-poderosos-ante-la-ley-la-actuacion-de-la-justicia-ante-el-crimen-en-la-ciudad-de-pinar-del-rio-1940-1952","status":"publish","type":"post","link":"https:\/\/www.ariadnatucma.com.ar\/?p=5377","title":{"rendered":"Pobres y poderosos ante la ley: la actuaci\u00f3n de la justicia ante el crimen en la ciudad de Pinar del R\u00edo (1940-1952)"},"content":{"rendered":"\n<p>Juana Marta Le\u00f3n Iglesias*<\/p>\n\n\n\n<p>Resumen\/Abstract&nbsp;<span style=\"color: #008000;\"><strong><a title=\"VER\" href=\"http:\/\/www.ariadnatucma.com.ar\/?p=5457\" target=\"_blank\" rel=\"noopener noreferrer\">VER<\/a><\/strong><\/span><\/p>\n\n\n\n<div class=\"wp-block-media-text alignwide has-secondary-background-color\" style=\"grid-template-columns:59% auto\"><figure class=\"wp-block-media-text__media\"><img loading=\"lazy\" decoding=\"async\" width=\"400\" height=\"266\" src=\"http:\/\/www.ariadnatucma.com.ar\/wp-content\/uploads\/2016\/07\/Palacio-de-Gustavo-Pinar-del-Rio.jpg\" alt=\"\" class=\"wp-image-5383\" srcset=\"https:\/\/www.ariadnatucma.com.ar\/wp-content\/uploads\/2016\/07\/Palacio-de-Gustavo-Pinar-del-Rio.jpg 400w, https:\/\/www.ariadnatucma.com.ar\/wp-content\/uploads\/2016\/07\/Palacio-de-Gustavo-Pinar-del-Rio-300x199.jpg 300w\" sizes=\"auto, (max-width: 400px) 100vw, 400px\" \/><\/figure><div class=\"wp-block-media-text__content\">\n<p class=\"has-text-align-right has-normal-font-size\"> <em>Izquierda: Palacio Gustavo. <\/em><\/p>\n\n\n\n<p class=\"has-text-align-right has-normal-font-size\"><em>Pinar del R\u00edo. Cuba. <\/em> <\/p>\n<\/div><\/div>\n\n\n\n<p><strong>Introducci\u00f3n<\/strong><\/p>\n\n\n\n<p>Durante el per\u00edodo 1940-1952, Cuba retoma la senda de la institucionalidad burguesa, luego de la inestabilidad pol\u00edtica que caracteriz\u00f3 la d\u00e9cada de 1930. Durante este per\u00edodo, el pa\u00eds vio agravarse la crisis estructural que marc\u00f3 la vida econ\u00f3mica, pol\u00edtica y sociocultural cubana durante la Rep\u00fablica neocolonial.<\/p>\n\n\n\n<!--more-->\n\n\n\n<p>Desde el punto de vista econ\u00f3mico, la d\u00e9cada de 1940 se caracteriz\u00f3 por las fluctuaciones en la comercializaci\u00f3n del az\u00facar, provocadas por los efectos de la Segunda Guerra Mundial, los acuerdos arancelarios pactados con Estados Unidos, y posteriormente, por medidas que, como el Acuerdo General de Aranceles y Comercio (1948), \u201clastraba cualquier prop\u00f3sito de nacionalismo econ\u00f3mico\u201d.<a href=\"file:\/\/\/H:\/Caro%2020160403\/C\/Users\/Carolina\/01-CARO-2012\/1_Texto\/Ariadna\/2015\/para%20evaluar\/Pobres%20y%20poderosos%20Cuba.docx#_edn1\">[1]<\/a> Bajo estas condiciones, la inflaci\u00f3n comenz\u00f3 a hacerse sentir en la vida de los cubanos, especialmente de las clases populares.<\/p>\n\n\n\n<p>En el bajo nivel salarial de las clases trabajadoras cubanas y en la disminuci\u00f3n paulatina del poder adquisitivo de la moneda nacional, puede constatarse la aguda situaci\u00f3n de crisis econ\u00f3mica por la que atravesaba la poblaci\u00f3n en Cuba. Entre 1941 y 1957, el poder adquisitivo del peso cubano se redujo en un 33%.<a href=\"file:\/\/\/H:\/Caro%2020160403\/C\/Users\/Carolina\/01-CARO-2012\/1_Texto\/Ariadna\/2015\/para%20evaluar\/Pobres%20y%20poderosos%20Cuba.docx#_edn2\"><sup><sup>[2]<\/sup><\/sup><\/a> De hecho, entre 1941 y 1947, el nivel de vida descendi\u00f3 como resultado del incremento del costo de la alimentaci\u00f3n, situaci\u00f3n que no mejor\u00f3 en el per\u00edodo de 1947 a 1957, cuando no se produjo un aumento significativo de los salarios por encima de los precios, capaz de elevar el nivel de vida de la poblaci\u00f3n.<a href=\"file:\/\/\/H:\/Caro%2020160403\/C\/Users\/Carolina\/01-CARO-2012\/1_Texto\/Ariadna\/2015\/para%20evaluar\/Pobres%20y%20poderosos%20Cuba.docx#_edn3\">[3]<\/a><\/p>\n\n\n\n<p>A la crisis econ\u00f3mica se un\u00eda la crisis pol\u00edtica que se trasluc\u00eda tras la gesti\u00f3n de los gobiernos aut\u00e9nticos (1944-1952). Esta actuaci\u00f3n estuvo marcada por la corrupci\u00f3n pol\u00edtica y administrativa, el nepotismo, la represi\u00f3n violenta a los l\u00edderes obreros, como secuela de la Guerra Fr\u00eda, y la violencia desatada por la proliferaci\u00f3n de bandas gangsteriles al servicio del gobierno.<\/p>\n\n\n\n<p>En esta realidad se inserta la ciudad de Pinar del R\u00edo, enclave que durante la d\u00e9cada de 1940 se encontraba en un momento complejo de su desarrollo como ciudad. Por una parte, comenzaban a manifestarse indicios de que la urbe se modernizaba, aunque este proceso se desarroll\u00f3 de forma ag\u00f3nica, debido al secular abandono de que hab\u00eda sido v\u00edctima la regi\u00f3n vueltabajera y a las caracter\u00edsticas de la econom\u00eda nacional y local, poco favorables para un salto espectacular de aldea a gran urbe. Por ello, aunque se consider\u00f3 el crecimiento demogr\u00e1fico y territorial, la elevaci\u00f3n de modernos edificios, el mejoramiento de las comunicaciones, el transporte y la llegada de la expansi\u00f3n de la radio y luego del cine, como beneficios de la modernizaci\u00f3n; pronto se manifest\u00f3 la preocupaci\u00f3n por el estado higi\u00e9nico de la ciudad, por la mendicidad y por el comportamiento de la aumentada poblaci\u00f3n, que aparentemente estaba comenzando tambi\u00e9n en lo criminal, a parecerse a las ciudades modernas.<\/p>\n\n\n\n<p>En este sentido, la mentalidad de la \u00e9poca est\u00e1 en un momento de cambio: la ciudad y el modelo de ciudadano que se quer\u00eda comienza a ser repensado, desde la premisa de que el tr\u00e1nsito entre peque\u00f1o pueblo y \u201cgran ciudad\u201d<a href=\"file:\/\/\/H:\/Caro%2020160403\/C\/Users\/Carolina\/01-CARO-2012\/1_Texto\/Ariadna\/2015\/para%20evaluar\/Pobres%20y%20poderosos%20Cuba.docx#_edn4\">[4]<\/a> deb\u00eda realizarse sin que se perdieran ciertos valores tradicionales como la decencia, el respeto a las familias y a las autoridades, el pudor femenino, y otros que hab\u00edan distinguido hasta ese momento a una sociedad patriarcal y pueblerina, que solo dejaba de verse en s\u00ed misma cuando se comparaba con la capital nacional.<\/p>\n\n\n\n<p>La supuesta inscripci\u00f3n de Pinar del R\u00edo en la lista de las ciudades que pod\u00edan considerarse \u201cmodernas\u201d en Cuba era, a la par que motivo de satisfacci\u00f3n, fuente de preocupaci\u00f3n, porque con los asiduos contactos con personas de dis\u00edmiles procedencias, se instauraba una suerte de desorden que inspiraba comportamientos antisociales, generaba la presencia de lupanares y barrios de tolerancia, y sobre todo, estimulaba la mendicidad y el crimen com\u00fan. Esta situaci\u00f3n no era exclusiva de Pinar del R\u00edo, sino que respond\u00eda a una realidad nacional: desde la d\u00e9cada de 1940,<a href=\"file:\/\/\/H:\/Caro%2020160403\/C\/Users\/Carolina\/01-CARO-2012\/1_Texto\/Ariadna\/2015\/para%20evaluar\/Pobres%20y%20poderosos%20Cuba.docx#_edn5\">[5]<\/a> y especialmente en la siguiente,<a href=\"file:\/\/\/H:\/Caro%2020160403\/C\/Users\/Carolina\/01-CARO-2012\/1_Texto\/Ariadna\/2015\/para%20evaluar\/Pobres%20y%20poderosos%20Cuba.docx#_edn6\">[6]<\/a> el delito com\u00fan en Cuba alcanza tasas alarmantes en el contexto latinoamericano, y se caracteriza por delitos violentos, contra la propiedad, el honor y las buenas costumbres. De igual modo, se radic\u00f3 un alto n\u00famero de delitos de juego prohibido, en consonancia con el paulatino auge de la industria del turismo en Cuba, y a tono con la secular apetencia de los cubanos por los juegos de envite y azar.<\/p>\n\n\n\n<p>En este sentido, este art\u00edculo se propone comparar la respuesta judicial ante el crimen convencional, y el tratamiento de la justicia ante el delito cometido por los poderosos en la ciudad de Pinar del R\u00edo, durante el per\u00edodo 1940-1952. Para ello se trabaj\u00f3 con los documentos contenidos en los fondos Tribunal de Urgencia y Audiencia Sala Penal, ambos del Archivo Hist\u00f3rico Provincial de Pinar del R\u00edo,<a href=\"file:\/\/\/H:\/Caro%2020160403\/C\/Users\/Carolina\/01-CARO-2012\/1_Texto\/Ariadna\/2015\/para%20evaluar\/Pobres%20y%20poderosos%20Cuba.docx#_edn7\">[7]<\/a> y se complement\u00f3 con la obtenida del fondo C\u00e1rceles y Presidios, del Archivo Nacional de Cuba. Por dem\u00e1s, fueron de inter\u00e9s las revistas <em>Pinar del R\u00edo<\/em>, as\u00ed como la colecci\u00f3n de peri\u00f3dicos <em>Heraldo Pinare\u00f1o<\/em> y <em>Vocero Occidental<\/em>, ambos de la ciudad de Pinar del R\u00edo. Por dem\u00e1s, a\u00fan cuando la tem\u00e1tica de la criminalidad ha ganado cierto auge en los estudios hist\u00f3ricos contempor\u00e1neos en Cuba, debe advertirse que hasta donde esta autora ha podido constatar, no existen estudios sobre el tema relativos al per\u00edodo neocolonial cubano. Por tanto, este an\u00e1lisis tiene como limitante la imposibilidad de comparar la realidad pinare\u00f1a con la de otras regiones y ciudades cubanas durante el mismo per\u00edodo, lo cual habr\u00eda aportado la determinaci\u00f3n de las particularidades de este fen\u00f3meno en la ciudad pinare\u00f1a, y las regularidades que pueden adjudicarse a este fen\u00f3meno en la Cuba del periodo.<\/p>\n\n\n\n<figure class=\"wp-block-image\"><a href=\"http:\/\/www.ariadnatucma.com.ar\/wp-content\/uploads\/2016\/07\/LaHabana.jpg\"><img loading=\"lazy\" decoding=\"async\" width=\"756\" height=\"150\" src=\"http:\/\/www.ariadnatucma.com.ar\/wp-content\/uploads\/2016\/07\/LaHabana.jpg\" alt=\"\" class=\"wp-image-5384\" srcset=\"https:\/\/www.ariadnatucma.com.ar\/wp-content\/uploads\/2016\/07\/LaHabana.jpg 756w, https:\/\/www.ariadnatucma.com.ar\/wp-content\/uploads\/2016\/07\/LaHabana-300x59.jpg 300w\" sizes=\"auto, (max-width: 756px) 100vw, 756px\" \/><\/a><\/figure>\n\n\n\n<!--nextpage-->\n\n\n\n<p><strong>Consideraciones te\u00f3ricas<\/strong><\/p>\n\n\n\n<p>E n el presente art\u00edculo, el inter\u00e9s investigativo se centra exclusivamente en el crimen com\u00fan, lo cual excluye el motivado por cuestiones pol\u00edticas. En el gran conglomerado de los cr\u00edmenes comunes, pueden encontrarse aquellos considerados convencionales, los cuales ser\u00e1n entendidos como \u201caquellas conductas il\u00edcitas debidamente tipificadas en el C\u00f3digo Penal, y sancionadas normalmente por los \u00f3rganos correspondientes\u201d,<a href=\"file:\/\/\/H:\/Caro%2020160403\/C\/Users\/Carolina\/01-CARO-2012\/1_Texto\/Ariadna\/2015\/para%20evaluar\/Pobres%20y%20poderosos%20Cuba.docx#_edn8\">[8]<\/a> y los delitos econ\u00f3micos o empresariales, los cuales son aquellas conductas \u201cil\u00edcitas o en todo caso ilegales, no convencionales, cometidas por medios no f\u00edsicos, por personas respetables y de clase social elevada, en el ejercicio o en relaci\u00f3n con sus actividades profesionales\u201d.<a href=\"file:\/\/\/H:\/Caro%2020160403\/C\/Users\/Carolina\/01-CARO-2012\/1_Texto\/Ariadna\/2015\/para%20evaluar\/Pobres%20y%20poderosos%20Cuba.docx#_edn9\">[9]<\/a> Por lo general, el tipo de delincuente que genera cr\u00edmenes del primer grupo difiere en todo sentido de los que cometen delitos agrupados en el segundo rubro; y esta diferencia la advierte tambi\u00e9n el sistema de control social penal, al administrar la justicia en uno u otro caso.<\/p>\n\n\n\n<p>Pese a que el crimen en su comportamiento puede ser analizado desde diversas aristas y factores que pueden influir tanto en el fen\u00f3meno en su nivel macrosocial, como en la decisi\u00f3n individual de cometer una acci\u00f3n etiquetada como delictiva, se parte de considerar, dado el comportamiento de la actividad criminal y su respuesta del control social, la teor\u00eda conocida como la teor\u00eda del etiquetamiento, propuesta en la d\u00e9cada de 1960 por varios autores norteamericanos. El n\u00facleo principal de esta teor\u00eda parte de considerar que&nbsp; la desviaci\u00f3n social es resultante de un proceso en que la mayor\u00eda social califica o etiqueta negativamente aquellos comportamientos de las minor\u00edas que son contrarias a las normas culturales estandarizadas de la mayor\u00eda.<a href=\"file:\/\/\/H:\/Caro%2020160403\/C\/Users\/Carolina\/01-CARO-2012\/1_Texto\/Ariadna\/2015\/para%20evaluar\/Pobres%20y%20poderosos%20Cuba.docx#_edn10\">[10]<\/a><\/p>\n\n\n\n<p>En este sentido, el propio Becker, uno de los principales formuladores de esta teor\u00eda afirmaba:<\/p>\n\n\n\n<p>\u201cAll social groups make rules and attempt, at some times and under some circumstances, to enforce them. Social rules define situations and the kinds of behavior appropriate to them, specifying some actions as \u00abright\u00bb and forbidding others as \u00abwrong.\u00bb When a rule is enforced, the person who is supposed to have broken it may be seen as a special kind of person, one who cannot be trusted to live by the rules agreed on by the group. He is regarded as an <em>outsider<\/em>\u201d.<sup> <a href=\"file:\/\/\/H:\/Caro%2020160403\/C\/Users\/Carolina\/01-CARO-2012\/1_Texto\/Ariadna\/2015\/para%20evaluar\/Pobres%20y%20poderosos%20Cuba.docx#_edn11\"><sup>[11]<\/sup><\/a><\/sup><\/p>\n\n\n\n<p>La teor\u00eda del etiquetamiento se preocupa por los procesos de criminalizaci\u00f3n realizados por las instituciones de control social formal y no formal, y por las transformaciones que sufre la personalidad del criminal a lo largo de su carrera delictiva. <a href=\"file:\/\/\/H:\/Caro%2020160403\/C\/Users\/Carolina\/01-CARO-2012\/1_Texto\/Ariadna\/2015\/para%20evaluar\/Pobres%20y%20poderosos%20Cuba.docx#_edn12\">[12]<\/a> En este caso, por no contar con registros, debe desecharse la posibilidad de analizar esta \u00faltima cuesti\u00f3n. Por dem\u00e1s, tambi\u00e9n puede considerarse las propuestas de la teor\u00eda de la asociaci\u00f3n diferencial, que puede contribuir al an\u00e1lisis de la criminalidad empresarial o \u201cde cuello blanco\u201d.<a href=\"file:\/\/\/H:\/Caro%2020160403\/C\/Users\/Carolina\/01-CARO-2012\/1_Texto\/Ariadna\/2015\/para%20evaluar\/Pobres%20y%20poderosos%20Cuba.docx#_edn13\">[13]<\/a> Este enfoque tiene el m\u00e9rito de ofrecer otra perspectiva, radicalmente distinto, de las causas que inciden en la conducta criminal: el delito de los poderosos no es explicable desde la tesis de la influencia de la pobreza y de las desviaciones que ella puede generar. Al contrario, la asociaci\u00f3n diferencial, adem\u00e1s de validar la tesis de la criminalidad como una conducta socialmente aprendida, afirma que la persona que viola la ley lo hace a&nbsp; partir de previamente valorar los riesgos o beneficios de su conducta. Trat\u00e1ndose de criminales de alta clase social, por lo general, los beneficios de su conducta suelen ser mayores que los riesgos, entendidos estos como la posibilidad de recibir una sanci\u00f3n penal.<\/p>\n\n\n\n<p>Tambi\u00e9n debe tomarse en cuenta que estas teor\u00edas frecuentemente complementan sus enfoques entre s\u00ed, y a su vez beben de cimientos te\u00f3ricos anteriormente postulados, por lo que algunos planteamientos iniciales pueden ser consultados en teor\u00edas anteriores. Por otro lado, al ser la criminalidad un fen\u00f3meno tan complejo, es imposible de explicar desde una teor\u00eda \u00fanica, por lo que se sugiere el empleo de perspectivas multifactoriales.<\/p>\n\n\n\n<figure class=\"wp-block-image\"><a href=\"http:\/\/www.ariadnatucma.com.ar\/wp-content\/uploads\/2016\/07\/LaHabana.jpg\"><img loading=\"lazy\" decoding=\"async\" width=\"756\" height=\"150\" src=\"http:\/\/www.ariadnatucma.com.ar\/wp-content\/uploads\/2016\/07\/LaHabana.jpg\" alt=\"\" class=\"wp-image-5384\" srcset=\"https:\/\/www.ariadnatucma.com.ar\/wp-content\/uploads\/2016\/07\/LaHabana.jpg 756w, https:\/\/www.ariadnatucma.com.ar\/wp-content\/uploads\/2016\/07\/LaHabana-300x59.jpg 300w\" sizes=\"auto, (max-width: 756px) 100vw, 756px\" \/><\/a><\/figure>\n\n\n\n<p><strong>El comportamiento de la criminalidad: crimen y delincuentes convencionales<\/strong><\/p>\n\n\n\n<p>\u201cLa miseria, con toda la enorme gama de horrores, desgracias y calamidades, influyen poderosamente en la conducta del hombre, que bajo influjo del hambre, de la falta de los elementos esenciales para la vida, termina por desequilibrarse realizando actos en contra de la sociedad, que no remedian las grandes injusticias que azotan los pueblos (\u2026) Los desheredados&nbsp; de la fortuna, buscan el salidero del&nbsp; delito para satisfacer sus&nbsp; perentorias necesidades o para&nbsp; vengarse de la injusticia, o por choques f\u00edsicos que inhiben su voluntad y sus frenos morales&nbsp; o psicol\u00f3gicos\u201d.<a href=\"file:\/\/\/H:\/Caro%2020160403\/C\/Users\/Carolina\/01-CARO-2012\/1_Texto\/Ariadna\/2015\/para%20evaluar\/Pobres%20y%20poderosos%20Cuba.docx#_edn14\">[14]<\/a><\/p>\n\n\n\n<p>La ciudad de Pinar del R\u00edo, en la d\u00e9cada de 1940, contaba con 26241 habitantes. En el \u00faltimo censo del per\u00edodo neocolonial, llegar\u00eda a contabilizar 36161 almas.<a href=\"file:\/\/\/H:\/Caro%2020160403\/C\/Users\/Carolina\/01-CARO-2012\/1_Texto\/Ariadna\/2015\/para%20evaluar\/Pobres%20y%20poderosos%20Cuba.docx#_edn15\">[15]<\/a> Este era un incremento sustancial para una ciudad que hab\u00eda iniciado el siglo con 10634 individuos,<a href=\"file:\/\/\/H:\/Caro%2020160403\/C\/Users\/Carolina\/01-CARO-2012\/1_Texto\/Ariadna\/2015\/para%20evaluar\/Pobres%20y%20poderosos%20Cuba.docx#_edn16\">[16]<\/a> y que para la cuarta d\u00e9cada del siglo pasado, ya comenzaba a sufrir los problemas que aquejaban a las grandes ciudades. Dos de los m\u00e1s notorios son el desbordamiento poblacional y sobre todo, la p\u00e9rdida de la inocencia y del esp\u00edritu apacible que hasta ese momento hab\u00eda caracterizado a la muy tranquila ciudad occidental. De hecho, el crecimiento poblacional provoc\u00f3 la formaci\u00f3n de un conjunto de barrios insalubres en los que se aglomeraban personas sin recursos, generalmente campesinos que se alejaban de los campos en busca de nuevas oportunidades en la ciudad.<\/p>\n\n\n\n<!--nextpage-->\n\n\n\n<p>La llamada \u201cmodernizaci\u00f3n impact\u00f3 en la ciudad, y fue responsabilizada de la transformaci\u00f3n de las conductas de los moradores. Sin embargo, en este per\u00edodo, sin desde\u00f1ar la posibilidad de que algunos valores tradicionales estuvieran en proceso de transformaci\u00f3n o sustituci\u00f3n, la ciudad no parece haber sido particularmente violenta, ni se ha podido constatar la existencia de agrupaciones entre individuos creadas con el objetivo de delinquir. Ni la prensa escrita, ni las actas del Ayuntamiento pinare\u00f1o, se plantean entre sus tareas prioritarias acometer la criminalidad, por lo que se supone que esta no ha de haber constituido una preocupaci\u00f3n para las clases empoderadas, y que los criminales pod\u00edan encontrarse entre individuos que hab\u00edan hecho de la ilegalidad una forma de subsistir, como com\u00fanmente ocurre en todas las sociedades. La tabla 1 ofrece una visi\u00f3n de los delitos m\u00e1s frecuentemente cometidos en la ciudad durante el per\u00edodo:<\/p>\n\n\n\n<div class=\"wp-block-image\"><figure class=\"aligncenter\"><a href=\"http:\/\/www.ariadnatucma.com.ar\/wp-content\/uploads\/2016\/07\/Juana-Marta-Le\u00f3n-Iglesias-01.jpg\"><img loading=\"lazy\" decoding=\"async\" width=\"960\" height=\"720\" src=\"http:\/\/www.ariadnatucma.com.ar\/wp-content\/uploads\/2016\/07\/Juana-Marta-Le\u00f3n-Iglesias-01.jpg\" alt=\"\" class=\"wp-image-5379\" srcset=\"https:\/\/www.ariadnatucma.com.ar\/wp-content\/uploads\/2016\/07\/Juana-Marta-Le\u00f3n-Iglesias-01.jpg 960w, https:\/\/www.ariadnatucma.com.ar\/wp-content\/uploads\/2016\/07\/Juana-Marta-Le\u00f3n-Iglesias-01-300x225.jpg 300w\" sizes=\"auto, (max-width: 960px) 100vw, 960px\" \/><\/a><\/figure><\/div>\n\n\n\n<p><em>Fuente: Elaboraci\u00f3n propia, a partir de los expedientes conservados en los fondos Audiencia Sala Penal y Tribunal de Urgencia, Archivo Hist\u00f3rico Provincial de Pinar del R\u00edo, y C\u00e1rceles y Presidios, del Archivo Nacional de Cuba.<\/em><\/p>\n\n\n\n<p>Como puede verse en la tabla anterior, los delitos m\u00e1s frecuentemente cometidos fueron, en orden descendente, aquellos relacionados con la insubordinaci\u00f3n a las autoridades, como el desacato y la resistencia al arresto, generalmente relacionados con otros delitos por los que no se levantaba causa, como el juego prohibido o el desorden p\u00fablico. Le segu\u00edan los de atentado, tambi\u00e9n contra las autoridades, lesiones, desorden p\u00fablico, proxenetismo y hurto. Tambi\u00e9n se cometieron delitos de injurias, incendios, da\u00f1os y amenazas, solo que en cantidades m\u00ednimas.<\/p>\n\n\n\n<p>Pese a no estar entre los m\u00e1s frecuentemente cometidos, los delitos de lesiones, y m\u00e1s a\u00fan, los de homicidios, sol\u00edan acaparar la atenci\u00f3n p\u00fablica, por el sensacionalismo que generalmente rodeaba estos casos, y que se ve\u00eda exacerbado cuando estaba involucrado, en calidad de v\u00edctima o victimario, alguna connotada personalidad local. &nbsp;Este es el caso del homicidio cometido en el a\u00f1o 1953, en la persona del acaudalado comerciante Jos\u00e9 Rodr\u00edguez D\u00edaz, espa\u00f1ol de 77 a\u00f1os, quien fue atacado en su domicilio en la capital pinare\u00f1a. La muerte de este se\u00f1or se produjo a consecuencia de las lesiones graves provocadas aparentemente por la agresi\u00f3n de uno de sus amigos m\u00e1s cercanos, quien result\u00f3 ser un joven obrero que laboraba para el finado. Pese a ser condenado a treinta a\u00f1os de reclusi\u00f3n y al pago de una indemnizaci\u00f3n de cinco mil pesos, no quiso revelar los motivos por los que agredi\u00f3 al acaudalado comerciante.<a href=\"file:\/\/\/H:\/Caro%2020160403\/C\/Users\/Carolina\/01-CARO-2012\/1_Texto\/Ariadna\/2015\/para%20evaluar\/Pobres%20y%20poderosos%20Cuba.docx#_edn17\">[17]<\/a> El expediente de esta causa revela la existencia de irregularidades, pues los familiares de la v\u00edctima, importantes comerciantes de la ciudad, pidieron el sobreseimiento del caso una vez se estableci\u00f3 la necesidad de seguir investigando, pues los autores intelectuales del crimen, y otros que se hab\u00edan beneficiado de la muerte de Rodr\u00edguez D\u00edaz, a\u00fan no hab\u00edan sido llevados ante la ley.<\/p>\n\n\n\n<p>Si bien es cierto que el nivel de esclarecimiento y condena a los delitos contra la integridad de las personas fue&nbsp; bastante alto, tambi\u00e9n hubo casos que quedaron impunes. As\u00ed ocurri\u00f3 con el asesinato de Mario Mart\u00ednez Bejarano, quien falleciera&nbsp; de lesiones graves en el Hospital Provincial el 3 de noviembre de 1952. La justicia sobresey\u00f3 \u201cprovisionalmente\u201d el caso, por no encontrar acusados, motivaciones, ni pruebas del delito.<a href=\"file:\/\/\/H:\/Caro%2020160403\/C\/Users\/Carolina\/01-CARO-2012\/1_Texto\/Ariadna\/2015\/para%20evaluar\/Pobres%20y%20poderosos%20Cuba.docx#_edn18\">[18]<\/a><\/p>\n\n\n\n<p>De hecho, los delitos violentos generalmente eran castigados, si se lograba llevar al supuesto agresor ante la ley. En los casos que se han podido analizar, nunca este tipo de delitos es cometido en la ciudad de Pinar del R\u00edo en el per\u00edodo analizado, por personas de la burgues\u00eda local. Al contrario, la justicia hac\u00eda ver que los asesinos eran individuos de baja catadura moral, como lo atestigua el asesinato de Pastora D\u00edaz Gigato, quien fue asesinada en 1941 por su esposo, a quien se adjudic\u00f3 una p\u00e9sima reputaci\u00f3n, ebriedad habitual, y andanzas con mujeres de la mala vida. El asesinato de Pastora D\u00edaz, ejecutado en su propio domicilio, vali\u00e9ndose de armas de fuego, le vali\u00f3 una condena de veinte a\u00f1os de prisi\u00f3n, que posteriormente fue rebajada en varias ocasiones gracias a su buen comportamiento en prisi\u00f3n, sin que para ello fuera \u00f3bice las agravantes de ensa\u00f1amiento, alevos\u00eda y peligrosidad demostrada por el sancionado.<a href=\"file:\/\/\/H:\/Caro%2020160403\/C\/Users\/Carolina\/01-CARO-2012\/1_Texto\/Ariadna\/2015\/para%20evaluar\/Pobres%20y%20poderosos%20Cuba.docx#_edn19\">[19]<\/a><\/p>\n\n\n\n<!--nextpage-->\n\n\n\n<p>Tambi\u00e9n frecuentemente sentenciados eran los delitos cometidos contra la propiedad, como los robos y hurtos. Con frecuencia, los robos constitu\u00edan m\u00f3viles que desencadenaban en delitos m\u00e1s graves, como lesiones u homicidios. Principalmente se robaban art\u00edculos tales como ropas, alimentos o cualquier art\u00edculo cuya vigilancia haya quedado descuidada por parte de sus propietarios. La forma de cometer el delito permite&nbsp;&nbsp; deducir que estos eran por lo general poco planificados, ya que se val\u00edan de las oportunidades que el medio ofrec\u00eda, como la poca vigilancia, la oscuridad de las calles o los descuidos de los due\u00f1os de los objetos robados.<\/p>\n\n\n\n<p>Las circunstancias de la ciudad tambi\u00e9n favorec\u00edan el robo. Por ello, frecuentemente se ventilaban en la prensa las demandas por mejores condiciones urban\u00edsticas, especialmente por mejorar la iluminaci\u00f3n de los espacios p\u00fablicos. De este modo, un articulista expresaba:<\/p>\n\n\n\n<p>\u201cNuestros parques est\u00e1n carentes de luz, ya lo hemos dicho en otras oportunidades y lo repetimos hoy. Es necesario que la persona o autoridad a la que corresponda se ocupe un poco m\u00e1s de resolver la falta de luz no ya en nuestros parques solamente, sino en muchos lugares de la poblaci\u00f3n\u201d.<a href=\"file:\/\/\/H:\/Caro%2020160403\/C\/Users\/Carolina\/01-CARO-2012\/1_Texto\/Ariadna\/2015\/para%20evaluar\/Pobres%20y%20poderosos%20Cuba.docx#_edn20\">[10]<\/a><\/p>\n\n\n\n<p>Los delitos de robo y hurto eran por lo general delitos \u201cde oportunidad\u201d, es decir, se aprovechaban las brechas que dejaba abierta la seguridad de los establecimientos p\u00fablicos o las residencias privadas. La situaci\u00f3n econ\u00f3mica de las clases m\u00e1s desfavorecidas condicion\u00f3 la ocurrencia de&nbsp; delitos de este tipo, por lo general sin violencia ni fuerza en las cosas, los cuales eran cometidos con el objeto de sustraer art\u00edculos de primera necesidad y alimentos. Era com\u00fan que se cometieran en casas con condiciones que propiciaran la comisi\u00f3n de estos delitos, ya sea por su ubicaci\u00f3n en las afueras de la ciudad, o por otras condiciones, como ausencia de los habitantes, falta de alumbrado p\u00fablico, o escasez de vigilancia.<\/p>\n\n\n\n<p>Sin embargo, es en los casos de proxenetismo y juego prohibido donde puede apreciarse una actitud ambigua por parte de las instituciones judiciales. Por su parte, el proxenetismo era uno de los delitos m\u00e1s frecuentemente juzgados en la ciudad de Pinar del R\u00edo. Sin embargo, llama la atenci\u00f3n que, pese a la presencia de pruebas testificales y evidencias significativas de la comisi\u00f3n de este delito, en reiteradas ocasiones los acusados son absueltos, lo cual permite suponer que el proxenetismo y por ende la prostituci\u00f3n, si bien eran formalmente rechazados, eran impl\u00edcitamente tolerados, pese a que ya desde 1949 exist\u00edan esfuerzos internacionales para controlar el auge de la prostituci\u00f3n.<\/p>\n\n\n\n<p>Solo en casos extremos se condena a un acusado por el delito de proxenetismo. De los&nbsp; casos analizados por este delito, solo merecieron penas de c\u00e1rcel cuatro sujetos, entre los que pueden encontrarse desempleados, negros y reincidentes. Por tanto, \u00bfera posible afirmar que exist\u00eda tolerancia impl\u00edcita hacia el proxenetismo por parte de las autoridades? Algunos elementos permiten suponerlo. Lo cierto es que las pruebas con las que se acus\u00f3 y sentenci\u00f3 a los sujetos que cumplieron condenas por este delito, tambi\u00e9n fueron presentadas en los restantes casos que fueron absueltos. Solo que, entre los ciudadanos procesados y absueltos, exist\u00eda una mayor\u00eda blanca, femenina, ama de casa, y sin antecedentes penales.&nbsp; En algunos casos, incluso, se vincula el arriendo de las casas de lenocinio con importantes figuras de la pol\u00edtica local.<\/p>\n\n\n\n<p>La prostituci\u00f3n y el proxenetismo resultaba ser un fen\u00f3meno vergonzosos y lamentablemente com\u00fan en la sociedad pinare\u00f1a. Hasta donde se ha podido contar, la ciudad en su casco urbano contaba con m\u00e1s de 57 bares,<a href=\"file:\/\/\/H:\/Caro%2020160403\/C\/Users\/Carolina\/01-CARO-2012\/1_Texto\/Ariadna\/2015\/para%20evaluar\/Pobres%20y%20poderosos%20Cuba.docx#_edn21\">[21]<\/a> los que com\u00fanmente pose\u00edan accesorias con mujeres, generalmente provenientes de otros municipios y hasta provincias, que se prostitu\u00edan. Muchas veces, estas j\u00f3venes eran menores de edad, y en estos casos la ley les deparaba un destino: la reclusi\u00f3n preventiva en el Centro de Orientaci\u00f3n Infantil e Instituto de Reeducaci\u00f3n de Menores Hembras de Aldecoa. Este es el caso de la adolescente de catorce a\u00f1os A. Rodr\u00edguez, quien se traslad\u00f3 desde su zona de residencia en el poblado de Santa Luc\u00eda a la ciudad de Pinar del R\u00edo, seducida por la promesa de obtener una casa propia. Sin embargo, en lugar de ello, debi\u00f3 ir a vivir a una casa de hu\u00e9spedes, y a los dos o tres d\u00edas fue incitada&nbsp; a prostituirse. En su condena no cont\u00f3 su intenci\u00f3n de abandonar el negocio, ni la agresi\u00f3n de que fue v\u00edctima cuando su amante, de 25 a\u00f1os y ya con antecedentes penales de proxenetismo, lesiones, estafa, hurto y falsedad, le rasg\u00f3 el vestido en plena calle, y la despoj\u00f3 de prendas que la joven portaba.<a href=\"file:\/\/\/H:\/Caro%2020160403\/C\/Users\/Carolina\/01-CARO-2012\/1_Texto\/Ariadna\/2015\/para%20evaluar\/Pobres%20y%20poderosos%20Cuba.docx#_edn22\"><sup><sup>[22]<\/sup><\/sup><\/a><\/p>\n\n\n\n<p>Como el proxenetismo, la persecuci\u00f3n del juego prohibido resultaba ser con frecuencia una farsa, pues se jugaba en connivencia con las autoridades, quienes convenientemente miraban hacia otra parte mientras probablemente percib\u00edan parte de las ganancias. La fals\u00eda que rodeaba a los procesos judiciales por motivos de juego il\u00edcito aparec\u00eda con frecuencia en la prensa, donde se criticaba el trato diferenciado que daba la polic\u00eda seg\u00fan la clase social del individuo que se determinara relacionado con el juego.<a href=\"file:\/\/\/H:\/Caro%2020160403\/C\/Users\/Carolina\/01-CARO-2012\/1_Texto\/Ariadna\/2015\/para%20evaluar\/Pobres%20y%20poderosos%20Cuba.docx#_edn23\">[23]<\/a> Se jugaba en connivencia con las autoridades, quienes convenientemente miraban hacia otra parte mientras probablemente percib\u00edan parte de las ganancias. La fals\u00eda que rodeaba a los procesos judiciales por motivos de juego il\u00edcito aparec\u00eda con frecuencia en la prensa, donde se criticaba el trato diferenciado que daba la polic\u00eda seg\u00fan la clase social del individuo que se determinara relacionado con el juego. Por ello, el Heraldo Pinare\u00f1o alertaba que:<\/p>\n\n\n\n<!--nextpage-->\n\n\n\n<p>\u201cDe todos los juegos, el m\u00e1s inmoral y perjudicial a la salud p\u00fablica, es la Loter\u00eda Nacional. Digo que es m\u00e1s inmoral castigar el juego, porque las Autoridades Judiciales se ven en el triste y rid\u00edculo caso de aplicar sanci\u00f3n solamente cuando no median influencias y tolerar a ciencia y paciencia cuando el juego&nbsp; se impone por influencias pol\u00edticas y por soborno\u201d.<a href=\"file:\/\/\/H:\/Caro%2020160403\/C\/Users\/Carolina\/01-CARO-2012\/1_Texto\/Ariadna\/2015\/para%20evaluar\/Pobres%20y%20poderosos%20Cuba.docx#_edn24\"><sup><sup>[24]<\/sup><\/sup><\/a><\/p>\n\n\n\n<p>En el juego prohibido no estaba involucrados solamente vigilantes comunes. En el propio a\u00f1o 1950, el capit\u00e1n Antol\u00edn Sordo y Bernal, jefe de la secci\u00f3n de la Polic\u00eda Nacional en la ciudad de Pinar del R\u00edo, se vio envuelto en el esc\u00e1ndalo provocado por la publicaci\u00f3n en el peri\u00f3dico <em>Avance<\/em> de La Habana, de una nota referente a la actitud tolerante de las fuerzas de orden p\u00fablico en Pinar del R\u00edo ante el juego prohibido. El referido art\u00edculo afirmaba que \u201clas autoridades polic\u00edacas permiten&nbsp; que se juegue al prohibido, y pese a saber d\u00f3nde se encuentran los &#8216;bancos&#8217; de apuntaciones, no toman medidas\u201d.<a href=\"file:\/\/\/H:\/Caro%2020160403\/C\/Users\/Carolina\/01-CARO-2012\/1_Texto\/Ariadna\/2015\/para%20evaluar\/Pobres%20y%20poderosos%20Cuba.docx#_edn25\"><sup><sup>[25]<\/sup><\/sup><\/a><\/p>\n\n\n\n<p>Cabe afirmar que aunque el capit\u00e1n involucrado en el proceso judicial que se suscit\u00f3 a ra\u00edz de esta acusaci\u00f3n pertenec\u00eda a la Polic\u00eda Nacional, fue el comandante de la Guardia Rural del Regimiento 6 Rius Rivera el que se interes\u00f3 ante las autoridades judiciales por el grado de compromiso del aforado en el caso que se instru\u00eda. Como polic\u00edas y jueces formaban parte de un conjunto org\u00e1nico, es necesario mencionar que en dos oportunidades el fiscal asignado a la causa pidi\u00f3 el sobreseimiento de la misma, lo cual fue finalmente concedido al afirmar los jueces la inexistencia de pruebas que validaran la acusaci\u00f3n.<a href=\"file:\/\/\/H:\/Caro%2020160403\/C\/Users\/Carolina\/01-CARO-2012\/1_Texto\/Ariadna\/2015\/para%20evaluar\/Pobres%20y%20poderosos%20Cuba.docx#_edn26\">[26]<\/a><\/p>\n\n\n\n<p>El an\u00e1lisis de la actuaci\u00f3n de los \u00f3rganos policiales permite afirmar que los mecanismos de control social en la ciudad de Pinar del R\u00edo estaban direccionados hacia la represi\u00f3n del crimen, m\u00e1s que hacia su prevenci\u00f3n. La administraci\u00f3n de justicia estaba sesgada, ya que la culpabilidad o inocencia de un reo pod\u00eda depender de su posici\u00f3n socioecon\u00f3mica, como puede verse a continuaci\u00f3n.<\/p>\n\n\n\n<figure class=\"wp-block-image\"><a href=\"http:\/\/www.ariadnatucma.com.ar\/wp-content\/uploads\/2016\/07\/LaHabana.jpg\"><img loading=\"lazy\" decoding=\"async\" width=\"756\" height=\"150\" src=\"http:\/\/www.ariadnatucma.com.ar\/wp-content\/uploads\/2016\/07\/LaHabana.jpg\" alt=\"\" class=\"wp-image-5384\" srcset=\"https:\/\/www.ariadnatucma.com.ar\/wp-content\/uploads\/2016\/07\/LaHabana.jpg 756w, https:\/\/www.ariadnatucma.com.ar\/wp-content\/uploads\/2016\/07\/LaHabana-300x59.jpg 300w\" sizes=\"auto, (max-width: 756px) 100vw, 756px\" \/><\/a><\/figure>\n\n\n\n<p><strong>Los poderosos se enfrentan a la justicia<\/strong><\/p>\n\n\n\n<p>A diferencia del crimen convencional, que provoca inseguridad en la ciudadan\u00eda por el car\u00e1cter violento que se le suele atribuir, el delito cometido al amparo de la fortuna suele ser menos conocido y de menor resonancia social. Tambi\u00e9n el control social procede de formas distintas ante estas dos clases de delito, tal vez debido a que generalmente, el crimen convencional se asocia a personas provenientes de clases populares, que emplean la violencia para la consecuci\u00f3n de sus fines ileg\u00edtimos, en tanto el delito econ\u00f3mico suele relacionarse con figuras que cuentan con un alto reconocimiento social, y emplean medios no violentos y sofisticados para cometer sus actos il\u00edcitos. Esa diferencia contribuye a que la actuaci\u00f3n de la justicia y la polic\u00eda se centre preferencialmente en la represi\u00f3n del delito convencional, como forma de reafirmar p\u00fablicamente que ciertas formas criminales no son tolerables, el crimen no queda impune, y la ciudadan\u00eda puede tener fe en la acci\u00f3n de la justicia como garante de los derechos de la colectividad.<\/p>\n\n\n\n<p>En la provincia de Pinar del R\u00edo, como en otras regiones del pa\u00eds, un reducido grupo de poderosos eran propietarios de las mejores tierras, adem\u00e1s de que pose\u00edan capitales invertidos en el sector industrial, comercio de importaci\u00f3n y exportaci\u00f3n y bancos, de modo que estos capitales se entrelazaban y abarcando los sectores fundamentales de la econom\u00eda de la provincia. La oligarqu\u00eda en Pinar del R\u00edo estaba integrada por los grandes latifundistas, la gran burgues\u00eda azucarera y la comercial importadora.<a href=\"file:\/\/\/H:\/Caro%2020160403\/C\/Users\/Carolina\/01-CARO-2012\/1_Texto\/Ariadna\/2015\/para%20evaluar\/Pobres%20y%20poderosos%20Cuba.docx#_edn27\">[27]<\/a> Por dem\u00e1s, sosten\u00edan v\u00ednculos estrechos con la pol\u00edtica tradicional, a\u00fan cuando una vez logradas sus metas electorales, poco respond\u00edan a gestionar los intereses de aquellos cuyos votos les hab\u00edan llevado al poder.<\/p>\n\n\n\n<p>Num\u00e9ricamente superior a la cifra de cr\u00edmenes que pueden agruparse como convencionales, lo es la cifra de delitos relacionados con la actividad empresarial. En el per\u00edodo se radicaron denuncias contra importantes entidades comerciales de la regi\u00f3n y relevantes propietarios. De los delitos juzgados en el per\u00edodo, el 38.8% de ellos lo eran por cr\u00edmenes convencionales en tanto en 61.2% se correspond\u00eda con delitos cometidos en el sector empresarial. Estas causas se segu\u00edan sobre todo por la alteraci\u00f3n de los precios de las cosas, y la desobediencia ante los requerimientos legales de presentar las declaraciones de los productos que se comercializaban o se conservaban almacenados A continuaci\u00f3n, la tabla 2 permite ver el comportamiento de este tipo de delito, a partir del a\u00f1o 1944, que es el primero en el que las fuentes consultadas registran la radicaci\u00f3n de causas por estas motivaciones.<\/p>\n\n\n\n<div class=\"wp-block-image\"><figure class=\"aligncenter is-resized\"><a href=\"http:\/\/www.ariadnatucma.com.ar\/wp-content\/uploads\/2016\/07\/Juana-Marta-Le\u00f3n-Iglesias-02.jpg\"><img loading=\"lazy\" decoding=\"async\" src=\"http:\/\/www.ariadnatucma.com.ar\/wp-content\/uploads\/2016\/07\/Juana-Marta-Le\u00f3n-Iglesias-02.jpg\" alt=\"\" class=\"wp-image-5380\" width=\"696\" height=\"521\" srcset=\"https:\/\/www.ariadnatucma.com.ar\/wp-content\/uploads\/2016\/07\/Juana-Marta-Le\u00f3n-Iglesias-02.jpg 960w, https:\/\/www.ariadnatucma.com.ar\/wp-content\/uploads\/2016\/07\/Juana-Marta-Le\u00f3n-Iglesias-02-300x225.jpg 300w\" sizes=\"auto, (max-width: 696px) 100vw, 696px\" \/><\/a><\/figure><\/div>\n\n\n\n<p><em>Fuente: Elaboraci\u00f3n propia, a partir de los expedientes conservados en los fondos Audiencia Sala Penal y Tribunal de Urgencia, Archivo Hist\u00f3rico Provincial de Pinar del R\u00edo.<\/em><\/p>\n\n\n\n<!--nextpage-->\n\n\n\n<p>Un factor coyuntural que podr\u00eda contribuir a explicar por qu\u00e9 son los a\u00f1os 1945 y 1947 los m\u00e1s destacados en cuanto a la comisi\u00f3n de estos delitos, puede ser los efectos provocados tras la reestructuraci\u00f3n de la econom\u00eda nacional tras el fin de la Segunda Guerra Mundial. A principios de marzo de 1945, la prensa pinare\u00f1a afirmaba que, seg\u00fan las informaciones ofrecidas por el Ministerio de Comercio, pronto sobrevendr\u00eda una crisis nacional de abastecimientos, que abarcar\u00eda probablemente los pr\u00f3ximos a\u00f1os. Esta opini\u00f3n se sustentaba en una informaci\u00f3n ofrecida por el influyente diario neoyorquino The Journal of Commerce, el cual advert\u00eda de la disminuci\u00f3n de productos como la carne de res y de cerdo, la mantequilla, la manteca, el queso y el az\u00facar. Esto era alarmante para Cuba porque algunos de estos productos, como la manteca y los derivados del cerdo, \u201cson los Estados Unidos nuestro mercado de abasto, y ser\u00eda ilusi\u00f3n esperar que la disminuci\u00f3n que ha de sufrir su poblaci\u00f3n no se refleje en las cantidades disponibles para su exportaci\u00f3n\u201d. Ante esta situaci\u00f3n, la comentarista advierte que \u201cdebemos enfrentarnos con un d\u00e9ficit alimentario notablemente severo\u201d, agravado por la sequ\u00eda y las desigualdades de la distribuci\u00f3n, que afectaba sobre todo a los m\u00e1s pobres, y \u201cante la que indudablemente habr\u00e1n de resultar ineficaces los esfuerzos oficiales para compensar totalmente los d\u00e9ficits\u201d.<a href=\"file:\/\/\/H:\/Caro%2020160403\/C\/Users\/Carolina\/01-CARO-2012\/1_Texto\/Ariadna\/2015\/para%20evaluar\/Pobres%20y%20poderosos%20Cuba.docx#_edn28\">[28]<\/a><\/p>\n\n\n\n<p>Ante esta situaci\u00f3n, pronto se suscitaron quejas y alarmas que fueron recogidas puntualmente por la prensa pinare\u00f1a durante los meses de marzo a mayo de 1945.<a href=\"file:\/\/\/H:\/Caro%2020160403\/C\/Users\/Carolina\/01-CARO-2012\/1_Texto\/Ariadna\/2015\/para%20evaluar\/Pobres%20y%20poderosos%20Cuba.docx#_edn29\">[29]<\/a> A la par que se enuncian proyectos para solucionar la crisis, comienzan a presentarse denuncias que alcanzaron su punto culminante durante los a\u00f1os 1945-1947, relacionadas con la ocultaci\u00f3n de mercanc\u00edas, la no declaraci\u00f3n de la existencia de las mismas y la alteraci\u00f3n de su precio. Estas denuncias alcanzaron a empresas y empresarios de eminente reputaci\u00f3n, y provenientes de familias con grandes intereses econ\u00f3micos y pol\u00edticos.<\/p>\n\n\n\n<p>Uno de estos casos lo es el seguido en 1945 contra Armando Aguilar Bencomo, en representaci\u00f3n de los intereses de los Almacenes de V\u00edveres La India y La M\u00eda, dos de los m\u00e1s grandes comercios mayoristas de la ciudad. En este caso, los acusadores fueron dos campesinos, Juli\u00e1n Alonso y Alberto Acosta, quienes denunciaron haber sido robados al comprar arroz, pues le vendieron un producto en mal estado y a sobreprecio.<a href=\"file:\/\/\/H:\/Caro%2020160403\/C\/Users\/Carolina\/01-CARO-2012\/1_Texto\/Ariadna\/2015\/para%20evaluar\/Pobres%20y%20poderosos%20Cuba.docx#_edn30\">[30]<\/a><\/p>\n\n\n\n<p>Sin embargo, en el acto de juicio oral ambos campesinos se retractan de sus declaraciones, afirman no haber declarado jam\u00e1s contra las empresas, y el caso es finalmente sobrese\u00eddo por falta de pruebas, y debido a la \u201csolvencia moral de los acusados\u201d. Estos elementos ser\u00edan recurrentes al juzgar delitos de este g\u00e9nero: la retractaci\u00f3n de los acusadores, y la alabanza de las cualidades morales de los acusados, garant\u00eda que sin duda hac\u00eda imposible la veracidad de tales acusaciones.<\/p>\n\n\n\n<p>Durante el per\u00edodo se sucedieron situaciones como estas, desde otros comercios como la Farmacia Robaina, Autos Occidental S. A., Hijos de P\u00edo Ferro, S.A., Celestino Rodr\u00edguez y C\u00eda., y hasta el propio doctor Alfredo Roig, durante su ejercicio como presidente de la C\u00e1mara de Comercio de Pinar del R\u00edo en 1945, fue procesado por este tipo de delito. Sin embargo, en todos los casos fue obtenida la absoluci\u00f3n e incluso la p\u00fablica exoneraci\u00f3n, para disipar las dudas que sobre el honor de estas figuras p\u00fablicas pod\u00edan quedar entre sus conciudadanos. T\u00e9ngase en cuenta que los apellidos anteriormente mencionados pertenec\u00edan a las familias m\u00e1s adineradas y respetadas de la ciudad pinare\u00f1a.<\/p>\n\n\n\n<p>Tal vez el caso m\u00e1s representativo de la actuaci\u00f3n de la justicia contra este tipo de delito, lo fue la repercusi\u00f3n que desat\u00f3 la decisi\u00f3n de los jueces del Tribunal de Urgencia de la ciudad de Pinar del R\u00edo (calificada en ese momento de arbitraria y fuera de su jurisdicci\u00f3n), de disponer la prisi\u00f3n para cuatro distinguidos comerciantes, entre los cuales se encontraba Sixto Ferro Mart\u00ednez, hermano de Sime\u00f3n Ferro Mart\u00ednez, senador por Pinar del R\u00edo, y perteneciente a una familia de latifundistas, due\u00f1os de parte importante de la tierra vueltabajera y de una de las pocas industrias ubicadas en la ciudad de Pinar del R\u00edo.<a href=\"file:\/\/\/H:\/Caro%2020160403\/C\/Users\/Carolina\/01-CARO-2012\/1_Texto\/Ariadna\/2015\/para%20evaluar\/Pobres%20y%20poderosos%20Cuba.docx#_edn31\">[31]<\/a> En esta ocasi\u00f3n, la denuncia parte de otros comerciantes, por lo que la denuncia parece encubrir un pleito por los recursos y por ende, por las ganancias que estos podr\u00edan derivar de su comercializaci\u00f3n. Los acusadores, en este caso, el Presidente y el Secretario de la Uni\u00f3n de Detallistas de la ciudad, acusaron a estos comerciantes, dedicados a la venta mayorista, de provocar artificialmente escasez a partir de ocultar mercanc\u00edas como arroz, aceite y jab\u00f3n. Seg\u00fan afirmaba&nbsp; el senador, quien asumi\u00f3 la p\u00fablica defensa de su hermano y por extensi\u00f3n, de los restantes acusados, la detenci\u00f3n injusta de los comerciantes constitu\u00eda una violaci\u00f3n y \u201cla m\u00e1s grave amenaza que jam\u00e1s ha pesado sobre esta sociedad pinare\u00f1a\u201d.<a href=\"file:\/\/\/H:\/Caro%2020160403\/C\/Users\/Carolina\/01-CARO-2012\/1_Texto\/Ariadna\/2015\/para%20evaluar\/Pobres%20y%20poderosos%20Cuba.docx#_edn32\">[32]<\/a><\/p>\n\n\n\n<p>Como el conflicto involucraba a individuos respaldados por grandes fortunas, el caso alcanz\u00f3 las p\u00e1ginas de la prensa y provoc\u00f3 un amplio revuelo. Habiendo considerado como parciales a los jueces pinare\u00f1os, aliados con los detallistas (\u00bfser\u00eda cierta esta alianza, esta suerte de conspiraci\u00f3n? \u00bfDe serlo, qu\u00e9 intereses habr\u00edan subyacido tras esta asociaci\u00f3n?), las reclamaciones alcanzaron al Ministro de Justicia y m\u00e1s a\u00fan, al presidente de la Rep\u00fablica, Ram\u00f3n Grau San Mart\u00edn. Dos semanas despu\u00e9s, el Tribunal Supremo, basado en declaraciones de otros personajes, no menos acaudalados y reconocidos, como el ya mencionado Alfredo Roig, y el influyente periodista Mario Naranjo Gort, dicta primeramente un <em>habeas corpus<\/em>, y posteriormente, la sentencia absolutoria, pese a que en el s\u00e9ptimo considerando de su sentencia, publicada \u00edntegramente en la prensa pinare\u00f1a, se reconoc\u00eda que si bien hab\u00eda existido acaparamiento de mercanc\u00edas (causa de la denuncia), no hab\u00eda habido desobediencia al presentar la documentaci\u00f3n que \u201cjustificaba\u201d el acaparamiento.<a href=\"file:\/\/\/H:\/Caro%2020160403\/C\/Users\/Carolina\/01-CARO-2012\/1_Texto\/Ariadna\/2015\/para%20evaluar\/Pobres%20y%20poderosos%20Cuba.docx#_edn33\">[33]<\/a><\/p>\n\n\n\n<!--nextpage-->\n\n\n\n<p>Es significativo que en el caso de los delitos empresariales, la justicia absolviera a todos aquellos casos que involucraban a personalidades destacadas de la pol\u00edtica y la econom\u00eda vueltabajera. En todas estas ocasiones, el caso resultaba sobrese\u00eddo \u201cpor falta de pruebas\u201d, y debido al \u201celevado car\u00e1cter moral\u201d de los empresarios implicados. En los contados momentos en que trascend\u00eda a planos mayores, puede colegirse la intervenci\u00f3n de influencias pol\u00edticas para solucionar la pugna, incluso a nivel del Tribunal Supremo. Con frecuencia, las autoridades judiciales pod\u00edan verse involucradas en enojosos asuntos, si se permit\u00edan atentar contra los intereses de los empresarios, como ocurri\u00f3 con el fiscal Miguel A. Arias, quien ejerc\u00eda esta responsabilidad en Tribunal de Urgencia pinare\u00f1o, y hubo de sufrir que, con raz\u00f3n o sin ella, se analizara su trayectoria en busca de irregularidades, motivado por su decisi\u00f3n de llevar ante la justicia a varias importantes entidades comerciales de la ciudad, durante el a\u00f1o 1944.<a href=\"file:\/\/\/H:\/Caro%2020160403\/C\/Users\/Carolina\/01-CARO-2012\/1_Texto\/Ariadna\/2015\/para%20evaluar\/Pobres%20y%20poderosos%20Cuba.docx#_edn34\">[34]<\/a><\/p>\n\n\n\n<p>Si bien el procedimiento llevado a cabo contra el fiscal termin\u00f3 en la absoluci\u00f3n, esto permite afirmar en primera instancia, la intangibilidad sobre la que los grandes propietarios de la ciudad realizaban sus actividades econ\u00f3micas, y la imposibilidad de tomarse en serio la justicia, si el rol de acusados y acusadores lo desempe\u00f1aban personas que compart\u00edan lazos tan fuertes como los que crea el dinero.<\/p>\n\n\n\n<figure class=\"wp-block-image\"><a href=\"http:\/\/www.ariadnatucma.com.ar\/wp-content\/uploads\/2016\/07\/LaHabana.jpg\"><img loading=\"lazy\" decoding=\"async\" width=\"756\" height=\"150\" src=\"http:\/\/www.ariadnatucma.com.ar\/wp-content\/uploads\/2016\/07\/LaHabana.jpg\" alt=\"\" class=\"wp-image-5384\" srcset=\"https:\/\/www.ariadnatucma.com.ar\/wp-content\/uploads\/2016\/07\/LaHabana.jpg 756w, https:\/\/www.ariadnatucma.com.ar\/wp-content\/uploads\/2016\/07\/LaHabana-300x59.jpg 300w\" sizes=\"auto, (max-width: 756px) 100vw, 756px\" \/><\/a><\/figure>\n\n\n\n<p><strong>Conclusiones<\/strong><\/p>\n\n\n\n<p>El crimen convencional era altamente sancionado por las autoridades judiciales, y se aplicaban las sanciones estipuladas en la legislaci\u00f3n vigente. Excepciones de esta pr\u00e1ctica las constituyen los delitos de proxenetismo, tr\u00e1fico de drogas y juego prohibido, delitos en los que parece haber existido una tolerancia impl\u00edcita por parte de las autoridades, probablemente por haber estado involucrados en ella, en calidad de ocultos patrocinadores, importantes figuras de la vida econ\u00f3mica y pol\u00edtica local.<\/p>\n\n\n\n<p>Si bien no puede afirmarse que las condiciones econ\u00f3micas hayan sido las \u00fanicas determinantes del crimen, no puede negarse la influencia de estas como causa de la comisi\u00f3n de parte importante del crimen convencional. En cambio, en el delito cometido por los poderosos, la precaria situaci\u00f3n econ\u00f3mica, en lugar de causa, fue oportunidad para, mediante procedimientos fraudulentos, medrar con la escasez y la penuria de amplios sectores de la sociedad pinare\u00f1a.<\/p>\n\n\n\n<p>La aplicaci\u00f3n de la justicia estaba sesgada por concepciones clasistas que determinaban su actuaci\u00f3n. La misma favorec\u00eda la aplicaci\u00f3n de penas rigurosas para el delito convencional, en parte porque los efectos del mismo ten\u00edan una resonancia popular m\u00e1s amplia, en parte, tal vez, por considerar que algunas acciones empresariales se pod\u00edan mover en el difuso l\u00edmite de la ilegalidad, por lo que sus comisores, m\u00e1xime si eran personalidades de la alta sociedad, no pod\u00edan considerarse como criminales.<\/p>\n\n\n\n<p><strong>NOTAS<\/strong><\/p>\n\n\n\n<p>*&nbsp;Juana Marta Le\u00f3n Iglesias, Lic. Estudios Socioculturales, M\u00e1ster \nEstudios Hist\u00f3ricos Regionales y Locales.&nbsp;Departamento de Estudios \nSocioculturales, Universidad de Pinar del R\u00edo \u201cHermanos Sa\u00edz\u201d, Cuba.<\/p>\n\n\n\n<p><a href=\"file:\/\/\/H:\/Caro%2020160403\/C\/Users\/Carolina\/01-CARO-2012\/1_Texto\/Ariadna\/2015\/para%20evaluar\/Pobres%20y%20poderosos%20Cuba.docx#_ednref1\">[1]<\/a> Francisca L\u00f3pez Civeira, Oscar Loyola Vega y Arnaldo Silva Le\u00f3n: <em>Cuba y su Historia, <\/em>Editorial Gente Nueva, La Habana (2da ed.), 2005, p. 168.<\/p>\n\n\n\n<p><a href=\"file:\/\/\/H:\/Caro%2020160403\/C\/Users\/Carolina\/01-CARO-2012\/1_Texto\/Ariadna\/2015\/para%20evaluar\/Pobres%20y%20poderosos%20Cuba.docx#_ednref2\">[2]<\/a> Ismael Zuazn\u00e1bar<em>: La econom\u00eda cubana en la d\u00e9cada del 50,<\/em> Editorial Ciencias Sociales, La Habana, 1986, p. 28.<\/p>\n\n\n\n<p><a href=\"file:\/\/\/H:\/Caro%2020160403\/C\/Users\/Carolina\/01-CARO-2012\/1_Texto\/Ariadna\/2015\/para%20evaluar\/Pobres%20y%20poderosos%20Cuba.docx#_ednref3\">[3]<\/a> Jorge Ibarra Cuesta: <em>Cuba 1898-1958: estructura y procesos sociales<\/em>, Editorial Ciencias Sociales, La Habana, 1995, p. 96.<\/p>\n\n\n\n<p><a href=\"file:\/\/\/H:\/Caro%2020160403\/C\/Users\/Carolina\/01-CARO-2012\/1_Texto\/Ariadna\/2015\/para%20evaluar\/Pobres%20y%20poderosos%20Cuba.docx#_ednref4\">[4]<\/a>\n El t\u00e9rmino de gran ciudad parece reiteradamente en los art\u00edculos de \nopini\u00f3n de la prensa escrita del per\u00edodo (Por solo citar dos ejemplos, \nconsultar: Roberto Herrera Rodr\u00edguez: \u201cPinar del R\u00edo evoluciona de aldea\n a gran ciudad\u201d, <em>Pinar del R\u00edo<\/em>, 13 (1948); Alfredo Herrera Quintans: \u201cMi pueblo y nuestro pueblo\u201d, <em>Pinar del R\u00edo<\/em>,\n 19 (1949). Se trata de la forma en que las clases sociales con acceso a\n los medios de opini\u00f3n comienzan a concebir las transformaciones que se \nejecutaban en la ciudad. Estas transformaciones pod\u00edan observarse en el \nincremento de las comunicaciones y el transporte, de centros \neducacionales y culturales, la presencia de instituciones culturales y \nde adelantos como la radio, y posteriormente el cine y la televisi\u00f3n, el\n incremento poblacional, provocado por constantes oleadas migratorias \ninternas, y la presencia de edificaciones que dotaban&nbsp; al casco urbano \nde una imagen urbana m\u00e1s moderna. Sin embargo, esta pretendida imagen de\n \u201cgran ciudad\u201d, ten\u00eda tambi\u00e9n un lado oscuro a medias admitido: la \nciudad estaba aquejada por problemas de abandono secular, que se \ntraduc\u00eda en serios problemas higi\u00e9nicos y sanitarios. Por dem\u00e1s, la \nmendicidad, el desempleo, la criminalidad, la prostituci\u00f3n, el juego \nprohibido, estaban vistos como fen\u00f3menos indeseables pero habituales, \nincrementados ahora porque la ciudad hab\u00eda devenido foco de atracci\u00f3n \npara migrantes de otros poblados de la provincia menos favorecidos, que,\n seg\u00fan los criterios m\u00e1s comunes, al no encontrar tampoco el trabajo que\n garantizaba el sustento, se dedicaban a la prostituci\u00f3n, las mujeres, a\n la mendicidad, los ni\u00f1os, y a todo g\u00e9nero de delitos, los hombres.<\/p>\n\n\n\n<p><a href=\"file:\/\/\/H:\/Caro%2020160403\/C\/Users\/Carolina\/01-CARO-2012\/1_Texto\/Ariadna\/2015\/para%20evaluar\/Pobres%20y%20poderosos%20Cuba.docx#_ednref5\"><sup>[5]<\/sup><\/a> Rep\u00fablica de Cuba: Censo de 1943, P. Fern\u00e1ndez y C\u00eda., La Habana, 1945, p. 340.<\/p>\n\n\n\n<p><a href=\"file:\/\/\/H:\/Caro%2020160403\/C\/Users\/Carolina\/01-CARO-2012\/1_Texto\/Ariadna\/2015\/para%20evaluar\/Pobres%20y%20poderosos%20Cuba.docx#_ednref6\">[6]<\/a>\n Ram\u00f3n de la Cruz Ochoa: \u201cEl delito, la criminolog\u00eda y el derecho penal \nen Cuba despu\u00e9s de 1959\u201d en De Armas Fonticoba, Tania (coord.): <em>Criminolog\u00eda<\/em>, Editorial F\u00e9lix Varela, La Habana, 2006, p. 85.<\/p>\n\n\n\n<p><a href=\"file:\/\/\/H:\/Caro%2020160403\/C\/Users\/Carolina\/01-CARO-2012\/1_Texto\/Ariadna\/2015\/para%20evaluar\/Pobres%20y%20poderosos%20Cuba.docx#_ednref7\">[7]<\/a>\n Es necesario aclarar que los documentos contenidos en los fondos \nAudiencia Sala Penal y Tribunal de Urgencia del Archivo Hist\u00f3rico \nProvincial de Pinar del R\u00edo, fueron sometidos en el proceso de \norganizaci\u00f3n de los conjuntos documentales, a una selecci\u00f3n que \nactualmente impide tener una idea completa del c\u00famulo total de delitos \ncometidos. Esta limitaci\u00f3n, que permitir\u00eda cuestionarse la validez de \nlos an\u00e1lisis que se derivan, se complement\u00f3 con los datos que se recogen\n en la secci\u00f3n \u201cTribunales de Justicia\u201d, que desde 1944 comenz\u00f3 a \npublicar el semanario local <em>Vocero Occidental<\/em>. Estas notas \nofrecen informaci\u00f3n sobre las denuncias realizadas, muchas veces por \ncuestiones aparentemente triviales, y las sanciones decididas por los \ntribunales de la provincia.<\/p>\n\n\n\n<p><a href=\"file:\/\/\/H:\/Caro%2020160403\/C\/Users\/Carolina\/01-CARO-2012\/1_Texto\/Ariadna\/2015\/para%20evaluar\/Pobres%20y%20poderosos%20Cuba.docx#_ednref8\">[8]<\/a>\n Luis Marc\u00f3 del Pont y Juan Pegoraro: \u201cDelincuencia empresarial y \nreacci\u00f3n social: el caso argentino\u201d, en Margarita Viera Hern\u00e1ndez \n(comp.): <em>Criminolog\u00eda<\/em>, Facultad de Derecho, Universidad de La Habana, La Habana, 1988, p. 123.<\/p>\n\n\n\n<p><a href=\"file:\/\/\/H:\/Caro%2020160403\/C\/Users\/Carolina\/01-CARO-2012\/1_Texto\/Ariadna\/2015\/para%20evaluar\/Pobres%20y%20poderosos%20Cuba.docx#_ednref9\">[9]<\/a> Luis Marc\u00f3 del Pont y Juan Pegoraro: <em>\u201cDelincuencia\n empresarial y reacci\u00f3n social: el caso argentino\u201d, en Margarita Viera \nHern\u00e1ndez (comp.): Criminolog\u00eda, Facultad de Derecho, Universidad de La \nHabana, La Habana, 1988,<\/em> p. 123.<\/p>\n\n\n\n<p><a href=\"file:\/\/\/H:\/Caro%2020160403\/C\/Users\/Carolina\/01-CARO-2012\/1_Texto\/Ariadna\/2015\/para%20evaluar\/Pobres%20y%20poderosos%20Cuba.docx#_ednref10\">[10]<\/a> Carlos V\u00e1zquez Gonz\u00e1lez: <em>Delincuencia juvenil. Consideraciones penales y criminolog\u00edas, <\/em>Editorial Colex, Madrid, 2003, p. 78.<\/p>\n\n\n\n<p><a href=\"file:\/\/\/H:\/Caro%2020160403\/C\/Users\/Carolina\/01-CARO-2012\/1_Texto\/Ariadna\/2015\/para%20evaluar\/Pobres%20y%20poderosos%20Cuba.docx#_ednref11\">[11]<\/a> Howard Saul Becker: <em>Outsiders<\/em>: <em>Studies in the Sociology of Deviance,<\/em> The Free Press, New York, 1963, p. 9.<\/p>\n\n\n\n<p><a href=\"file:\/\/\/H:\/Caro%2020160403\/C\/Users\/Carolina\/01-CARO-2012\/1_Texto\/Ariadna\/2015\/para%20evaluar\/Pobres%20y%20poderosos%20Cuba.docx#_ednref12\">[12]<\/a>, Elena Larrauri Pijoan: \u201c\u00bfPara qu\u00e9 sirve la Criminolog\u00eda?\u201d, en <em>Pol\u00edtica Criminal, <\/em>4 (1999), Madrid, pp. 30- 31.<\/p>\n\n\n\n<p><a href=\"file:\/\/\/H:\/Caro%2020160403\/C\/Users\/Carolina\/01-CARO-2012\/1_Texto\/Ariadna\/2015\/para%20evaluar\/Pobres%20y%20poderosos%20Cuba.docx#_ednref13\">[13]<\/a> Doris Cooper: <em>Delincuencia y Desviaci\u00f3n Juvenil<\/em>, LOM Ediciones, Santiago de Chile, 2005.<\/p>\n\n\n\n<p><a href=\"file:\/\/\/H:\/Caro%2020160403\/C\/Users\/Carolina\/01-CARO-2012\/1_Texto\/Ariadna\/2015\/para%20evaluar\/Pobres%20y%20poderosos%20Cuba.docx#_ednref14\">[14]<\/a> Evelio Tab\u00edo: <em>Criminolog\u00eda<\/em>, Jes\u00fas Montero (editor), La Habana, 1960.<\/p>\n\n\n\n<p><a href=\"file:\/\/\/H:\/Caro%2020160403\/C\/Users\/Carolina\/01-CARO-2012\/1_Texto\/Ariadna\/2015\/para%20evaluar\/Pobres%20y%20poderosos%20Cuba.docx#_ednref15\">[15]<\/a> Rep\u00fablica de Cuba. Oficina Nacional de los Censos Demogr\u00e1fico y Electoral: <em>Informe del Censo de Poblaci\u00f3n, Viviendas y Electoral<\/em>, Imprenta P. Fern\u00e1ndez y C\u00eda., La Habana, 1953, p. 189.<\/p>\n\n\n\n<p><a href=\"file:\/\/\/H:\/Caro%2020160403\/C\/Users\/Carolina\/01-CARO-2012\/1_Texto\/Ariadna\/2015\/para%20evaluar\/Pobres%20y%20poderosos%20Cuba.docx#_ednref16\">[16]<\/a> Victor H. Olmetid: <em>Censo de la Rep\u00fablica de Cuba bajo la administraci\u00f3n provisional de los Estados Unidos,<\/em> Oficina del Censo&nbsp; de los Estados Unidos, Washington, 1908, p. 197.<\/p>\n\n\n\n<p><a href=\"file:\/\/\/H:\/Caro%2020160403\/C\/Users\/Carolina\/01-CARO-2012\/1_Texto\/Ariadna\/2015\/para%20evaluar\/Pobres%20y%20poderosos%20Cuba.docx#_ednref17\">[17]<\/a> Archivo Provincial de Historia de Pinar del R\u00edo: Fondo Audiencia Sala Penal, leg. 88, exp. 851.<\/p>\n\n\n\n<p><a href=\"file:\/\/\/H:\/Caro%2020160403\/C\/Users\/Carolina\/01-CARO-2012\/1_Texto\/Ariadna\/2015\/para%20evaluar\/Pobres%20y%20poderosos%20Cuba.docx#_ednref18\">[18]<\/a> Archivo Provincial de Historia de Pinar del R\u00edo: Fondo Audiencia Sala Penal, leg. 91, exp. 876.<\/p>\n\n\n\n<p><a href=\"file:\/\/\/H:\/Caro%2020160403\/C\/Users\/Carolina\/01-CARO-2012\/1_Texto\/Ariadna\/2015\/para%20evaluar\/Pobres%20y%20poderosos%20Cuba.docx#_ednref19\">[19]<\/a> Archivo Nacional de Cuba: Fondo C\u00e1rceles y Presidios, leg. 60, exp. 4.<\/p>\n\n\n\n<p><a href=\"file:\/\/\/H:\/Caro%2020160403\/C\/Users\/Carolina\/01-CARO-2012\/1_Texto\/Ariadna\/2015\/para%20evaluar\/Pobres%20y%20poderosos%20Cuba.docx#_ednref20\">[10]<\/a> \u201cLuz\u201d, <em>Vocero Occidental<\/em>, Pinar del R\u00edo, 2 de febrero de 1943, p. 2.<\/p>\n\n\n\n<p><a href=\"file:\/\/\/H:\/Caro%2020160403\/C\/Users\/Carolina\/01-CARO-2012\/1_Texto\/Ariadna\/2015\/para%20evaluar\/Pobres%20y%20poderosos%20Cuba.docx#_ednref21\">[21]<\/a>\n Los nombres y ubicaci\u00f3n de los bares de la ciudad de Pinar del R\u00edo \ndurante el per\u00edodo analizado se ha podido obtener a partir de \nentrevistas realizadas a personas involucradas en la gesti\u00f3n de los \nmismos.<\/p>\n\n\n\n<p><a href=\"file:\/\/\/H:\/Caro%2020160403\/C\/Users\/Carolina\/01-CARO-2012\/1_Texto\/Ariadna\/2015\/para%20evaluar\/Pobres%20y%20poderosos%20Cuba.docx#_ednref22\">[22]<\/a> Archivo Provincial de Historia de Pinar del R\u00edo: Fondo Audiencia Sala Penal, leg. 70, exps. 676 y 683.<\/p>\n\n\n\n<p><a href=\"file:\/\/\/H:\/Caro%2020160403\/C\/Users\/Carolina\/01-CARO-2012\/1_Texto\/Ariadna\/2015\/para%20evaluar\/Pobres%20y%20poderosos%20Cuba.docx#_ednref23\">[23]<\/a>\n Juana Marta Le\u00f3n Iglesias: \u201cRepresi\u00f3n al crimen: las instituciones de \njusticia y polic\u00eda en la ciudad de Pinar del R\u00edo, Cuba (1938-1958)\u201d. <em>Cuadernos de Historia (Santiago)<\/em>, 39 (2013), p. 105. Disponible en: <a href=\"http:\/\/www.scielo.cl\/scielo.php?pid=S0719-12432013000200004&amp;script=sci_arttext\">http:\/\/www.scielo.cl\/scielo.php?pid=S0719-12432013000200004&amp;script=sci_arttext<\/a><a href=\"file:\/\/\/H:\/Caro%2020160403\/C\/Users\/Carolina\/01-CARO-2012\/1_Texto\/Ariadna\/2015\/para%20evaluar\/Pobres%20y%20poderosos%20Cuba.docx#_ednref24\"><sup>[24]<\/sup><\/a> Luis Fern\u00e1ndez Vald\u00e9s: \u201cMagnates del juego absuelto; buscavidas condenados\u201d. <em>Heraldo Pinare\u00f1o<\/em>, Pinar del R\u00edo, 3 de marzo de 1951, p. 5.\n\n<\/p>\n\n\n\n<p><a href=\"file:\/\/\/H:\/Caro%2020160403\/C\/Users\/Carolina\/01-CARO-2012\/1_Texto\/Ariadna\/2015\/para%20evaluar\/Pobres%20y%20poderosos%20Cuba.docx#_ednref25\">[25]<\/a> Archivo Provincial de Historia de Pinar del R\u00edo: Fondo Audiencia Sala Penal, leg. 38, exp.298.<\/p>\n\n\n\n<p><a href=\"file:\/\/\/H:\/Caro%2020160403\/C\/Users\/Carolina\/01-CARO-2012\/1_Texto\/Ariadna\/2015\/para%20evaluar\/Pobres%20y%20poderosos%20Cuba.docx#_ednref26\">[26]<\/a> Juana Marta Le\u00f3n Iglesias: <em>op. cit<\/em>., p. 111.<\/p>\n\n\n\n<p><a href=\"file:\/\/\/H:\/Caro%2020160403\/C\/Users\/Carolina\/01-CARO-2012\/1_Texto\/Ariadna\/2015\/para%20evaluar\/Pobres%20y%20poderosos%20Cuba.docx#_ednref27\">[27]<\/a> Francisco Romero R\u00edos y Jos\u00e9 Mar\u00eda S\u00e1nchez Fern\u00e1ndez: \u201cLa neocolonia\u201d, en VV. AA: <em>S\u00edntesis Hist\u00f3rica Provincial de Pinar del R\u00edo, <\/em>Editora Historia, La Habana, 2012, p. 244.<\/p>\n\n\n\n<p><a href=\"file:\/\/\/H:\/Caro%2020160403\/C\/Users\/Carolina\/01-CARO-2012\/1_Texto\/Ariadna\/2015\/para%20evaluar\/Pobres%20y%20poderosos%20Cuba.docx#_ednref28\">[28]<\/a> Octavia Amador: \u201c\u00bfUn grito de alarma? El problema de los abastecimientos\u201d. <em>Heraldo Pinare\u00f1o,<\/em> Pinar del R\u00edo, 24 de marzo de 1945, p. 1.<\/p>\n\n\n\n<p><a href=\"file:\/\/\/H:\/Caro%2020160403\/C\/Users\/Carolina\/01-CARO-2012\/1_Texto\/Ariadna\/2015\/para%20evaluar\/Pobres%20y%20poderosos%20Cuba.docx#_ednref29\">[29]<\/a> Las quejas y proyectos de soluci\u00f3n de la crisis de abastecimientos aparecen publicadas en la colecci\u00f3n del semanario <em>Heraldo Pinare\u00f1o<\/em>, en los meses marzo, abril, mayo de 1945.<\/p>\n\n\n\n<p><a href=\"file:\/\/\/H:\/Caro%2020160403\/C\/Users\/Carolina\/01-CARO-2012\/1_Texto\/Ariadna\/2015\/para%20evaluar\/Pobres%20y%20poderosos%20Cuba.docx#_ednref30\">[30]<\/a> Archivo Hist\u00f3rico Provincial de Pinar del R\u00edo: Fondo Tribunal de Urgencia, leg. 135, exp. 971.<\/p>\n\n\n\n<p><a href=\"file:\/\/\/H:\/Caro%2020160403\/C\/Users\/Carolina\/01-CARO-2012\/1_Texto\/Ariadna\/2015\/para%20evaluar\/Pobres%20y%20poderosos%20Cuba.docx#_ednref31\">[31]<\/a> Archivo Hist\u00f3rico Provincial de Pinar del R\u00edo: Fondo Tribunal de Urgencia, leg. 158, exp. 1104.<\/p>\n\n\n\n<p><a href=\"file:\/\/\/H:\/Caro%2020160403\/C\/Users\/Carolina\/01-CARO-2012\/1_Texto\/Ariadna\/2015\/para%20evaluar\/Pobres%20y%20poderosos%20Cuba.docx#_ednref32\">[32]<\/a> \u201cA la opini\u00f3n p\u00fablica. Carta del senador Sime\u00f3n Ferro Mart\u00ednez\u201d, <em>Heraldo Pinare\u00f1o,<\/em> Pinar del R\u00edo, 7 de abril de 1945, p. 1.<\/p>\n\n\n\n<p><a href=\"file:\/\/\/H:\/Caro%2020160403\/C\/Users\/Carolina\/01-CARO-2012\/1_Texto\/Ariadna\/2015\/para%20evaluar\/Pobres%20y%20poderosos%20Cuba.docx#_ednref33\">[33]<\/a> \u201cSentencia del Tribunal Supremo de Justicia\u201d, <em>Heraldo Pinare\u00f1o<\/em>, Pinar del R\u00edo, 20 de abril de 1945, p. 1.<\/p>\n\n\n\n<p><a href=\"file:\/\/\/H:\/Caro%2020160403\/C\/Users\/Carolina\/01-CARO-2012\/1_Texto\/Ariadna\/2015\/para%20evaluar\/Pobres%20y%20poderosos%20Cuba.docx#_ednref34\"><sup>[34]<\/sup><\/a> \u201cAbsuelto el Fiscal del Tribunal de Urgencia Miguel \u00c1ngel Arias\u201d, <em>Heraldo Pinare\u00f1o<\/em>, Pinar del R\u00edo, 20 de abril de 1945, p. 5<\/p>\n\n\n\n<p><em>Ariadna Tucma Revista Latinoamericana. N\u00ba 11\/12. Marzo 2016 &#8211; Febrero 2019.<br><\/em><\/p>\n\n\n\n<p><strong>Publicado por \u00a9www.ariadnatucma.com.ar<\/strong><\/p>\n\n\n\n<p>Contacto: info@ariadnatucma.com.ar<\/p>\n\n\n\n<p>INDICE (<a title=\"VER\" href=\"http:\/\/www.ariadnatucma.com.ar\/?p=4068\" target=\"_blank\" rel=\"noopener noreferrer\">VER<\/a>)<\/p>\n\n\n\n<p style=\"background-color:#fdf7f1;color:#147aa6;font-size:16.5px\" class=\"has-text-color has-background has-text-align-center\">ARIADNA TUCMA Revista Latinoamericana<\/p>\n\n\n\n<p style=\"background-color:#fdf7f1;color:#147aa6;font-size:16.5px\" class=\"has-text-color has-background has-text-align-center\">ISSN 1853-9467 <\/p>\n\n\n\n<p style=\"background-color:#fdf7f1;color:#147aa6;font-size:16.5px\" class=\"has-text-color has-background has-text-align-center\">info@ariadnatucma.com.ar<\/p>\n\n\n\n<p style=\"background-color:#fdf7f1;color:#147aa6;font-size:16.5px\" class=\"has-text-color has-background has-text-align-center\">Revista de la Asociaci\u00f3n de Historiadores Latinoamericanos y del Caribe (ADHILAC)<strong> <\/strong><\/p>\n\n\n\n<p style=\"background-color:#fdf7f1;color:#147aa6;font-size:16.5px\" class=\"has-text-color has-background has-text-align-center\">www.adhilac.com.ar <\/p>\n\n\n\n<p style=\"background-color:#fdf7f1;color:#147aa6;font-size:16.5px\" class=\"has-text-color has-background has-text-align-center\">info@adhilac.com.ar <\/p>\n\n\n\n<p style=\"background-color:#fdf7f1;color:#147aa6;font-size:16.5px\" class=\"has-text-color has-background has-text-align-center\">@AdhilacInfo<\/p>\n","protected":false},"excerpt":{"rendered":"<p>Juana Marta Le\u00f3n Iglesias* Resumen\/Abstract&nbsp;VER Izquierda: Palacio Gustavo. Pinar del R\u00edo. Cuba. Introducci\u00f3n Durante el per\u00edodo 1940-1952, Cuba retoma la senda de la institucionalidad burguesa, luego de la inestabilidad pol\u00edtica que caracteriz\u00f3 la d\u00e9cada de 1930. Durante este per\u00edodo, el pa\u00eds vio agravarse la crisis estructural que marc\u00f3 la vida econ\u00f3mica, pol\u00edtica y sociocultural cubana &hellip; <\/p>\n<p class=\"link-more\"><a href=\"https:\/\/www.ariadnatucma.com.ar\/?p=5377\" class=\"more-link\">Seguir leyendo<span class=\"screen-reader-text\"> \u00abPobres y poderosos ante la ley: la actuaci\u00f3n de la justicia ante el crimen en la ciudad de Pinar del R\u00edo (1940-1952)\u00bb<\/span><\/a><\/p>\n","protected":false},"author":108,"featured_media":0,"comment_status":"closed","ping_status":"closed","sticky":false,"template":"","format":"standard","meta":{"footnotes":""},"categories":[3],"tags":[193,444,445],"class_list":["post-5377","post","type-post","status-publish","format-standard","hentry","category-historia","tag-control-social","tag-criminalidad","tag-etiquetamiento","entry"],"_links":{"self":[{"href":"https:\/\/www.ariadnatucma.com.ar\/index.php?rest_route=\/wp\/v2\/posts\/5377","targetHints":{"allow":["GET"]}}],"collection":[{"href":"https:\/\/www.ariadnatucma.com.ar\/index.php?rest_route=\/wp\/v2\/posts"}],"about":[{"href":"https:\/\/www.ariadnatucma.com.ar\/index.php?rest_route=\/wp\/v2\/types\/post"}],"author":[{"embeddable":true,"href":"https:\/\/www.ariadnatucma.com.ar\/index.php?rest_route=\/wp\/v2\/users\/108"}],"replies":[{"embeddable":true,"href":"https:\/\/www.ariadnatucma.com.ar\/index.php?rest_route=%2Fwp%2Fv2%2Fcomments&post=5377"}],"version-history":[{"count":20,"href":"https:\/\/www.ariadnatucma.com.ar\/index.php?rest_route=\/wp\/v2\/posts\/5377\/revisions"}],"predecessor-version":[{"id":6370,"href":"https:\/\/www.ariadnatucma.com.ar\/index.php?rest_route=\/wp\/v2\/posts\/5377\/revisions\/6370"}],"wp:attachment":[{"href":"https:\/\/www.ariadnatucma.com.ar\/index.php?rest_route=%2Fwp%2Fv2%2Fmedia&parent=5377"}],"wp:term":[{"taxonomy":"category","embeddable":true,"href":"https:\/\/www.ariadnatucma.com.ar\/index.php?rest_route=%2Fwp%2Fv2%2Fcategories&post=5377"},{"taxonomy":"post_tag","embeddable":true,"href":"https:\/\/www.ariadnatucma.com.ar\/index.php?rest_route=%2Fwp%2Fv2%2Ftags&post=5377"}],"curies":[{"name":"wp","href":"https:\/\/api.w.org\/{rel}","templated":true}]}}