{"id":5287,"date":"2003-06-22T11:55:43","date_gmt":"2003-06-22T14:55:43","guid":{"rendered":"http:\/\/www.ariadnatucma.com.ar\/?p=5287"},"modified":"2016-06-22T21:46:50","modified_gmt":"2016-06-23T00:46:50","slug":"actividades-2","status":"publish","type":"post","link":"https:\/\/www.ariadnatucma.com.ar\/?p=5287","title":{"rendered":"ACTIVIDADES"},"content":{"rendered":"<h1 style=\"text-align: justify;\"><span style=\"color: #00ccff;\"><a href=\"http:\/\/www.ariadnatucma.com.ar\/wp-content\/uploads\/2016\/06\/Actividades-ADHILAC-50-02.jpg\"><img loading=\"lazy\" decoding=\"async\" class=\"alignleft size-full wp-image-5306\" title=\"Actividades ADHILAC-50-02\" src=\"http:\/\/www.ariadnatucma.com.ar\/wp-content\/uploads\/2016\/06\/Actividades-ADHILAC-50-02.jpg\" alt=\"\" width=\"147\" height=\"148\" srcset=\"https:\/\/www.ariadnatucma.com.ar\/wp-content\/uploads\/2016\/06\/Actividades-ADHILAC-50-02.jpg 510w, https:\/\/www.ariadnatucma.com.ar\/wp-content\/uploads\/2016\/06\/Actividades-ADHILAC-50-02-150x150.jpg 150w, https:\/\/www.ariadnatucma.com.ar\/wp-content\/uploads\/2016\/06\/Actividades-ADHILAC-50-02-297x300.jpg 297w\" sizes=\"auto, (max-width: 147px) 100vw, 147px\" \/><\/a>2016<\/span><\/h1>\n<p><span style=\"color: #00ccff;\"><br \/>\n<\/span><\/p>\n<p style=\"text-align: justify;\"><strong>Simposio \u201cCiudades portuarias: Evoluci\u00f3n hist\u00f3rica y retos presentes\u201d. <\/strong>Asociaci\u00f3n de Historiadores Latinoamericanos y del Caribe (ADHILAC).\u00a0La Habana. 15 al 17 de noviembre de 2016. \u00a0(<a title=\"PULSE AQUI\" href=\"http:\/\/adhilac.com.ar\/?p=11519\" target=\"_blank\">PULSE AQUI<\/a>)<\/p>\n<p style=\"text-align: justify;\">&nbsp;<\/p>\n<p style=\"text-align: justify;\">&nbsp;<\/p>\n<p style=\"text-align: justify;\"><strong>III Coloquio de la ADHILAC Internacional en Brasil \u2013 <\/strong><strong>III Congreso Internacional de Historia y Literatura Latino-americana y Caribe\u00f1a <\/strong><strong>y <\/strong><strong>XV Semana de Historia PUC-SP. <\/strong>PUC-SP y ADHILAC Brasil. San Pablo. Brasil. 8 al 11 de noviembre 2016. (<a title=\"PULSE AQUI\" href=\"http:\/\/adhilac.com.ar\/?p=11502\" target=\"_blank\">PULSE AQUI<\/a>)<\/p>\n<p style=\"text-align: justify;\">&nbsp;<\/p>\n<p style=\"text-align: justify;\">&nbsp;<\/p>\n<p style=\"text-align: justify;\"><strong>I Simposio Internacional de Historia Centroamericana: Independencias y formacion de Estados Nacionales. <\/strong>Museo Hist\u00f3rico Cultural Juan Santamar\u00eda. Alajuela, Costa Rica. Museo Hist\u00f3rico Cultural Juan Santamar\u00eda. Escuela de Historia, Universidad de Costa Rica. Centro de Investigaciones Hist\u00f3ricas de Am\u00e9rica Central (CHIAC). Universidad de Costa Rica. Con la colaboraci\u00f3n de la ADHILAC. Costa Rica. \u00a07 a 9 de septiembre de 2016. (<a title=\"PULSE AQUI\" href=\"http:\/\/adhilac.com.ar\/?p=11437\" target=\"_blank\">PULSE AQUI<\/a>)<\/p>\n<p style=\"text-align: justify;\">&nbsp;<\/p>\n<p style=\"text-align: justify;\">&nbsp;<\/p>\n<div dir=\"ltr\">\n<div><strong>Seminarios\u00a0 del Bicentenario de la Declaraci\u00f3n de la Independencia Nacional. <\/strong>&nbsp;<\/p>\n<div style=\"display: inline !important;\">\n<div style=\"display: inline !important;\">Teresa Eggers Brass,<\/div>\n<\/div>\n<div style=\"display: inline !important;\">\n<div style=\"display: inline !important;\">\n<div style=\"display: inline !important;\" dir=\"ltr\">Eduardo Azcuy Ameghino y Claudio Spiguel.<\/div>\n<\/div>\n<\/div>\n<\/div>\n<div>Revista La Marea y ADHILAC Argentina. Ciudad Aut\u00f3noma de Buenos Aires. 25 y 29 de junio, 2 de julio de 2016. (<a title=\"PULSE AQUI\" href=\"http:\/\/adhilac.com.ar\/?p=11777\" target=\"_blank\">PULSE AQUI<\/a>)<\/div>\n<\/div>\n<p style=\"text-align: justify;\"><strong>Seminario Internacional \u00abLas intervenciones estadounidenses en el continente; a los 100 a\u00f1os de la primera ocupaci\u00f3n militar a Rep\u00fablica Dominicana\u00bb<\/strong>. Universidad Aut\u00f3noma de Santo Domingo- Facultad de Humanidades &#8211; Escuela de Historia y Antropolog\u00eda. ADHILAC.\u00a0Rep\u00fablica\u00a0Dominicana. 4 a 6 de septiembre, 2016.(<a title=\"PULSE AQUI\" href=\"http:\/\/adhilac.com.ar\/?p=11803\" target=\"_blank\">PULSE AQUI<\/a><span style=\"color: #000080;\">)<\/span><\/p>\n<p style=\"text-align: justify;\">&nbsp;<\/p>\n<p style=\"text-align: justify;\"><strong>Homenaje al Precursor Francisco de Miranda y 190 Aniversario del Congreso Anficti\u00f3nico de Panam\u00e1. <\/strong>C\u00e1tedra Bolivariana de la Universidad de La Habana y la Asociaci\u00f3n de Historiadores Latinoamericanos y del Caribe (ADHILAC), con la participaci\u00f3n de los doctores Wilfredo Padr\u00f3n Iglesias, Sergio Guerra Vilaboy y Elier Ram\u00edrez Ca\u00f1edo, as\u00ed como con la intervenci\u00f3n especial del Se\u00f1or Al\u00ed Rodr\u00edguez Araque, Embajador de la Rep\u00fablica Bolivariana de Venezuela. 22 de junio de 2016. La Habana. (<a title=\"PULSE AQUI\" href=\"http:\/\/adhilac.com.ar\/?p=11791\" target=\"_blank\">PULSE AQUI<\/a>)<\/p>\n<p>&nbsp;<\/p>\n<p style=\"text-align: justify;\"><strong>Segunda Conferencia Internacional \u201cEl Caribe en los Litorales. Cultura, Ciudades y Econom\u00eda\u201d.<\/strong> Asociaci\u00f3n Colombiana de Estudios del Caribe (ACOLEC) Barranquilla. Colombia. 15 \u00a0 17 de junio \u00a0de 2016. (<span style=\"color: #0000ff;\"><a title=\"PULSE AQUI\" href=\"http:\/\/adhilac.com.ar\/?p=11383\" target=\"_blank\">PULSE AQUI<\/a>)<\/span><\/p>\n<p style=\"text-align: justify;\">&nbsp;<\/p>\n<p style=\"text-align: justify;\"><strong>Panel por el 205 aniversario de la independencia paraguaya. <\/strong>Sala Manuel Galich de la Casa de las Am\u00e9ricas. La Habana. Cuba. 12 de mayo de 2016. (<a title=\"PULSE AQUI\" href=\"http:\/\/adhilac.com.ar\/?p=11628\" target=\"_blank\">PULSE AQUI<\/a>)<\/p>\n<p style=\"text-align: justify;\">&nbsp;<\/p>\n<p style=\"text-align: justify;\"><strong>Panel sobre \u201cLa Guerra del Pac\u00edfico y el derecho de Bolivia de salida soberana al mar\u201d<\/strong>. Dr. Sergio Guerra Vilaboy, Universidad de La Habana, y el Sr. Embajador de Bolivia en Cuba Sr. Palmiro Soria Saucedo, en conmemoraci\u00f3n del 23 de Marzo, Aniversario de la Defensa de Calama, fecha en que se reivindica el irrenunciable derecho del Estado boliviano de tener una salida soberana al Oc\u00e9ano Pac\u00edfico. La Embajada del Estado Plurinacional de Bolivia y la Asociaci\u00f3n de Historiadores Latinoamericanos y del Caribe (ADHILAC)\u00a0(<a title=\"PULSE AQUI\" href=\"http:\/\/adhilac.com.ar\/?p=11516\" target=\"_blank\">PULSE AQUI<\/a>)<\/p>\n<p style=\"text-align: justify;\">&nbsp;<\/p>\n<p style=\"text-align: justify;\"><strong>Conferencia \u00abLa Patria Boba neogranadina (1816)\u00bb.<\/strong> Casa del ALBA Cultura. La Habana. 3 de marzo de 2016. (<a title=\"PULSE AQUI\" href=\"http:\/\/adhilac.com.ar\/?p=11428\" target=\"_blank\">PULSE AQUI<\/a>)<\/p>\n<p style=\"text-align: justify;\">&nbsp;<\/p>\n<p style=\"text-align: justify;\"><strong>Jornadas Internacionales del Exilio Iberoamericano, Primera Mitad del siglo XIX. <\/strong>Embajada de M\u00e9xico en Cuba, la Casa \u00abBenito Ju\u00e1rez\u00bb de Cuba, el Instituto de Historia de Cuba, la Asociacion de Historiadores Latinoamericanos y del Caribe (ADHILAC), la Catedra del Exilio Espanol y la UNAM a traves del Centro de Investigaciones sobre America Latina y el Caribe (CIALC) y el Proyecto DGAPA PAIIT IG400314\u00a0Interaccion de los exilios en Mexico e Iberam\u00e9rica Siglo XX. La Habana 29 y 30 de enero de 2016. (<a title=\"PULSE AQUI\" href=\"http:\/\/adhilac.com.ar\/?p=11339\" target=\"_blank\">PULSE AQUI<\/a>)<\/p>\n<p style=\"text-align: justify;\">&nbsp;<\/p>\n<p style=\"text-align: justify;\">&nbsp;<\/p>\n<h3 style=\"text-align: justify;\"><span style=\"color: #00ccff;\"><strong><span style=\"font-size: 1.5em;\">2015<\/span><\/strong><\/span><\/h3>\n<div style=\"text-align: justify;\">\n<p>&nbsp;<\/p>\n<p><span style=\"color: #ffffff;\">\/<\/span><\/p>\n<p><strong> <\/strong><\/p>\n<p>&nbsp;<\/p>\n<p><strong>II Congreso Internacional de Historia y Literatura Latinoamericana y Caribe\u00f1a. \u201cLa Historia en la Literatura y la Literatura en la Historia\u201d<\/strong>Teresina. Brasil. 3 a 5 de diciembre de 2015 (<a title=\"PULSE AQUI\" href=\"http:\/\/adhilac.com.ar\/?p=10615\" target=\"_blank\">PULSE AQUI<\/a>)<\/p>\n<p>&nbsp;<\/p>\n<p>&nbsp;<\/p>\n<p><strong>Taller de an\u00e1lisis historiogr\u00e1fico:\u00a0<em>La Historia como problema. Academia de la Historia de Cuba<\/em>.<\/strong> La Habana. 25 noviembre de 2015 (<a title=\"PULSE AQUI\" href=\"http:\/\/adhilac.com.ar\/?p=10000\" target=\"_blank\">PULSE AQUI<\/a>)<\/p>\n<p>&nbsp;<\/p>\n<p>&nbsp;<\/p>\n<p><strong>IV Congreso Internacional\u00a0<em>Ciencias, Tecnolog\u00edas y Culturas.Di\u00e1logo entre las disciplinas del conocimiento.\u00a0Mirando al futuro de Am\u00e9rica Latina y el Caribe<\/em>.<\/strong> Chile. 9 a 12 de octubre 2015. (<a title=\"PULSE AQUI\" href=\"http:\/\/adhilac.com.ar\/?p=10611\" target=\"_blank\">PULSE AQUI<\/a>)<\/p>\n<p>&nbsp;<\/p>\n<p>&nbsp;<\/p>\n<p>&nbsp;<\/p>\n<p><strong>Coloquio Internacional\u00a0<em>La integraci\u00f3n en Am\u00e9rica Latina y el Caribe: alternativas hist\u00f3ricas y proyecci\u00f3n actual, a 200 a\u00f1os de la Carta de Jamaica de Sim\u00f3n Bol\u00edvar<\/em><\/strong>.\u00a0\u00a0Secci\u00f3n Cubana de la Asociaci\u00f3n de Historiadores Latinoamericanos y del Caribe (ADHILAC). Coauspicio de la C\u00e1tedra Bolivariana de la Universidad de La Habana, la Red de Integraci\u00f3n de Am\u00e9rica Latina y el Caribe (REDIALC), el Instituto de Estudios Hispanoamericanos de la Universidad Central de Venezuela (UCV), el Instituto de Historia de Cuba y la Oficina del Historiador de la Ciudad de La Habana.\u00a06 y 9 de septiembre de 2015. (<a title=\"PULSE AQUI\" href=\"http:\/\/adhilac.com.ar\/?p=10523\" target=\"_blank\">PULSE AQUI<\/a>)<\/p>\n<p>&nbsp;<\/p>\n<p><strong>VI Jornadas de Historia del CCC Floreal Gorini \u2013 Congreso Internacional ADHILAC:\u00a0<em>Del Congreso de Tucum\u00e1n a la Patria Grande en el siglo XXI<\/em><\/strong>. Buenos Aires. 6 y 7 de julio de 2015. (<a title=\"PULSE AQUI\" href=\"http:\/\/adhilac.com.ar\/?p=10654\" target=\"_blank\">PULSE AQUI<\/a>)<\/p>\n<p>&nbsp;<\/p>\n<p>&nbsp;<\/p>\n<p><strong>Jornadas a 150 a\u00f1os de la Guerra Guas\u00fa. Historiograf\u00eda y Representaciones. <\/strong>ADHILAC Argentina, Archivo Nacional de la Memoria,\u00a0C\u00e1tedra de Historia del Paraguay (FFYL \u2013 UBA) &#8211;\u00a0CEHPY \u2013 Centro de Estudios Hist\u00f3ricos del Paraguay.\u00a0Buenos Aires. Argentina. 24 a 26 de junio de 2015. (<a title=\"PULSE AQUI\" href=\"http:\/\/adhilac.com.ar\/?p=10367\" target=\"_blank\">PULSE AQUI<\/a>)<\/p>\n<p>&nbsp;<\/p>\n<p>&nbsp;<\/p>\n<p><strong>8\u00b0 Congreso NOLAN \u2013 \u201cLas luchas por recursos en Am\u00e9rica Latina\u201d.<\/strong> El 8\u00b0 Congreso de la Red N\u00f3rdica de Investigaci\u00f3n sobre Am\u00e9rica Latina\u00a0ser\u00e1 celebrado en la Universidad de Helsinki. Auspiciado por ADHILAC. Helsinki. Finlandia. 11 al 13 de junio de\u00a02015. (<a title=\"PULSE AQUI\" href=\"http:\/\/adhilac.com.ar\/?p=10165\" target=\"_blank\">PULSE AQUI<\/a>)<\/p>\n<p>&nbsp;<\/p>\n<p>&nbsp;<\/p>\n<p><strong>Congreso Internacional de Historia Ambiental y\u00a0Econom\u00eda\u00a0Ecol\u00f3gica\u00a0\u201dLos conflictos por los ecosistemas estrategicos en America Latina y el Caribe. Siglos XIX-XXI\u201d. <\/strong>ADHILAC Colombia.\u00a0Depto Historia, Doctorado Interinstitucional en Ciencias Ambientales, Maestr\u00eda en Desarrollo Sustentable, Instituto de Investigaci\u00f3n y Desarrollo en abastecimiento de agua, saneamiento ambiental y conservaci\u00f3n del recurso h\u00eddrico (CINARA) de la Universidad del Valle y la Sociedad Andina de Econom\u00eda Ecol\u00f3gica y \u00a0Centro Cultural de Cali.\u00a0 Santiago de Cali (Valle del Cauca, Colombia), Mayo 21-23 de 2015\u00a0(<a title=\"PULSE AQUI\" href=\"http:\/\/adhilac.com.ar\/?p=10541\" target=\"_blank\">PULSE AQUI<\/a>)<\/p>\n<p>&nbsp;<\/p>\n<p>&nbsp;<\/p>\n<p><strong>XIV Simp\u00f3sio Nacional da Associa\u00e7\u00e3o Brasileira de Hist\u00f3ria das Religi\u00f5es \u2013 ABHR \u2013 e o\u00a0III Encontro <\/strong><strong>Internacional de Estudos da Religi\u00e3o. FTM \u2013 <\/strong>Instituto Federal do Tri\u00e2ngulo Mineiro-\u00a0UFTM-\u00a0Funda\u00e7\u00e3o Cultural da Prefeitura de Uberaba; \u00a0do CEHAL-PUCSP \u2013 Centro de Estudos de Hist\u00f3ria da Am\u00e9rica Latina da Pontif\u00edcia Universidade Cat\u00f3lica de S\u00e3o Paulo-ADHILAC. 14 al 17 de abril de 2015. \u00a0(<a title=\"PULSE AQUI\" href=\"http:\/\/adhilac.com.ar\/?p=10013\" target=\"_blank\">PULSE AQUI<\/a>)<\/p>\n<p>&nbsp;<\/p>\n<p>&nbsp;<\/p>\n<p><strong>Coloquio Internacional Antiimperialismo Latinoamericano \u2013<\/strong><em><strong> Historia, memoria, tradiciones, legados y pr\u00e1cticas contempor\u00e1neas<\/strong>.<\/em>Universidad Nacional de Costa Rica. 13 y el 15 de abril de 2015. (<a title=\"PULSE AQUI\" href=\"http:\/\/adhilac.com.ar\/?p=10205\" target=\"_blank\">PULSE AQUI<\/a>)<\/p>\n<p>&nbsp;<\/p>\n<p>&nbsp;<\/p>\n<p><strong>I Conferencia Internacional de la Asociaci\u00f3n Colombiana de Estudios del Caribe,\u00a0<em>El Caribe m\u00e1s all\u00e1 del litoral del mundo rural. <\/em><\/strong>Asociaci\u00f3n Colombiana de Estudios Caribe\u00f1os (ACOLEC). Monter\u00eda, Colombia, 25 a 27 de marzo de 2015. (<a title=\"PULSE AQUI\" href=\"http:\/\/adhilac.com.ar\/?p=10129\" target=\"_blank\">PULSE AQUI<\/a>)<\/p>\n<p>&nbsp;<\/p>\n<p>&nbsp;<\/p>\n<h1><span style=\"color: #00ccff;\">2014<\/span><\/h1>\n<p>&nbsp;<\/p>\n<p>&nbsp;<\/p>\n<p><strong>Congreso Internacional de Historia y Literatura Latinoamericana y Caribe\u00f1a \u201c<em>La Historia en la Literatura y la Literatura en la Historia<\/em>\u201c.<\/strong>Barranquilla y Usiacur\u00ed (Atl\u00e1ntico \u2013 Colombia). \u00a0ADHILAC. Universidad del Norte. Casa Museo Julio Fl\u00f3rez. Octubre 23-25\u00a0de 2014.\u00a0(<a title=\"AQUI\" href=\"http:\/\/adhilac.com.ar\/?p=8949\" target=\"_blank\">AQUI<\/a>)<\/p>\n<p>&nbsp;<\/p>\n<p>&nbsp;<\/p>\n<p><strong>III Coloquio Internacional \u201cRepensar\u00a0Am\u00e9rica\u00a0Latina desde sus categor\u00edas culturales\u201d. <\/strong>CIICLA. Universidad de Costa Rica. 15-17 de Octubre de 2014. (<a title=\"AQUI\" href=\"http:\/\/adhilac.com.ar\/?p=9102\" target=\"_blank\">AQUI<\/a>)<\/p>\n<p>&nbsp;<\/p>\n<p>&nbsp;<\/p>\n<p><strong>3er Congreso internacional de historia, humanismo y cultura<\/strong>.\u00a0Universidad Aut\u00f3noma Chapingo.\u00a0M\u00e9xico.\u00a03, 4 y 5 de octubre de 2014\u00a0(<a title=\"AQUI\" href=\"http:\/\/adhilac.com.ar\/?p=9037\" target=\"_blank\">AQUI<\/a>)<\/p>\n<p>&nbsp;<\/p>\n<p>&nbsp;<\/p>\n<p><strong>Congreso Internacional de ADHILAC \u201cEl Congreso de Viena y sus\u00a0dimensiones globales. Congreso internacional para\u00a0conmemorar el bicentenario del Congreso de Viena (1814 \u2013 1815). Homenaje a Manfred Kossok (1930-1993)<\/strong><strong>. <\/strong>Universidad de Viena. Wiener Urania. Konak. (<a title=\"AQUI\" href=\"http:\/\/adhilac.com.ar\/?p=9215\" target=\"_blank\">AQUI<\/a>)<\/p>\n<p>&nbsp;<\/p>\n<p>&nbsp;<\/p>\n<p><strong>III Congreso Internacional de Estudios Caribe\u00f1os \u201cSistemas\u00a0pol\u00edticos, relaciones internacionales e identidades\u201d<\/strong>. Santa Marta. Colombia. 4 a 6 de agosto de 2014. (<a title=\"AQUI\" href=\"http:\/\/adhilac.com.ar\/?p=8395\" target=\"_blank\">AQUI<\/a>)<\/p>\n<p>&nbsp;<\/p>\n<p>&nbsp;<\/p>\n<p><strong>I Congreso Centroamericano de Historia.<\/strong> 14 a 18 de julio de 2014. El Salvador (<a title=\"AQUI\" href=\"http:\/\/adhilac.com.ar\/?p=8343\" target=\"_blank\">AQUI<\/a>)<\/p>\n<p>&nbsp;<\/p>\n<p>&nbsp;<\/p>\n<p><strong>Nuevos Talleres Internacionales de Estudios Regionales y Locales (Urbanos)<\/strong>. Santa Clara. Cuba. Universidad Central \u201cMarta Abreu\u201d. 25 a 27 de junio de 2014. (<a title=\"AQUI\" href=\"http:\/\/adhilac.com.ar\/?p=8391\" target=\"_blank\">AQUI<\/a>)<\/p>\n<p>&nbsp;<\/p>\n<p>&nbsp;<\/p>\n<p><strong>Coloquio Internacional \u201cEl antimperialismo latinoamericano: discursos y pr\u00e1cticas. Homenaje a Sandino\u201d. <\/strong>Managua, Nicaragua, del 17 al 21 de junio de 2014.\u00a0(<a title=\"AQUI\" href=\"http:\/\/adhilac.com.ar\/?p=8999\" target=\"_blank\">AQUI<\/a>)<\/p>\n<p>&nbsp;<\/p>\n<p>&nbsp;<\/p>\n<p><strong>Coloquio Internacional \u201c<em>Jos\u00e9 Mart\u00ed, escritor de todos los tiempos<\/em>\u201c<\/strong>,\u00a0 Centro de Estudios Martianos. La Habana. Cuba. 14 al 16 de mayo del 2014. (<a title=\"AQUI\" href=\"http:\/\/adhilac.com.ar\/?p=9084\" target=\"_blank\">AQUI<\/a>)<\/p>\n<p>&nbsp;<\/p>\n<p>&nbsp;<\/p>\n<p><strong>I Congreso Liberal \u201cLa Represi\u00f3n Absolutista y el Exilio\u201d<\/strong>. C\u00e1diz. Espana. Universidad de C\u00e1diz. 6 a 8 de mayo de 2014. (<a title=\"AQUI\" href=\"http:\/\/adhilac.com.ar\/?p=8468\" target=\"_blank\">AQUI<\/a>)<\/p>\n<p>&nbsp;<\/p>\n<p>&nbsp;<\/p>\n<p><strong>Taller de historiograf\u00eda cubana: Las d\u00e9cadas iniciales del marxismo en la historiograf\u00eda cubana. 1943-1964. <\/strong>Academia de la Historia de Cuba. La Habana 22 de abril de 2014. (<a title=\"Ver\" href=\"http:\/\/adhilac.com.ar\/?p=9211\" target=\"_blank\">Ver<\/a>)<\/p>\n<p>&nbsp;<\/p>\n<p>&nbsp;<\/p>\n<p><strong>\u201cLos Derechos de Bolivia Pecado Una Salida soberana al mar Pac\u00edfico\u201d<\/strong>. La Habana. 27 de marzo de 2014. (<a title=\"AQUI\" href=\"http:\/\/adhilac.com.ar\/?p=9153\" target=\"_blank\">AQUI<\/a>)<\/p>\n<p>&nbsp;<\/p>\n<p>&nbsp;<\/p>\n<p><strong>Conferencia sobre la Historia de Santo Domingo<\/strong> impartida por el doctor Roberto Cass\u00e1, Director del Archivo General de la Naci\u00f3n, Miembro de N\u00famero de la Academia Dominicana de la Historia y Miembro Correspondiente Extranjero de la Academia de la Historia de Cuba. 25 de febrero de 2014 (<a title=\"AQUI\" href=\"http:\/\/adhilac.com.ar\/?p=9078\" target=\"_blank\">AQUI<\/a>).<\/p>\n<p>&nbsp;<\/p>\n<p>&nbsp;<\/p>\n<h1><span style=\"color: #00ccff;\">2013<\/span><\/h1>\n<p>&nbsp;<\/p>\n<p>&nbsp;<\/p>\n<p><strong>X Coloquio Internacional Multidisciplinario<\/strong>, Universidad Michoacana de San Nicol\u00e1s de Hidalgo. M\u00e9xico. 3 al 7 de diciembre de 2013 (<a title=\"AQUI\" href=\"http:\/\/adhilac.com.ar\/?p=8659\" target=\"_blank\">AQUI<\/a>)<\/p>\n<p>&nbsp;<\/p>\n<p><strong>XIV Congreso del Instituto Internacional de Sociocr\u00edtica<\/strong> (IIS). Guanajuato, M\u00e9xico. 13 a 15 de noviembre de 2013. (<a title=\"AQUI\" href=\"http:\/\/adhilac.com.ar\/?p=8077\" target=\"_blank\">AQUI<\/a>)<\/p>\n<p>&nbsp;<\/p>\n<p><em><strong>VI Coloquio Internacional de Filosof\u00eda Pol\u00edtica<\/strong><\/em>. UNLa. Argentina. 6 a 8 de noviembre de 2013. (<a title=\"AQUI\" href=\"http:\/\/adhilac.com.ar\/?p=7938\" target=\"_blank\">AQUI<\/a>)<\/p>\n<p>&nbsp;<\/p>\n<p><strong>VII Encuentro Internacional de Derecho Constitucional, VI Coloquio de Historia Constitucional, V Encuentro Nacional de Derecho Administrativo y III Congreso de Ciudades Hist\u00f3ricas<\/strong>. Camag\u00fcey Cuba.\u00a027 a 29 de noviembre de 2013. \u00a0(<a title=\"AQUI\" href=\"http:\/\/adhilac.com.ar\/?p=7816\" target=\"_blank\">AQUI<\/a>)<\/p>\n<p>&nbsp;<\/p>\n<p><strong>VII Jornadas Interdisciplinarias de Estudios Agrarios y Agroindustriales<\/strong><em><strong>.<\/strong><\/em> FCE UBA. Buenos Aires. Argentina. 29 de octubre a 1ro. de noviembre de 2013. (<a title=\"AQUI\" href=\"http:\/\/adhilac.com.ar\/?p=7904\" target=\"_blank\">AQUI<\/a>)<\/p>\n<p>&nbsp;<\/p>\n<p><strong>II Congreso Internacional de Historia, Humanismo y Cultura<\/strong>. Chapingo. M\u00e9xico. 10 a 12 de octubre de 2013. (<a title=\"AQUI\" href=\"http:\/\/adhilac.com.ar\/?p=8416\" target=\"_blank\">AQUI<\/a>)<\/p>\n<p>&nbsp;<\/p>\n<p><strong>IV Jornadas del Departamento de Historia del Centro Cultural de la Cooperaci\u00f3n \u201cFloreal Gorini\u201d y de la Asociaci\u00f3n de Historiadores Latinoamericanos y del Caribe (ADHILAC)<\/strong><em><strong>\u201cRevoluciones, Terrorismo de Estado y Democracia. Un largo recorrido hacia la segunda emancipaci\u00f3n y la unidad de Nuestra Am\u00e9rica\u201d<\/strong>.<\/em> Buenos Aires. Argentina. 23 y 24 de septiembre de 2013. (<a title=\"AQUI\" href=\"http:\/\/adhilac.com.ar\/?p=8427\" target=\"_blank\">AQUI<\/a>)<\/p>\n<p>&nbsp;<\/p>\n<p><strong>III Congreso Internacional sobre la vida y obra de Ezequiel Mart\u00ednez Estrada<\/strong>. Bah\u00eda Blanca. Argentina. 12 a 14 de septiembre de 2013. (<a title=\"AQUI\" href=\"http:\/\/adhilac.com.ar\/?p=8410\" target=\"_blank\">AQUI<\/a>)<\/p>\n<p>&nbsp;<\/p>\n<p><strong>Taller de la Historia de Cuba en la Academia de Historia de Cuba<\/strong>. La Habna. 11 de julio de 2013. (<a title=\"AQUI\" href=\"http:\/\/adhilac.com.ar\/?p=8018\" target=\"_blank\">AQUI<\/a>)<\/p>\n<p>&nbsp;<\/p>\n<p><strong>II Congreso Internacional de la Asociaci\u00f3n de Historia Econ\u00f3micas del Caribe (AHEC)<\/strong>Santo Domigno 26 a 29 de junio de 2013. (<a title=\"AQUI\" href=\"http:\/\/adhilac.com.ar\/?p=7600\" target=\"_blank\">AQUI<\/a>)<\/p>\n<p>&nbsp;<\/p>\n<p><strong>Asamblea de 1813 en el R\u00edo de la Plata<\/strong>. C\u00e1tedra Jos\u00e9 Artigas de la Universidad de La Habana. Asociaci\u00f3n de Historiadores Latinoamericanos y del Caribe (ADHILAC, Cuba). La Habana. Cuba. 11 de abril de 2013. (<a title=\"AQUI\" href=\"http:\/\/adhilac.com.ar\/?p=7853\" target=\"_blank\">AQUI<\/a>)<\/p>\n<p>&nbsp;<\/p>\n<p><strong>Semana de Dereitos Humanos<\/strong>. Facultade de Ciencias Sociais. PUCSP. Sao Paulo. Brasil. 1 a 6 \u00a0 \u00a0de abril de 2013. (<a title=\"AQUI\" href=\"http:\/\/adhilac.com.ar\/?p=7816\" target=\"_blank\">AQUI<\/a>)<\/p>\n<p>&nbsp;<\/p>\n<p><strong>Mesa Redonda sobre la salida al mar de Bolivia.<\/strong> Organizado por el ALBA y la Asociaci\u00f3n de Historiadores Latinoamericanos y del Caribe (ADHILAC, Cuba). Universidad de La Habana. 23 de marzo de 2013. (<a title=\"AQUI\" href=\"http:\/\/adhilac.com.ar\/?p=7726\" target=\"_blank\">AQU<\/a>I)<\/p>\n<p>&nbsp;<\/p>\n<p>&nbsp;<\/p>\n<h1><span style=\"color: #00ccff;\">PRINCIPALES EVENTOS PREVIOS<\/span><\/h1>\n<p>&nbsp;<\/p>\n<p>&nbsp;<\/p>\n<p>I Encuentro, UNAM, M\u00e9xico, 1974.<\/p>\n<p>&nbsp;<\/p>\n<p>II Encuentro, Universidad Central de Venezuela, Caracas 1977.<\/p>\n<p>&nbsp;<\/p>\n<p>III Encuentro, Universidad Central del Ecuador, Quito, 1981.<\/p>\n<p>&nbsp;<\/p>\n<p>IV Encuentro, Universidad de La Habana, La Habana, 1983.<br \/>\nColoquio Interdisciplinario sobre Investigaci\u00f3n Hist\u00f3rica y Docencia de la Historia. M\u00e9xico, 1985.<\/p>\n<p>&nbsp;<\/p>\n<p>V Encuentro, Centro de Estudios Latinoamericanos (CELA), Universidad del Estado de Sao Paulo (UNESP), 1990.<\/p>\n<p>&nbsp;<\/p>\n<p>VI Encuentro, Universidad Aut\u00f3noma de Quer\u00e9taro, Quer\u00e9taro, M\u00e9xico, 1994.<\/p>\n<p>&nbsp;<\/p>\n<p>VII Encuentro: III Congreso de Historiadores Latinoamericanistas de Pontevedra, 2001.<\/p>\n<p>&nbsp;<\/p>\n<p>VIII Encuentro, Biblioteca Nacional de Venezuela, Caracas, 2007.<\/p>\n<p>&nbsp;<\/p>\n<p>IX Encuentro. Santa Marta, Colombia, del 25 y 29 de mayo de 2010.\u00a0\u00a0Coloquio Internacional Nuestra America: una idea en\u00e9rgica falmeada a tiempo ante el mundo\u201d La Habana. Cuba. 18 a 20 de mayo de 2011.<\/p>\n<p>&nbsp;<\/p>\n<p>X Encuentro Internacional de la ADHILAC \u00a0\u201cLas revoluciones en la historia de Am\u00e9rica Latina y el Caribe en el siglo XX\u201d Santo Domingo. 14 a 17 de junio de 2011.<\/p>\n<p>&nbsp;<\/p>\n<p>Congreso Internacional de la ADHILAC \u201cRepensar en la historia del Paraguay\u201d. Asunci\u00f3n del Paraguay. 10 a 12 de octubre de 2011.<\/p>\n<p>&nbsp;<\/p>\n<p>Congreso Internacional de la ADHILAC \u2013 III Jornadas del Centro Cultural de la Cooperaci\u00f3n Floreal Gorini. Buenos Aires. Argentina. 24 a 26 de septiembre de 2012.<br \/>\nColoquio Internacional \u201cBicentenario de las primeras constituciones latinoamericanas\u201d La Habana. Cuba. 11 al 14 de diciembre de 2012.<strong><br \/>\n<\/strong><\/p>\n<p>&nbsp;<\/p>\n<p><strong>\u00a9 Ariadna Tucma Revista Latinoamericana \u2013 ADHILAC Internacional<\/strong><\/p>\n<\/div>\n<p style=\"text-align: justify;\">&nbsp;<\/p>\n","protected":false},"excerpt":{"rendered":"<p>2016 Simposio \u201cCiudades portuarias: Evoluci\u00f3n hist\u00f3rica y retos presentes\u201d. Asociaci\u00f3n de Historiadores Latinoamericanos y del Caribe (ADHILAC).\u00a0La Habana. 15 al 17 de noviembre de 2016. \u00a0(PULSE AQUI) &nbsp; &nbsp; III Coloquio de la ADHILAC Internacional en Brasil \u2013 III Congreso Internacional de Historia y Literatura Latino-americana y Caribe\u00f1a y XV Semana de Historia PUC-SP. PUC-SP &hellip; <\/p>\n<p class=\"link-more\"><a href=\"https:\/\/www.ariadnatucma.com.ar\/?p=5287\" class=\"more-link\">Seguir leyendo<span class=\"screen-reader-text\"> \u00abACTIVIDADES\u00bb<\/span><\/a><\/p>\n","protected":false},"author":1,"featured_media":0,"comment_status":"closed","ping_status":"closed","sticky":false,"template":"","format":"standard","meta":{"footnotes":""},"categories":[63],"tags":[401,439,402,440,403,404],"class_list":["post-5287","post","type-post","status-publish","format-standard","hentry","category-congresos-eventos","tag-coloquio","tag-conferencia","tag-congreso","tag-jornada","tag-seminario","tag-taller","entry"],"_links":{"self":[{"href":"https:\/\/www.ariadnatucma.com.ar\/index.php?rest_route=\/wp\/v2\/posts\/5287","targetHints":{"allow":["GET"]}}],"collection":[{"href":"https:\/\/www.ariadnatucma.com.ar\/index.php?rest_route=\/wp\/v2\/posts"}],"about":[{"href":"https:\/\/www.ariadnatucma.com.ar\/index.php?rest_route=\/wp\/v2\/types\/post"}],"author":[{"embeddable":true,"href":"https:\/\/www.ariadnatucma.com.ar\/index.php?rest_route=\/wp\/v2\/users\/1"}],"replies":[{"embeddable":true,"href":"https:\/\/www.ariadnatucma.com.ar\/index.php?rest_route=%2Fwp%2Fv2%2Fcomments&post=5287"}],"version-history":[{"count":23,"href":"https:\/\/www.ariadnatucma.com.ar\/index.php?rest_route=\/wp\/v2\/posts\/5287\/revisions"}],"predecessor-version":[{"id":5339,"href":"https:\/\/www.ariadnatucma.com.ar\/index.php?rest_route=\/wp\/v2\/posts\/5287\/revisions\/5339"}],"wp:attachment":[{"href":"https:\/\/www.ariadnatucma.com.ar\/index.php?rest_route=%2Fwp%2Fv2%2Fmedia&parent=5287"}],"wp:term":[{"taxonomy":"category","embeddable":true,"href":"https:\/\/www.ariadnatucma.com.ar\/index.php?rest_route=%2Fwp%2Fv2%2Fcategories&post=5287"},{"taxonomy":"post_tag","embeddable":true,"href":"https:\/\/www.ariadnatucma.com.ar\/index.php?rest_route=%2Fwp%2Fv2%2Ftags&post=5287"}],"curies":[{"name":"wp","href":"https:\/\/api.w.org\/{rel}","templated":true}]}}