{"id":4705,"date":"2014-06-20T12:39:51","date_gmt":"2014-06-20T15:39:51","guid":{"rendered":"http:\/\/www.ariadnatucma.com.ar\/?p=4705"},"modified":"2014-12-06T07:38:04","modified_gmt":"2014-12-06T10:38:04","slug":"resena-munoz-heraldo-la-sombra-del-dictador-una-memoria-politica-de-la-vida-bajo-el-regimen-de-augusto-pinochet-barcelona-ediciones-paidos-2009-352p","status":"publish","type":"post","link":"https:\/\/www.ariadnatucma.com.ar\/?p=4705","title":{"rendered":"Rese\u00f1a: \u00bb Mu\u00f1oz, Heraldo. &#8216;La sombra del dictador: una memoria pol\u00edtica de la vida bajo el r\u00e9gimen de Augusto Pinochet&#8217;.\u00bb Barcelona: Ediciones Paid\u00f3s, 2009. 352p."},"content":{"rendered":"<p><span style=\"font-size: 1.17em; font-weight: normal;\"><a href=\"http:\/\/www.ariadnatucma.com.ar\/wp-content\/uploads\/2014\/06\/estadio-nacional.jpg\"><img loading=\"lazy\" decoding=\"async\" class=\"alignleft size-full wp-image-4710\" title=\"estadio nacional\" src=\"http:\/\/www.ariadnatucma.com.ar\/wp-content\/uploads\/2014\/06\/estadio-nacional.jpg\" alt=\"\" width=\"278\" height=\"181\" \/><\/a>Luan Aiu\u00e1 Vasconcelos Fernandes*<\/span><\/p>\n<p style=\"padding-left: 60px; text-align: right;\">&nbsp;<\/p>\n<p style=\"padding-left: 60px; text-align: justify;\"><em style=\"font-size: 1.17em;\">Izquierda: Detenidos en el estadio nacional. Dictadura de Pinochet. <\/em><\/p>\n<p style=\"padding-left: 60px; text-align: justify;\"><em style=\"font-size: 1.17em;\"><br \/>\n<\/em><\/p>\n<p style=\"text-align: justify;\">\u00bb Mu\u00f1oz, Heraldo. &#8216;La sombra del dictador: una memoria pol\u00edtica de la vida bajo el r\u00e9gimen de Augusto Pinochet&#8217;.\u00bb Barcelona: Ediciones Paid\u00f3s, 2009. 352p.<!--more--><\/p>\n<p style=\"text-align: justify;\">&nbsp;<\/p>\n<p style=\"text-align: justify;\">Disidente, exiliado pol\u00edtico, militante socialista y, desde el proceso de la redemocratizaci\u00f3n chilena, integrante de todos los gobiernos de la Concertaci\u00f3n de Partidos por la Democracia, Heraldo Mu\u00f1oz diseca la influencia de Pinochet en Chile y en el mundo, desde su ascensi\u00f3n al poder engendrada por del Golpe de 1973 hasta su muerte en 2006 a trav\u00e9s de una narrativa muy efectiva de memorias personales y pol\u00edticas. El libro \u201cLa sombra del dictador: memorias pol\u00edticas de Chile bajo el r\u00e9gimen de Pinochet\u201d fue lanzado originalmente en ingl\u00e9s en los Estados Unidos en 2008, pa\u00eds en el que Mu\u00f1oz obtuvo buena parte de su formaci\u00f3n acad\u00e9mica y profesional como diplom\u00e1tico y donde vive actualmente como subsecretario general de la ONU y director regional del Programa de las Naciones Unidas para el Desarrollo (PNUD) para Am\u00e9rica Latina y Caribe. Mu\u00f1oz hace que el libro sea m\u00e1s interesante cuando elabora varios an\u00e1lisis de Chile bajo la influencia de Pinochet. \u00c9l examina la propia personalidad del dictador en varios momentos, siempre enlazada a sus decisiones pol\u00edticas, econ\u00f3micas y represoras. Adem\u00e1s, el autor se inserta en la obra, poniendo de relieve su propia trayectoria pol\u00edtica y de lucha por la democracia, dentro y fuera de su pa\u00eds. Y logra hacerlo sin perder el hilo conductor del libro. La narrativa bien desarrollada transforma el libro en una lectura placentera, pese a que no evita la complejidad y exuberancia de detalles de un tema tan delicado.<\/p>\n<p style=\"text-align: justify;\">&nbsp;<\/p>\n<p style=\"text-align: justify;\">Heraldo Mu\u00f1oz ha utilizado una expresiva diversidad de fuentes. Hizo muchas entrevistas a importantes personalidades pol\u00edticas, tuvo acceso a relevantes documentos oficiales del gobierno Pinochet, millares de documentos del gobierno americano de car\u00e1cter secreto o altamente secreto y tambi\u00e9n documentos de otras embajadas, adem\u00e1s de varios peri\u00f3dicos y procesos concernientes a cr\u00edmenes cometidos por el Estado durante la dictadura. Sin embargo, el libro tiene como cimientos la propia memoria del autor, con la tipicidad de caracter\u00edsticas que su uso le aporta, como la construcci\u00f3n de lo que se recuerda y de lo que se olvida, deliberadamente o no, y la influencia de la memoria colectiva en nuestra narrativa<a href=\"file:\/\/\/C:\/Users\/Carolina\/01-CARO-2012\/1_Texto\/Ariadna\/2014\/Volumen%20II\/MU%C3%91OZ-Rese%C3%B1a%20%20final.docx#_ftn1\">[1]<\/a>. Esto, como ya lo hemos mencionado, no da lugar a que en el libro, se haga un an\u00e1lisis superficial del periodo, ya que el autor consigue tener una mirada muy amplia y completa del proceso del golpe y de la dictadura, realizando incluso cr\u00edticas \u2013 y por lo tanto una autocr\u00edtica \u2013 a toda la izquierda.<\/p>\n<p style=\"text-align: justify;\">&nbsp;<\/p>\n<p style=\"text-align: justify;\">El libro de Mu\u00f1oz surge en un momento de amplia discusi\u00f3n sobre los cr\u00edmenes cometidos por los gobiernos dictatoriales de Am\u00e9rica Latina. La producci\u00f3n bibliogr\u00e1fica hist\u00f3rica sobre el per\u00edodo aumenta en cantidad y calidad a la vez que se planean e implementan comisiones de la verdad- como se dio en el caso brasile\u00f1o cuando en \u00a02011 fue\u00a0 creada e en 2012 instituida\u2013 o continuadas, como la chilena, que retom\u00f3 los trabajos de la comisi\u00f3n de 2003 en 2009, el a\u00f1o en que fue lanzado el libro de Mu\u00f1oz en espa\u00f1ol. El trabajo del autor, por ser un relato que mezcla memoria \u00a0personal con diversificada cantidad de fuentes, se relaciona directamente con importantes libros que abordan la memoria pinochetista en Chile, y \u00a0vale subrayar las obras de Steve Stern, \u201cRecordando el Chile de Pinochet: En v\u00edsperas de Londres 1998\u201d y \u201cLuchando por mentes y corazones: Las batallas de la memoria en el Chile de Pinochet\u201d, ambos de la trilog\u00eda \u201cLa caj\u00e1 de la memoria del Chile de Pinochet\u201d (el tercer libro que encierra la trilog\u00eda todav\u00eda va a ser lanzado). \u201cLa sombra del dictador\u201d tambi\u00e9n dialoga con otras importantes producciones al discurrir sobre las relaciones de la dictadura chilena con el gobierno de Estados Unidos o al analizar acciones de la izquierda y de la derecha en Chile de Pinochet. Libros como \u201cF\u00f3rmula para el caos: la ca\u00edda de Salvador Allende\u201d de Luiz Alberto Moniz Bandeira y \u201cSu\u00a0<em>revoluci\u00f3n contra nuestra revoluci\u00f3n<\/em>: izquierdas y derechas en el Chile de Pinochet (1973-1981)\u201d, de Ver\u00f3nica Valdivia, Rolando \u00c1lvarez y Julio Pinto que problematizan las cuestiones arriba presentadas, formando una red de an\u00e1lisis sobre el Chile pinochetista. Esas producciones citadas muestran como el libro de Mu\u00f1oz se encuadra en un debate que se extiende m\u00e1s a \u00a0cada d\u00eda sobre los gobiernos dictatoriales, evidenciando su importancia historiogr\u00e1fica para entender el r\u00e9gimen dictatorial chileno a trav\u00e9s de diferentes \u00e1ngulos.<\/p>\n<p style=\"text-align: justify;\">&nbsp;<\/p>\n<p style=\"text-align: justify;\">En su prefacio, Mu\u00f1oz discurre r\u00e1pidamente sobre las controversias que la figura de Pinochet origina en todo el mundo. Aclamado por la extrema derecha de varios \u00a0pa\u00edses como un gran modernizador de Chile y precursor del neoliberalismo, que ha influenciado pol\u00edticas econ\u00f3micas en los Estados Unidos de Reagan y en el Reino Unido de Thatcher, Pinochet, seg\u00fan la mirada del centro y de las izquierdas, aparece como un dictador sanguinario, responsable por millares de muertes y por el aumento de la desigualdad social chilena. Deseando entender esas distintas miradas hacia el \u00a0dictador y su legado, el autor pone de relieve que su objetivo es el de \u00a0\u201cinvestigar el impacto de Pinochet en la historia contempor\u00e1nea, as\u00ed como los varios significados y s\u00edmbolos que su figura evoca.\u201d(p.8) \u00c9l afirma que no se trata de una biograf\u00eda, sino de un examen de la \u00e9poca del dictador y de su herencia, enlazando las memorias pol\u00edticas del propio autor sobre el general y su contexto. Contexto este \u00a0muy bien analizado por Mu\u00f1oz al reflexionar sobre la polarizaci\u00f3n mundial en la Guerra Fr\u00eda, que fue impactada por la Revoluci\u00f3n Cubana, por los disturbios de 1968 en Paris y en la primavera de Praga, sin dejar de lado la Guerra de Vietnam.<\/p>\n<p style=\"text-align: justify;\">&nbsp;<\/p>\n<p style=\"text-align: justify;\">Heraldo Mu\u00f1oz permite al \u00a0libro fluir de manera interesante y analiza de manera densa muchos aspectos y momentos de Chile bajo el r\u00e9gimen de Pinochet. Los relatos sobre el 11 de septiembre de 1973, presentes en el primer cap\u00edtulo, son muy intensos, pero pronto desembocan en una cr\u00edtica sobre la personalidad ambigua y dualista del propio general, lo que otorga al libro momentos de emoci\u00f3n y de sarcasmo, muy bien desarrollados por el autor, que no deja de analizar tambi\u00e9n como el general elimin\u00f3 posibles amenazas a su poder dentro de las propias fuerzas armadas, como en el caso de general Gustavo Leigh, o como la polic\u00eda secreta chilena asesin\u00f3 a sus opositores pol\u00edticos fuera del pa\u00eds, como el general constitucionalista Carlos Prats y el ex-ministro del gobierno Allende, Orlando Letelier. Tampoco escapan de su apremiada mirada las crisis y contradicciones del sistema econ\u00f3mico mantenido por el gobierno Pinochet a trav\u00e9s de los <em>Chicago Boys<\/em> y el crecimiento de la oposici\u00f3n, tanto interna como externa, culminando con la derrota en el plebiscito de 1988. El libro va m\u00e1s all\u00e1 del periodo de Pinochet durante su dictadura, mostrando como la \u201csombra\u201d del dictador se extiende sobre la naci\u00f3n durante el per\u00edodo democr\u00e1tico, donde \u00e9l sigue siendo comandante jefe de las fuerzas armadas y, luego, senador. Los \u00faltimos a\u00f1os de Pinochet son, seg\u00fan el an\u00e1lisis del autor, decadentes para su reputaci\u00f3n, implicado en esc\u00e1ndalos de corrupci\u00f3n y marcados por una p\u00e9rdida significativa de apoyo en Chile. Aun as\u00ed \u00a0su influencia permanece pesadamente presente, tanto pol\u00edtica como econ\u00f3micamente. De esa manera, Mu\u00f1oz logra alcanzar su objetivo de investigar el impacto de Pinochet en la reciente historia de Chile y, en cierta medida, del mundo.<\/p>\n<p style=\"text-align: justify;\">&nbsp;<\/p>\n<p style=\"text-align: justify;\">A pesar de los distintos puntos positivos que el libro posee, Heraldo Mu\u00f1oz peca al permitir al actor pol\u00edtico que alce su voz por encima de la voz del cient\u00edfico pol\u00edtico y del investigador. La verdad es que se espera que un libro que contiene memorias personales tenga alg\u00fan tipo de posicionamiento pol\u00edtico. No obstante, Mu\u00f1oz formula una pregunta que condena el libro a una obviedad en su conclusi\u00f3n. Aun en el prefacio del libro el autor se pregunta: \u201c\u00bfPinochet era necesario? \u00bfHubiera Chile alcanzado la actual prosperidad sin \u00e9l?\u201d Preguntas que \u00e9l buscar\u00e1 responder al final del libro, pero su argumentaci\u00f3n se encierra ya al inicio, dado que el autor es una notoria figura que form\u00f3 parte de la oposici\u00f3n a Pinochet. El enf\u00e1tico \u201cno\u201d a esa pregunta en su conclusi\u00f3n no aporta en si ninguna sorpresa. Heraldo Mu\u00f1oz era un entusiasta del modelo de Allende y un cr\u00edtico pertinaz del dictador, tanto en el exilio como en Chile. Adem\u00e1s, esa pregunta \u00e9ticamente no tiene cabida, pues nada, ni siquiera el m\u00e1s rotundo \u00e9xito econ\u00f3mico, conseguir\u00eda justificar la tortura y el asesinato de millares de individuos. El autor refuta enf\u00e1ticamente la represi\u00f3n, pero su cuestionamiento da lugar a esa posibilidad. A partir de una reflexi\u00f3n m\u00e1s historiogr\u00e1fica, hubiera sido m\u00e1s interesante indagar por qu\u00e9 una significativa parte de la poblaci\u00f3n apoy\u00f3 el r\u00e9gimen pinochetista. Esa pregunta abrir\u00eda un abanico m\u00e1s amplio de posibilidades d\u00e1ndole una conclusi\u00f3n m\u00e1s compleja a \u00a0la obra.<\/p>\n<p style=\"text-align: justify;\">&nbsp;<\/p>\n<p style=\"text-align: justify;\">El autor tampoco deja de analizar a las izquierdas. Sin embargo sus cr\u00edticas m\u00e1s duras recaen sobre el Partido Comunista, que durante la dictadura de Pinochet reformul\u00f3 su conducta pol\u00edtica y se decidi\u00f3 por las armas, haciendo justo lo contrario del Partido Socialista, que durante el gobierno Allende ten\u00eda una mayor\u00eda que se mostraba favorable a la lucha armada, y durante la dictadura cambi\u00f3 su pol\u00edtica por una oposici\u00f3n pac\u00edfica. Mu\u00f1oz analiza las cisiones sufridas por el Partido Socialista durante la dictadura de Pinochet y hace una breve autocr\u00edtica a su actuaci\u00f3n durante el gobierno Allende. Sin embargo, \u00e9l no se extiende sobre el asunto y tampoco levanta conjeturas tan cr\u00edticas como cuando se refiere al Partido Comunista, evidenciando una vez m\u00e1s la narrativa de un pol\u00edtico ligado al Partido Por la Democracia y al Partido Socialista actual, lo que ocasiona que \u00e9l sea cuidadoso en sus an\u00e1lisis.<\/p>\n<p style=\"text-align: justify;\">&nbsp;<\/p>\n<p style=\"text-align: justify;\">El libro de Heraldo Mu\u00f1oz es sin sombra de dudas una importante contribuci\u00f3n para\u00a0 que se pueda entender de forma detallada varios aspectos de Chile bajo el r\u00e9gimen de Pinochet. El hecho de que se trate de un libro de memorias ofrece un rico relato del contexto y consigue entretejer muy bien sus experiencias personales y su participaci\u00f3n en la lucha por la reconquista de la democracia con los acontecimientos que impactaban la vida de los chilenos. Raros son los libros que abordan el periodo Pinochet de forma sistem\u00e1tica. \u201cLa sombra del dictador\u201d es uno de esos pocos libros que sirven tanto para expertos y estudiosos de la historia, como para el p\u00fablico laico debido a su lectura extremadamente agradable. Al tratar de un asunto tan delicado y buscar entenderlo, Mu\u00f1oz parece no olvidarse de lo que Hannah Arendt escribi\u00f3 en su pr\u00f3logo en \u201cLas or\u00edgenes del totalitarismo\u201d:<\/p>\n<p style=\"text-align: justify;\">&nbsp;<\/p>\n<p style=\"text-align: justify; padding-left: 30px;\">\u201cLa comprensi\u00f3n no significa negar lo que resulta afrentoso, deducir de precedentes lo que no tiene tales o explicar los fen\u00f3menos por tales analog\u00edas y generalidades que ya no pueda sentirse el impacto de la realidad y el shock de la experiencia. Significa, m\u00e1s bien, examinar y soportar conscientemente la carga que nuestro siglo ha colocado sobre nosotros \u2014 y no negar su existencia ni someterse mansamente a su\u00a0 peso\u2014. La comprensi\u00f3n, en suma, significa un atento e impremeditado enfrentamiento a la realidad, un soporte de \u00e9sta, sea como fuere.\u201d[2]<\/p>\n<p style=\"text-align: justify;\">&nbsp;<\/p>\n<p style=\"text-align: justify;\">&nbsp;<\/p>\n<p style=\"text-align: justify;\"><strong>Bibliograf\u00eda:<\/strong><\/p>\n<p style=\"text-align: justify;\">ARENDT, Hannah. <em>Los or\u00edgenes del totalitarismo<\/em>. Madrid: Taurus, 1999.<\/p>\n<p style=\"text-align: justify;\">HALBWACHS, Maurice. <em>La memoria colectiva<\/em>. Zaragoza: Prensas Universitarias de Zaragoza, 2004.<\/p>\n<div style=\"text-align: justify;\">\n<div>\n<p>&nbsp;<\/p>\n<p>&nbsp;<\/p>\n<p>[1] HALBWACHS, Maurice. <em>La memoria <\/em><em>colectiva<\/em>. (Zaragoza: Prensas Universitarias de Zaragoza, 2004).<\/p>\n<\/div>\n<div>\n<p>[2] ARENDT, Hannah. <em>Los or\u00edgenes del totalitarismo<\/em>. (Madrid: Taurus, 1999), 10.<\/p>\n<\/div>\n<\/div>\n<p style=\"text-align: justify;\">&nbsp;<\/p>\n<p style=\"text-align: justify;\">&nbsp;<\/p>\n<p style=\"text-align: justify;\">&nbsp;<\/p>\n<p style=\"text-align: justify;\">* Luan                   Aiu\u00e1 Vasconcelos Fernandes. Licenciado em                     Hist\u00f3ria. Mestrando em                     Hist\u00f3ria e Culturas Pol\u00edticas. Universidade Federal de Minas Gerais\u00a0(UFMG). Brasil.<\/p>\n<p style=\"text-align: justify;\">Licenciado en Historia. Maestrando en Historia y\u00a0Culturas Pol\u00edticas, trabajando con el tema de la represi\u00f3n contra los profesores en las universidades latinoamericanas. Organiz\u00f3 en 2014 el seminario \u201c1964-2014: um olhar critico, para nao esquecer\u201d y el \u201cIII Encontro de Pesquisa em Hist\u00f3ria da UFMG\u201d.<\/p>\n<p style=\"text-align: justify;\">&nbsp;<\/p>\n<p style=\"text-align: justify;\"><em>Ariadna Tucma Revista Latinoamericana. N\u00ba 9. Marzo 2014 \u2013 Febrero 2015. Suplemento<\/em><\/p>\n","protected":false},"excerpt":{"rendered":"<p>Luan Aiu\u00e1 Vasconcelos Fernandes* &nbsp; Izquierda: Detenidos en el estadio nacional. Dictadura de Pinochet. \u00bb Mu\u00f1oz, Heraldo. &#8216;La sombra del dictador: una memoria pol\u00edtica de la vida bajo el r\u00e9gimen de Augusto Pinochet&#8217;.\u00bb Barcelona: Ediciones Paid\u00f3s, 2009. 352p.<\/p>\n","protected":false},"author":99,"featured_media":0,"comment_status":"closed","ping_status":"closed","sticky":false,"template":"","format":"standard","meta":{"footnotes":""},"categories":[156,227],"tags":[228,47],"class_list":["post-4705","post","type-post","status-publish","format-standard","hentry","category-jovenes-investigadores","category-suplemento","tag-chile","tag-dictadura-militar","entry"],"_links":{"self":[{"href":"https:\/\/www.ariadnatucma.com.ar\/index.php?rest_route=\/wp\/v2\/posts\/4705","targetHints":{"allow":["GET"]}}],"collection":[{"href":"https:\/\/www.ariadnatucma.com.ar\/index.php?rest_route=\/wp\/v2\/posts"}],"about":[{"href":"https:\/\/www.ariadnatucma.com.ar\/index.php?rest_route=\/wp\/v2\/types\/post"}],"author":[{"embeddable":true,"href":"https:\/\/www.ariadnatucma.com.ar\/index.php?rest_route=\/wp\/v2\/users\/99"}],"replies":[{"embeddable":true,"href":"https:\/\/www.ariadnatucma.com.ar\/index.php?rest_route=%2Fwp%2Fv2%2Fcomments&post=4705"}],"version-history":[{"count":12,"href":"https:\/\/www.ariadnatucma.com.ar\/index.php?rest_route=\/wp\/v2\/posts\/4705\/revisions"}],"predecessor-version":[{"id":4828,"href":"https:\/\/www.ariadnatucma.com.ar\/index.php?rest_route=\/wp\/v2\/posts\/4705\/revisions\/4828"}],"wp:attachment":[{"href":"https:\/\/www.ariadnatucma.com.ar\/index.php?rest_route=%2Fwp%2Fv2%2Fmedia&parent=4705"}],"wp:term":[{"taxonomy":"category","embeddable":true,"href":"https:\/\/www.ariadnatucma.com.ar\/index.php?rest_route=%2Fwp%2Fv2%2Fcategories&post=4705"},{"taxonomy":"post_tag","embeddable":true,"href":"https:\/\/www.ariadnatucma.com.ar\/index.php?rest_route=%2Fwp%2Fv2%2Ftags&post=4705"}],"curies":[{"name":"wp","href":"https:\/\/api.w.org\/{rel}","templated":true}]}}