{"id":3572,"date":"2012-10-05T06:25:02","date_gmt":"2012-10-05T09:25:02","guid":{"rendered":"http:\/\/www.ariadnatucma.com.ar\/?p=3572"},"modified":"2014-11-25T08:11:52","modified_gmt":"2014-11-25T11:11:52","slug":"la-boca-barrio-de-buenos-aires-galeria-de-imagenes","status":"publish","type":"post","link":"https:\/\/www.ariadnatucma.com.ar\/?p=3572","title":{"rendered":"La Boca, barrio de Buenos Aires. Galer\u00eda de im\u00e1genes."},"content":{"rendered":"<h3 style=\"text-align: justify;\">La identidad de un barrio<\/h3>\n<p><a href=\"http:\/\/www.ariadnatucma.com.ar\/wp-content\/uploads\/2012\/10\/DSC00646.jpg\"><img loading=\"lazy\" decoding=\"async\" class=\"size-full wp-image-3573 alignnone\" title=\"DSC00646\" src=\"http:\/\/www.ariadnatucma.com.ar\/wp-content\/uploads\/2012\/10\/DSC00646.jpg\" alt=\"\" width=\"499\" height=\"374\" srcset=\"https:\/\/www.ariadnatucma.com.ar\/wp-content\/uploads\/2012\/10\/DSC00646.jpg 624w, https:\/\/www.ariadnatucma.com.ar\/wp-content\/uploads\/2012\/10\/DSC00646-300x225.jpg 300w\" sizes=\"auto, (max-width: 499px) 100vw, 499px\" \/><\/a><\/p>\n<p style=\"text-align: justify;\"><em>Foto: Carolina Crisorio<\/em><\/p>\n<p style=\"text-align: justify;\">Transformada a lo largo del tiempo, sin embargo de\u00a0alg\u00fan\u00a0modo singular, la Boca sigue manteniendo su propia personalidad.\u00a0<!--more--><\/p>\n<p style=\"text-align: justify;\"><a href=\"http:\/\/www.ariadnatucma.com.ar\/wp-content\/uploads\/2012\/10\/DSC00647.jpg\"><img loading=\"lazy\" decoding=\"async\" class=\"alignnone size-full wp-image-3576\" title=\"DSC00647\" src=\"http:\/\/www.ariadnatucma.com.ar\/wp-content\/uploads\/2012\/10\/DSC00647.jpg\" alt=\"\" width=\"499\" height=\"374\" srcset=\"https:\/\/www.ariadnatucma.com.ar\/wp-content\/uploads\/2012\/10\/DSC00647.jpg 624w, https:\/\/www.ariadnatucma.com.ar\/wp-content\/uploads\/2012\/10\/DSC00647-300x225.jpg 300w\" sizes=\"auto, (max-width: 499px) 100vw, 499px\" \/><\/a><\/p>\n<p style=\"text-align: justify;\"><em>Foto: Carolina Crisorio<\/em><\/p>\n<p style=\"text-align: justify;\">Este barrio\u00a0creci\u00f3\u00a0a la vera del r\u00edo a fines del siglo XIX con el aporte de los inmigrantes, muchos de ellos procedentes de Genova, Italia. Los alegres colores de las chapas de metal con que armaban sus casas se transform\u00f3 en el sello identitario del lugar. En las orillas de la ciudad alberg\u00f3\u00a0uno de los barrios m\u00e1s sufridos que soport\u00f3 sucesivas inundaciones a lo largo de\u00a0d\u00e9cadas.<\/p>\n<p style=\"text-align: justify;\"><a href=\"http:\/\/www.ariadnatucma.com.ar\/wp-content\/uploads\/2012\/10\/DSC00628.jpg\"><img loading=\"lazy\" decoding=\"async\" class=\"alignnone size-full wp-image-3578\" title=\"DSC00628\" src=\"http:\/\/www.ariadnatucma.com.ar\/wp-content\/uploads\/2012\/10\/DSC00628.jpg\" alt=\"\" width=\"510\" height=\"680\" srcset=\"https:\/\/www.ariadnatucma.com.ar\/wp-content\/uploads\/2012\/10\/DSC00628.jpg 510w, https:\/\/www.ariadnatucma.com.ar\/wp-content\/uploads\/2012\/10\/DSC00628-225x300.jpg 225w\" sizes=\"auto, (max-width: 510px) 100vw, 510px\" \/><\/a><\/p>\n<p style=\"text-align: justify;\"><em>Fotos: Carolina Crisorio<\/em><\/p>\n<p style=\"text-align: justify;\"><em><a href=\"http:\/\/www.ariadnatucma.com.ar\/wp-content\/uploads\/2012\/10\/DSC00642.jpg\"><img loading=\"lazy\" decoding=\"async\" class=\"alignnone size-full wp-image-3592\" title=\"DSC00642\" src=\"http:\/\/www.ariadnatucma.com.ar\/wp-content\/uploads\/2012\/10\/DSC00642.jpg\" alt=\"\" width=\"510\" height=\"680\" srcset=\"https:\/\/www.ariadnatucma.com.ar\/wp-content\/uploads\/2012\/10\/DSC00642.jpg 510w, https:\/\/www.ariadnatucma.com.ar\/wp-content\/uploads\/2012\/10\/DSC00642-225x300.jpg 225w\" sizes=\"auto, (max-width: 510px) 100vw, 510px\" \/><\/a><br \/>\n<\/em><\/p>\n<p style=\"text-align: justify;\">Recuperada en las \u00faltimas\u00a0d\u00e9cadas\u00a0como lugar\u00a0tur\u00edstico\u00a0la Boca recuper\u00f3 sus mitos. La calle Caminito fue denominada as\u00ed en homenaje al tango escrito por el poeta\u00a0Gabino Coria Pe\u00f1aloza, nacido en la provincia argentina de Mendoza \u00a0con\u00a0m\u00fasica\u00a0de Juan de Dios Filiberto oriundo de ese barrio porte\u00f1o. Esta calle\u00a0naci\u00f3\u00a0a fines de los cincuenta como una gran\u00a0galer\u00eda\u00a0en la que los artistas\u00a0pl\u00e1sticos\u00a0expon\u00edan\u00a0sus obras. Transformada en un paseo, en ella y en las callejuela transversales las tiendas, restaurantes, m\u00fasicos y bailarines tratan de captar el\u00a0inter\u00e9s\u00a0de los turistas.<\/p>\n<p style=\"text-align: justify;\"><a href=\"http:\/\/www.ariadnatucma.com.ar\/wp-content\/uploads\/2012\/10\/DSC00626.jpg\"><img loading=\"lazy\" decoding=\"async\" class=\"alignnone size-full wp-image-3582\" title=\"DSC00626\" src=\"http:\/\/www.ariadnatucma.com.ar\/wp-content\/uploads\/2012\/10\/DSC00626.jpg\" alt=\"\" width=\"510\" height=\"679\" srcset=\"https:\/\/www.ariadnatucma.com.ar\/wp-content\/uploads\/2012\/10\/DSC00626.jpg 510w, https:\/\/www.ariadnatucma.com.ar\/wp-content\/uploads\/2012\/10\/DSC00626-225x300.jpg 225w\" sizes=\"auto, (max-width: 510px) 100vw, 510px\" \/><\/a><\/p>\n<p style=\"text-align: justify;\"><em>Fotos: Carolina Crisorio<\/em><\/p>\n<p style=\"text-align: justify;\"><em><a href=\"http:\/\/www.ariadnatucma.com.ar\/wp-content\/uploads\/2012\/10\/DSC00639.jpg\"><img loading=\"lazy\" decoding=\"async\" class=\"alignnone size-full wp-image-3590\" title=\"DSC00639\" src=\"http:\/\/www.ariadnatucma.com.ar\/wp-content\/uploads\/2012\/10\/DSC00639.jpg\" alt=\"\" width=\"510\" height=\"680\" srcset=\"https:\/\/www.ariadnatucma.com.ar\/wp-content\/uploads\/2012\/10\/DSC00639.jpg 510w, https:\/\/www.ariadnatucma.com.ar\/wp-content\/uploads\/2012\/10\/DSC00639-225x300.jpg 225w\" sizes=\"auto, (max-width: 510px) 100vw, 510px\" \/><\/a><br \/>\n<\/em><\/p>\n<p style=\"text-align: justify;\">Aqu\u00ed vemos un par de ponys se ofrecen para pasear a los ni\u00f1os, m\u00e1s all\u00e1 una pareja de llamitas que soportan estoicamente que alguien le pague a su propietario para sacarse unas fotos. Una de las callecillas permite ver al fondo, recortada contra el firmamento la cancha del club de futbol Boca Junior, semillero de jugadores &#8211; desde Armando Maradona a Juan Rom\u00e1n Riquelme -.<\/p>\n<p style=\"text-align: justify;\"><a href=\"http:\/\/www.ariadnatucma.com.ar\/wp-content\/uploads\/2012\/10\/DSC00640.jpg\"><img loading=\"lazy\" decoding=\"async\" class=\"alignnone size-full wp-image-3591\" title=\"DSC00640\" src=\"http:\/\/www.ariadnatucma.com.ar\/wp-content\/uploads\/2012\/10\/DSC00640.jpg\" alt=\"\" width=\"510\" height=\"680\" srcset=\"https:\/\/www.ariadnatucma.com.ar\/wp-content\/uploads\/2012\/10\/DSC00640.jpg 510w, https:\/\/www.ariadnatucma.com.ar\/wp-content\/uploads\/2012\/10\/DSC00640-225x300.jpg 225w\" sizes=\"auto, (max-width: 510px) 100vw, 510px\" \/><\/a><\/p>\n<p style=\"text-align: justify;\"><em>Foto: Carolina Crisorio<\/em><\/p>\n<p style=\"text-align: justify;\"><a href=\"http:\/\/www.ariadnatucma.com.ar\/wp-content\/uploads\/2012\/10\/DSC00643.jpg\"><img loading=\"lazy\" decoding=\"async\" class=\"alignnone size-full wp-image-3593\" title=\"DSC00643\" src=\"http:\/\/www.ariadnatucma.com.ar\/wp-content\/uploads\/2012\/10\/DSC00643.jpg\" alt=\"\" width=\"510\" height=\"680\" srcset=\"https:\/\/www.ariadnatucma.com.ar\/wp-content\/uploads\/2012\/10\/DSC00643.jpg 510w, https:\/\/www.ariadnatucma.com.ar\/wp-content\/uploads\/2012\/10\/DSC00643-225x300.jpg 225w\" sizes=\"auto, (max-width: 510px) 100vw, 510px\" \/><\/a><\/p>\n<p style=\"text-align: justify;\"><em>Foto: Carolina Crisorio<\/em><\/p>\n<p style=\"text-align: justify;\">Todo est\u00e1 est\u00e1 armado en funci\u00f3n del turismo&#8230; pero a\u00fan as\u00ed la Boca sigue\u00a0exhibiendo\u00a0su belleza macerada en miles de trabajadores que con su trabajo an\u00f3nimo aportaron a la prosperidad de la ciudad puerto, alimentaron con sus canciones y sus bailes el tango y con sus sue\u00f1os y desdichas la obra de grandes artistas\u00a0pl\u00e1sticos como Benito Quinquela Mart\u00edn &#8211; recordado en un mural enmarcado en rojo coral -, o Antonio Berni cuya serie\u00a0<em>Juanito Laguna<\/em> sigui\u00f3 las alternativas de esta\u00a0recreaci\u00f3n\u00a0de tantos ni\u00f1os sin infancia que viven de la\u00a0recolecci\u00f3n\u00a0de basura con calor o fr\u00edo, sufriendo la crecida del r\u00edo por obra de la sudestada.<\/p>\n<p style=\"text-align: justify;\"><a href=\"http:\/\/www.ariadnatucma.com.ar\/wp-content\/uploads\/2012\/10\/DSC00633.jpg\"><img loading=\"lazy\" decoding=\"async\" class=\"alignnone size-full wp-image-3586\" title=\"DSC00633\" src=\"http:\/\/www.ariadnatucma.com.ar\/wp-content\/uploads\/2012\/10\/DSC00633.jpg\" alt=\"\" width=\"510\" height=\"680\" srcset=\"https:\/\/www.ariadnatucma.com.ar\/wp-content\/uploads\/2012\/10\/DSC00633.jpg 510w, https:\/\/www.ariadnatucma.com.ar\/wp-content\/uploads\/2012\/10\/DSC00633-225x300.jpg 225w\" sizes=\"auto, (max-width: 510px) 100vw, 510px\" \/><\/a><\/p>\n<p style=\"text-align: justify;\"><em>Fotos: Carolina Crisorio<\/em><\/p>\n<p style=\"text-align: justify;\"><a href=\"http:\/\/www.ariadnatucma.com.ar\/wp-content\/uploads\/2012\/10\/DSC00649.jpg\"><img loading=\"lazy\" decoding=\"async\" class=\"alignnone size-full wp-image-3597\" title=\"DSC00649\" src=\"http:\/\/www.ariadnatucma.com.ar\/wp-content\/uploads\/2012\/10\/DSC00649.jpg\" alt=\"\" width=\"562\" height=\"421\" srcset=\"https:\/\/www.ariadnatucma.com.ar\/wp-content\/uploads\/2012\/10\/DSC00649.jpg 624w, https:\/\/www.ariadnatucma.com.ar\/wp-content\/uploads\/2012\/10\/DSC00649-300x225.jpg 300w\" sizes=\"auto, (max-width: 562px) 100vw, 562px\" \/><\/a><\/p>\n<p style=\"text-align: justify;\"><em>Fotos: Carolina Crisorio<\/em><\/p>\n<p style=\"text-align: justify;\"><em><a href=\"http:\/\/www.ariadnatucma.com.ar\/wp-content\/uploads\/2012\/10\/DSC00644.jpg\"><img loading=\"lazy\" decoding=\"async\" class=\"alignnone size-full wp-image-3594\" title=\"DSC00644\" src=\"http:\/\/www.ariadnatucma.com.ar\/wp-content\/uploads\/2012\/10\/DSC00644.jpg\" alt=\"\" width=\"506\" height=\"379\" srcset=\"https:\/\/www.ariadnatucma.com.ar\/wp-content\/uploads\/2012\/10\/DSC00644.jpg 624w, https:\/\/www.ariadnatucma.com.ar\/wp-content\/uploads\/2012\/10\/DSC00644-300x225.jpg 300w\" sizes=\"auto, (max-width: 506px) 100vw, 506px\" \/><\/a><\/em><\/p>\n<p style=\"text-align: justify;\"><em><a href=\"http:\/\/www.ariadnatucma.com.ar\/wp-content\/uploads\/2012\/10\/DSC00645.jpg\"><img loading=\"lazy\" decoding=\"async\" class=\"alignnone size-full wp-image-3595\" title=\"DSC00645\" src=\"http:\/\/www.ariadnatucma.com.ar\/wp-content\/uploads\/2012\/10\/DSC00645.jpg\" alt=\"\" width=\"506\" height=\"379\" srcset=\"https:\/\/www.ariadnatucma.com.ar\/wp-content\/uploads\/2012\/10\/DSC00645.jpg 624w, https:\/\/www.ariadnatucma.com.ar\/wp-content\/uploads\/2012\/10\/DSC00645-300x225.jpg 300w\" sizes=\"auto, (max-width: 506px) 100vw, 506px\" \/><\/a><\/em><\/p>\n<p><em>Foto: Carolina Crisorio<\/em><\/p>\n<p>&nbsp;<\/p>\n<p><em><br \/>\n<\/em><\/p>\n<p><em>Ariadna Tucma Revista Latinoamericana. N\u00ba . 7. Marzo 2012-Febrero 2013 \u2013 Suplemento<\/em><\/p>\n<p><em> <\/em><br \/>\nPublicado por \u00a9www.ariadnatucma.com.ar<\/p>\n<p>&nbsp;<\/p>\n<p>Contacto: info@ariadnatucma.com.ar<\/p>\n<p style=\"text-align: justify;\"><em><br \/>\n<\/em><\/p>\n","protected":false},"excerpt":{"rendered":"<p>La identidad de un barrio Foto: Carolina Crisorio Transformada a lo largo del tiempo, sin embargo de\u00a0alg\u00fan\u00a0modo singular, la Boca sigue manteniendo su propia personalidad.\u00a0<\/p>\n","protected":false},"author":2,"featured_media":0,"comment_status":"closed","ping_status":"closed","sticky":false,"template":"","format":"standard","meta":{"footnotes":""},"categories":[232,227],"tags":[45,271,308],"class_list":["post-3572","post","type-post","status-publish","format-standard","hentry","category-audiovisual","category-suplemento","tag-argentina","tag-buenos-aires","tag-la-boca","entry"],"_links":{"self":[{"href":"https:\/\/www.ariadnatucma.com.ar\/index.php?rest_route=\/wp\/v2\/posts\/3572","targetHints":{"allow":["GET"]}}],"collection":[{"href":"https:\/\/www.ariadnatucma.com.ar\/index.php?rest_route=\/wp\/v2\/posts"}],"about":[{"href":"https:\/\/www.ariadnatucma.com.ar\/index.php?rest_route=\/wp\/v2\/types\/post"}],"author":[{"embeddable":true,"href":"https:\/\/www.ariadnatucma.com.ar\/index.php?rest_route=\/wp\/v2\/users\/2"}],"replies":[{"embeddable":true,"href":"https:\/\/www.ariadnatucma.com.ar\/index.php?rest_route=%2Fwp%2Fv2%2Fcomments&post=3572"}],"version-history":[{"count":16,"href":"https:\/\/www.ariadnatucma.com.ar\/index.php?rest_route=\/wp\/v2\/posts\/3572\/revisions"}],"predecessor-version":[{"id":4816,"href":"https:\/\/www.ariadnatucma.com.ar\/index.php?rest_route=\/wp\/v2\/posts\/3572\/revisions\/4816"}],"wp:attachment":[{"href":"https:\/\/www.ariadnatucma.com.ar\/index.php?rest_route=%2Fwp%2Fv2%2Fmedia&parent=3572"}],"wp:term":[{"taxonomy":"category","embeddable":true,"href":"https:\/\/www.ariadnatucma.com.ar\/index.php?rest_route=%2Fwp%2Fv2%2Fcategories&post=3572"},{"taxonomy":"post_tag","embeddable":true,"href":"https:\/\/www.ariadnatucma.com.ar\/index.php?rest_route=%2Fwp%2Fv2%2Ftags&post=3572"}],"curies":[{"name":"wp","href":"https:\/\/api.w.org\/{rel}","templated":true}]}}