{"id":3539,"date":"2012-09-14T13:08:51","date_gmt":"2012-09-14T16:08:51","guid":{"rendered":"http:\/\/www.ariadnatucma.com.ar\/?p=3539"},"modified":"2012-09-21T03:26:48","modified_gmt":"2012-09-21T06:26:48","slug":"paraguay-en-el-corazon-de-america-latina-y-el-caribe-historia-y-perspectivas","status":"publish","type":"post","link":"https:\/\/www.ariadnatucma.com.ar\/?p=3539","title":{"rendered":"Paraguay en el coraz\u00f3n de Am\u00e9rica Latina y el Caribe: Historia y Perspectivas"},"content":{"rendered":"<h3><a href=\"http:\/\/www.ariadnatucma.com.ar\/wp-content\/uploads\/2012\/09\/Estatua-Plaza.jpg\"><img loading=\"lazy\" decoding=\"async\" class=\"alignleft size-medium wp-image-3540\" title=\"Estatua Plaza\" src=\"http:\/\/www.ariadnatucma.com.ar\/wp-content\/uploads\/2012\/09\/Estatua-Plaza-225x300.jpg\" alt=\"\" width=\"225\" height=\"300\" srcset=\"https:\/\/www.ariadnatucma.com.ar\/wp-content\/uploads\/2012\/09\/Estatua-Plaza-225x300.jpg 225w, https:\/\/www.ariadnatucma.com.ar\/wp-content\/uploads\/2012\/09\/Estatua-Plaza.jpg 510w\" sizes=\"auto, (max-width: 225px) 100vw, 225px\" \/><\/a>Martes 25 de septiembre de 2012<\/h3>\n<p style=\"text-align: justify;\"><strong>MESA REDONDA<\/strong><\/p>\n<p style=\"text-align: justify;\"><em>Paraguay\u00a0en el coraz\u00f3n de Am\u00e9rica Latina y el Caribe:\u00a0Historia y Perspectivas<\/em><\/p>\n<p style=\"text-align: justify;\">&nbsp;<\/p>\n<p style=\"text-align: justify;\"><em>Sergio Guerra Vilaboy<\/em>. Universidad de La Habana. Cuba. Presidente de ADHILAC Internacional.\u00a0<em>Le\u00f3n Pomer.<\/em> Historiador argentino.<em> Domingo La\u00edno<\/em>. Ex funcionario de Itaip\u00fa. Paraguay.Facultad de Filosof\u00eda y Letras. Universidad de Buenos Aires. Pu\u00e1n 480. Ciudad Aut\u00f3noma de Buenos Aires. 19 horas. Aula Boquitas 3 en subsuelo.<\/p>\n<p style=\"text-align: justify;\">&nbsp;<\/p>\n<p style=\"text-align: justify;\">Organizado por: \u00a0C\u00e1tedra de Historia Social General \u201cD\u201d (Gresores &#8211; Spiguel).<\/p>\n<p style=\"text-align: justify;\">Facultad de Filosof\u00eda y Letras. UBA. Asociaci\u00f3n de Historiadores Latinoamericanos y del Caribe (ADHILAC Argentina, ADHILAC Internacional) (www.adhilac.com.ar).<\/p>\n<p style=\"text-align: justify;\">&nbsp;<\/p>\n<p style=\"text-align: justify;\">Auspiciado por: C\u00e1tedra de Historia de Am\u00e9rica III \u2013 (B) Facultad de Filosof\u00eda y Letras. UBA. Ariadna Tucma Revista Latinoamericana (www.ariadnatucma.com.ar)<!--more--><\/p>\n<p style=\"text-align: justify;\">&nbsp;<\/p>\n<p><em>Ariadna Tucma Revista Latinoamericana. N\u00ba . 7. Marzo 2012-Febrero 2013 \u2013 Suplemento<\/em><\/p>\n<p><em> <\/em><br \/>\nPublicado por \u00a9www.ariadnatucma.com.ar<\/p>\n<p>&nbsp;<\/p>\n<p>Contacto: info@ariadnatucma.com.ar<\/p>\n<p style=\"text-align: justify;\">&nbsp;<\/p>\n","protected":false},"excerpt":{"rendered":"<p>Martes 25 de septiembre de 2012 MESA REDONDA Paraguay\u00a0en el coraz\u00f3n de Am\u00e9rica Latina y el Caribe:\u00a0Historia y Perspectivas &nbsp; Sergio Guerra Vilaboy. Universidad de La Habana. Cuba. Presidente de ADHILAC Internacional.\u00a0Le\u00f3n Pomer. Historiador argentino. Domingo La\u00edno. Ex funcionario de Itaip\u00fa. Paraguay.Facultad de Filosof\u00eda y Letras. Universidad de Buenos Aires. Pu\u00e1n 480. Ciudad Aut\u00f3noma de &hellip; <\/p>\n<p class=\"link-more\"><a href=\"https:\/\/www.ariadnatucma.com.ar\/?p=3539\" class=\"more-link\">Seguir leyendo<span class=\"screen-reader-text\"> \u00abParaguay en el coraz\u00f3n de Am\u00e9rica Latina y el Caribe: Historia y Perspectivas\u00bb<\/span><\/a><\/p>\n","protected":false},"author":34,"featured_media":0,"comment_status":"closed","ping_status":"closed","sticky":false,"template":"","format":"standard","meta":{"footnotes":""},"categories":[63],"tags":[9,209],"class_list":["post-3539","post","type-post","status-publish","format-standard","hentry","category-congresos-eventos","tag-america-latina","tag-paraguay","entry"],"_links":{"self":[{"href":"https:\/\/www.ariadnatucma.com.ar\/index.php?rest_route=\/wp\/v2\/posts\/3539","targetHints":{"allow":["GET"]}}],"collection":[{"href":"https:\/\/www.ariadnatucma.com.ar\/index.php?rest_route=\/wp\/v2\/posts"}],"about":[{"href":"https:\/\/www.ariadnatucma.com.ar\/index.php?rest_route=\/wp\/v2\/types\/post"}],"author":[{"embeddable":true,"href":"https:\/\/www.ariadnatucma.com.ar\/index.php?rest_route=\/wp\/v2\/users\/34"}],"replies":[{"embeddable":true,"href":"https:\/\/www.ariadnatucma.com.ar\/index.php?rest_route=%2Fwp%2Fv2%2Fcomments&post=3539"}],"version-history":[{"count":10,"href":"https:\/\/www.ariadnatucma.com.ar\/index.php?rest_route=\/wp\/v2\/posts\/3539\/revisions"}],"predecessor-version":[{"id":3570,"href":"https:\/\/www.ariadnatucma.com.ar\/index.php?rest_route=\/wp\/v2\/posts\/3539\/revisions\/3570"}],"wp:attachment":[{"href":"https:\/\/www.ariadnatucma.com.ar\/index.php?rest_route=%2Fwp%2Fv2%2Fmedia&parent=3539"}],"wp:term":[{"taxonomy":"category","embeddable":true,"href":"https:\/\/www.ariadnatucma.com.ar\/index.php?rest_route=%2Fwp%2Fv2%2Fcategories&post=3539"},{"taxonomy":"post_tag","embeddable":true,"href":"https:\/\/www.ariadnatucma.com.ar\/index.php?rest_route=%2Fwp%2Fv2%2Ftags&post=3539"}],"curies":[{"name":"wp","href":"https:\/\/api.w.org\/{rel}","templated":true}]}}