{"id":3357,"date":"2012-08-08T07:50:48","date_gmt":"2012-08-08T10:50:48","guid":{"rendered":"http:\/\/www.ariadnatucma.com.ar\/?p=3357"},"modified":"2012-08-08T11:25:08","modified_gmt":"2012-08-08T14:25:08","slug":"de-maestro-a-presidente-ideas-y-pensamientos-de-domingo-f-sarmiento","status":"publish","type":"post","link":"https:\/\/www.ariadnatucma.com.ar\/?p=3357","title":{"rendered":"De maestro a presidente. Ideas y pensamientos de Domingo F. Sarmiento"},"content":{"rendered":"<p style=\"text-align: justify;\">Alejandro Pisnoy *<\/p>\n<p style=\"text-align: justify; padding-left: 30px;\"><em>\u201c<\/em><em>La<\/em><em> <\/em><em>especie<\/em><em> <\/em><em>humana<\/em><em> <\/em><em>marcha<\/em><em> <\/em><em>a<\/em><em> <\/em><em>reunirse<\/em><em> <\/em><em>en<\/em><em> <\/em><em>grandes<\/em><em> <\/em><em>grupos,<\/em><em> <\/em><em>por<\/em><em> <\/em><em>razas,<\/em><em> <\/em><em>por<\/em><em> <\/em><em>lenguas,<\/em><em> <\/em><em>por<\/em><em> <\/em><em>civilizaciones<\/em><em> <\/em><em>id\u00e9nticas<\/em><em> <\/em><em>y<\/em><em> <\/em><em>an\u00e1logas<\/em><em>\u201d<\/em><em>.<\/em><\/p>\n<p style=\"text-align: justify;\"><a href=\"http:\/\/www.ariadnatucma.com.ar\/wp-content\/uploads\/2012\/08\/Candido-Lopez-Guerra-Paraguay-03-Prisioneros-heridos.jpg\"><img loading=\"lazy\" decoding=\"async\" class=\"size-full wp-image-3358 alignnone\" title=\"Candido Lopez Guerra Paraguay 03-Prisioneros heridos\" src=\"http:\/\/www.ariadnatucma.com.ar\/wp-content\/uploads\/2012\/08\/Candido-Lopez-Guerra-Paraguay-03-Prisioneros-heridos.jpg\" alt=\"\" width=\"449\" height=\"282\" srcset=\"https:\/\/www.ariadnatucma.com.ar\/wp-content\/uploads\/2012\/08\/Candido-Lopez-Guerra-Paraguay-03-Prisioneros-heridos.jpg 624w, https:\/\/www.ariadnatucma.com.ar\/wp-content\/uploads\/2012\/08\/Candido-Lopez-Guerra-Paraguay-03-Prisioneros-heridos-300x187.jpg 300w\" sizes=\"auto, (max-width: 449px) 100vw, 449px\" \/><\/a><\/p>\n<p style=\"text-align: justify;\"><em>Prisioneros paraguayos heridos en la guerra con la Argentina. C\u00e1ndido L\u00f3pez. <!--more-->Museo de Bellas Artes. Buenos Aires. Argentina. Foto. Carolina Crisorio<br \/>\n<\/em><\/p>\n<p style=\"padding-left: 30px; text-align: justify;\">&nbsp;<\/p>\n<p style=\"padding-left: 30px; text-align: justify;\"><em>\u201c<\/em><em>\u00bfLograremos<\/em><em> <\/em><em>exterminar<\/em><em> <\/em><em>a<\/em><em> <\/em><em>los<\/em><em> <\/em><em>indios?<\/em><em> <\/em><em>Por<\/em><em> <\/em><em>los<\/em><em> <\/em><em>salvajes<\/em><em> <\/em><em>de<\/em><em> <\/em><em>Am\u00e9rica<\/em><em> <\/em><em>siento<\/em><em> <\/em><em>una<\/em><em> <\/em><em>invencible<\/em><em> <\/em><em>repugnancia<\/em><em> <\/em><em>sin<\/em><em> <\/em><em>poderlo<\/em><em> <\/em><em>remediar<\/em><em> <\/em><em>[<\/em><em>\u2026<\/em><em>]<\/em><em> <\/em><em>Incapaces<\/em><em> <\/em><em>de<\/em><em> <\/em><em>progreso,<\/em><em> <\/em><em>su<\/em><em> <\/em><em>exterminio<\/em><em> <\/em><em>es<\/em><em> <\/em><em>providencial<\/em><em> <\/em><em>y<\/em><em> <\/em><em>\u00fatil,<\/em><em> <\/em><em>sublime<\/em><em> <\/em><em>y<\/em><em> <\/em><em>grande.<\/em><em> <\/em><em>Se<\/em><em> <\/em><em>les<\/em><em> <\/em><em>debe<\/em><em> <\/em><em>exterminar<\/em><em> <\/em><em>sin<\/em><em> <\/em><em>ni<\/em><em> <\/em><em>siquiera<\/em><em> <\/em><em>perdonar<\/em><em> <\/em><em>al<\/em><em> <\/em><em>peque\u00f1o,<\/em><em> <\/em><em>que<\/em><em> <\/em><em>tiene<\/em><em> <\/em><em>ya<\/em><em> <\/em><em>el<\/em><em> <\/em><em>odio<\/em><em> <\/em><em>instintivo<\/em><em> <\/em><em>al<\/em><em> <\/em><em>hombre<\/em><em> <\/em><em>civilizado<\/em><em>\u201d<\/em><\/p>\n<p style=\"padding-left: 30px; text-align: justify;\"><em><br \/>\n<\/em><\/p>\n<p style=\"padding-left: 30px; text-align: justify;\"><em> <\/em><\/p>\n<p style=\"padding-left: 30px; text-align: justify;\"><em>\u201c<\/em><em>La<\/em><em> <\/em><em>educaci\u00f3n<\/em><em> <\/em><em>p\u00fablica<\/em><em> <\/em><em>no<\/em><em> <\/em><em>debe<\/em><em> <\/em><em>tener<\/em><em> <\/em><em>otro<\/em><em> <\/em><em>fin<\/em><em> <\/em><em>que<\/em><em> <\/em><em>el<\/em><em> <\/em><em>aumentar<\/em><em> <\/em><em>estas<\/em><em> <\/em><em>fuerzas<\/em><em> <\/em><em>de<\/em><em> <\/em><em>producci\u00f3n,<\/em><em> <\/em><em>de<\/em><em> <\/em><em>acci\u00f3n<\/em><em> <\/em><em>y<\/em><em> <\/em><em>de<\/em><em> <\/em><em>direcci\u00f3n,<\/em><em> <\/em><em>aumentando<\/em><em> <\/em><em>cada<\/em><em> <\/em><em>vez<\/em><em> <\/em><em>m\u00e1s<\/em><em> <\/em><em>el<\/em><em> <\/em><em>n\u00famero<\/em><em> <\/em><em>de<\/em><em> <\/em><em>individuos<\/em><em> <\/em><em>que<\/em><em> <\/em><em>la<\/em><em> <\/em><em>posean<\/em><em>\u201d<\/em><em>.<\/em><\/p>\n<p style=\"text-align: justify;\">&nbsp;<\/p>\n<p style=\"text-align: justify;\">Hablar de Sarmiento, es hablar de uno de los pensadores m\u00e1s brillantes de su \u00e9poca, pero a su vez es hablar de uno de los pr\u00f3ceres menos populares de nuestra historia. No podemos desligar su pensamiento sobre el progreso del pa\u00eds, la educaci\u00f3n o el proyecto <em>Argir\u00f3polis<\/em> que buscaba la unificaci\u00f3n de Argentina, Paraguay y Uruguay, cuya capital se encontrar\u00eda en la Isla Mart\u00edn Garc\u00eda[1]. Pero tampoco podemos separarlo de ser una persona que siempre estuvo en desacuerdo con los pueblos originarios que habitaban estas tierras, sus tierras; la agresi\u00f3n al Paraguay justificando la Guerra de la Triple Alianza analizando que ese pa\u00eds se encontraba bajo una tiran\u00eda, a\u00f1os m\u00e1s tarde, una vez derrotado y restablecido \u201cel orden\u201d elegir\u00e1 esas tierras, por cuestiones de salud,\u00a0 donde pasar\u00e1 a la inmortalidad. Tampoco podemos dejar de mencionar su opini\u00f3n en contra de las Revoluciones Europeas del 48 y el Socialismo. Su \u201cCivilizaci\u00f3n y Barbarie\u201d, el constante enfrentamiento con el gobierno de Juan Manuel de Rosas y la oligarqu\u00eda terrateniente y ganadera del pa\u00eds; sin olvidar tampoco, la gran cantidad de peri\u00f3dicos creados en este pa\u00eds como as\u00ed tambi\u00e9n desde su exilio en Chile. Varias de estas cuestiones son las que desarrollare en estas l\u00edneas, de la manera m\u00e1s justa y equitativa posible, para que podamos conocer, y sacar conclusiones propias sobre la figura y el pensamiento de este hombre que adem\u00e1s, fue presidente de nuestro pa\u00eds.<\/p>\n<p style=\"text-align: justify;\">&nbsp;<\/p>\n<p style=\"text-align: justify;\">Naci\u00f3 en San Juan el 15 de febrero de 1811 en los inicio de la emancipaci\u00f3n de Nuestro Continente, m\u00e1s precisamente en el barrio el Carrascal, uno de los m\u00e1s humildes de la ciudad; hijo de Don Jos\u00e9 Clemente Sarmiento y Do\u00f1a Paula Albarrac\u00edn. Su nombre completo era Faustino Valent\u00edn Quiroga Sarmiento, pero su familia lo llamaba con el nombre que lo conocemos, Domingo, seg\u00fan dicen algunas fuentes y comentarios, ese fue el nombre que le quiso dar su madre y no pudo. Cuatro a\u00f1os m\u00e1s tarde ingresa en la \u201cEscuela de la Patria\u201d que hab\u00eda fundado el gobierno revolucionario, y sus primero educadores fueron Jos\u00e9 e Ignacio Rodr\u00edguez. En 1826, fue testigo de las guerras civiles de su provincia donde a los quince a\u00f1os se exilia junto a su t\u00edo del pueblo Jos\u00e9 de Oro a San Francisco del Monte en San Luis, y fundan una escuela donde Sarmiento comenz\u00f3 a ense\u00f1ar como maestro de adultos.<\/p>\n<p style=\"text-align: justify;\">&nbsp;<\/p>\n<p style=\"text-align: justify;\">En 1827 regresa a San Juan, no s\u00f3lo trabajara en la tienda de su t\u00eda, sino que adem\u00e1s ante la invasi\u00f3n de las montoneras de Facundo Quiroga a su provincia se sum\u00f3 como teniente a las fuerzas unitarias que estaban al mando del Gral. Paz. Pero el triunfo de los federales en la batalla de Pilar lo llevara a tomar la decisi\u00f3n, en 1831, de exiliarse a Chile, m\u00e1s precisamente a Santa Rosa de los Andes, donde se hizo cargo de la escuela municipal, al tiempo se traslad\u00f3 al pueblo de Pocura donde fund\u00f3 su propia escuela; al a\u00f1o siguiente decide residir en Valparaiso donde trabajar\u00e1 como\u00a0capataz\u00a0en una mina de Copiap\u00f3.<\/p>\n<p style=\"text-align: justify;\">&nbsp;<\/p>\n<p style=\"text-align: justify;\">En 1836 regres\u00f3 a San Juan y junto a otros j\u00f3venes de la ciudad crea la Sociedad de Estudios Literarios que funcion\u00f3 como filial de la Asociaci\u00f3n de Mayo; luego, no s\u00f3lo fund\u00f3 el Colegio de Se\u00f1oritas de Santa Rosa de Am\u00e9rica, sino que tambi\u00e9n cre\u00f3 su primer diario, \u201cEl Zonda\u201d, al que debi\u00f3 cerrar en 1840 porque el gobierno de la provincia se opuso a sus cr\u00edticas y le obligaron a pagar impuestos muy altos; adem\u00e1s fue acusado de integrar una conspiraci\u00f3n y debi\u00f3 exiliarse en Chile nuevamente, y a su paso por la Quebrada del Zonda escribe \u201cLas ideas no se matan\u201d. Instalado en Chile nuevamente escribe como periodista en el diario \u201cEl Mercurio\u201d y funda los peri\u00f3dicos \u201cEl Progreso\u201d y \u201cEl Heraldo Argentino\u201d, y la primera Escuela Normal de Sudam\u00e9rica donde ejerci\u00f3 como director. Entre 1845 y 1847, fundo \u201cEl Progreso\u201d y \u201cLa Tribuna\u201d, desde donde cr\u00edtico al gobierno de Rosas, y public\u00f3 la primera entrega de \u201cFacundo. Civilizaci\u00f3n y Barbarie\u201d, en el primer peri\u00f3dico mencionado. Adem\u00e1s por encargo del gobierno de Chile, es enviado a Estados Unidos para entrevistarse con el educador Horace Mann, y estudiar los m\u00e9todos de educaci\u00f3n primaria, tema que adem\u00e1s le interesar\u00e1, junto con las comunicaciones, a lo largo del resto de la gira por Uruguay, Brasil, Cuba,\u00a0 Argelia, Espa\u00f1a y Francia donde se reuni\u00f3 con Jos\u00e9 de San Mart\u00edn.<\/p>\n<p style=\"text-align: justify;\">&nbsp;<\/p>\n<p style=\"text-align: justify;\">Entre 1849 y fines de 1851, funda los peri\u00f3dicos \u201cLa Cr\u00f3nica\u201d, \u201cLa Tribuna\u201d y el semanario \u201cSud Am\u00e9rica\u201d; adem\u00e1s publica \u201cEducaci\u00f3n Popular\u201d, \u201cViajes por Europa, \u00c1frica y Am\u00e9rica\u201d, \u201cArgir\u00f3polis\u201d y \u201cRecuerdos de Provincia\u201d. Se incorpora junto con otros exiliados como Boletinero con el grado de teniente coronel, en Montevideo al Ej\u00e9rcito Grande en apoyo a Urquiza qui\u00e9n se hab\u00eda levantado contra Rosas. En 1852 participa de la batalla de Caseros, pero entra en desacuerdo pol\u00edticamante con Urquiza y decide regresar a Chile desde donde publica \u201cComentarios a la Constituci\u00f3n de la Confederaci\u00f3n Argentina\u201d. Regresa al pa\u00eds, ya definitivamente, en 1855 donde fue uno de los escritores m\u00e1s importantes del diario \u201cEl Nacional\u201d; tambi\u00e9n fue designado miembro del Consejo Consultivo del Gobierno de la Provincia de Buenos Aires y profesor de Derecho Constitucional en la Universidad de Buenos Aires. Al a\u00f1o siguiente paso a ser el Jefe del Departamento de Escuelas de la Provincia de Buenos Aires.<\/p>\n<p style=\"text-align: justify;\">&nbsp;<\/p>\n<p style=\"text-align: justify;\">En los diez a\u00f1os que anteceden su arribo a la presidencia en 1868, fue elegido como Senador para la Legislatura Porte\u00f1a, en 1860 es nombrado por Mitre como Ministro de Gobierno y de Relaciones Exteriores de la Provincia de Buenos Aires. En 1862 Bartolom\u00e9 Mitre llega a la presidencia de la Naci\u00f3n, y Sarmiento asume como gobernador de su provincia por dos a\u00f1os, ya que en 1864 fue designado como Ministro Plenipotenciario ante los gobiernos de Chile, Per\u00fa y EE.UU. Durante su residencia en este \u00faltimo pa\u00eds, comenz\u00f3, en 1865, la Guerra de la Triple Alianza contra Paraguay. En 1867 por iniciativa de Lucio Mansilla es propuesto como candidato a la presidencia, al a\u00f1o siguiente fue condecorado en la Universidad de Michigan (EE.UU.) con el t\u00edtulo de Doctor en Leyes \u201cHonoris Causa\u201d. A comienzos de febrero los autonomistas del Club Libertad proclaman p\u00fablicamente su candidatura a presidente, y en su regreso a la Argentina se entera que fue elegido como Presidente de la Naci\u00f3n por el t\u00e9rmino de seis a\u00f1os.<\/p>\n<p style=\"text-align: justify;\">&nbsp;<\/p>\n<p style=\"text-align: justify;\">Durante su presidencia la econom\u00eda fue de corte liberal. Declaro la libertad de prensa, cre\u00f3 el Bolet\u00edn Oficial, el Registro Nacional de Agricultura, el Asilo de Inmigrantes, la Oficina Meteorol\u00f3gica, el Museo de Ciencias Naturales, y la realizaci\u00f3n el primer censo nacional, donde a pesar de las dificultades se supo que la Argentina estaba habitada por, alrededor de, 1.700.000 personas, de los cuales m\u00e1s del 70% eran analfabetos. Instalo el servicio telegr\u00e1fico y profundizo la extensi\u00f3n del ferrocarril y el desarrollo de la educaci\u00f3n p\u00fablica y la pedagog\u00eda. En 1870 finaliza con un saldo tr\u00e1gico, sobre todo para Paraguay, la Guerra de la Triple Alianza que hab\u00eda comenzado durante la presidencia de Mitre. Al cabo de seis a\u00f1os de gobierno, en 1874, entreg\u00f3 la presidencia a su ministro Nicol\u00e1s Avellaneda. Al a\u00f1o siguiente es elegido como Senador por su provincia, adem\u00e1s asume como Director General de Escuelas de la Provincia de Buenos Aires. En 1879 es nombrado Ministro del Interior y dos a\u00f1os m\u00e1s tarde es nombrado Presidente del Consejo Nacional de Educaci\u00f3n y se edita el primer n\u00famero del \u201cMonitor de la Educaci\u00f3n Com\u00fan\u201d.\u00a0 En sus \u00faltimos a\u00f1os de vida funda su \u00faltimo peri\u00f3dico, \u201cEl Censor\u201d y publica la vida de su hijo adoptivo Dominguito, muerto en la Guerra del Paraguay. En los meses de invierno de 1888 se traslada a Paraguay donde fallece el 11 de Septiembre de ese mismo a\u00f1o.<\/p>\n<p style=\"text-align: justify;\"><a href=\"http:\/\/www.ariadnatucma.com.ar\/wp-content\/uploads\/2012\/08\/Pallier-JeanLeon-Pulperia.jpg\"><img loading=\"lazy\" decoding=\"async\" class=\"alignnone size-full wp-image-3365\" title=\"Pallier-JeanLeon-Pulperia\" src=\"http:\/\/www.ariadnatucma.com.ar\/wp-content\/uploads\/2012\/08\/Pallier-JeanLeon-Pulperia.jpg\" alt=\"\" width=\"441\" height=\"446\" \/><\/a><\/p>\n<p style=\"text-align: justify;\"><em>Pulper\u00eda<\/em><em>, Jean Leon Pallier. <\/em><\/p>\n<p style=\"text-align: justify;\"><em><br \/>\n<\/em><\/p>\n<p style=\"text-align: justify;\"><strong>Independencia,<\/strong><strong> <\/strong><strong>Imperialismo<\/strong><strong> <\/strong><strong>y<\/strong><strong> <\/strong><strong>Participaci\u00f3n<\/strong><strong> <\/strong><strong>Popular<\/strong><\/p>\n<p style=\"text-align: justify;\"><strong><span style=\"text-decoration: underline;\"> <\/span><\/strong><\/p>\n<p style=\"text-align: justify;\">&nbsp;<\/p>\n<p style=\"text-align: justify; padding-left: 30px;\">Un tema central en la historia de Nuestro Continente fue el per\u00edodo emancipatorio, y la libertad que signific\u00f3 para nuestros pueblos, pero, \u00bfcon que ojos ve\u00eda y analizaba Sarmiento este concepto tan importante para los hombres y los pueblos?; Sarmiento afirmaba que <em>\u201c<\/em><em>no<\/em><em> <\/em><em>hay<\/em><em> <\/em><em>libertad<\/em><em> <\/em><em>honrada;<\/em><em> <\/em><em>por<\/em><em> <\/em><em>la<\/em><em> <\/em><em>raz\u00f3n<\/em><em> <\/em><em>sencilla<\/em><em> <\/em><em>que<\/em><em> <\/em><em>no<\/em><em> <\/em><em>hay<\/em><em> <\/em><em>libertad<\/em><em> <\/em><em>p\u00edcara.<\/em><em> <\/em><em>No<\/em><em> <\/em><em>hay<\/em><em> <\/em><em>libertad<\/em><em> <\/em><em>limitada,<\/em><em> <\/em><em>porque<\/em><em> <\/em><em>la<\/em><em> <\/em><em>libertad<\/em><em> <\/em><em>desde<\/em><em> <\/em><em>que<\/em><em> <\/em><em>atropella<\/em><em> <\/em><em>el<\/em><em> <\/em><em>derecho<\/em><em> <\/em><em>ajeno,<\/em><em> <\/em><em>deja<\/em><em> <\/em><em>de<\/em><em> <\/em><em>ser<\/em><em> <\/em><em>liberal<\/em><em> <\/em><em>y<\/em><em> <\/em><em>se<\/em><em> <\/em><em>torna<\/em><em> <\/em><em>en<\/em><em> <\/em><em>violencia,<\/em><em> <\/em><em>tiran\u00eda,<\/em><em> <\/em><em>licencia;<\/em><em> <\/em><em>y<\/em><em> <\/em><em>la<\/em><em> <\/em><em>lengua<\/em><em> <\/em><em>espa\u00f1ola<\/em><em> <\/em><em>como<\/em><em> <\/em><em>todas<\/em><em> <\/em><em>las<\/em><em> <\/em><em>lenguas,<\/em><em> <\/em><em>tiene<\/em><em> <\/em><em>palabras<\/em><em> <\/em><em>claras<\/em><em> <\/em><em>y<\/em><em> <\/em><em>precisas<\/em><em> <\/em><em>para<\/em><em> <\/em><em>definir<\/em><em> <\/em><em>cada<\/em><em> <\/em><em>cosa<\/em><em> <\/em><em>y<\/em><em> <\/em><em>darle<\/em><em> <\/em><em>su<\/em><em> <\/em><em>nombre<\/em><em>\u201d<\/em>[2].<em> <\/em>A est\u00e1s palabras sobre el concepto de libertad agrega en su visi\u00f3n sobre la Revoluci\u00f3n Francesa de 1789, que esta es <em>\u201c<\/em><em>la<\/em><em> <\/em><em>proclamaci\u00f3n<\/em><em> <\/em><em>de<\/em><em> <\/em><em>la<\/em><em> <\/em><em>justicia<\/em><em> <\/em><em>entre<\/em><em> <\/em><em>los<\/em><em> <\/em><em>pueblos,<\/em><em> <\/em><em>la<\/em><em> <\/em><em>igualdad<\/em><em> <\/em><em>entre<\/em><em> <\/em><em>los<\/em><em> <\/em><em>hombres,<\/em><em> <\/em><em>el<\/em><em> <\/em><em>derecho<\/em><em> <\/em><em>de<\/em><em> <\/em><em>la<\/em><em> <\/em><em>raz\u00f3n,<\/em><em> <\/em><em>la<\/em><em> <\/em><em>abolici\u00f3n<\/em><em> <\/em><em>del<\/em><em> <\/em><em>antiguo<\/em><em> <\/em><em>derramamiento<\/em><em> <\/em><em>de<\/em><em> <\/em><em>sangre,<\/em><em> <\/em><em>en<\/em><em> <\/em><em>nombre<\/em><em> <\/em><em>del<\/em><em> <\/em><em>inter\u00e9s<\/em><em> <\/em><em>de<\/em><em> <\/em><em>la<\/em><em> <\/em><em>sociedad,<\/em><em> <\/em><em>como<\/em><em> <\/em><em>hab\u00eda<\/em><em> <\/em><em>sido<\/em><em> <\/em><em>abolido<\/em><em> <\/em><em>ya<\/em><em> <\/em><em>en<\/em><em> <\/em><em>nombre<\/em><em> <\/em><em>de<\/em><em> <\/em><em>\u00e9sta<\/em><em> <\/em><em>o<\/em><em> <\/em><em>la<\/em><em> <\/em><em>otra<\/em><em> <\/em><em>religi\u00f3n<\/em><em> <\/em><em>[<\/em><em>\u2026<\/em><em>]<\/em><em> <\/em><em>pero<\/em><em> <\/em><em>acostumbr\u00e9monos<\/em><em> <\/em><em>a<\/em><em> <\/em><em>la<\/em><em> <\/em><em>discusi\u00f3n<\/em><em> <\/em><em>de<\/em><em> <\/em><em>la<\/em><em> <\/em><em>ideas<\/em><em> <\/em><em>[<\/em><em>\u2026<\/em><em>]<\/em><em> <\/em><em>un\u00e1monos<\/em><em> <\/em><em>todos<\/em><em> <\/em><em>en<\/em><em> <\/em><em>un<\/em><em> <\/em><em>s\u00f3lo<\/em><em> <\/em><em>sentimiento,<\/em><em> <\/em><em>en<\/em><em> <\/em><em>el<\/em><em> <\/em><em>de<\/em><em> <\/em><em>no<\/em><em> <\/em><em>derramar<\/em><em> <\/em><em>sangre,<\/em><em> <\/em><em>ni<\/em><em> <\/em><em>en<\/em><em> <\/em><em>nombre<\/em><em> <\/em><em>de<\/em><em> <\/em><em>la<\/em><em> <\/em><em>conservaci\u00f3n<\/em><em> <\/em><em>del<\/em><em> <\/em><em>orden<\/em><em> <\/em><em>por<\/em><em> <\/em><em>la<\/em><em> <\/em><em>mano<\/em><em> <\/em><em>del<\/em><em> <\/em><em>gobierno,<\/em><em> <\/em><em>ni<\/em><em> <\/em><em>en<\/em><em> <\/em><em>nombre<\/em><em> <\/em><em>de<\/em><em> <\/em><em>la<\/em><em> <\/em><em>libertad<\/em><em> <\/em><em>oprimida<\/em><em> <\/em><em>por<\/em><em> <\/em><em>mano<\/em><em> <\/em><em>de<\/em><em> <\/em><em>los<\/em><em> <\/em><em>partidos.<\/em><em> <\/em><em>Este<\/em><em> <\/em><em>es<\/em><em> <\/em><em>el<\/em><em> <\/em><em>gran<\/em><em> <\/em><em>principio<\/em><em> <\/em><em>que<\/em><em> <\/em><em>ha<\/em><em> <\/em><em>triunfado<\/em><em> <\/em><em>en<\/em><em> <\/em><em>Francia<\/em><em> <\/em><em>[<\/em><em>\u2026<\/em><em>]<\/em><em> <\/em><em>Libertas:<\/em><em> <\/em><em>he<\/em><em> <\/em><em>aqu\u00ed<\/em><em> <\/em><em>el<\/em><em> <\/em><em>principio<\/em><em> <\/em><em>de<\/em><em> <\/em><em>la<\/em><em> <\/em><em>ley<\/em><em> <\/em><em>civil.<\/em><em> <\/em><em>Igualdad:<\/em><em> <\/em><em>he<\/em><em> <\/em><em>aqu\u00ed<\/em><em> <\/em><em>el<\/em><em> <\/em><em>principio<\/em><em> <\/em><em>de<\/em><em> <\/em><em>asociaci\u00f3n.<\/em><em> <\/em><em>Fraternidad:<\/em><em> <\/em><em>he<\/em><em> <\/em><em>aqu\u00ed<\/em><em> <\/em><em>el<\/em><em> <\/em><em>principio<\/em><em> <\/em><em>de<\/em><em> <\/em><em>la<\/em><em> <\/em><em>ley<\/em><em> <\/em><em>de<\/em><em> <\/em><em>las<\/em><em> <\/em><em>naciones<\/em><em>\u201d <\/em>[3]<em>.<\/em><em> <\/em>Si bien resalta la libertad y la igualdad, tambi\u00e9n la cr\u00edtica, y en esa cr\u00edtica tambi\u00e9n los hace al pa\u00eds escribiendo que <em>\u201c<\/em><em>estas<\/em><em> <\/em><em>rep\u00fablicas<\/em><em> <\/em><em>nada<\/em><em> <\/em><em>han<\/em><em> <\/em><em>inventado<\/em><em> <\/em><em>en<\/em><em> <\/em><em>materia<\/em><em> <\/em><em>de<\/em><em> <\/em><em>constituciones<\/em><em> <\/em><em>pol\u00edticas.<\/em><em> <\/em><em>En<\/em><em> <\/em><em>efecto,<\/em><em> <\/em><em>esta<\/em><em> <\/em><em>ser\u00eda<\/em><em> <\/em><em>su<\/em><em> <\/em><em>mayor<\/em><em> <\/em><em>gloria,<\/em><em> <\/em><em>si<\/em><em> <\/em><em>de<\/em><em> <\/em><em>vez<\/em><em> <\/em><em>en<\/em><em> <\/em><em>cuando<\/em><em> <\/em><em>no<\/em><em> <\/em><em>pretendiesen<\/em><em> <\/em><em>ser<\/em><em> <\/em><em>originales.<\/em><em> <\/em><em>En<\/em><em> <\/em><em>materia<\/em><em> <\/em><em>de<\/em><em> <\/em><em>originalidad<\/em><em> <\/em><em>nada<\/em><em> <\/em><em>podemos<\/em><em> <\/em><em>presentar<\/em><em> <\/em><em>al<\/em><em> <\/em><em>mundo<\/em><em> <\/em><em>sino<\/em><em> <\/em><em>la<\/em><em> <\/em><em>tiran\u00eda<\/em><em> <\/em><em>de<\/em><em> <\/em><em>don<\/em><em> <\/em><em>Juan<\/em><em> <\/em><em>Manuel<\/em><em> <\/em><em>de<\/em><em> <\/em><em>Rosas.<\/em><em> <\/em><em>No<\/em><em> <\/em><em>est\u00e1<\/em><em> <\/em><em>el<\/em><em> <\/em><em>error<\/em><em> <\/em><em>en<\/em><em> <\/em><em>haber<\/em><em> <\/em><em>imitado<\/em><em> <\/em><em>y<\/em><em> <\/em><em>aun<\/em><em> <\/em><em>plagiado,<\/em><em> <\/em><em>sino<\/em><em> <\/em><em>haber<\/em><em> <\/em><em>copiado<\/em><em> <\/em><em>p\u00e9simos<\/em><em> <\/em><em>modelos,<\/em><em> <\/em><em>y<\/em><em> <\/em><em>esos<\/em><em> <\/em><em>son<\/em><em> <\/em><em>los<\/em><em> <\/em><em>que<\/em><em> <\/em><em>nos<\/em><em> <\/em><em>ha<\/em><em> <\/em><em>dado<\/em><em> <\/em><em>la<\/em><em> <\/em><em>Francia,<\/em><em> <\/em><em>en<\/em><em> <\/em><em>la<\/em><em> <\/em><em>revoluci\u00f3n<\/em><em> <\/em><em>del<\/em><em> <\/em><em>89,<\/em><em> <\/em><em>en<\/em><em> <\/em><em>el<\/em><em> <\/em><em>imperio,<\/em><em> <\/em><em>en<\/em><em> <\/em><em>la<\/em><em> <\/em><em>restauraci\u00f3n,<\/em><em> <\/em><em>en<\/em><em> <\/em><em>la<\/em><em> <\/em><em>rep\u00fablica<\/em><em> <\/em><em>y<\/em><em> <\/em><em>en<\/em><em> <\/em><em>la<\/em><em> <\/em><em>revoluci\u00f3n<\/em><em> <\/em><em>[<\/em><em>\u2026<\/em><em>]<\/em><em> <\/em><em>con<\/em><em> <\/em><em>las<\/em><em> <\/em><em>ideas<\/em><em> <\/em><em>moderadas<\/em><em> <\/em><em>y<\/em><em> <\/em><em>pretendidas<\/em><em> <\/em><em>sensatas<\/em><em> <\/em><em>no<\/em><em> <\/em><em>han<\/em><em> <\/em><em>hecho<\/em><em> <\/em><em>m\u00e1s<\/em><em> <\/em><em>que<\/em><em> <\/em><em>provocar<\/em><em> <\/em><em>un<\/em><em> <\/em><em>desquicio<\/em><em> <\/em><em>universal;<\/em><em> <\/em><em>que<\/em><em> <\/em><em>cuando<\/em><em> <\/em><em>obtuvieron<\/em><em> <\/em><em>la<\/em><em> <\/em><em>Rep\u00fablica,<\/em><em> <\/em><em>trajeron<\/em><em> <\/em><em>el<\/em><em> <\/em><em>socialismo,<\/em><em> <\/em><em>y<\/em><em> <\/em><em>cuando<\/em><em> <\/em><em>ten\u00edan<\/em><em> <\/em><em>en<\/em><em> <\/em><em>sus<\/em><em> <\/em><em>manos<\/em><em> <\/em><em>el<\/em><em> <\/em><em>poder,<\/em><em> <\/em><em>se<\/em><em> <\/em><em>hicieron<\/em><em> <\/em><em>tomar<\/em><em> <\/em><em>del<\/em><em> <\/em><em>cuello<\/em><em> <\/em><em>por<\/em><em> <\/em><em>un<\/em><em> <\/em><em>golpe<\/em><em> <\/em><em>de<\/em><em> <\/em><em>Estado.<\/em><em> <\/em><em>Citar<\/em><em> <\/em><em>sus<\/em><em> <\/em><em>doctrinas<\/em><em> <\/em><em>es<\/em><em> <\/em><em>mostrarnos<\/em><em> <\/em><em>el<\/em><em> <\/em><em>medio<\/em><em> <\/em><em>seguro<\/em><em> <\/em><em>de<\/em><em> <\/em><em>arribar<\/em><em> <\/em><em>a<\/em><em> <\/em><em>resultados<\/em><em> <\/em><em>an\u00e1logos<\/em><em>\u201d <\/em>[4].<\/p>\n<p style=\"text-align: justify;\">&nbsp;<\/p>\n<p style=\"text-align: justify;\">Hasta aqu\u00ed nos encontramos con un Sarmiento que por un lado resalta el triunfo de la revoluci\u00f3n francesa desde tres ideales centrales; pero cr\u00edtica y cuestiona el camino que tomo la Rep\u00fablica y su continuidad en las independencias de Am\u00e9rica, a las cuales podemos agregar las palabras que expresa en\u00a0 el cap\u00edtulo IV del \u201cFacundo\u201d, Revoluci\u00f3n de 1810, cuando dice que<\/p>\n<p style=\"text-align: justify; padding-left: 30px;\"><em>\u201c<\/em><em>he<\/em><em> <\/em><em>necesitado<\/em><em> <\/em><em>andar<\/em><em> <\/em><em>todo<\/em><em> <\/em><em>el<\/em><em> <\/em><em>camino<\/em><em> <\/em><em>que<\/em><em> <\/em><em>dejo<\/em><em> <\/em><em>recorrido<\/em><em> <\/em><em>para<\/em><em> <\/em><em>llegar<\/em><em> <\/em><em>al<\/em><em> <\/em><em>punto<\/em><em> <\/em><em>en<\/em><em> <\/em><em>que<\/em><em> <\/em><em>nuestro<\/em><em> <\/em><em>drama<\/em><em> <\/em><em>comienza.<\/em><em> <\/em><em>Es<\/em><em> <\/em><em>in\u00fatil<\/em><em> <\/em><em>detenerse<\/em><em> <\/em><em>en<\/em><em> <\/em><em>el<\/em><em> <\/em><em>car\u00e1cter,<\/em><em> <\/em><em>objeto<\/em><em> <\/em><em>y<\/em><em> <\/em><em>fin<\/em><em> <\/em><em>de<\/em><em> <\/em><em>la<\/em><em> <\/em><em>Revoluci\u00f3n<\/em><em> <\/em><em>de<\/em><em> <\/em><em>la<\/em><em> <\/em><em>Independencia.<\/em><em> <\/em><em>En<\/em><em> <\/em><em>toda<\/em><em> <\/em><em>Am\u00e9rica<\/em><em> <\/em><em>fueron<\/em><em> <\/em><em>los<\/em><em> <\/em><em>mismos,<\/em><em> <\/em><em>nacidos<\/em><em> <\/em><em>del<\/em><em> <\/em><em>mismo<\/em><em> <\/em><em>origen,<\/em><em> <\/em><em>a<\/em><em> <\/em><em>saber:<\/em><em> <\/em><em>el<\/em><em> <\/em><em>movimiento<\/em><em> <\/em><em>de<\/em><em> <\/em><em>las<\/em><em> <\/em><em>ideas<\/em><em> <\/em><em>europeas.<\/em><em> <\/em><em>La<\/em><em> <\/em><em>Am\u00e9rica<\/em><em> <\/em><em>obraba<\/em><em> <\/em><em>as\u00ed<\/em><em> <\/em><em>porque<\/em><em> <\/em><em>as\u00ed<\/em><em> <\/em><em>obraban<\/em><em> <\/em><em>todos<\/em><em> <\/em><em>los<\/em><em> <\/em><em>pueblos<\/em><em> <\/em><em>[<\/em><em>\u2026<\/em><em>]<\/em><em> <\/em><em>la<\/em><em> <\/em><em>revoluci\u00f3n,<\/em><em> <\/em><em>excepto<\/em><em> <\/em><em>en<\/em><em> <\/em><em>su<\/em><em> <\/em><em>s\u00edmbolo<\/em><em> <\/em><em>exterior,<\/em><em> <\/em><em>independencia<\/em><em> <\/em><em>del<\/em><em> <\/em><em>rey,<\/em><em> <\/em><em>era<\/em><em> <\/em><em>s\u00f3lo<\/em><em> <\/em><em>interesante<\/em><em> <\/em><em>e<\/em><em> <\/em><em>inteligible<\/em><em> <\/em><em>para<\/em><em> <\/em><em>las<\/em><em> <\/em><em>ciudades<\/em><em> <\/em><em>argentinas,<\/em><em> <\/em><em>extra\u00f1a<\/em><em> <\/em><em>y<\/em><em> <\/em><em>sin<\/em><em> <\/em><em>prestigio<\/em><em> <\/em><em>para<\/em><em> <\/em><em>las<\/em><em> <\/em><em>campa\u00f1as<\/em><em> <\/em><em>[<\/em><em>\u2026<\/em><em>]<\/em><em> <\/em><em>para<\/em><em> <\/em><em>las<\/em><em> <\/em><em>campa\u00f1as,<\/em><em> <\/em><em>la<\/em><em> <\/em><em>revoluci\u00f3n<\/em><em> <\/em><em>era<\/em><em> <\/em><em>un<\/em><em> <\/em><em>problema;<\/em><em> <\/em><em>sustraerse<\/em><em> <\/em><em>a<\/em><em> <\/em><em>la<\/em><em> <\/em><em>autoridad<\/em><em> <\/em><em>del<\/em><em> <\/em><em>rey<\/em><em> <\/em><em>era<\/em><em> <\/em><em>agradable,<\/em><em> <\/em><em>por<\/em><em> <\/em><em>cuanto<\/em><em> <\/em><em>era<\/em><em> <\/em><em>sustraerse<\/em><em> <\/em><em>a<\/em><em> <\/em><em>la<\/em><em> <\/em><em>autoridad<\/em><em> <\/em><em>[<\/em><em>\u2026<\/em><em>]<\/em><em> <\/em><em>libertad,<\/em><em> <\/em><em>responsabilidad<\/em><em> <\/em><em>del<\/em><em> <\/em><em>poder,<\/em><em> <\/em><em>todas<\/em><em> <\/em><em>las<\/em><em> <\/em><em>cuestiones<\/em><em> <\/em><em>que<\/em><em> <\/em><em>la<\/em><em> <\/em><em>revoluci\u00f3n<\/em><em> <\/em><em>se<\/em><em> <\/em><em>propon\u00eda<\/em><em> <\/em><em>resolver<\/em><em> <\/em><em>eran<\/em><em> <\/em><em>extra\u00f1as<\/em><em> <\/em><em>a<\/em><em> <\/em><em>su<\/em><em> <\/em><em>manera<\/em><em> <\/em><em>de<\/em><em> <\/em><em>vivir,<\/em><em> <\/em><em>a<\/em><em> <\/em><em>sus<\/em><em> <\/em><em>necesidades<\/em><em>\u201d<\/em>[5].<\/p>\n<p style=\"text-align: justify; padding-left: 30px;\">&nbsp;<\/p>\n<p style=\"text-align: justify;\">Anteriormente mencion\u00e9 la visi\u00f3n de Sarmiento sobre los distintos sectores sociales para conformar su idea de progreso para el pa\u00eds; como as\u00ed tambi\u00e9n su particular conclusi\u00f3n sobre el lugar que ocupa y que papel desarrolla cada uno. Para cerrar estas l\u00edneas sobre la independencia Sarmiento hace una interesante reflexi\u00f3n sobre el \u201cPadre de la Patria\u201d diciendo que<\/p>\n<p style=\"text-align: justify; padding-left: 30px;\"><em>\u201c<\/em><em>San<\/em><em> <\/em><em>Mart\u00edn<\/em><em> <\/em><em>no<\/em><em> <\/em><em>fue<\/em><em> <\/em><em>caudillo<\/em><em> <\/em><em>popular,<\/em><em> <\/em><em>era<\/em><em> <\/em><em>realmente<\/em><em> <\/em><em>un<\/em><em> <\/em><em>general.<\/em><em> <\/em><em>Hab\u00edase<\/em><em> <\/em><em>educado<\/em><em> <\/em><em>en<\/em><em> <\/em><em>Europa<\/em><em> <\/em><em>y<\/em><em> <\/em><em>lleg\u00f3<\/em><em> <\/em><em>a<\/em><em> <\/em><em>Am\u00e9rica,<\/em><em> <\/em><em>donde<\/em><em> <\/em><em>el<\/em><em> <\/em><em>Gobierno<\/em><em> <\/em><em>era<\/em><em> <\/em><em>el<\/em><em> <\/em><em>revolucionario,<\/em><em> <\/em><em>y<\/em><em> <\/em><em>pod\u00eda<\/em><em> <\/em><em>formar<\/em><em> <\/em><em>a<\/em><em> <\/em><em>sus<\/em><em> <\/em><em>anchas<\/em><em> <\/em><em>el<\/em><em> <\/em><em>ej\u00e9rcito<\/em><em> <\/em><em>europeo,<\/em><em> <\/em><em>disciplinarlo<\/em><em> <\/em><em>y<\/em><em> <\/em><em>dar<\/em><em> <\/em><em>batallas<\/em><em> <\/em><em>regulares<\/em><em> <\/em><em>seg\u00fan<\/em><em> <\/em><em>las<\/em><em> <\/em><em>reglas<\/em><em> <\/em><em>de<\/em><em> <\/em><em>la<\/em><em> <\/em><em>ciencia.<\/em><em> <\/em><em>Su<\/em><em> <\/em><em>expedici\u00f3n<\/em><em> <\/em><em>sobre<\/em><em> <\/em><em>Chile<\/em><em> <\/em><em>es<\/em><em> <\/em><em>una<\/em><em> <\/em><em>conquista<\/em><em> <\/em><em>en<\/em><em> <\/em><em>regla,<\/em><em> <\/em><em>como<\/em><em> <\/em><em>la<\/em><em> <\/em><em>de<\/em><em> <\/em><em>Italia<\/em><em> <\/em><em>por<\/em><em> <\/em><em>Napole\u00f3n.<\/em><em> <\/em><em>Pero<\/em><em> <\/em><em>si<\/em><em> <\/em><em>San<\/em><em> <\/em><em>Mart\u00edn<\/em><em> <\/em><em>hubiese<\/em><em> <\/em><em>tenido<\/em><em> <\/em><em>que<\/em><em> <\/em><em>encabezar<\/em><em> <\/em><em>montoneras,<\/em><em> <\/em><em>ser<\/em><em> <\/em><em>vencido<\/em><em> <\/em><em>aqu\u00ed,<\/em><em> <\/em><em>para<\/em><em> <\/em><em>ir<\/em><em> <\/em><em>a<\/em><em> <\/em><em>reunir<\/em><em> <\/em><em>un<\/em><em> <\/em><em>grupo<\/em><em> <\/em><em>de<\/em><em> <\/em><em>llaneros<\/em><em> <\/em><em>por<\/em><em> <\/em><em>all\u00e1,<\/em><em> <\/em><em>lo<\/em><em> <\/em><em>habr\u00edan<\/em><em> <\/em><em>colgado<\/em><em> <\/em><em>a<\/em><em> <\/em><em>su<\/em><em> <\/em><em>segunda<\/em><em> <\/em><em>tentativa<\/em><em>\u201d<\/em>[6].<\/p>\n<p style=\"text-align: justify; padding-left: 30px;\">&nbsp;<\/p>\n<p style=\"text-align: justify;\">Las palabras imperialismo y libertad son condicionales en los escritos de Sarmiento, ya que seg\u00fan su visi\u00f3n es justificado el avance del imperialismo ingl\u00e9s, no s\u00f3lo para Am\u00e9rica, sino que tambi\u00e9n lo sostiene para \u00c1frica y Asia, por ejemplo para el caso de la India lo analiza desde una justificada visi\u00f3n sobre los problemas que sufren los brit\u00e1nicos en su intento de dominaci\u00f3n en la India, poniendo al pa\u00eds imperialista en una posici\u00f3n de agradecimiento al querer imponer su cultura y sus instituciones; el mismo define a<\/p>\n<p style=\"text-align: justify; padding-left: 30px;\"><em>\u201c<\/em><em>los<\/em><em> <\/em><em>horrores<\/em><em> <\/em><em>que<\/em><em> <\/em><em>han<\/em><em> <\/em><em>sido<\/em><em> <\/em><em>v\u00edctimas<\/em><em> <\/em><em>las<\/em><em> <\/em><em>familias<\/em><em> <\/em><em>inglesas<\/em><em> <\/em><em>en<\/em><em> <\/em><em>la<\/em><em> <\/em><em>India<\/em><em> <\/em><em>han<\/em><em> <\/em><em>despertado<\/em><em> <\/em><em>en<\/em><em> <\/em><em>nuestra<\/em><em> <\/em><em>poblaci\u00f3n<\/em><em> <\/em><em>la<\/em><em> <\/em><em>indignaci\u00f3n<\/em><em> <\/em><em>general<\/em><em> <\/em><em>hacia<\/em><em> <\/em><em>los<\/em><em> <\/em><em>perpetradores<\/em><em> <\/em><em>de<\/em><em> <\/em><em>tales<\/em><em> <\/em><em>atentados,<\/em><em> <\/em><em>y<\/em><em> <\/em><em>la<\/em><em> <\/em><em>merecida<\/em><em> <\/em><em>simpat\u00eda<\/em><em> <\/em><em>por<\/em><em> <\/em><em>los<\/em><em> <\/em><em>que<\/em><em> <\/em><em>sufren<\/em><em> <\/em><em>[<\/em><em>\u2026<\/em><em>]<\/em><em> <\/em><em>La<\/em><em> <\/em><em>insurrecci\u00f3n<\/em><em> <\/em><em>de<\/em><em> <\/em><em>la<\/em><em> <\/em><em>India,<\/em><em> <\/em><em>originada<\/em><em> <\/em><em>en<\/em><em> <\/em><em>las<\/em><em> <\/em><em>filas<\/em><em> <\/em><em>del<\/em><em> <\/em><em>ej\u00e9rcito<\/em><em> <\/em><em>ind\u00edgena,<\/em><em> <\/em><em>ha<\/em><em> <\/em><em>tomado<\/em><em> <\/em><em>el<\/em><em> <\/em><em>car\u00e1cter<\/em><em> <\/em><em>de<\/em><em> <\/em><em>un<\/em><em> <\/em><em>movimiento<\/em><em> <\/em><em>de<\/em><em> <\/em><em>raza<\/em><em> <\/em><em>y<\/em><em> <\/em><em>de<\/em><em> <\/em><em>religi\u00f3n,<\/em><em> <\/em><em>siendo<\/em><em> <\/em><em>los<\/em><em> <\/em><em>mahometanos<\/em><em> <\/em><em>los<\/em><em> <\/em><em>principales<\/em><em> <\/em><em>instigadores<\/em><em> <\/em><em>y<\/em><em> <\/em><em>desde<\/em><em> <\/em><em>entonces<\/em><em> <\/em><em>nuestras<\/em><em> <\/em><em>simpat\u00edas<\/em><em> <\/em><em>estar\u00e1n<\/em><em> <\/em><em>siempre<\/em><em> <\/em><em>del<\/em><em> <\/em><em>lado<\/em><em> <\/em><em>de<\/em><em> <\/em><em>los<\/em><em> <\/em><em>cristianos<\/em><em> <\/em><em>y<\/em><em> <\/em><em>de<\/em><em> <\/em><em>la<\/em><em> <\/em><em>civilizaci\u00f3n<\/em><em> <\/em><em>a<\/em><em> <\/em><em>que<\/em><em> <\/em><em>pertenecemos<\/em><em> <\/em><em>[<\/em><em>\u2026<\/em><em>]<\/em><em> <\/em><em>La<\/em><em> <\/em><em>palabra<\/em><em> \u201c<\/em><em>independencia<\/em><em>\u201d <\/em><em>no<\/em><em> <\/em><em>nos<\/em><em> <\/em><em>sucede<\/em><em> <\/em><em>hasta<\/em><em> <\/em><em>desearla<\/em><em> <\/em><em>para<\/em><em> <\/em><em>los<\/em><em> <\/em><em>pueblos<\/em><em> <\/em><em>que<\/em><em> <\/em><em>solo<\/em><em> <\/em><em>la<\/em><em> <\/em><em>obtendr\u00edan<\/em><em> <\/em><em>para<\/em><em> <\/em><em>sepultarse<\/em><em> <\/em><em>de<\/em><em> <\/em><em>nuevo<\/em><em> <\/em><em>en<\/em><em> <\/em><em>la<\/em><em> <\/em><em>espantosa<\/em><em> <\/em><em>barbarie<\/em><em> <\/em><em>de<\/em><em> <\/em><em>los<\/em><em> <\/em><em>despotismos<\/em><em> <\/em><em>asi\u00e1ticos<\/em><em> <\/em><em>[<\/em><em>\u2026<\/em><em>]<\/em><em> <\/em><em>Donde<\/em><em> <\/em><em>quiera<\/em><em> <\/em><em>que<\/em><em> <\/em><em>el<\/em><em> <\/em><em>pueblo<\/em><em> <\/em><em>ingl\u00e9s<\/em><em> <\/em><em>ha<\/em><em> <\/em><em>enarbolado<\/em><em> <\/em><em>su<\/em><em> <\/em><em>bandera<\/em><em> <\/em><em>o<\/em><em> <\/em><em>establecido<\/em><em> <\/em><em>su<\/em><em> <\/em><em>raza,<\/em><em> <\/em><em>ha<\/em><em> <\/em><em>dejado<\/em><em> <\/em><em>sus<\/em><em> <\/em><em>bellas<\/em><em> <\/em><em>instituciones<\/em><em> <\/em><em>y<\/em><em> <\/em><em>su<\/em><em> <\/em><em>industria,<\/em><em> <\/em><em>pudiendo<\/em><em> <\/em><em>decirse<\/em><em> <\/em><em>que<\/em><em> <\/em><em>es<\/em><em> <\/em><em>Inglaterra<\/em><em> <\/em><em>la<\/em><em> <\/em><em>\u00fanica<\/em><em> <\/em><em>naci\u00f3n<\/em><em> <\/em><em>europea<\/em><em> <\/em><em>cuyas<\/em><em> <\/em><em>leyes,<\/em><em> <\/em><em>gobierno,<\/em><em> <\/em><em>literatura<\/em><em> <\/em><em>y<\/em><em> <\/em><em>artes<\/em><em> <\/em><em>conservan<\/em><em> <\/em><em>los<\/em><em> <\/em><em>pueblos<\/em><em> <\/em><em>a\u00fan<\/em><em> <\/em><em>despu\u00e9s<\/em><em> <\/em><em>de<\/em><em> <\/em><em>emanciparse<\/em><em> <\/em><em>de<\/em><em> <\/em><em>sus<\/em><em> <\/em><em>dominios<\/em><em> <\/em><em>[<\/em><em>\u2026<\/em><em>]<\/em><em> <\/em><em>Cualquiera<\/em><em> <\/em><em>que<\/em><em> <\/em><em>sea<\/em><em> <\/em><em>el<\/em><em> <\/em><em>destino<\/em><em> <\/em><em>que<\/em><em> <\/em><em>el<\/em><em> <\/em><em>porvenir<\/em><em> <\/em><em>reserve<\/em><em> <\/em><em>al<\/em><em> <\/em><em>imperio<\/em><em> <\/em><em>Brit\u00e1nico,<\/em><em> <\/em><em>a<\/em><em> <\/em><em>su<\/em><em> <\/em><em>raza<\/em><em> <\/em><em>y<\/em><em> <\/em><em>a<\/em><em> <\/em><em>su<\/em><em> <\/em><em>lengua,<\/em><em> <\/em><em>le<\/em><em> <\/em><em>ser\u00e1<\/em><em> <\/em><em>deudor<\/em><em> <\/em><em>el<\/em><em> <\/em><em>mundo<\/em><em> <\/em><em>b\u00e1rbaro<\/em><em> <\/em><em>que<\/em><em> <\/em><em>ella<\/em><em> <\/em><em>ha<\/em><em> <\/em><em>civilizado,<\/em><em> <\/em><em>de<\/em><em> <\/em><em>ponerse<\/em><em> <\/em><em>en<\/em><em> <\/em><em>corto<\/em><em> <\/em><em>tiempo,<\/em><em> <\/em><em>no<\/em><em> <\/em><em>s\u00f3lo<\/em><em> <\/em><em>a<\/em><em> <\/em><em>la<\/em><em> <\/em><em>par,<\/em><em> <\/em><em>sino<\/em><em> <\/em><em>a<\/em><em> <\/em><em>la<\/em><em> <\/em><em>delantera<\/em><em> <\/em><em>de<\/em><em> <\/em><em>todos<\/em><em> <\/em><em>los<\/em><em> <\/em><em>pueblos<\/em><em> <\/em><em>civilizados<\/em><em>\u201d<\/em>.[7]<\/p>\n<p style=\"text-align: justify;\">Esta claro despu\u00e9s de estas palabras del propio Sarmiento que el problema eran los hind\u00faes, y no los ingleses que se quer\u00edan imponer y dominar un territorio que no les correspond\u00eda.\u00a0\u00a0 <em> <\/em><\/p>\n<p style=\"text-align: justify;\">&nbsp;<\/p>\n<p style=\"text-align: justify;\">Si bien Sarmiento no fue un pensador anti imperialista, como vimos anteriormente, condenara la Doctrina Monroe, y siendo representante argentino en los EE.UU. solicit\u00e1ndole al entonces presidente argentino, B. Mitre, la libertad para iniciar reclamaciones ante el gobierno norteamericano por las destrucciones que \u00e9ste hiciera en las Malvinas actuando en complicidad con el gobierno brit\u00e1nico, que se hab\u00eda apoderado de las mismas. En las airadas consideraciones que hacia propiciando indemnizaciones dec\u00eda entre otras cosas:<\/p>\n<p style=\"text-align: justify; padding-left: 30px;\"><em>\u201c<\/em><em>Los<\/em><em> <\/em><em>ultrajes<\/em><em> <\/em><em>hechos<\/em><em> <\/em><em>a<\/em><em> <\/em><em>la<\/em><em> <\/em><em>soberan\u00eda<\/em><em> <\/em><em>de<\/em><em> <\/em><em>la<\/em><em> <\/em><em>Rep\u00fablica<\/em><em> <\/em><em>Argentina<\/em><em> <\/em><em>por<\/em><em> <\/em><em>un<\/em><em> <\/em><em>c\u00f3nsul<\/em><em> <\/em><em>y<\/em><em> <\/em><em>un<\/em><em> <\/em><em>comandante<\/em><em> <\/em><em>de<\/em><em> <\/em><em>buque<\/em><em> <\/em><em>de<\/em><em> <\/em><em>Estado<\/em><em> <\/em><em>Unidos,<\/em><em> <\/em><em>cohonestados<\/em><em> <\/em><em>por<\/em><em> <\/em><em>un<\/em><em> <\/em><em>ministro<\/em><em> <\/em><em>de<\/em><em> <\/em><em>esta<\/em><em> <\/em><em>naci\u00f3n,<\/em><em> <\/em><em>y<\/em><em> <\/em><em>la<\/em><em> <\/em><em>negativa<\/em><em> <\/em><em>final<\/em><em> <\/em><em>de<\/em><em> <\/em><em>\u00e9ste<\/em><em> <\/em><em>a<\/em><em> <\/em><em>discutir<\/em><em> <\/em><em>el<\/em><em> <\/em><em>asunto<\/em><em> <\/em><em>y<\/em><em> <\/em><em>a<\/em><em> <\/em><em>ofrecer<\/em><em> <\/em><em>reparaci\u00f3n<\/em><em> <\/em><em>del<\/em><em> <\/em><em>agravio<\/em><em> <\/em><em>con<\/em><em> <\/em><em>indemnizaci\u00f3n<\/em><em> <\/em><em>de<\/em><em> <\/em><em>los<\/em><em> <\/em><em>da\u00f1os,<\/em><em> <\/em><em>es<\/em><em> <\/em><em>el<\/em><em> <\/em><em>primer<\/em><em> <\/em><em>hecho<\/em><em> <\/em><em>de<\/em><em> <\/em><em>los<\/em><em> <\/em><em>que<\/em><em> <\/em><em>a<\/em><em> <\/em><em>su<\/em><em> <\/em><em>ejemplo<\/em><em> <\/em><em>repitieron<\/em><em> <\/em><em>m\u00e1s<\/em><em> <\/em><em>tarde<\/em><em> <\/em><em>las<\/em><em> <\/em><em>naciones<\/em><em> <\/em><em>europeas<\/em><em> <\/em><em>con<\/em><em> <\/em><em>las<\/em><em> <\/em><em>nacientes<\/em><em> <\/em><em>Rep\u00fablicas<\/em><em> <\/em><em>[<\/em><em>\u2026<\/em><em>]<\/em><em> <\/em><em>Pero<\/em><em> <\/em><em>no<\/em><em> <\/em><em>ser\u00eda<\/em><em> <\/em><em>este<\/em><em> <\/em><em>el<\/em><em> <\/em><em>cargo<\/em><em> <\/em><em>m\u00e1s<\/em><em> <\/em><em>grave<\/em><em> <\/em><em>que<\/em><em> <\/em><em>habr\u00eda<\/em><em> <\/em><em>que<\/em><em> <\/em><em>hacer<\/em><em> <\/em><em>a<\/em><em> <\/em><em>la<\/em><em> <\/em><em>diplomacia<\/em><em> <\/em><em>norteamericana,<\/em><em> <\/em><em>y<\/em><em> <\/em><em>por<\/em><em> <\/em><em>el<\/em><em> <\/em><em>que<\/em><em> <\/em><em>deber\u00eda<\/em><em> <\/em><em>dar<\/em><em> <\/em><em>una<\/em><em> <\/em><em>reparaci\u00f3n<\/em><em> <\/em><em>su<\/em><em> <\/em><em>gobierno,<\/em><em> <\/em><em>sino<\/em><em> <\/em><em>el<\/em><em> <\/em><em>de<\/em><em> <\/em><em>la<\/em><em> <\/em><em>p\u00e9rdida<\/em><em> <\/em><em>de<\/em><em> <\/em><em>las<\/em><em> <\/em><em>Islas<\/em><em> <\/em><em>Malvinas<\/em><em> <\/em><em>[<\/em><em>\u2026<\/em><em>]<\/em><em> <\/em><em>puesto<\/em><em> <\/em><em>que<\/em><em> <\/em><em>fueron<\/em><em> <\/em><em>fuerzas<\/em><em> <\/em><em>norteamericanas<\/em><em> <\/em><em>las<\/em><em> <\/em><em>que<\/em><em> <\/em><em>las<\/em><em> <\/em><em>despoblaron,<\/em><em> <\/em><em>y<\/em><em> <\/em><em>las<\/em><em> <\/em><em>doctrinas<\/em><em> <\/em><em>del<\/em><em> <\/em><em>ministro<\/em><em> <\/em><em>Baylies<\/em><em> <\/em><em>las<\/em><em> <\/em><em>que<\/em><em> <\/em><em>indujeron<\/em><em> <\/em><em>a<\/em><em> <\/em><em>la<\/em><em> <\/em><em>Inglaterra<\/em><em> <\/em><em>a<\/em><em> <\/em><em>apoderarse<\/em><em> <\/em><em>de<\/em><em> <\/em><em>ellas<\/em><em>\u201d<\/em>[8].<\/p>\n<p style=\"text-align: justify; padding-left: 30px;\">&nbsp;<\/p>\n<p style=\"text-align: justify;\"><strong><em> <\/em><\/strong><\/p>\n<p style=\"text-align: justify;\">Ante la visi\u00f3n que tubo Sarmiento sobre la descomposici\u00f3n en peque\u00f1as Rep\u00fablicas que sufri\u00f3 el continente donde plantea que<\/p>\n<p style=\"text-align: justify;\">&nbsp;<\/p>\n<p style=\"text-align: justify; padding-left: 30px;\">\u201cl<em>as<\/em><em> <\/em><em>rep\u00fablicas<\/em><em> <\/em><em>sudamericanas<\/em><em> <\/em><em>han<\/em><em> <\/em><em>pasado<\/em><em> <\/em><em>todas<\/em><em> <\/em><em>m\u00e1s<\/em><em> <\/em><em>o<\/em><em> <\/em><em>menos<\/em><em> <\/em><em>por<\/em><em> <\/em><em>la<\/em><em> <\/em><em>propensi\u00f3n<\/em><em> <\/em><em>a<\/em><em> <\/em><em>descomponerse<\/em><em> <\/em><em>en<\/em><em> <\/em><em>peque\u00f1as<\/em><em> <\/em><em>fracciones,<\/em><em> <\/em><em>solicitadas<\/em><em> <\/em><em>por<\/em><em> <\/em><em>una<\/em><em> <\/em><em>an\u00e1rquica<\/em><em> <\/em><em>e<\/em><em> <\/em><em>irreflexiva<\/em><em> <\/em><em>aspiraci\u00f3n<\/em><em> <\/em><em>a<\/em><em> <\/em><em>una<\/em><em> <\/em><em>independencia<\/em><em> <\/em><em>ruinosa,<\/em><em> <\/em><em>obscura,<\/em><em> <\/em><em>sin<\/em><em> <\/em><em>representaci\u00f3n<\/em><em> <\/em><em>en<\/em><em> <\/em><em>la<\/em><em> <\/em><em>escala<\/em><em> <\/em><em>de<\/em><em> <\/em><em>las<\/em><em> <\/em><em>naciones.<\/em><em> <\/em><em>Centro<\/em><em> <\/em><em>Am\u00e9rica<\/em><em> <\/em><em>ha<\/em><em> <\/em><em>hecho<\/em><em> <\/em><em>un<\/em><em> <\/em><em>Estado<\/em><em> <\/em><em>soberano<\/em><em> <\/em><em>de<\/em><em> <\/em><em>cada<\/em><em> <\/em><em>aldea:<\/em><em> <\/em><em>la<\/em><em> <\/em><em>antigua<\/em><em> <\/em><em>Colombia<\/em><em> <\/em><em>di\u00f3sela<\/em><em> <\/em><em>para<\/em><em> <\/em><em>tres<\/em><em> <\/em><em>rep\u00fablicas;<\/em><em> <\/em><em>las<\/em><em> <\/em><em>Provincias<\/em><em> <\/em><em>Unidas<\/em><em> <\/em><em>del<\/em><em> <\/em><em>R\u00edo<\/em><em> <\/em><em>de<\/em><em> <\/em><em>la<\/em><em> <\/em><em>Plata<\/em><em> <\/em><em>se<\/em><em> <\/em><em>descompusieron<\/em><em> <\/em><em>en<\/em><em> <\/em><em>Bolivia,<\/em><em> <\/em><em>Paraguay,<\/em><em> <\/em><em>Uruguay<\/em><em> <\/em><em>y<\/em><em> <\/em><em>la<\/em><em> <\/em><em>Confederaci\u00f3n<\/em><em> <\/em><em>Argentina,<\/em><em> <\/em><em>y<\/em><em> <\/em><em>aun<\/em><em> <\/em><em>esta<\/em><em> <\/em><em>\u00faltima<\/em><em> <\/em><em>llevo<\/em><em> <\/em><em>el<\/em><em> <\/em><em>af\u00e1n<\/em><em> <\/em><em>de<\/em><em> <\/em><em>descomposici\u00f3n<\/em><em> <\/em><em>hasta<\/em><em> <\/em><em>constituirse<\/em><em> <\/em><em>en<\/em><em> <\/em><em>un<\/em><em> <\/em><em>caos<\/em><em> <\/em><em>sin<\/em><em> <\/em><em>Constituci\u00f3n<\/em><em> <\/em><em>y<\/em><em> <\/em><em>sin<\/em><em> <\/em><em>regla<\/em><em> <\/em><em>conocida,<\/em><em> <\/em><em>de<\/em><em> <\/em><em>donde<\/em><em> <\/em><em>ha<\/em><em> <\/em><em>salido<\/em><em> <\/em><em>la<\/em><em> <\/em><em>actual<\/em><em> <\/em><em>Confederaci\u00f3n,<\/em><em> <\/em><em>encabezada<\/em><em> <\/em><em>en<\/em><em> <\/em><em>el<\/em><em> <\/em><em>exterior<\/em><em> <\/em><em>por<\/em><em> <\/em><em>un<\/em><em> <\/em><em>encargado<\/em><em> <\/em><em>provisorio<\/em><em> <\/em><em>de<\/em><em> <\/em><em>las<\/em><em> <\/em><em>relaciones<\/em><em> <\/em><em>exteriores<\/em><em>\u201d <\/em>[9].<\/p>\n<p style=\"text-align: justify; padding-left: 30px;\">&nbsp;<\/p>\n<p style=\"text-align: justify;\">S\u00ed bien por momentos el pensamiento y la visi\u00f3n sobre las cuestiones del desarrollo y el imperialismo pueden generar disconformidad y desacuerdo, no puedo dejar de mencionar una de sus m\u00e1s trascendentales obras que apuntaba a la unidad de los pa\u00edses del R\u00edo de La Plata, esto es la conformaci\u00f3n de los que Sarmiento en su \u201cArgir\u00f3polis\u201d (La Ciudad del Plata) que propon\u00eda a la Argentina, Uruguay y Paraguay como los Estados Unidos del R\u00edo de La Plata, cuya capital este ubicada en la isla Mart\u00edn Garc\u00eda; ya que esta lograba<\/p>\n<p style=\"text-align: justify; padding-left: 30px;\">&nbsp;<\/p>\n<p style=\"text-align: justify; padding-left: 30px;\"><em>\u201c<\/em><em>conciliar<\/em><em> <\/em><em>los<\/em><em> <\/em><em>intereses<\/em><em> <\/em><em>y<\/em><em> <\/em><em>la<\/em><em> <\/em><em>libertad<\/em><em> <\/em><em>de<\/em><em> <\/em><em>los<\/em><em> <\/em><em>Estados<\/em><em> <\/em><em>confederados<\/em><em> <\/em><em>[<\/em><em>\u2026<\/em><em>]<\/em><em> <\/em><em>Militan<\/em><em> <\/em><em>en<\/em><em> <\/em><em>favor<\/em><em> <\/em><em>de<\/em><em> <\/em><em>la<\/em><em> <\/em><em>fusi\u00f3n<\/em><em> <\/em><em>de<\/em><em> <\/em><em>los<\/em><em> <\/em><em>tres<\/em><em> <\/em><em>Estado<\/em><em> <\/em><em>del<\/em><em> <\/em><em>Plata<\/em><em> <\/em><em>en<\/em><em> <\/em><em>un<\/em><em> <\/em><em>solo<\/em><em> <\/em><em>cuerpo,<\/em><em> <\/em><em>el<\/em><em> <\/em><em>esp\u00edritu<\/em><em> <\/em><em>de<\/em><em> <\/em><em>la<\/em><em> <\/em><em>\u00e9poca<\/em><em> <\/em><em>y<\/em><em> <\/em><em>las<\/em><em> <\/em><em>necesidades<\/em><em> <\/em><em>de<\/em><em> <\/em><em>las<\/em><em> <\/em><em>naciones<\/em><em> <\/em><em>modernas.<\/em><em> <\/em><em>La<\/em><em> <\/em><em>especie<\/em><em> <\/em><em>humana<\/em><em> <\/em><em>marcha<\/em><em> <\/em><em>a<\/em><em> <\/em><em>reunirse<\/em><em> <\/em><em>en<\/em><em> <\/em><em>grandes<\/em><em> <\/em><em>grupos,<\/em><em> <\/em><em>por<\/em><em> <\/em><em>razas,<\/em><em> <\/em><em>por<\/em><em> <\/em><em>lenguas,<\/em><em> <\/em><em>por<\/em><em> <\/em><em>civilizaciones<\/em><em> <\/em><em>id\u00e9nticas<\/em><em> <\/em><em>y<\/em><em> <\/em><em>an\u00e1logas<\/em><em>\u201d<\/em><em>.<\/em><em> <\/em><\/p>\n<p style=\"text-align: justify;\">&nbsp;<\/p>\n<p style=\"text-align: justify;\">El\u00a0 objetivo de <em>Argir\u00f3polis<\/em>, sin perder de vista que Sarmiento estaba en contra del Paraguay de Francia y L\u00f3pez, fue sugerir que<em> <\/em><\/p>\n<p style=\"text-align: justify; padding-left: 30px;\"><em>\u201c<\/em><em>por<\/em><em> <\/em><em>el<\/em><em> <\/em><em>estudio<\/em><em> <\/em><em>de<\/em><em> <\/em><em>los<\/em><em> <\/em><em>antecedentes<\/em><em> <\/em><em>de<\/em><em> <\/em><em>la<\/em><em> <\/em><em>lucha,<\/em><em> <\/em><em>la<\/em><em> <\/em><em>geograf\u00eda<\/em><em> <\/em><em>del<\/em><em> <\/em><em>pa\u00eds<\/em><em> <\/em><em>y<\/em><em> <\/em><em>las<\/em><em> <\/em><em>instituciones<\/em><em> <\/em><em>argentinas,<\/em><em> <\/em><em>un<\/em><em> <\/em><em>medio<\/em><em> <\/em><em>de<\/em><em> <\/em><em>pacificaci\u00f3n<\/em><em> <\/em><em>que<\/em><em> <\/em><em>a<\/em><em> <\/em><em>la<\/em><em> <\/em><em>vez<\/em><em> <\/em><em>ponga<\/em><em> <\/em><em>t\u00e9rmino<\/em><em> <\/em><em>a<\/em><em> <\/em><em>los<\/em><em> <\/em><em>males<\/em><em> <\/em><em>presentes<\/em><em> <\/em><em>y<\/em><em> <\/em><em>ciegue<\/em><em> <\/em><em>en<\/em><em> <\/em><em>su<\/em><em> <\/em><em>fuente<\/em><em> <\/em><em>la<\/em><em> <\/em><em>causa<\/em><em> <\/em><em>de<\/em><em> <\/em><em>nuevas<\/em><em> <\/em><em>complicaciones,<\/em><em> <\/em><em>dejando<\/em><em> <\/em><em>definitivamente<\/em><em> <\/em><em>constituidos<\/em><em> <\/em><em>aquellos<\/em><em> <\/em><em>pa\u00edses<\/em><em>\u201d<\/em>[10]<em>.<\/em><em> <\/em><\/p>\n<p style=\"text-align: justify;\">&nbsp;<\/p>\n<p style=\"text-align: justify;\">Las ventajas y organizaci\u00f3n que ofrec\u00eda este proyecto para la regi\u00f3n era<em> <\/em><\/p>\n<p style=\"text-align: justify;\">&nbsp;<\/p>\n<p style=\"text-align: justify; padding-left: 30px;\"><em>\u201c<\/em><em>que<\/em><em> <\/em><em>la<\/em><em> <\/em><em>virilidad<\/em><em> <\/em><em>completa<\/em><em> <\/em><em>ser\u00e1<\/em><em> <\/em><em>contempor\u00e1nea<\/em><em> <\/em><em>de<\/em><em> <\/em><em>su<\/em><em> <\/em><em>infancia.<\/em><em> <\/em><em>La<\/em><em> <\/em><em>aduana<\/em><em> <\/em><em>de<\/em><em> <\/em><em>los<\/em><em> <\/em><em>estupendos<\/em><em> <\/em><em>r\u00edos<\/em><em> <\/em><em>que<\/em><em> <\/em><em>recorriendo<\/em><em> <\/em><em>medio<\/em><em> <\/em><em>mundo<\/em><em> <\/em><em>vienen<\/em><em> <\/em><em>a<\/em><em> <\/em><em>reunirse<\/em><em> <\/em><em>en<\/em><em> <\/em><em>sus<\/em><em> <\/em><em>puertos<\/em><em> <\/em><em>atraer\u00e1<\/em><em> <\/em><em>all\u00ed<\/em><em> <\/em><em>cien<\/em><em> <\/em><em>casas<\/em><em> <\/em><em>de<\/em><em> <\/em><em>comercio.<\/em><em> <\/em><em>El<\/em><em> <\/em><em>Congreso,<\/em><em> <\/em><em>el<\/em><em> <\/em><em>presidente<\/em><em> <\/em><em>de<\/em><em> <\/em><em>la<\/em><em> <\/em><em>Uni\u00f3n,<\/em><em> <\/em><em>el<\/em><em> <\/em><em>Tribunal<\/em><em> <\/em><em>Supremo<\/em><em> <\/em><em>de<\/em><em> <\/em><em>Justicia,<\/em><em> <\/em><em>una<\/em><em> <\/em><em>sede<\/em><em> <\/em><em>arzobispal,<\/em><em> <\/em><em>el<\/em><em> <\/em><em>Departamento<\/em><em> <\/em><em>Topogr\u00e1fico,<\/em><em> <\/em><em>la<\/em><em> <\/em><em>administraci\u00f3n<\/em><em> <\/em><em>de<\/em><em> <\/em><em>vapores,<\/em><em> <\/em><em>la<\/em><em> <\/em><em>escuela<\/em><em> <\/em><em>n\u00e1utica,<\/em><em> <\/em><em>la<\/em><em> <\/em><em>universidad,<\/em><em> <\/em><em>una<\/em><em> <\/em><em>escuela<\/em><em> <\/em><em>polit\u00e9cnica,<\/em><em> <\/em><em>otra<\/em><em> <\/em><em>de<\/em><em> <\/em><em>artes<\/em><em> <\/em><em>y<\/em><em> <\/em><em>oficios<\/em><em> <\/em><em>y<\/em><em> <\/em><em>otra<\/em><em> <\/em><em>normal<\/em><em> <\/em><em>para<\/em><em> <\/em><em>maestros<\/em><em> <\/em><em>de<\/em><em> <\/em><em>escuela,<\/em><em> <\/em><em>el<\/em><em> <\/em><em>arsenal<\/em><em> <\/em><em>de<\/em><em> <\/em><em>marina,<\/em><em> <\/em><em>los<\/em><em> <\/em><em>astilleros,<\/em><em> <\/em><em>y<\/em><em> <\/em><em>otros<\/em><em> <\/em><em>mil<\/em><em> <\/em><em>establecimientos<\/em><em> <\/em><em>administrativos<\/em><em> <\/em><em>y<\/em><em> <\/em><em>preparativos<\/em><em> <\/em><em>que<\/em><em> <\/em><em>supone<\/em><em> <\/em><em>la<\/em><em> <\/em><em>capital<\/em><em> <\/em><em>de<\/em><em> <\/em><em>un<\/em><em> <\/em><em>Estado<\/em><em> <\/em><em>Civilizado<\/em><em> <\/em><em>servir\u00e1n<\/em><em> <\/em><em>de<\/em><em> <\/em><em>n\u00facleos<\/em><em> <\/em><em>de<\/em><em> <\/em><em>poblaci\u00f3n<\/em><em> <\/em><em>suficiente<\/em><em> <\/em><em>para<\/em><em> <\/em><em>formar<\/em><em> <\/em><em>una<\/em><em> <\/em><em>ciudad<\/em><em>\u201d<\/em>[11]<em>.<\/em><\/p>\n<p style=\"text-align: justify; padding-left: 30px;\"><em><br \/>\n<\/em><\/p>\n<p style=\"text-align: justify;\"><strong> <\/strong><\/p>\n<p style=\"text-align: justify;\"><strong>Un<\/strong><strong> <\/strong><strong>modelo<\/strong><strong> <\/strong><strong>de<\/strong><strong> <\/strong><strong>pa\u00eds<\/strong><strong> \u201c<\/strong><strong>civilizado<\/strong><strong>\u201d<\/strong><\/p>\n<p style=\"text-align: justify;\">&nbsp;<\/p>\n<p style=\"text-align: justify;\">En Febrero de 1848 Sarmiento en un escrito sobre las Revoluciones en la Europa del 48 plantea claramente cual es su idea de pa\u00eds y sociedad desde la visi\u00f3n y la hip\u00f3tesis de<\/p>\n<p style=\"text-align: justify; padding-left: 30px;\"><em>\u201c<\/em><em>\u00bfPor<\/em><em> <\/em><em>qu\u00e9<\/em><em> <\/em><em>son<\/em><em> <\/em><em>tan<\/em><em> <\/em><em>felices,<\/em><em> <\/em><em>tan<\/em><em> <\/em><em>ricos,<\/em><em> <\/em><em>tan<\/em><em> <\/em><em>tranquilos<\/em><em> <\/em><em>los<\/em><em> <\/em><em>Estados<\/em><em> <\/em><em>Unidos,<\/em><em> <\/em><em>y<\/em><em> <\/em><em>nosotros<\/em><em> <\/em><em>tan<\/em><em> <\/em><em>pobres,<\/em><em> <\/em><em>tan<\/em><em> <\/em><em>deprimidos<\/em><em> <\/em><em>y<\/em><em> <\/em><em>tan<\/em><em> <\/em><em>inquietos?<\/em><em> <\/em><em>Id<\/em><em> <\/em><em>a<\/em><em> <\/em><em>buscar<\/em><em> <\/em><em>el<\/em><em> <\/em><em>secreto<\/em><em> <\/em><em>en<\/em><em> <\/em><em>las<\/em><em> <\/em><em>instituciones,<\/em><em> <\/em><em>no<\/em><em> <\/em><em>hay<\/em><em> <\/em><em>otra<\/em><em> <\/em><em>causa;<\/em><em> <\/em><em>tan<\/em><em> <\/em><em>tierra<\/em><em> <\/em><em>es<\/em><em> <\/em><em>la<\/em><em> <\/em><em>del<\/em><em> <\/em><em>Norte,<\/em><em> <\/em><em>como<\/em><em> <\/em><em>la<\/em><em> <\/em><em>del<\/em><em> <\/em><em>Sur<\/em><em> <\/em><em>de<\/em><em> <\/em><em>Am\u00e9rica;<\/em><em> <\/em><em>all\u00e1<\/em><em> <\/em><em>produce<\/em><em> <\/em><em>mieses<\/em><em> <\/em><em>empero<\/em><em> <\/em><em>para<\/em><em> <\/em><em>convidar<\/em><em> <\/em><em>a<\/em><em> <\/em><em>todos<\/em><em> <\/em><em>los<\/em><em> <\/em><em>pueblos,<\/em><em> <\/em><em>y<\/em><em> <\/em><em>aqu\u00ed<\/em><em> <\/em><em>s\u00f3lo<\/em><em> <\/em><em>abrojos<\/em><em> <\/em><em>y<\/em><em> <\/em><em>desencantos.<\/em><em> <\/em><em>All\u00e1<\/em><em> <\/em><em>ciudadanos,<\/em><em> <\/em><em>y<\/em><em> <\/em><em>aqu\u00ed<\/em><em> \u201c<\/em><em>rotos<\/em><em>\u201d<\/em><em>,<\/em><em> <\/em><em>aunque<\/em><em> <\/em><em>sea<\/em><em> <\/em><em>triste<\/em><em> <\/em><em>que<\/em><em> <\/em><em>en<\/em><em> <\/em><em>nuestra<\/em><em> <\/em><em>pluma<\/em><em> <\/em><em>esta<\/em><em> <\/em><em>palabra<\/em><em> <\/em><em>aparezca<\/em><em> <\/em><em>como<\/em><em> <\/em><em>un<\/em><em> <\/em><em>reproche<\/em><em>\u201d<\/em>[12]<\/p>\n<p style=\"text-align: justify;\">&nbsp;<\/p>\n<p style=\"text-align: justify;\">Un a\u00f1os atr\u00e1s durante su viaje por Estados Unidos resalto las virtudes de este pa\u00eds en una carta que le escribiera a Valent\u00edn Alsina refiri\u00e9ndose a que aquella como una naci\u00f3n productiva y como un fen\u00f3meno econ\u00f3mico; una<\/p>\n<p style=\"text-align: justify; padding-left: 30px;\"><em>\u00abaldea<\/em><em> <\/em><em>norteamericana<\/em><em> <\/em><em>es<\/em><em> <\/em><em>ya<\/em><em> <\/em><em>todo<\/em><em> <\/em><em>el<\/em><em> <\/em><em>Estado,<\/em><em> <\/em><em>en<\/em><em> <\/em><em>su<\/em><em> <\/em><em>gobierno<\/em><em> <\/em><em>civil,<\/em><em> <\/em><em>su<\/em><em> <\/em><em>prensa,<\/em><em> <\/em><em>sus<\/em><em> <\/em><em>escuelas,<\/em><em> <\/em><em>sus<\/em><em> <\/em><em>bancos,<\/em><em> <\/em><em>su<\/em><em> <\/em><em>municipalidad,<\/em><em> <\/em><em>su<\/em><em> <\/em><em>censo,<\/em><em> <\/em><em>su<\/em><em> <\/em><em>esp\u00edritu<\/em><em> <\/em><em>y<\/em><em> <\/em><em>su<\/em><em> <\/em><em>apariencia.<\/em><em> <\/em><em>Del<\/em><em> <\/em><em>seno<\/em><em> <\/em><em>de<\/em><em> <\/em><em>un<\/em><em> <\/em><em>bosque<\/em><em> <\/em><em>primitivo<\/em><em> <\/em><em>la<\/em><em> <\/em><em>diligencia<\/em><em> <\/em><em>o<\/em><em> <\/em><em>los<\/em><em> <\/em><em>vagones<\/em><em> <\/em><em>salen<\/em><em> <\/em><em>a<\/em><em> <\/em><em>un<\/em><em> <\/em><em>peque\u00f1o<\/em><em> <\/em><em>espacio<\/em><em> <\/em><em>desmontado<\/em><em> <\/em><em>en<\/em><em> <\/em><em>cuyo<\/em><em> <\/em><em>centro<\/em><em> <\/em><em>se<\/em><em> <\/em><em>alzan<\/em><em> <\/em><em>diez<\/em><em> <\/em><em>o<\/em><em> <\/em><em>doce<\/em><em> <\/em><em>casas<\/em>\u201d[13].<\/p>\n<p style=\"text-align: justify;\">&nbsp;<\/p>\n<p style=\"text-align: justify;\">Adem\u00e1s destaca que estas casas son de material y construidas por m\u00e1quinas, con pisos y techos de madera, ventanas, puertas y cerraduras, adem\u00e1s de destacar la prolija terminaci\u00f3n y la similitud entre las mismas remarcando que este simple ejemplo significa millones de personas viviendo en casas, f\u00e1bricas de ladrillos y cerraduras, industrias de hierro que generan ganancias y ocupaci\u00f3n de personal, no s\u00f3lo en este pa\u00eds, sino que tambi\u00e9n en Inglaterra. Destaca tambi\u00e9n que todos los hombres viven en casas de este estilo salvo los <em>pioneers<\/em><em> <\/em>que siguen habitando en los bosques y los transe\u00fantes que se encuentran en grandes hoteles.<\/p>\n<p style=\"text-align: justify;\">&nbsp;<\/p>\n<p style=\"text-align: justify;\">Habla tambi\u00e9n sobre la regi\u00f3n del <em>far<\/em><em> <\/em><em>west<\/em> donde se extingue la poblaci\u00f3n en peque\u00f1as campa\u00f1as y donde la vida se modifica notablemente, pero m\u00e1s all\u00e1 de esta regi\u00f3n aislada para esos tiempos de lo que el denomina como una \u201cGran Naci\u00f3n\u201d no de deja de seguir resaltando sus aspectos favorables poni\u00e9ndolos por encima de Europa de donde destaca los grandes monumentos, su arte, su ciencia; pero dice que ha visto<\/p>\n<p style=\"text-align: justify; padding-left: 30px;\"><em>\u201c<\/em><em>sus<\/em><em> <\/em><em>millones<\/em><em> <\/em><em>de<\/em><em> <\/em><em>campesinos,<\/em><em> <\/em><em>proletarios<\/em><em> <\/em><em>y<\/em><em> <\/em><em>artesanos<\/em><em> <\/em><em>viles,<\/em><em> <\/em><em>degradados,<\/em><em> <\/em><em>indignos<\/em><em> <\/em><em>de<\/em><em> <\/em><em>ser<\/em><em> <\/em><em>contados<\/em><em> <\/em><em>entre<\/em><em> <\/em><em>los<\/em><em> <\/em><em>hombres;<\/em><em> <\/em><em>la<\/em><em> <\/em><em>costra<\/em><em> <\/em><em>de<\/em><em> <\/em><em>mugre<\/em><em> <\/em><em>que<\/em><em> <\/em><em>cubre<\/em><em> <\/em><em>sus<\/em><em> <\/em><em>cuerpos,<\/em><em> <\/em><em>los<\/em><em> <\/em><em>harapos<\/em><em> <\/em><em>y<\/em><em> <\/em><em>andrajosos<\/em><em> <\/em><em>de<\/em><em> <\/em><em>que<\/em><em> <\/em><em>visten,<\/em><em> <\/em><em>no<\/em><em> <\/em><em>revelan<\/em><em> <\/em><em>bastante<\/em><em> <\/em><em>las<\/em><em> <\/em><em>tinieblas<\/em><em> <\/em><em>de<\/em><em> <\/em><em>su<\/em><em> <\/em><em>esp\u00edritu;<\/em><em> <\/em><em>y<\/em><em> <\/em><em>en<\/em><em> <\/em><em>materia<\/em><em> <\/em><em>de<\/em><em> <\/em><em>pol\u00edtica,<\/em><em> <\/em><em>de<\/em><em> <\/em><em>organizaci\u00f3n<\/em><em> <\/em><em>social,<\/em><em> <\/em><em>aquellas<\/em><em> <\/em><em>tinieblas<\/em><em> <\/em><em>alcanzan<\/em><em> <\/em><em>a<\/em><em> <\/em><em>oscurecer<\/em><em> <\/em><em>la<\/em><em> <\/em><em>mente<\/em><em> <\/em><em>de<\/em><em> <\/em><em>los<\/em><em> <\/em><em>sabios,<\/em><em> <\/em><em>de<\/em><em> <\/em><em>los<\/em><em> <\/em><em>banqueros<\/em><em> <\/em><em>y<\/em><em> <\/em><em>de<\/em><em> <\/em><em>los<\/em><em> <\/em><em>nobles<\/em><em>\u201d<\/em>[14]<em>.<\/em><em> <\/em><\/p>\n<p style=\"text-align: justify;\">&nbsp;<\/p>\n<p style=\"text-align: justify;\">Tambi\u00e9n habla de su sistema educativo, pero de ese tema me ocupare en el pr\u00f3ximo punto.<\/p>\n<p style=\"text-align: justify;\">&nbsp;<\/p>\n<p style=\"text-align: justify;\">Este alago constante a los Estados Unidos, profundizar\u00e1 su idea de Naci\u00f3n para nuestro pa\u00eds, claro que antes de habar de los cambios y progresos que se deben dar, no deja de mencionar lo que \u00e9l denomina claramente como \u201cbarbarie\u201d; no s\u00f3lo refiri\u00e9ndose al autoritarismo del gobierno de Juan M. de Rosas[15], sino a la sociedad que integrada el pa\u00eds, y el continente. Sociedad o \u201cbarbarie\u201d, seg\u00fan Sarmiento, que integraban pueblo originarios, negros, gauchos y caudillos; a las cuales no se las pod\u00eda civilizar; por ejemplo en el caso de los pueblos originarios se planteaba la siguiente idea:<\/p>\n<p style=\"text-align: justify; padding-left: 30px;\"><em>\u201c<\/em><em>\u00bfLograremos<\/em><em> <\/em><em>exterminar<\/em><em> <\/em><em>a<\/em><em> <\/em><em>los<\/em><em> <\/em><em>indios?<\/em><em> <\/em><em>Por<\/em><em> <\/em><em>los<\/em><em> <\/em><em>salvajes<\/em><em> <\/em><em>de<\/em><em> <\/em><em>Am\u00e9rica<\/em><em> <\/em><em>siento<\/em><em> <\/em><em>una<\/em><em> <\/em><em>invencible<\/em><em> <\/em><em>repugnancia<\/em><em> <\/em><em>sin<\/em><em> <\/em><em>poderlo<\/em><em> <\/em><em>remediar.<\/em><em> <\/em><em>Esa<\/em><em> <\/em><em>canalla<\/em><em> <\/em><em>no<\/em><em> <\/em><em>son<\/em><em> <\/em><em>m\u00e1s<\/em><em> <\/em><em>que<\/em><em> <\/em><em>unos<\/em><em> <\/em><em>indios<\/em><em> <\/em><em>asquerosos<\/em><em> <\/em><em>a<\/em><em> <\/em><em>quienes<\/em><em> <\/em><em>mandar\u00eda<\/em><em> <\/em><em>colgar<\/em><em> <\/em><em>ahora<\/em><em> <\/em><em>si<\/em><em> <\/em><em>reapareciesen.<\/em><em> <\/em><em>Lautaro<\/em><em> <\/em><em>y<\/em><em> <\/em><em>Caupolic\u00e1n<\/em><em> <\/em><em>son<\/em><em> <\/em><em>unos<\/em><em> <\/em><em>indios<\/em><em> <\/em><em>piojosos,<\/em><em> <\/em><em>porque<\/em><em> <\/em><em>as\u00ed<\/em><em> <\/em><em>son<\/em><em> <\/em><em>todos.<\/em><em> <\/em><em>Incapaces<\/em><em> <\/em><em>de<\/em><em> <\/em><em>progreso,<\/em><em> <\/em><em>su<\/em><em> <\/em><em>exterminio<\/em><em> <\/em><em>es<\/em><em> <\/em><em>providencial<\/em><em> <\/em><em>y<\/em><em> <\/em><em>\u00fatil,<\/em><em> <\/em><em>sublime<\/em><em> <\/em><em>y<\/em><em> <\/em><em>grande.<\/em><em> <\/em><em>Se<\/em><em> <\/em><em>les<\/em><em> <\/em><em>debe<\/em><em> <\/em><em>exterminar<\/em><em> <\/em><em>sin<\/em><em> <\/em><em>ni<\/em><em> <\/em><em>siquiera<\/em><em> <\/em><em>perdonar<\/em><em> <\/em><em>al<\/em><em> <\/em><em>peque\u00f1o,<\/em><em> <\/em><em>que<\/em><em> <\/em><em>tiene<\/em><em> <\/em><em>ya<\/em><em> <\/em><em>el<\/em><em> <\/em><em>odio<\/em><em> <\/em><em>instintivo<\/em><em> <\/em><em>al<\/em><em> <\/em><em>hombre<\/em><em> <\/em><em>civilizado<\/em><em>\u201d<\/em>[16].<em> <\/em><\/p>\n<p style=\"text-align: justify;\">&nbsp;<\/p>\n<p style=\"text-align: justify;\">Tampoco quedaron exentos de la cr\u00edtica los negros y los gauchos, de los primeros,\u00a0\u00a0 se refer\u00eda como los que<\/p>\n<p style=\"text-align: justify; padding-left: 30px;\"><em>\u201c<\/em><em>pon\u00edan<\/em><em> <\/em><em>en<\/em><em> <\/em><em>manos<\/em><em> <\/em><em>de<\/em><em> <\/em><em>Rosas<\/em><em> <\/em><em>un<\/em><em> <\/em><em>celoso<\/em><em> <\/em><em>espionaje,<\/em><em> <\/em><em>a<\/em><em> <\/em><em>cargo<\/em><em> <\/em><em>de<\/em><em> <\/em><em>sirvientes<\/em><em> <\/em><em>y<\/em><em> <\/em><em>esclavos<\/em><em> <\/em><em>proporcion\u00e1ndole,<\/em><em> <\/em><em>adem\u00e1s,<\/em><em> <\/em><em>excelentes<\/em><em> <\/em><em>e<\/em><em> <\/em><em>incorruptibles<\/em><em> <\/em><em>soldados<\/em><em> <\/em><em>de<\/em><em> <\/em><em>otro<\/em><em> <\/em><em>idioma<\/em><em> <\/em><em>y<\/em><em> <\/em><em>de<\/em><em> <\/em><em>una<\/em><em> <\/em><em>raza<\/em><em> <\/em><em>salvaje<\/em><em> <\/em><em>[<\/em><em>\u2026<\/em><em>]<\/em><em> <\/em><em>Felizmente,<\/em><em> <\/em><em>las<\/em><em> <\/em><em>continuas<\/em><em> <\/em><em>guerras<\/em><em> <\/em><em>han<\/em><em> <\/em><em>exterminado<\/em><em> <\/em><em>a<\/em><em> <\/em><em>la<\/em><em> <\/em><em>parte<\/em><em> <\/em><em>masculina<\/em><em> <\/em><em>de<\/em><em> <\/em><em>la<\/em><em> <\/em><em>poblaci\u00f3n<\/em><em>\u201d<\/em>.[17]<em> <\/em><\/p>\n<p style=\"text-align: justify;\">&nbsp;<\/p>\n<p style=\"text-align: justify;\">Sobre el gaucho la opini\u00f3n no fue diferente refiri\u00e9ndose de la siguiente manera en un escrito a B. Mitre, <em>\u201c<\/em><em>no<\/em><em> <\/em><em>trate<\/em><em> <\/em><em>de<\/em><em> <\/em><em>economizar<\/em><em> <\/em><em>sangre<\/em><em> <\/em><em>de<\/em><em> <\/em><em>gauchos.<\/em><em> <\/em><em>Es<\/em><em> <\/em><em>lo<\/em><em> <\/em><em>\u00fanico<\/em><em> <\/em><em>que<\/em><em> <\/em><em>tienen<\/em><em> <\/em><em>de<\/em><em> <\/em><em>humano.<\/em><em> <\/em><em>Este<\/em><em> <\/em><em>es<\/em><em> <\/em><em>una<\/em><em> <\/em><em>abono<\/em><em> <\/em><em>que<\/em><em> <\/em><em>es<\/em><em> <\/em><em>preciso<\/em><em> <\/em><em>hacer<\/em><em> <\/em><em>\u00fatil<\/em><em> <\/em><em>al<\/em><em> <\/em><em>pa\u00eds<\/em><em>\u201d<\/em>[18]<em>.<\/em><\/p>\n<p style=\"text-align: justify;\"><em><br \/>\n<\/em><\/p>\n<p style=\"text-align: justify;\"><em> <\/em>El m\u00e1s claro exponente de la barbarie lo refleja en el \u201cFacundo\u201d viendo a Rosas como heredero de Quiroga, a qui\u00e9n se refer\u00eda como una sombra \u201cterrible\u201d a diez a\u00f1os de su muerte porque cuando<\/p>\n<p style=\"text-align: justify;\">&nbsp;<\/p>\n<p style=\"text-align: justify; padding-left: 30px;\"><em>\u201c<\/em><em>el<\/em><em> <\/em><em>hombre<\/em><em> <\/em><em>de<\/em><em> <\/em><em>las<\/em><em> <\/em><em>ciudades<\/em><em> <\/em><em>y<\/em><em> <\/em><em>el<\/em><em> <\/em><em>gaucho<\/em><em> <\/em><em>de<\/em><em> <\/em><em>los<\/em><em> <\/em><em>llanos<\/em><em> <\/em><em>argentinos,<\/em><em> <\/em><em>al<\/em><em> <\/em><em>tomar<\/em><em> <\/em><em>diversos<\/em><em> <\/em><em>senderos<\/em><em> <\/em><em>en<\/em><em> <\/em><em>el<\/em><em> <\/em><em>desierto,<\/em><em> <\/em><em>dec\u00edan:<\/em><em> \u201c<\/em><em>\u00a1No<\/em><em> <\/em><em>no<\/em><em> <\/em><em>ha<\/em><em> <\/em><em>muerto!<\/em><em> <\/em><em>\u00a1Vive<\/em><em> <\/em><em>a\u00fan!<\/em><em> <\/em><em>\u00a1El<\/em><em> <\/em><em>vendr\u00e1<\/em><em>\u201d<\/em><em>.<\/em><em> \u201c<\/em><em>\u00a1Cierto!<\/em><em> <\/em><em>Facundo<\/em><em> <\/em><em>no<\/em><em> <\/em><em>ha<\/em><em> <\/em><em>muerto;<\/em><em> <\/em><em>est\u00e1<\/em><em> <\/em><em>vivo<\/em><em> <\/em><em>en<\/em><em> <\/em><em>las<\/em><em> <\/em><em>tradiciones<\/em><em> <\/em><em>populares,<\/em><em> <\/em><em>en<\/em><em> <\/em><em>la<\/em><em> <\/em><em>pol\u00edtica<\/em><em> <\/em><em>y<\/em><em> <\/em><em>revoluciones<\/em><em> <\/em><em>argentinas;<\/em><em> <\/em><em>en<\/em><em> <\/em><em>Rosas,<\/em><em> <\/em><em>su<\/em><em> <\/em><em>heredero,<\/em><em> <\/em><em>su<\/em><em> <\/em><em>complemento:<\/em><em> <\/em><em>su<\/em><em> <\/em><em>alma<\/em><em> <\/em><em>ha<\/em><em> <\/em><em>pasado<\/em><em> <\/em><em>a<\/em><em> <\/em><em>este<\/em><em> <\/em><em>otro<\/em><em> <\/em><em>molde,<\/em><em> <\/em><em>m\u00e1s<\/em><em> <\/em><em>acabado,<\/em><em> <\/em><em>m\u00e1s<\/em><em> <\/em><em>perfecto;<\/em><em> <\/em><em>y<\/em><em> <\/em><em>lo<\/em><em> <\/em><em>que<\/em><em> <\/em><em>en<\/em><em> <\/em><em>\u00e9l<\/em><em> <\/em><em>era<\/em><em> <\/em><em>s\u00f3lo<\/em><em> <\/em><em>instinto,<\/em><em> <\/em><em>iniciaci\u00f3n,<\/em><em> <\/em><em>tendencia,<\/em><em> <\/em><em>convirti\u00e9ndose<\/em><em> <\/em><em>Rosas<\/em><em> <\/em><em>en<\/em><em> <\/em><em>sistema,<\/em><em> <\/em><em>efecto<\/em><em> <\/em><em>y<\/em><em> <\/em><em>fin;<\/em><em> <\/em><em>la<\/em><em> <\/em><em>naturaleza<\/em><em> <\/em><em>campestre,<\/em><em> <\/em><em>colonial<\/em><em> <\/em><em>y<\/em><em> <\/em><em>b\u00e1rbara,<\/em><em> <\/em><em>cambi\u00e1ndose<\/em><em> <\/em><em>en<\/em><em> <\/em><em>esta<\/em><em> <\/em><em>metamorfosis<\/em><em> <\/em><em>en<\/em><em> <\/em><em>arte,<\/em><em> <\/em><em>en<\/em><em> <\/em><em>sistema<\/em><em> <\/em><em>y<\/em><em> <\/em><em>en<\/em><em> <\/em><em>pol\u00edtica<\/em><em> <\/em><em>regular<\/em><em> <\/em><em>capaz<\/em><em> <\/em><em>de<\/em><em> <\/em><em>presentarse<\/em><em> <\/em><em>a<\/em><em> <\/em><em>la<\/em><em> <\/em><em>faz<\/em><em> <\/em><em>del<\/em><em> <\/em><em>mundo<\/em><em> <\/em><em>como<\/em><em> <\/em><em>el<\/em><em> <\/em><em>modo<\/em><em> <\/em><em>de<\/em><em> <\/em><em>ser<\/em><em> <\/em><em>un<\/em><em> <\/em><em>pueblo<\/em><em> <\/em><em>encarnado<\/em><em> <\/em><em>en<\/em><em> <\/em><em>un<\/em><em> <\/em><em>hombre<\/em><em> <\/em><em>que<\/em><em> <\/em><em>ha<\/em><em> <\/em><em>aspirado<\/em><em> <\/em><em>a<\/em><em> <\/em><em>tomar<\/em><em> <\/em><em>los<\/em><em> <\/em><em>aires<\/em><em> <\/em><em>de<\/em><em> <\/em><em>un<\/em><em> <\/em><em>genio<\/em><em> <\/em><em>que<\/em><em> <\/em><em>domina<\/em><em> <\/em><em>los<\/em><em> <\/em><em>acontecimientos,<\/em><em> <\/em><em>los<\/em><em> <\/em><em>hombres<\/em><em> <\/em><em>y<\/em><em> <\/em><em>las<\/em><em> <\/em><em>cosas.<\/em><em> <\/em><em>Facundo,<\/em><em> <\/em><em>provinciano,<\/em><em> <\/em><em>b\u00e1rbaro,<\/em><em> <\/em><em>valiente,<\/em><em> <\/em><em>audaz,<\/em><em> <\/em><em>fue<\/em><em> <\/em><em>reemplazado<\/em><em> <\/em><em>por<\/em><em> <\/em><em>Rosas,<\/em><em> <\/em><em>hijo<\/em><em> <\/em><em>de<\/em><em> <\/em><em>la<\/em><em> <\/em><em>culta<\/em><em> <\/em><em>Buenos<\/em><em> <\/em><em>Aires,<\/em><em> <\/em><em>sin<\/em><em> <\/em><em>serlo<\/em><em> <\/em><em>\u00e9l;<\/em><em> <\/em><em>por<\/em><em> <\/em><em>Rosas,<\/em><em> <\/em><em>falso.<\/em><em> <\/em><em>Coraz\u00f3n<\/em><em> <\/em><em>helado,<\/em><em> <\/em><em>esp\u00edritu<\/em><em> <\/em><em>calculador,<\/em><em> <\/em><em>que<\/em><em> <\/em><em>hace<\/em><em> <\/em><em>el<\/em><em> <\/em><em>mal<\/em><em> <\/em><em>sin<\/em><em> <\/em><em>pasi\u00f3n,<\/em><em> <\/em><em>y<\/em><em> <\/em><em>organiza<\/em><em> <\/em><em>lentamente<\/em><em> <\/em><em>el<\/em><em> <\/em><em>despotismo<\/em><em> <\/em><em>con<\/em><em> <\/em><em>toda<\/em><em> <\/em><em>la<\/em><em> <\/em><em>inteligencia<\/em><em> <\/em><em>de<\/em><em> <\/em><em>un<\/em><em> <\/em><em>Maquiavelo.<\/em><em> <\/em><em>Tirano<\/em><em> <\/em><em>sin<\/em><em> <\/em><em>rival<\/em><em> <\/em><em>hoy<\/em><em> <\/em><em>en<\/em><em> <\/em><em>la<\/em><em> <\/em><em>tierra&#8230;<\/em><em>\u201d<\/em>[19].<\/p>\n<p style=\"text-align: justify; padding-left: 30px;\">&nbsp;<\/p>\n<p style=\"text-align: justify;\"><em> <\/em>Pero la llamada barbarie para Sarmiento, y como mencione anteriormente en el caso de <em>Argir\u00f3polis,<\/em> trascendi\u00f3 las fronteras del pa\u00eds, porque en el peri\u00f3dico El Nacional del 26 de Septiembre de 1862 escribe cuando acaba de acceder Francisco Solano L\u00f3pez a la presidencia del pa\u00eds hermano:<\/p>\n<p style=\"text-align: justify;\">&nbsp;<\/p>\n<p style=\"text-align: justify;\"><em>\u201c<\/em><em>No;<\/em><em> <\/em><em>si<\/em><em> <\/em><em>queremos<\/em><em> <\/em><em>salvar<\/em><em> <\/em><em>nuestras<\/em><em> <\/em><em>libertades<\/em><em> <\/em><em>y<\/em><em> <\/em><em>nuestro<\/em><em> <\/em><em>porvenir,<\/em><em> <\/em><em>tenemos<\/em><em> <\/em><em>el<\/em><em> <\/em><em>deber<\/em><em> <\/em><em>de<\/em><em> <\/em><em>ayudar<\/em><em> <\/em><em>a<\/em><em> <\/em><em>salvar<\/em><em> <\/em><em>al<\/em><em> <\/em><em>Paraguay,<\/em><em> <\/em><em>obligado<\/em><em> <\/em><em>a<\/em><em> <\/em><em>sus<\/em><em> <\/em><em>mandatarios<\/em><em> <\/em><em>a<\/em><em> <\/em><em>entrar<\/em><em> <\/em><em>en<\/em><em> <\/em><em>la<\/em><em> <\/em><em>senda<\/em><em> <\/em><em>de<\/em><em> <\/em><em>la<\/em><em> <\/em><em>civilizaci\u00f3n<\/em><em>\u201d<\/em>[20].<\/p>\n<p style=\"text-align: justify;\">&nbsp;<\/p>\n<p style=\"text-align: justify;\">Unos a\u00f1os m\u00e1s tarde de la asunci\u00f3n de L\u00f3pez, apoyo la invasi\u00f3n al pa\u00eds que sin tener relaciones con las potencias europeas logr\u00f3 desarrollar el ferrocarril, el tel\u00e9grafo, la fundici\u00f3n de hierro, la industria artesanal, y que adem\u00e1s logr\u00f3 que las tierras no est\u00e9n en manos de los terratenientes, sino en manos del Estado, que a su vez las entregaba a los campesinos. La tr\u00e1gica guerra, que culmin\u00f3 con grandes problemas econ\u00f3micos durante su presidencia, y cuyo costo m\u00e1s grande fue sufrido por Paraguay dadas las grandes p\u00e9rdidas humanas, econ\u00f3micas y territoriales; tambi\u00e9n le costo a Sarmiento la muerte de su hijo adoptivo Dominguito.<\/p>\n<p style=\"text-align: justify;\">&nbsp;<\/p>\n<p style=\"text-align: justify;\">Unos meses antes de su fallecimiento el 11 de Septiembre de 1888, y con su salud muy deteriorada se radica en Paraguay, en busca de una mejora; ya que el clima pod\u00eda ayudar a suplir lo que la medicina no pod\u00eda solucionar. Por parte del pueblo guaran\u00ed, no hubo casi reacci\u00f3n alguna; el gobierno liberal distaba mucho de querer hostilizar a Sarmiento.<\/p>\n<p style=\"text-align: justify;\"><strong><span style=\"text-decoration: underline;\"> <\/span><\/strong><\/p>\n<p style=\"text-align: justify;\">&nbsp;<\/p>\n<p style=\"text-align: justify;\"><strong>Educaci\u00f3n,<\/strong><strong> <\/strong><strong>una<\/strong><strong> <\/strong><strong>cuesti\u00f3n<\/strong><strong> <\/strong><strong>popular<\/strong><strong> <\/strong><strong>y<\/strong><strong> <\/strong><strong>laica<\/strong><\/p>\n<p style=\"text-align: justify;\"><strong> <\/strong><\/p>\n<p style=\"text-align: justify;\">&nbsp;<\/p>\n<p style=\"text-align: justify;\">Uno de los temas centrales, destacados y conocidos en el pensamiento de Sarmiento fue la cuesti\u00f3n educativa, tal vez lo m\u00e1s discutido pueda ser su visi\u00f3n pedag\u00f3gica, pero es un tema que no abordar\u00e9 en este trabajo; lo que s\u00ed es poco cuestionable es la valorizaci\u00f3n y la lucha por una educaci\u00f3n donde el Estado debe garantizar que fuera p\u00fablica, gratuita y laica. Sarmiento consideraba de suma importancia que<\/p>\n<p style=\"text-align: justify; padding-left: 30px;\">&nbsp;<\/p>\n<p style=\"text-align: justify; padding-left: 30px;\"><em>\u201c<\/em><em>un<\/em><em> <\/em><em>padre<\/em><em> <\/em><em>pobre<\/em><em> <\/em><em>no<\/em><em> <\/em><em>puede<\/em><em> <\/em><em>ser<\/em><em> <\/em><em>responsable<\/em><em> <\/em><em>de<\/em><em> <\/em><em>la<\/em><em> <\/em><em>educaci\u00f3n<\/em><em> <\/em><em>de<\/em><em> <\/em><em>sus<\/em><em> <\/em><em>hijos;<\/em><em> <\/em><em>pero<\/em><em> <\/em><em>la<\/em><em> <\/em><em>sociedad<\/em><em> <\/em><em>en<\/em><em> <\/em><em>masa<\/em><em> <\/em><em>tiene<\/em><em> <\/em><em>inter\u00e9s<\/em><em> <\/em><em>vital<\/em><em> <\/em><em>en<\/em><em> <\/em><em>asegurarse<\/em><em> <\/em><em>de<\/em><em> <\/em><em>que<\/em><em> <\/em><em>todos<\/em><em> <\/em><em>los<\/em><em> <\/em><em>individuos<\/em><em> <\/em><em>que<\/em><em> <\/em><em>han<\/em><em> <\/em><em>de<\/em><em> <\/em><em>venir<\/em><em> <\/em><em>con<\/em><em> <\/em><em>el<\/em><em> <\/em><em>tiempo<\/em><em> <\/em><em>a<\/em><em> <\/em><em>formar<\/em><em> <\/em><em>la<\/em><em> <\/em><em>Naci\u00f3n,<\/em><em> <\/em><em>hayan<\/em><em> <\/em><em>por<\/em><em> <\/em><em>la<\/em><em> <\/em><em>educaci\u00f3n<\/em><em> <\/em><em>recibida<\/em><em> <\/em><em>en<\/em><em> <\/em><em>su<\/em><em> <\/em><em>infancia,<\/em><em> <\/em><em>prepar\u00e1ndose<\/em><em> <\/em><em>suficientemente<\/em><em> <\/em><em>para<\/em><em> <\/em><em>desempe\u00f1ar<\/em><em> <\/em><em>las<\/em><em> <\/em><em>funciones<\/em><em> <\/em><em>sociales<\/em><em> <\/em><em>a<\/em><em> <\/em><em>que<\/em><em> <\/em><em>ser\u00e1n<\/em><em> <\/em><em>llamados.<\/em><em> <\/em><em>El<\/em><em> <\/em><em>poder,<\/em><em> <\/em><em>la<\/em><em> <\/em><em>riqueza<\/em><em> <\/em><em>y<\/em><em> <\/em><em>la<\/em><em> <\/em><em>fuerza<\/em><em> <\/em><em>de<\/em><em> <\/em><em>una<\/em><em> <\/em><em>Naci\u00f3n<\/em><em> <\/em><em>dependen<\/em><em> <\/em><em>de<\/em><em> <\/em><em>la<\/em><em> <\/em><em>capacidad<\/em><em> <\/em><em>industrial,<\/em><em> <\/em><em>moral,<\/em><em> <\/em><em>e<\/em><em> <\/em><em>intelectual<\/em><em> <\/em><em>de<\/em><em> <\/em><em>los<\/em><em> <\/em><em>individuos<\/em><em> <\/em><em>que<\/em><em> <\/em><em>la<\/em><em> <\/em><em>componen;<\/em><em> <\/em><em>y<\/em><em> <\/em><em>la<\/em><em> <\/em><em>educaci\u00f3n<\/em><em> <\/em><em>p\u00fablica<\/em><em> <\/em><em>no<\/em><em> <\/em><em>debe<\/em><em> <\/em><em>tener<\/em><em> <\/em><em>otro<\/em><em> <\/em><em>fin<\/em><em> <\/em><em>que<\/em><em> <\/em><em>el<\/em><em> <\/em><em>aumentar<\/em><em> <\/em><em>estas<\/em><em> <\/em><em>fuerzas<\/em><em> <\/em><em>de<\/em><em> <\/em><em>producci\u00f3n,<\/em><em> <\/em><em>de<\/em><em> <\/em><em>acci\u00f3n<\/em><em> <\/em><em>y<\/em><em> <\/em><em>de<\/em><em> <\/em><em>direcci\u00f3n,<\/em><em> <\/em><em>aumentando<\/em><em> <\/em><em>cada<\/em><em> <\/em><em>vez<\/em><em> <\/em><em>m\u00e1s<\/em><em> <\/em><em>el<\/em><em> <\/em><em>n\u00famero<\/em><em> <\/em><em>de<\/em><em> <\/em><em>individuos<\/em><em> <\/em><em>que<\/em><em> <\/em><em>la<\/em><em> <\/em><em>posean<\/em><em>. La<\/em><em> <\/em><em>dignidad<\/em><em> <\/em><em>del<\/em><em> <\/em><em>Estado,<\/em><em> <\/em><em>la<\/em><em> <\/em><em>gloria<\/em><em> <\/em><em>de<\/em><em> <\/em><em>una<\/em><em> <\/em><em>Naci\u00f3n<\/em><em> <\/em><em>no<\/em><em> <\/em><em>pueden<\/em><em> <\/em><em>ya<\/em><em> <\/em><em>cifrarse,<\/em><em> <\/em><em>pues,<\/em><em> <\/em><em>sino<\/em><em> <\/em><em>en<\/em><em> <\/em><em>la<\/em><em> <\/em><em>dignidad<\/em><em> <\/em><em>de<\/em><em> <\/em><em>condici\u00f3n<\/em><em> <\/em><em>de<\/em><em> <\/em><em>sus<\/em><em> <\/em><em>s\u00fabditos;<\/em><em> <\/em><em>y<\/em><em> <\/em><em>esta<\/em><em> <\/em><em>dignidad<\/em><em> <\/em><em>no<\/em><em> <\/em><em>puede<\/em><em> <\/em><em>obtenerse,<\/em><em> <\/em><em>sino<\/em><em> <\/em><em>elevando<\/em><em> <\/em><em>el<\/em><em> <\/em><em>car\u00e1cter<\/em><em> <\/em><em>moral,<\/em><em> <\/em><em>desarrollando<\/em><em> <\/em><em>la<\/em><em> <\/em><em>inteligencia,<\/em><em> <\/em><em>y<\/em><em> <\/em><em>predisponi\u00e9ndola<\/em><em> <\/em><em>a<\/em><em> <\/em><em>la<\/em><em> <\/em><em>acci\u00f3n<\/em><em> <\/em><em>ordenada<\/em><em> <\/em><em>y<\/em><em> <\/em><em>leg\u00edtima<\/em><em> <\/em><em>de<\/em><em> <\/em><em>todas<\/em><em> <\/em><em>las<\/em><em> <\/em><em>facultades<\/em><em> <\/em><em>del<\/em><em> <\/em><em>hombre<\/em>\u201d[21].<\/p>\n<p style=\"text-align: justify; padding-left: 30px;\">&nbsp;<\/p>\n<p style=\"text-align: justify;\"><em> <\/em>Esta cuesti\u00f3n central de su pensamiento pol\u00edtico-educativo, deb\u00eda partir de la correcci\u00f3n de los problemas ocasionados por la colonizaci\u00f3n espa\u00f1ola, y para ella hace referencia a<\/p>\n<p style=\"text-align: justify; padding-left: 30px;\"><em>\u201c<\/em><em>Nuestros<\/em><em> <\/em><em>esfuerzos<\/em><em> <\/em><em>deben<\/em><em> <\/em><em>ser<\/em><em> <\/em><em>mayores<\/em><em> <\/em><em>para<\/em><em> <\/em><em>educar<\/em><em> <\/em><em>completamente<\/em><em> <\/em><em>las<\/em><em> <\/em><em>generaciones<\/em><em> <\/em><em>pr\u00f3ximas,<\/em><em> <\/em><em>si<\/em><em> <\/em><em>se<\/em><em> <\/em><em>atiende<\/em><em> <\/em><em>a<\/em><em> <\/em><em>otras<\/em><em> <\/em><em>condiciones<\/em><em> <\/em><em>pr\u00f3ximas,<\/em><em> <\/em><em>si<\/em><em> <\/em><em>se<\/em><em> <\/em><em>atiende<\/em><em> <\/em><em>a<\/em><em> <\/em><em>otras<\/em><em> <\/em><em>condiciones<\/em><em> <\/em><em>desfavorables<\/em><em> <\/em><em>que<\/em><em> <\/em><em>ha<\/em><em> <\/em><em>producido<\/em><em> <\/em><em>la<\/em><em> <\/em><em>colonizaci\u00f3n<\/em><em> <\/em><em>espa\u00f1ola<\/em><em> <\/em><em>[<\/em><em>\u2026<\/em><em>]<\/em><em> <\/em><em>Todas<\/em><em> <\/em><em>las<\/em><em> <\/em><em>colonizaciones<\/em><em> <\/em><em>que<\/em><em> <\/em><em>en<\/em><em> <\/em><em>estos<\/em><em> <\/em><em>tres<\/em><em> <\/em><em>\u00faltimos<\/em><em> <\/em><em>siglos<\/em><em> <\/em><em>han<\/em><em> <\/em><em>hecho<\/em><em> <\/em><em>las<\/em><em> <\/em><em>naciones<\/em><em> <\/em><em>europeas,<\/em><em> <\/em><em>han<\/em><em> <\/em><em>desarrollado<\/em><em> <\/em><em>delante<\/em><em> <\/em><em>de<\/em><em> <\/em><em>s\u00ed<\/em><em> <\/em><em>a<\/em><em> <\/em><em>los<\/em><em> <\/em><em>salvajes<\/em><em> <\/em><em>que<\/em><em> <\/em><em>poblaran<\/em><em> <\/em><em>la<\/em><em> <\/em><em>tierra<\/em><em> <\/em><em>que<\/em><em> <\/em><em>ven\u00edan<\/em><em> <\/em><em>a<\/em><em> <\/em><em>ocupar.<\/em><em> <\/em><em>Los<\/em><em> <\/em><em>ingleses,<\/em><em> <\/em><em>franceses<\/em><em> <\/em><em>y<\/em><em> <\/em><em>holandeses<\/em><em> <\/em><em>en<\/em><em> <\/em><em>Norteam\u00e9rica,<\/em><em> <\/em><em>no<\/em><em> <\/em><em>establecieron<\/em><em> <\/em><em>mancomunidad<\/em><em> <\/em><em>ninguna<\/em><em> <\/em><em>con<\/em><em> <\/em><em>los<\/em><em> <\/em><em>abor\u00edgenes,<\/em><em> <\/em><em>y<\/em><em> <\/em><em>cuando<\/em><em> <\/em><em>con<\/em><em> <\/em><em>el<\/em><em> <\/em><em>lapso<\/em><em> <\/em><em>del<\/em><em> <\/em><em>tiempo<\/em><em> <\/em><em>sus<\/em><em> <\/em><em>descendientes<\/em><em> <\/em><em>fueron<\/em><em> <\/em><em>llamados<\/em><em> <\/em><em>a<\/em><em> <\/em><em>formar<\/em><em> <\/em><em>Estados<\/em><em> <\/em><em>independientes,<\/em><em> <\/em><em>se<\/em><em> <\/em><em>encontraron<\/em><em> <\/em><em>compuestos<\/em><em> <\/em><em>de<\/em><em> <\/em><em>las<\/em><em> <\/em><em>razas<\/em><em> <\/em><em>europeas<\/em><em> <\/em><em>puras,<\/em><em> <\/em><em>con<\/em><em> <\/em><em>sus<\/em><em> <\/em><em>tradiciones<\/em><em> <\/em><em>de<\/em><em> <\/em><em>civilizaci\u00f3n<\/em><em> <\/em><em>cristiana<\/em><em> <\/em><em>y<\/em><em> <\/em><em>europea<\/em><em> <\/em><em>intactas,<\/em><em> <\/em><em>con<\/em><em> <\/em><em>su<\/em><em> <\/em><em>ah\u00ednco<\/em><em> <\/em><em>de<\/em><em> <\/em><em>progreso<\/em><em> <\/em><em>y<\/em><em> <\/em><em>su<\/em><em> <\/em><em>capacidad<\/em><em> <\/em><em>de<\/em><em> <\/em><em>desenvolvimiento,<\/em><em> <\/em><em>a\u00fan<\/em><em> <\/em><em>m\u00e1s<\/em><em> <\/em><em>pronunciado<\/em><em> <\/em><em>si<\/em><em> <\/em><em>cabe<\/em><em> <\/em><em>que<\/em><em> <\/em><em>entre<\/em><em> <\/em><em>sus<\/em><em> <\/em><em>padres,<\/em><em> <\/em><em>o<\/em><em> <\/em><em>la<\/em><em> <\/em><em>madre<\/em><em> <\/em><em>patria<\/em><em> <\/em><em>[<\/em><em>\u2026<\/em><em>]<\/em><em> <\/em><em>Muy<\/em><em> <\/em><em>distinto<\/em><em> <\/em><em>modo<\/em><em> <\/em><em>procedi\u00f3<\/em><em> <\/em><em>la<\/em><em> <\/em><em>colonizaci\u00f3n<\/em><em> <\/em><em>espa\u00f1ola<\/em><em> <\/em><em>en<\/em><em> <\/em><em>el<\/em><em> <\/em><em>resto<\/em><em> <\/em><em>de<\/em><em> <\/em><em>la<\/em><em> <\/em><em>Am\u00e9rica.<\/em><em> <\/em><em>Sin<\/em><em> <\/em><em>ser<\/em><em> <\/em><em>m\u00e1s<\/em><em> <\/em><em>humana<\/em><em> <\/em><em>que<\/em><em> <\/em><em>la<\/em><em> <\/em><em>del<\/em><em> <\/em><em>Norte,<\/em><em> <\/em><em>por<\/em><em> <\/em><em>aprovechar<\/em><em> <\/em><em>del<\/em><em> <\/em><em>trabajo<\/em><em> <\/em><em>de<\/em><em> <\/em><em>las<\/em><em> <\/em><em>razas<\/em><em> <\/em><em>ind\u00edgenas<\/em><em> <\/em><em>esclavizadas,<\/em><em> <\/em><em>acaso<\/em><em> <\/em><em>por<\/em><em> <\/em><em>encontrarlas<\/em><em> <\/em><em>m\u00e1s<\/em><em> <\/em><em>d\u00f3ciles<\/em><em> <\/em><em>tambi\u00e9n,<\/em><em> <\/em><em>incorpor\u00f3<\/em><em> <\/em><em>en<\/em><em> <\/em><em>su<\/em><em> <\/em><em>seno<\/em><em> <\/em><em>a<\/em><em> <\/em><em>los<\/em><em> <\/em><em>salvajes;<\/em><em> <\/em><em>dejando<\/em><em> <\/em><em>para<\/em><em> <\/em><em>los<\/em><em> <\/em><em>tiempos<\/em><em> <\/em><em>futuros<\/em><em> <\/em><em>un<\/em><em> <\/em><em>progenie<\/em><em> <\/em><em>bastarda,<\/em><em> <\/em><em>rebelde<\/em><em> <\/em><em>a<\/em><em> <\/em><em>la<\/em><em> <\/em><em>cultura,<\/em><em> <\/em><em>y<\/em><em> <\/em><em>sin<\/em><em> <\/em><em>aquellas<\/em><em> <\/em><em>tradiciones<\/em><em> <\/em><em>de<\/em><em> <\/em><em>ciencia,<\/em><em> <\/em><em>arte<\/em><em> <\/em><em>e<\/em><em> <\/em><em>industria,<\/em><em> <\/em><em>que<\/em><em> <\/em><em>hacen<\/em><em> <\/em><em>que<\/em><em> <\/em><em>los<\/em><em> <\/em><em>deportados<\/em><em> <\/em><em>a<\/em><em> <\/em><em>la<\/em><em> <\/em><em>Nueva<\/em><em> <\/em><em>Holanda<\/em><em> <\/em><em>reproduzcan<\/em><em> <\/em><em>la<\/em><em> <\/em><em>riqueza,<\/em><em> <\/em><em>la<\/em><em> <\/em><em>libertad,<\/em><em> <\/em><em>y<\/em><em> <\/em><em>la<\/em><em> <\/em><em>industria<\/em><em> <\/em><em>inglesa<\/em><em> <\/em><em>en<\/em><em> <\/em><em>un<\/em><em> <\/em><em>corto<\/em><em> <\/em><em>n\u00famero<\/em><em> <\/em><em>de<\/em><em> <\/em><em>a\u00f1os<\/em><em> <\/em><em>[<\/em><em>\u2026<\/em><em>]<\/em><em> <\/em><em>es<\/em><em> <\/em><em>un<\/em><em> <\/em><em>hecho<\/em><em> <\/em><em>fatal<\/em><em> <\/em><em>que<\/em><em> <\/em><em>los<\/em><em> <\/em><em>hijos<\/em><em> <\/em><em>sigan<\/em><em> <\/em><em>las<\/em><em> <\/em><em>tradiciones<\/em><em> <\/em><em>de<\/em><em> <\/em><em>sus<\/em><em> <\/em><em>padres,<\/em><em> <\/em><em>y<\/em><em> <\/em><em>que<\/em><em> <\/em><em>el<\/em><em> <\/em><em>cambio<\/em><em> <\/em><em>de<\/em><em> <\/em><em>civilizaci\u00f3n,<\/em><em> <\/em><em>de<\/em><em> <\/em><em>instintos<\/em><em> <\/em><em>y<\/em><em> <\/em><em>de<\/em><em> <\/em><em>ideas<\/em><em> <\/em><em>no<\/em><em> <\/em><em>se<\/em><em> <\/em><em>haga<\/em><em> <\/em><em>sino<\/em><em> <\/em><em>por<\/em><em> <\/em><em>cambio<\/em><em> <\/em><em>de<\/em><em> <\/em><em>razas.<\/em><em> <\/em><em>\u00bfQu\u00e9<\/em><em> <\/em><em>porvenir<\/em><em> <\/em><em>aguarda<\/em><em> <\/em><em>porvenir<\/em><em> <\/em><em>aguarda<\/em><em> <\/em><em>a<\/em><em> <\/em><em>M\u00e9xico,<\/em><em> <\/em><em>al<\/em><em> <\/em><em>Per\u00fa,<\/em><em> <\/em><em>Bolivia<\/em><em> <\/em><em>y<\/em><em> <\/em><em>otros<\/em><em> <\/em><em>Estados<\/em><em> <\/em><em>sudamericanos<\/em><em> <\/em><em>que<\/em><em> <\/em><em>tienen<\/em><em> <\/em><em>a\u00fan<\/em><em> <\/em><em>vivas<\/em><em> <\/em><em>en<\/em><em> <\/em><em>sus<\/em><em> <\/em><em>entra\u00f1as<\/em><em> <\/em><em>como<\/em><em> <\/em><em>no<\/em><em> <\/em><em>digerido<\/em><em> <\/em><em>alimento,<\/em><em> <\/em><em>las<\/em><em> <\/em><em>razas<\/em><em> <\/em><em>salvajes<\/em><em> <\/em><em>o<\/em><em> <\/em><em>b\u00e1rbaras<\/em><em> <\/em><em>ind\u00edgenas<\/em><em> <\/em><em>que<\/em><em> <\/em><em>absorbi\u00f3<\/em><em> <\/em><em>la<\/em><em> <\/em><em>colonizaci\u00f3n,<\/em><em> <\/em><em>y<\/em><em> <\/em><em>que<\/em><em> <\/em><em>conservan<\/em><em> <\/em><em>obstinadamente<\/em><em> <\/em><em>sus<\/em><em> <\/em><em>tradiciones<\/em><em> <\/em><em>de<\/em><em> <\/em><em>los<\/em><em> <\/em><em>bosques,<\/em><em> <\/em><em>su<\/em><em> <\/em><em>odio<\/em><em> <\/em><em>a<\/em><em> <\/em><em>la<\/em><em> <\/em><em>civilizaci\u00f3n,<\/em><em> <\/em><em>sus<\/em><em> <\/em><em>idiomas<\/em><em> <\/em><em>primitivos,<\/em><em> <\/em><em>y<\/em><em> <\/em><em>sus<\/em><em> <\/em><em>h\u00e1bitos<\/em><em> <\/em><em>de<\/em><em> <\/em><em>indolencia<\/em><em> <\/em><em>y<\/em><em> <\/em><em>de<\/em><em> <\/em><em>repugnancia<\/em><em> <\/em><em>desde\u00f1osa<\/em><em> <\/em><em>contra<\/em><em> <\/em><em>el<\/em><em> <\/em><em>vestido,<\/em><em> <\/em><em>el<\/em><em> <\/em><em>aseo,<\/em><em> <\/em><em>las<\/em><em> <\/em><em>comodidades<\/em><em> <\/em><em>y<\/em><em> <\/em><em>los<\/em><em> <\/em><em>usos<\/em><em> <\/em><em>de<\/em><em> <\/em><em>la<\/em><em> <\/em><em>vida<\/em><em> <\/em><em>civilizada?<\/em><em> <\/em><em>[<\/em><em>\u2026<\/em><em>]<\/em><em> <\/em><em>Ruda<\/em><em> <\/em><em>es<\/em><em> <\/em><em>sin<\/em><em> <\/em><em>duda<\/em><em> <\/em><em>nuestra<\/em><em> <\/em><em>tarea,<\/em><em> <\/em><em>puesto<\/em><em> <\/em><em>que<\/em><em> <\/em><em>nos<\/em><em> <\/em><em>cumple<\/em><em> <\/em><em>llenar<\/em><em> <\/em><em>el<\/em><em> <\/em><em>d\u00e9ficit<\/em><em> <\/em><em>de<\/em><em> <\/em><em>suficiencia<\/em><em> <\/em><em>que<\/em><em> <\/em><em>ha<\/em><em> <\/em><em>dejado<\/em><em> <\/em><em>a<\/em><em> <\/em><em>la<\/em><em> <\/em><em>Espa\u00f1a<\/em><em> <\/em><em>en<\/em><em> <\/em><em>el<\/em><em> <\/em><em>l\u00edmite<\/em><em> <\/em><em>dudoso<\/em><em> <\/em><em>que<\/em><em> <\/em><em>divide<\/em><em> <\/em><em>a<\/em><em> <\/em><em>los<\/em><em> <\/em><em>pueblos<\/em><em> <\/em><em>civilizados<\/em><em> <\/em><em>de<\/em><em> <\/em><em>los<\/em><em> <\/em><em>b\u00e1rbaros<\/em><em> <\/em><em>y<\/em><em> <\/em><em>el<\/em><em> <\/em><em>aumento<\/em><em> <\/em><em>de<\/em><em> <\/em><em>barbarie<\/em><em> <\/em><em>que<\/em><em> <\/em><em>nos<\/em><em> <\/em><em>trajeron<\/em><em> <\/em><em>la<\/em><em> <\/em><em>colonizaci\u00f3n<\/em><em> <\/em><em>y<\/em><em> <\/em><em>nos<\/em><em> <\/em><em>conservaron<\/em><em> <\/em><em>los<\/em><em> <\/em><em>ind\u00edgenas<\/em>\u201d[22].<\/p>\n<p style=\"text-align: justify; padding-left: 30px;\">&nbsp;<\/p>\n<p style=\"text-align: justify;\">El p\u00e1rrafo citado anteriormente remarca el problema de la colonizaci\u00f3n, la importancia de la educaci\u00f3n laica en la idea de Sarmiento, tambi\u00e9n tiene que ver con dicha conquista, cuando dice<\/p>\n<p style=\"text-align: justify; padding-left: 30px;\">\u201c<em>Nos<\/em><em> <\/em><em>hemos<\/em><em> <\/em><em>emancipado,<\/em><em> <\/em><em>pero<\/em><em> <\/em><em>no<\/em><em> <\/em><em>por<\/em><em> <\/em><em>la<\/em><em> <\/em><em>acci\u00f3n<\/em><em> <\/em><em>de<\/em><em> <\/em><em>los<\/em><em> <\/em><em>sacerdotes<\/em><em> <\/em><em>y<\/em><em> <\/em><em>la<\/em><em> <\/em><em>ignorancia<\/em><em> <\/em><em>de<\/em><em> <\/em><em>las<\/em><em> <\/em><em>poblaciones<\/em><em> <\/em><em>mediterr\u00e1neas<\/em><em> <\/em><em>hoy<\/em><em> <\/em><em>alejadas<\/em><em> <\/em><em>de<\/em><em> <\/em><em>las<\/em><em> <\/em><em>ideas<\/em><em> <\/em><em>del<\/em><em> <\/em><em>mundo<\/em><em> <\/em><em>europeo,<\/em><em> <\/em><em>sino<\/em><em> <\/em><em>porque<\/em><em> <\/em><em>es<\/em><em> <\/em><em>gloria<\/em><em> <\/em><em>de<\/em><em> <\/em><em>la<\/em><em> <\/em><em>humanidad<\/em><em> <\/em><em>y<\/em><em> <\/em><em>de<\/em><em> <\/em><em>los<\/em><em> <\/em><em>pueblos<\/em><em> <\/em><em>moverse<\/em><em> <\/em><em>y<\/em><em> <\/em><em>obrar<\/em><em> <\/em><em>a<\/em><em> <\/em><em>impulso<\/em><em> <\/em><em>de<\/em><em> <\/em><em>ideas<\/em><em> <\/em><em>que<\/em><em> <\/em><em>se<\/em><em> <\/em><em>difunden<\/em><em> <\/em><em>por<\/em><em> <\/em><em>la<\/em><em> <\/em><em>redondez<\/em><em> <\/em><em>de<\/em><em> <\/em><em>la<\/em><em> <\/em><em>tierra<\/em><em> <\/em><em>[<\/em><em>\u2026<\/em><em>]<\/em><em> <\/em><em>siempre<\/em><em> <\/em><em>hay<\/em><em> <\/em><em>una<\/em><em> <\/em><em>cuesti\u00f3n<\/em><em> <\/em><em>de<\/em><em> <\/em><em>expoliaci\u00f3n<\/em><em> <\/em><em>y<\/em><em> <\/em><em>de<\/em><em> <\/em><em>opresi\u00f3n<\/em><em> <\/em><em>a<\/em><em> <\/em><em>los<\/em><em> <\/em><em>d\u00e9biles<\/em><em> <\/em><em>en<\/em><em> <\/em><em>las<\/em><em> <\/em><em>pretendidas<\/em><em> <\/em><em>cuestiones<\/em><em> <\/em><em>religiosas<\/em>\u201d[23].<\/p>\n<p style=\"text-align: justify; padding-left: 30px;\">&nbsp;<\/p>\n<p style=\"text-align: justify;\"><em> <\/em>Adem\u00e1s la importancia de la educaci\u00f3n laica, tiene suma importancia porque en un pa\u00eds donde los terratenientes o latifundistas dedicados a la vida pastoril se corresponden, como plantea L. Paso, con el atraso y la superstici\u00f3n. Este mismo latifundio, y el monopolio y centralismo de Buenos Aires van de la mano con otro monopolio, el de la educaci\u00f3n religiosa; esto era la representaci\u00f3n del atraso, la miseria, la condiciones sociales deprimentes de las masas y de la mujer, el analfabetismo, etc. Es por ello que a pesar de sus sentimientos religiosos, Sarmiento no dudaba que lo religioso, y sus privilegios, deb\u00edan estar al margen de la educaci\u00f3n p\u00fablica.<\/p>\n<p style=\"text-align: justify;\">&nbsp;<\/p>\n<p style=\"text-align: justify;\">&nbsp;<\/p>\n<p style=\"text-align: justify;\">Como conclusi\u00f3n y cometarios finales no puedo dejar de mencionar algunas consideraciones importantes para el cierre de este trabajo, donde a lo largo del mismo no podemos dejar de mencionar las diferencias entre las clases sociales que plantea, por un lado, su visi\u00f3n positiva del imperialismo brit\u00e1nico en la india donde hace referencia a que el problema no es la intervenci\u00f3n del pa\u00eds europeo, sino la presencia de los hind\u00faes; hecho que podemos relacionarlo directamente con su pensamiento sobre, uno de sus pensamientos m\u00e1s cuestionados, los pueblos originarios de Nuestra Am\u00e9rica, y la imposibilidad de incorporarlos como parte de la sociedad porque era algo imposible e\u00a0innecesario, donde s\u00ed deb\u00edan ser integrados los inmigrantes que llegaban desde el otro lado del oc\u00e9ano; y que a su vez, s\u00ed hablaba de insertar a las generaciones futuras de los europeos. S\u00ed criticaba, la conquista y colonizaci\u00f3n de Am\u00e9rica por parte de los espa\u00f1oles, no por el genocidio llevado adelante por los ib\u00e9ricos, sino por el atraso que significo en materia de desarrollo econ\u00f3mico y educativo para el continente, sumado al proceso emancipatorio, el cual es planteado como un problema por la responsabilidad que significaba ser libres. A los que debemos agregar su idea y posterior enfrentamiento sobre los caudillos populares, sobre todo con Facundo Quiroga y Juan M. de Rosas.<\/p>\n<p style=\"text-align: justify;\">&nbsp;<\/p>\n<p style=\"text-align: justify;\">En este punto tampoco hay que dejar de mencionar su defensa soberana sobre el las islas Malvinas, si bien no hablamos de un Sarmiento anti imperialista su posici\u00f3n en este tema, como en la condena a la Doctrina Moroe son puntos destacables, en alguien que fue un gran admirador del desarrollo econ\u00f3mico y social de los Estados Unidos. Tampoco debemos\u00a0olvidar, m\u00e1s all\u00e1 del an\u00e1lisis personal que podamos hacer sobre el objetivo y la idea en la obra <em>Argir\u00f3polis,<\/em> buscando la unidad regional en el R\u00edo de la Plata.<\/p>\n<p style=\"text-align: justify;\">&nbsp;<\/p>\n<p style=\"text-align: justify;\">Por otro lado, y relacionado con lo anteriormente mencionado sobre el desarrollo de los que Sarmiento denomina como una \u201cGran Naci\u00f3n\u201d haciendo referencia entre otras caracter\u00edsticas al desarrollo econ\u00f3mico e industrial de los Estados Unidos. Desarrollo industrial es una idea central en su pensamiento para el desarrollo y crecimiento de nuestro pa\u00eds, para ello hace referencia directa a que Argentina es dirigida pol\u00edticamente\u00a0 por las vacas, agregando tambi\u00e9n de \u201cuna aristocracia con olor a bosta\u201d, esta idea hizo que durante su vida, y principalmente durante su presidencia este enfrentado con la oligarqu\u00eda latifundista liderada por los Anchorena, los Unzu\u00e9 y los Leloir entre otras familias pertenecientes a las elites terratenientes. Enfrentamiento e idea profundizada a partir de querer llevar adelante una educaci\u00f3n y una escuela cient\u00edfica, igualitaria, gratuita y sobre todo laica, ya que los latifundios, la vida pastoril, el monopolio del puerto y la educaci\u00f3n religiosa simbolizaban el atraso en todos los sentidos del pa\u00eds, con el objetivo de aumentar, no s\u00f3lo, el desarrollo industrial sino que tambi\u00e9n la dignidad, la inteligencia y las facultades del hombre.<\/p>\n<p style=\"text-align: justify;\">&nbsp;<\/p>\n<p style=\"text-align: justify;\">En adelante, y ya finalizada la redacci\u00f3n de este recorrido por la vida y el pensamiento de un hombre que tuvo una gran influencia en la historia de nuestro pa\u00eds, las conclusiones y opiniones sobre uno de los pensadores m\u00e1s importantes, y menos populares, de nuestra historia deber\u00e1n ser propias.<\/p>\n<p style=\"text-align: justify;\">&nbsp;<\/p>\n<p style=\"text-align: justify;\"><strong> <\/strong><\/p>\n<p style=\"text-align: justify;\"><strong> <\/strong><\/p>\n<p style=\"text-align: justify;\"><strong>Bibliograf\u00eda:<\/strong><\/p>\n<p style=\"text-align: justify;\">&nbsp;<\/p>\n<p style=\"text-align: justify;\">Botana, Natalio. <em>Sarmiento Regresa. <\/em>Revista \u00d1 http:\/\/www.clarin.com\/rn\/ideas\/Sarmiento-reediciones-tres-volumenes-obras-Argiropilis<\/p>\n<p style=\"text-align: justify;\">Galasso, Norberto. Sarmiento \u00bfCivilizador o B\u00e1rbaro?. Cuadernos para Comprender la Historia N\u00ba 13.<\/p>\n<p style=\"text-align: justify;\">Halper\u00edn Donghi. <em>Proyecto<\/em><em> <\/em><em>y<\/em><em> <\/em><em>Construcci\u00f3n de<\/em> <em>un<\/em><em> <\/em><em>Naci\u00f3<\/em><em>n (1846-1880).<\/em><em> <\/em><em>Ed.<\/em><em> <\/em><em>Ariel.<\/em><em> <\/em><em>Buenos<\/em><em> <\/em><em>Aires.<\/em><\/p>\n<p style=\"text-align: justify;\">Palcos, Alberto. <em>El Facundo. Rasgos de Sarmiento. <\/em>Ed. El Ateneo. Bs. As. 1934.<\/p>\n<p style=\"text-align: justify;\">Paso, Leonardo. <em>Los Caudillos: Historia o Folklore. <\/em>Ed. S\u00edlaba. Bs. As.<\/p>\n<p style=\"text-align: justify;\">Paso, Leonardo. <em>La<\/em><em> <\/em><em>idea<\/em><em> <\/em><em>de<\/em><em> <\/em><em>cambio<\/em><em> <\/em><em>social.<\/em><em> <\/em>Ed. CEAL. Buenos Aires. 1993.<\/p>\n<p style=\"text-align: justify;\">Pe\u00f1a, Milc\u00edades. <em>De Mitre a Roca. Consolidaci\u00f3n de la Oligarqu\u00eda Anglocriolla. <\/em>Ed. Fichas. Bs. As. 1975.<\/p>\n<p style=\"text-align: justify;\">Pomer, Le\u00f3n. <em>La<\/em><em> <\/em><em>Guerra<\/em><em> <\/em><em>del<\/em><em> <\/em><em>Paraguay.<\/em><em> <\/em><em>Estado,<\/em><em> <\/em><em>pol\u00edtica<\/em><em> <\/em><em>y<\/em><em> <\/em><em>negocios.<\/em> Ed. Colihue. Buenos Aires. 2008.<\/p>\n<p style=\"text-align: justify;\">Ponce, Anibal. <em>Sarmiento. Constructor de la Nueva Argentina. <\/em>Ed. H. Matera. Bs. As. 1951.<\/p>\n<p style=\"text-align: justify;\">Sarmiento, Domingo F. <em>Las Ciento y Una Pol\u00e9mica con J. B. Alberdi. <\/em>Ed. Colecci\u00f3n Claridad. Bs. As. 1922.<\/p>\n<p style=\"text-align: justify;\">Sarmiento, Domingo F. <em>Argir\u00f3polis. Lo Estados Unidos del R\u00edo de la Plata.<\/em> Ed. G.E.U. Buenos Aires. 2007.<\/p>\n<p style=\"text-align: justify;\">Sarmiento, Domingo F.<em> <\/em><em>Facundo.<\/em><em> <\/em>Ed. Cr\u00edtica de la Argentina Colecci\u00f3n Bicentenario. Buenos Aires. 2010.<\/p>\n<p style=\"text-align: justify;\"><strong> <\/strong><\/p>\n<p style=\"text-align: justify;\"><strong>NOTAS<\/strong><\/p>\n<p style=\"text-align: justify;\">* El Prof. Alejandro Pisnoy integra el Centro Cultural de la Cooperaci\u00f3n \u201cFloreal Gorini\u201d. Es docente del Instituto Superior del Profesorado Joaqu\u00edn V. Gonz\u00e1lez. \u00a0\u00a0El presente trabajo ha sido presentado en el Congreso Internacional de la Asociaci\u00f3n de Historiadores Latinoamericanos y del Caribe (ADHILAC Internacional) \u201cLa formaci\u00f3n de los Estados latinoamericanos y su papel en la historia del continente\u201d realizado del 10 al 12 de octubre de 2011 en el Hotel Granados, Asunci\u00f3n, Paraguay, organizado por Repensar en la historia del Paraguay, Instituto de Estudios Jos\u00e9 Gaspar de Francia, Asociaci\u00f3n de Historiadores Latinoamericanos y del Caribe, Centro Cultural de la Cooperaci\u00f3n \u201cFloreal Gorini\u201d (Argentina). Entidad Itaip\u00fa Binacional. Mesa:\u00a0<em>Vida cotidiana, mentalidades, identidad y diversidad y su reflejo en los Estados latinoamericanos y caribe\u00f1os.<\/em><\/p>\n<p style=\"text-align: justify;\">&nbsp;<\/p>\n<div style=\"text-align: justify;\">\n<div>\n<p>[1] La Isla Mart\u00edn Garc\u00eda esta ubicada en la confluencia del R\u00edo Uruguay con el R\u00edo de la Plata. Pertenece al territorio argentino aunque se encuentra en aguas uruguayas.<\/p>\n<\/div>\n<div>\n<p>[2] En: Halper\u00edn Donghi. <em>Proyecto<\/em><em> <\/em><em>y<\/em><em> <\/em><em>Construcci\u00f3n de<\/em> <em>un<\/em><em> <\/em><em>Naci\u00f3n (1846-1880).<\/em><em> <\/em><em>Ed.<\/em><em> <\/em><em>Ariel.<\/em><em> <\/em><em>Buenos<\/em><em> <\/em><em>Aires.<\/em> pg. 164.<\/p>\n<\/div>\n<div>\n<p>[3] En: Halper\u00edn Donghi. <em>Op.<\/em><em> <\/em><em>Cit.<\/em><em> <\/em><em>pg.<\/em> 176 y 177<em>.<\/em><\/p>\n<\/div>\n<div>\n<p>[4] En: Halper\u00edn Donghi. <em>Op.<\/em><em> <\/em><em>Cit.<\/em><em> <\/em><em>pg.<\/em><em> <\/em><em>163.<\/em><\/p>\n<\/div>\n<div>\n<p>[5] Sarmiento, Domingo F. <em>Facundo.<\/em><em> <\/em>Ed. Cr\u00edtica de la Argentina Colecci\u00f3n Bicentenario. Buenos Aires. 2010. Pg. 36.<\/p>\n<\/div>\n<div>\n<p>[6] Sarmiento, Domingo F. <em>Op. Cit.<\/em> Pg. 11.<\/p>\n<\/div>\n<div>\n<p>[7] Sarmiento, Domingo F. En: Pomer, Le\u00f3n. <em>La<\/em><em> <\/em><em>Guerra<\/em><em> <\/em><em>del<\/em><em> <\/em><em>Paraguay.<\/em><em> <\/em><em>Estado,<\/em><em> <\/em><em>pol\u00edtica<\/em><em> <\/em><em>y<\/em><em> <\/em><em>negocios.<\/em> Ed. Colihue. Buenos Aires. 2008. pg. 262<\/p>\n<\/div>\n<div>\n<p>[8] Paso, Leonardo. <em>La<\/em><em> <\/em><em>idea<\/em><em> <\/em><em>de<\/em><em> <\/em><em>cambio<\/em><em> <\/em><em>social.<\/em><em> <\/em>Ed. CEAL. Buenos Aires. 1993. Pg. 79-80.<\/p>\n<\/div>\n<div>\n<p>[9] Sarmiento, Domingo F. <em>Argir\u00f3polis.<\/em><em> <\/em><em>Lo<\/em><em> <\/em><em>Estados<\/em><em> <\/em><em>Unidos<\/em><em> <\/em><em>del<\/em><em> <\/em><em>R\u00edo<\/em><em> <\/em><em>de<\/em><em> <\/em><em>la<\/em><em> <\/em><em>Plata.<\/em> Ed. G.E.U. Buenos Aires 2007. Pg. 94<\/p>\n<\/div>\n<div>\n<p>[10] Sarmiento, Domingo F. <em>Op. Cit. 2<\/em> Pg.41.<\/p>\n<\/div>\n<div>\n<p>[11] Sarmiento, Domingo F. <em>Op. Cit. 2.<\/em> Pg. 97.<\/p>\n<\/div>\n<div>\n<p>[12] En: Halper\u00edn Donghi. <em>Op. Cit. pg. 175.<\/em><\/p>\n<\/div>\n<div>\n<p>[13] En: Halper\u00edn Donghi. <em>Op.<\/em><em> <\/em><em>Cit.<\/em> pg. 235.<\/p>\n<\/div>\n<div>\n<p>[14] En: Halper\u00edn Donghi. <em>Op.<\/em><em> <\/em><em>Cit.<\/em><em> <\/em><em>pg.<\/em><em> <\/em><em>239<\/em><em>.<\/em><\/p>\n<\/div>\n<div>\n<p>[15] En este breve recorrido por los acontecimientos m\u00e1s importantes de la vida de Domingo F. Sarmiento no podemos dejar de mencionar a dos se sus contempor\u00e1neos m\u00e1s importantes, y pensadores de la conocida Generaci\u00f3n del 37, Esteban Echeverria, autor del \u201cDogma Socialista entre sus obras m\u00e1s destacadas; y Juan B. Alberdi, de qui\u00e9n entre sus obras m\u00e1s destacadas se conoce \u201cBases y puntos de partida para la organizaci\u00f3n pol\u00edtica de la Argentina\u201d. Con ambos pensadores Sarmiento tuvo diferencias ideol\u00f3gicas y de proyectos para la formaci\u00f3n del pa\u00eds, pero\u00a0 hubo un hecho que los caracterizo a los tres, y fueron las diferencias y los enfrentamientos con Rosas, como as\u00ed tambi\u00e9n el exilio que debieron emprender.<\/p>\n<\/div>\n<div>\n<p>[16] En: Galasso, Norberto. Sarmiento \u00bfCivilizador o B\u00e1rbaro?. Cuadernos para Comprender la Historia N\u00ba 13. pg. 5.<\/p>\n<\/div>\n<div>\n<p>[17] En: Galasso, Norberto. <em>Op. Cit 3<\/em>. pg. 6.<\/p>\n<\/div>\n<div>\n<p>[18] En: Galasso, Norberto. <em>Op. Cit. 3.<\/em> pg. 6.<\/p>\n<\/div>\n<div>\n<p>[19] Sarmiento, Domingo F. <em>Op. Cit.<\/em> Pg. 5.<\/p>\n<\/div>\n<div>\n<p>[20] Sarmiento, Domingo F. En: Pomer, Le\u00f3n. <em>Op. Cit.<\/em> pg.120.<\/p>\n<\/div>\n<div>\n<p>[21] Sarmiento, Domingo F. En: Halper\u00edn Donghi. <em>Op.<\/em><em> <\/em><em>Cit.<\/em><em> <\/em><em>pg.<\/em><em> <\/em><em>246-247.<\/em><em> <\/em><\/p>\n<\/div>\n<div>\n<p>[22] Sarmiento, Domingo F. En: Halper\u00edn Donghi. <em>Op.<\/em><em> <\/em><em>Cit.<\/em><em> <\/em><em>pg.<\/em><em> <\/em><em>246-247.<\/em><em> <\/em><\/p>\n<\/div>\n<div>\n<p>[23] Paso, Leonardo. <em>Op.<\/em><em> <\/em><em>Cit.<\/em><em> <\/em><em>pg.<\/em><em> <\/em><em>97.<\/em><\/p>\n<\/div>\n<\/div>\n<p style=\"text-align: justify;\">&nbsp;<\/p>\n<p style=\"text-align: justify;\"><strong> <\/strong><\/p>\n<p style=\"text-align: justify;\"><em>Ariadna Tucma Revista Latinoamericana. N\u00ba \u00a07. Marzo 2012-Febrero 2013 \u2013 Volumen III<\/em><\/p>\n<div>\n<p style=\"text-align: justify;\">&nbsp;<\/p>\n<p style=\"text-align: justify;\"><strong>Publicado por \u00a9www.ariadnatucma.com.ar<\/strong><\/p>\n<p style=\"text-align: justify;\">&nbsp;<\/p>\n<p style=\"text-align: justify;\">Contacto: info@ariadnatucma.com.ar<\/p>\n<\/div>\n","protected":false},"excerpt":{"rendered":"<p>Alejandro Pisnoy * \u201cLa especie humana marcha a reunirse en grandes grupos, por razas, por lenguas, por civilizaciones id\u00e9nticas y an\u00e1logas\u201d. Prisioneros paraguayos heridos en la guerra con la Argentina. C\u00e1ndido L\u00f3pez.<\/p>\n","protected":false},"author":75,"featured_media":0,"comment_status":"closed","ping_status":"closed","sticky":false,"template":"","format":"standard","meta":{"footnotes":""},"categories":[57,3],"tags":[45,37],"class_list":["post-3357","post","type-post","status-publish","format-standard","hentry","category-ciencias-sociales","category-historia","tag-argentina","tag-historiografia","entry"],"_links":{"self":[{"href":"https:\/\/www.ariadnatucma.com.ar\/index.php?rest_route=\/wp\/v2\/posts\/3357","targetHints":{"allow":["GET"]}}],"collection":[{"href":"https:\/\/www.ariadnatucma.com.ar\/index.php?rest_route=\/wp\/v2\/posts"}],"about":[{"href":"https:\/\/www.ariadnatucma.com.ar\/index.php?rest_route=\/wp\/v2\/types\/post"}],"author":[{"embeddable":true,"href":"https:\/\/www.ariadnatucma.com.ar\/index.php?rest_route=\/wp\/v2\/users\/75"}],"replies":[{"embeddable":true,"href":"https:\/\/www.ariadnatucma.com.ar\/index.php?rest_route=%2Fwp%2Fv2%2Fcomments&post=3357"}],"version-history":[{"count":13,"href":"https:\/\/www.ariadnatucma.com.ar\/index.php?rest_route=\/wp\/v2\/posts\/3357\/revisions"}],"predecessor-version":[{"id":3406,"href":"https:\/\/www.ariadnatucma.com.ar\/index.php?rest_route=\/wp\/v2\/posts\/3357\/revisions\/3406"}],"wp:attachment":[{"href":"https:\/\/www.ariadnatucma.com.ar\/index.php?rest_route=%2Fwp%2Fv2%2Fmedia&parent=3357"}],"wp:term":[{"taxonomy":"category","embeddable":true,"href":"https:\/\/www.ariadnatucma.com.ar\/index.php?rest_route=%2Fwp%2Fv2%2Fcategories&post=3357"},{"taxonomy":"post_tag","embeddable":true,"href":"https:\/\/www.ariadnatucma.com.ar\/index.php?rest_route=%2Fwp%2Fv2%2Ftags&post=3357"}],"curies":[{"name":"wp","href":"https:\/\/api.w.org\/{rel}","templated":true}]}}