{"id":2789,"date":"2012-06-13T18:37:42","date_gmt":"2012-06-13T21:37:42","guid":{"rendered":"http:\/\/www.ariadnatucma.com.ar\/?p=2789"},"modified":"2014-11-25T15:56:15","modified_gmt":"2014-11-25T18:56:15","slug":"2789","status":"publish","type":"post","link":"https:\/\/www.ariadnatucma.com.ar\/?p=2789","title":{"rendered":"La reconstrucci\u00f3n del mundo del trabajo"},"content":{"rendered":"<div>\n<h3>desde 1870 en Paraguay *<\/h3>\n<p style=\"text-align: justify;\">&nbsp;<\/p>\n<p style=\"text-align: justify;\">Jorge Coronel **<\/p>\n<p style=\"text-align: justify;\"><a href=\"http:\/\/www.ariadnatucma.com.ar\/wp-content\/uploads\/2012\/07\/Artesanas-02.jpg\"><img loading=\"lazy\" decoding=\"async\" class=\"alignnone size-full wp-image-2791\" title=\"Artesanas 02\" src=\"http:\/\/www.ariadnatucma.com.ar\/wp-content\/uploads\/2012\/07\/Artesanas-02.jpg\" alt=\"\" width=\"459\" height=\"345\" srcset=\"https:\/\/www.ariadnatucma.com.ar\/wp-content\/uploads\/2012\/07\/Artesanas-02.jpg 567w, https:\/\/www.ariadnatucma.com.ar\/wp-content\/uploads\/2012\/07\/Artesanas-02-300x224.jpg 300w\" sizes=\"auto, (max-width: 459px) 100vw, 459px\" \/><\/a><\/p>\n<p style=\"text-align: justify;\"><em>Artesanas.\u00a0Asunci\u00f3n\u00a0del Paraguay. Foto: Carolina Crisorio\u00a0<!--more--><\/em><\/p>\n<p style=\"text-align: justify;\">&nbsp;<\/p>\n<p style=\"text-align: justify;\">Esta presentaci\u00f3n tiene la intenci\u00f3n de dar una breve mirada al mundo del trabajo desde 1870, el inicio de la clase trabajadora paraguaya \u00a0en el contexto del fin de una \u00e9poca e inicio de otra.<\/p>\n<p style=\"text-align: justify;\">&nbsp;<\/p>\n<p style=\"text-align: justify;\">Cuando\u00a0 \u00a0el tema\u00a0 \u00a0a ser abordado, se refiere al periodo inmediato a la post guerra de la triple alianza,\u00a0 \u00a0no se puede iniciar una ponencia, aunque para mucho parecer\u00e1 reiterativo,\u00a0 \u00a0sin contextualizar la situaci\u00f3n en esos a\u00f1os.\u00a0\u00a0 Es que el fin de la guerra, como lo escribi\u00f3 tan certeramente JC Herken, 1870 \u201ces una de esas fechas sacrosanta, \u00a0que parecen gozar de la incre\u00edble capacidad de detener en un solo d\u00eda toda una serie de procesos, e iniciar otra\u201d.<\/p>\n<p style=\"text-align: justify;\">&nbsp;<\/p>\n<p style=\"text-align: justify;\">El fin de esta guerra \u00a0es uno de los pocos a ejemplos de destrucci\u00f3n total de una sociedad y su posterior reconstrucci\u00f3n, pr\u00e1cticamente sin apoyo de las fuerzas que participaron de la destrucci\u00f3n. El mundo del trabajo, y consecuentemente, la econom\u00eda, se vio afectada por la destrucci\u00f3n masiva de casi toda la infraestructura del pa\u00eds. Fueron destruidas las industrias, como la acer\u00eda de Ybycui o el taller del ferrocarril, la flota mercante,\u00a0 \u00a0los puentes, los caminos abandonados, en definitiva hab\u00edan desaparecido los principales elemento para sostener una econom\u00eda y se deb\u00eda empezar a reconstruir.<\/p>\n<p style=\"text-align: justify;\">&nbsp;<\/p>\n<p style=\"text-align: justify;\">En el siempre dif\u00edcil c\u00e1lculo de la cantidad de habitantes de antes de la guerra, por los escasos y poco confiables datos con que se cuentan, hoy se estima con bastante consenso,\u00a0 \u00a0que un numero de entre 450.000 a 600.000 habitantes puede \u00a0ser \u00a0una \u00a0cifra bastante \u00a0aproximada. \u00a0Siguiendo \u00a0con estos \u00a0c\u00e1lculos \u00a0se asume \u00a0que sobrevivi\u00f3 1\/3 de la poblaci\u00f3n. Seg\u00fan observaciones \u00a0y apuntes de algunos extranjeros, \u00a0se estima que en muchos vecindarios, la poblaci\u00f3n estaba compuesta en un 85%, de viudas y hu\u00e9rfanos.<\/p>\n<p style=\"text-align: justify;\">&nbsp;<\/p>\n<p style=\"text-align: justify;\">Esta \u00a0desolaci\u00f3n post guerra, sumi\u00f3 al pa\u00eds en una miseria terrible, muchos de los \u00a0refugiados \u00a0de \u00a0la \u00a0guerra \u00a0que \u00a0se \u00a0acercaban \u00a0a \u00a0Asunci\u00f3n, \u00a0mor\u00edan \u00a0en \u00a0los caminos o mismo en las calles de la Capital, v\u00edctimas de la hambruna y las enfermedades, yaciendo sus cuerpos all\u00ed donde ca\u00edan. Esta era la realidad y con\u00a0esto se deb\u00eda levantar el pa\u00eds, con una poblaci\u00f3n mayoritariamente de desvalidos, \u00a0hu\u00e9rfanos \u00a0y \u00a0viudas, \u00a0como \u00a0lo\u00a0 publicaba \u00a0el \u00a0peri\u00f3dico \u00a0\u201cla Regeneraci\u00f3n\u201d.<\/p>\n<\/div>\n<div style=\"text-align: justify;\">\n<p>&nbsp;<\/p>\n<p>Los gobiernos que asumieron en el Paraguay no escaparon de la l\u00f3gica vigente en muchos pa\u00edses en la misma \u00e9poca, que sosten\u00edan la necesidad de<\/p>\n<p style=\"padding-left: 30px;\">1- la conveniencia de atraer inversi\u00f3n extranjera a pa\u00edses subdesarrollados, y<\/p>\n<p style=\"padding-left: 30px;\">2- de promover pol\u00edticas para incorporar trabajadores inmigrantes.<\/p>\n<p>&nbsp;<\/p>\n<p>&nbsp;<\/p>\n<p><a href=\"http:\/\/www.ariadnatucma.com.ar\/wp-content\/uploads\/2012\/07\/Frontera-Parag-Argentina-02.jpg\"><img loading=\"lazy\" decoding=\"async\" class=\"alignleft size-full wp-image-2794\" title=\"Frontera Parag-Argentina 02\" src=\"http:\/\/www.ariadnatucma.com.ar\/wp-content\/uploads\/2012\/07\/Frontera-Parag-Argentina-02.jpg\" alt=\"\" width=\"454\" height=\"340\" srcset=\"https:\/\/www.ariadnatucma.com.ar\/wp-content\/uploads\/2012\/07\/Frontera-Parag-Argentina-02.jpg 567w, https:\/\/www.ariadnatucma.com.ar\/wp-content\/uploads\/2012\/07\/Frontera-Parag-Argentina-02-300x224.jpg 300w\" sizes=\"auto, (max-width: 454px) 100vw, 454px\" \/><\/a><\/p>\n<p><em>Vendedoras ambulantes. Frontera paraguaya frente a la ciudad argentina de Clorinda. <\/em><\/p>\n<p>&nbsp;<\/p>\n<p>&nbsp;<\/p>\n<p>Pero tenemos que reconocer que la realidad arrastro hacia el desenga\u00f1o aun a las m\u00e1s interesantes propuestas para levantar el Estado, la econom\u00eda, el comercio, la educaci\u00f3n, es decir al pa\u00eds. De los intentos de establecer fuertes colonias extranjeras, se tiene la experiencia con colonos de Alemania en 1870, en la misma \u00e9poca la de los ingleses, los conocidos como Lincolnshire Farmers, y m\u00e1s tarde la de los alemanes en San Bernardino y Nueva Germania, y \u00a0ya en los a\u00f1os 90\u00a0 \u00a0la de los australianos. Todas estas fueron experiencia con poco impacto en nuestra econom\u00eda y en el mundo del trabajo.<\/p>\n<p>&nbsp;<\/p>\n<p>En cuanto a las tareas laborales, \u00a0los artesanos \u00a0al poco tiempo empezaron con la actividad econ\u00f3mica. Eran mayoritariamente paraguayos, talabarteros, carpinteros, artesanos en plater\u00edas, graficos, etc., \u00a0que aprendieron los oficios, ya sea con artesanos que pasaron o al trabajar por alg\u00fan periodo de tiempo en otro lugar.<\/p>\n<p>&nbsp;<\/p>\n<p>La contribuci\u00f3n de la doctora B\u00e1rbara Potthast, documentando el aporte de las mujeres en la econom\u00eda de post guerra, demuestra que esa importancia econ\u00f3mica ya ven\u00eda de antes de la guerra. De cualquier manera las mujeres estaba fundamentalmente\u00a0\u00a0 \u00a0relacionadas con el mundo del tabaco, la elaboraci\u00f3n de <em>petit grain <\/em>y las tradicionales naranjeras, adem\u00e1s de las ventas de alimentos caseros a los viajeros del tren.<\/p>\n<p>&nbsp;<\/p>\n<p><strong>L<\/strong><strong>e<\/strong><strong>gislac<\/strong><strong>i<\/strong><strong>\u00f3<\/strong><strong>n y leyes<\/strong><\/p>\n<p>&nbsp;<\/p>\n<p>En el intento de construir la Naci\u00f3n, se dictaron algunas disposiciones con car\u00e1cter laboral, esta ten\u00edan casi todas caracter\u00edsticas punitivas y compulsiva, especialmente hacia los \u201cvagos\u201d, t\u00e9rmino usado tanto por las autoridades\u00a0como en la prensa, hacia muchos de los desocupados, que en realidad no tenia posibilidad de encontrar alguna tarea rentada, eran en realidad desempleados velados.<\/p>\n<\/div>\n<div style=\"text-align: justify;\">\n<p>&nbsp;<\/p>\n<p>Tambi\u00e9n se reglament\u00f3\u00a0declarando ilegal la siesta, se intento obligar a los agricultores sin tierras, a juntarse en peque\u00f1a asociaciones rurales de producci\u00f3n y Los propietarios estaban obligados a reparar sus casas da\u00f1adas o destruidas por la guerra. En realidad esto era m\u00e1s una declaraci\u00f3n de intenciones, pues no se ten\u00eda medios para hacer cumplir estas disposiciones.<\/p>\n<p>&nbsp;<\/p>\n<p>En verdad la misma Constituci\u00f3n de 1870, eran un cuerpo legal sin mucha vida pr\u00e1ctica, que llevo al pol\u00edtico y escritor Natalicio Gonz\u00e1lez, a subrayar que esta, la Constituci\u00f3n, era un cuerpo extra\u00f1o, ex\u00f3tico a la sociedad paraguaya. Las primeras organizaciones obreras invocaban tambi\u00e9n la Constituci\u00f3n como amparo social.<\/p>\n<p>&nbsp;<\/p>\n<p>En cuanto a la relaci\u00f3n del trabajo con la ley, el mejor ejemplo lo da Rafael Barret, que reproduce un decreto firmado, en 1871, \u00a0por Cirilo Rivarola y Juan B. Gill, que prohib\u00eda abandonar el trabajo, sin expresa autorizaci\u00f3n del patr\u00f3n, bajo pena de prisi\u00f3n y multa, era la vuelta a la esclavitud.<\/p>\n<p>&nbsp;<\/p>\n<p>Los gobiernos que asumen luego de finalizada la guerra tienen un discurso liberal, como la Constituci\u00f3n, pero r\u00e1pidamente adopta disposiciones como la de\u00a0 establecer \u00a0qu\u00e9 \u00a0se\u00a0 debe \u00a0plantar, \u00a0donde \u00a0y \u00a0quienes \u00a0estaban \u00a0obligados \u00a0a hacerlo, \u00a0que eran medidas que se podr\u00edan ajustar m\u00e1s a los gobiernos de pre- guerra y que ellos mismo hab\u00edan criticado.<\/p>\n<p>&nbsp;<\/p>\n<p>Tambi\u00e9n la prensa pretend\u00eda dictar nomas de convivencia, como el caso de \u201cla Regeneraci\u00f3n\u201d que se dec\u00eda guardiana de la moral, y pretend\u00eda impedir que los trabajadores \u00a0panaderos en sus momentos de descanso, lo hicieran desnudos en los patios de las panader\u00edas.<\/p>\n<p>&nbsp;<\/p>\n<p>Tambi\u00e9n son de la misma \u00e9poca las \u00a0primeras reglamentaciones y disposiciones sobre el trabajo domestico de las mujeres, est\u00e1s\u00a0 \u00a0destinadas a evitar que se \u201ccometieran abusos\u201d, l\u00f3gicamente de parte de las mujeres trabajadoras, que ten\u00edan la \u201cmala costumbre\u201d de buscar mejores condiciones de trabajo, abandonando a sus patrones.<\/p>\n<\/div>\n<p style=\"text-align: justify;\">&nbsp;<\/p>\n<div style=\"text-align: justify;\">\n<p><strong>M<\/strong><strong>i<\/strong><strong>g<\/strong><strong>r<\/strong><strong>a<\/strong><strong>c<\/strong><strong>i<\/strong><strong>\u00f3<\/strong><strong>n y movilidad<\/strong><\/p>\n<p>&nbsp;<\/p>\n<p>Con los ej\u00e9rcitos \u00a0de ocupaci\u00f3n, \u00a0llego \u00a0tambi\u00e9n \u00a0un ej\u00e9rcito de acompa\u00f1antes que, principalmente, \u00a0serv\u00edan a las tropas aliadas estacionadas en Asunci\u00f3n. Eran peque\u00f1os comerciantes, aventureros, vividores, algunos artesanos, que una vez\u00a0 \u00a0retiradas la tropas, muchos quedaron y posteriormente lograron constituir la peque\u00f1a burgues\u00eda asuncena.<\/p>\n<p>&nbsp;<\/p>\n<p>Apartes de estos peque\u00f1os grupos de extranjeros en l\u00edneas generales, el Paraguay encontr\u00f3 poco \u00e9xito en la idea de atraer a inmigrantes extranjeros. Eso hace que se tenga una de las caracter\u00edsticas de la futura clase obrera paraguaya, \u00a0que estaba mayoritariamente \u00a0integrada por\u00a0 paraguayos, \u00a0a diferencia \u00a0de \u00a0nuestras \u00a0naciones \u00a0vecinas, \u00a0que \u00a0llegaron \u00a0a \u00a0contar \u00a0con \u00a0gran n\u00famero de inmigrantes integr\u00e1ndose a la clase.<\/p>\n<p>&nbsp;<\/p>\n<p>En todo este periodo de tiempo analizado, la movilidad es una de las caracter\u00edsticas del trabajador de la regi\u00f3n, puesto que esto formaba parte de un \u00a0elemental \u00a0sistema \u00a0de\u00a0 sobrevivencia. \u00a0Buscar \u00a0nuevos \u00a0horizontes, \u00a0muchas veces enganchados incluso por enganchadores profesionales, era la forma de tratar de\u00a0 \u00a0escapar de la extrema pobreza. Esta permanente rotaci\u00f3n era en toda la zona del Plata.<\/p>\n<p>&nbsp;<\/p>\n<p>En 1874 la prefectura de Corumba, registraba la llegada de un barco con trabajadores, \u00a0de los \u00a0cuales \u00a085 \u00a0eran hombres, \u00a0150 \u00a0mujeres \u00a0y\u00a0 42 \u00a0menores., todos huyendo de las muerte segura, por la miseria, \u00a0en Asunci\u00f3n.<\/p>\n<p>&nbsp;<\/p>\n<p>Si bien en esta \u00e9poca se hu\u00eda de la pobreza, \u00a0las \u00a0epidemias, \u00a0de la falta de trabajo, durante muchos a\u00f1os el paraguayo, y muchas veces toda su familia, hu\u00eda de las revueltas pol\u00edticas, que siempre terminaba reclutando a los trabajadores, \u00a0de \u00a0la \u00a0cuidad \u00a0o \u00a0del \u00a0campo, \u00a0para \u00a0sus \u00a0aventuras \u00a0b\u00e9licas. \u00a0Era conocida la alternativa de asilarse en la \u201clegaci\u00f3n Kai\u201d, es decir esconderse en los montes y posteriormente huir al extranjero.<\/p>\n<p>&nbsp;<\/p>\n<p>Aun a\u00f1os despu\u00e9s en la construcci\u00f3n del ferrocarril de Mato Grosso, casi todo el personal era paraguayo, y para muestra que no cambiaron los tiempos, se ten\u00edan reclamos en la prensa, del c\u00f3nsul paraguayo, por las condiciones de trabajo, \u00a0denunciando \u00a0la \u00a0explotaci\u00f3n. \u00a0Claro \u00a0que \u00a0desde \u00a0aqu\u00ed \u00a0le \u00a0respond\u00eda \u00a0el\u00a0c\u00f3nsul brasilero, denunciando a su vez las condiciones de semi esclavitud en que se manten\u00eda a los trabajadores \u00a0en casi todo el Paraguay.<\/p>\n<\/div>\n<div style=\"text-align: justify;\">\n<p>&nbsp;<\/p>\n<p><a href=\"http:\/\/www.ariadnatucma.com.ar\/wp-content\/uploads\/2012\/07\/Frontera-Parag-Argentina-01.jpg\"><img loading=\"lazy\" decoding=\"async\" class=\"alignleft size-full wp-image-2793\" title=\"Frontera Parag-Argentina 01\" src=\"http:\/\/www.ariadnatucma.com.ar\/wp-content\/uploads\/2012\/07\/Frontera-Parag-Argentina-01.jpg\" alt=\"\" width=\"454\" height=\"340\" srcset=\"https:\/\/www.ariadnatucma.com.ar\/wp-content\/uploads\/2012\/07\/Frontera-Parag-Argentina-01.jpg 567w, https:\/\/www.ariadnatucma.com.ar\/wp-content\/uploads\/2012\/07\/Frontera-Parag-Argentina-01-300x224.jpg 300w\" sizes=\"auto, (max-width: 454px) 100vw, 454px\" \/><\/a><\/p>\n<p>&nbsp;<\/p>\n<p><em>Frontera argentino-paraguaya. Foto: Carolina Crisorio <\/em><\/p>\n<p>&nbsp;<\/p>\n<p><strong>T<\/strong><strong>i<\/strong><strong>e<\/strong><strong>r<\/strong><strong>r<\/strong><strong>a<\/strong><strong>s<\/strong><strong>, conflictos y enclaves<\/strong><\/p>\n<p>&nbsp;<\/p>\n<p>Las ventas de las tierras fiscales, a partir de 1883, por parte del presidente Caballero, fue un nuevo intento de generar recursos para poner el pa\u00eds en marcha. Pero como en muchos casos, el remedio fue peor que la enfermedad. A \u00a0partir de\u00a0 1900, \u00a0se \u00a0instalaron \u00a0grandes \u00a0empresas \u00a0extractivas, \u00a0que pr\u00e1cticamente \u00a0acapararon el 90% de las ex-tierras fiscales.<\/p>\n<p>&nbsp;<\/p>\n<p>De all\u00ed en adelante gran parte de los trabajadores, estar\u00e1n relacionados con la yerba mate, cosechando transportando, cargando y descargando, trabajando para las empresas \u00a0extranjeras, especialmente la I ndustrial Paraguaya, la Mate Larangeira\u00a0 \u00a0y \u00a0al \u00a0compa\u00f1\u00eda\u00a0\u00a0 Barthe.\u00a0 \u00a0Tambi\u00e9n \u00a0se \u00a0consolidan\u00a0 \u00a0las\u00a0 \u00a0industrias extractivas forestal y de tanino, tanto en los montes a orilla del rio Paran\u00e1, como en el chaco paraguayo.<\/p>\n<p>&nbsp;<\/p>\n<p>Un dato anecd\u00f3tico \u00a0es que desde 1900 \u00a0en adelante, \u00a0la expansi\u00f3n\u00a0 \u00a0de gran parte del sistema ferrocarrilero argentino, se da gracias a la explotaci\u00f3n indiscriminada de la madera paraguaya, extra\u00eddas de los montes por un verdadero ej\u00e9rcito de esclavos.<\/p>\n<p>&nbsp;<\/p>\n<p>En 1895, dentro de un proyecto de incorporar nuevas t\u00e9cnicas en la econom\u00eda rural, se desarrollo una propuesta de mejorar el cultivo del tabaco, tanto en la t\u00e9cnica, como en las variedades cultivadas. Se trajeron t\u00e9cnicos cubanos que aportan la experiencia de su pa\u00eds para introducir una nueva variedad y sobre todo nuevos \u00a0m\u00e9todos \u00a0de cultivos, \u00a0con resultados \u00a0similares \u00a0a los \u00a0de Vuelta Abajo en Cuba..<\/p>\n<p>&nbsp;<\/p>\n<p>Las industrias tanineras, para 1900, emplean mano de obra ind\u00edgena, peor pagada, campesinos desocupados, ya sea por huir o por malas cosechas y tambi\u00e9n algunos \u00a0trabajadores \u00a0argentinos \u00a0con experiencia\u00a0 en el chaco argentino, que comandaban el trabajo.<\/p>\n<p>&nbsp;<\/p>\n<p>Indudablemente que los an\u00e1lisis cr\u00edticos sobre el desempe\u00f1o de la mano de obra paraguaya, acusada de vago, de tener poco apego al esfuerzo, ignora el\u00a0sentido arraigadamente rural, fuertemente c\u00edclica, que se mantuvo por mucho tiempo. Estos cr\u00edticos sobre la holgazaner\u00eda, \u00a0evidentemente no conoc\u00edan el trabajo en los obrajes y en los yerbales.<\/p>\n<\/div>\n<div style=\"text-align: justify;\">\n<p>&nbsp;<\/p>\n<p>Para finales del siglo XIX se tienen nuevos trabajadores, como, los trabajadores de las tananineras, las madereras y obraje, y la fabricaci\u00f3n de az\u00facar. Se ten\u00eda consolidada una peque\u00f1a burgues\u00eda que era due\u00f1a de tierras, ten\u00eda la exclusividad del comercio de importaci\u00f3n y exportador, due\u00f1a de bancos, y por sobre todo con lazos consolidados en el gobierno. El peque\u00f1o mundo de los negocios,\u00a0 \u00a0obligaba\u00a0 \u00a0que\u00a0 \u00a0pr\u00e1cticamente\u00a0 \u00a0todos\u00a0 \u00a0participaban\u00a0 \u00a0de\u00a0\u00a0 todos\u00a0 \u00a0los negocios, siendo al mismo tiempo, banqueros, comerciantes, ganaderos.<\/p>\n<p>&nbsp;<\/p>\n<p>Tambi\u00e9n se ten\u00eda un sector de peque\u00f1os comerciantes o industriales, funcionarios p\u00fablicos, legisladores y militares, que se concentraban en las principales ciudades, Asunci\u00f3n, Concepci\u00f3n, Villarrica, Pilar.<\/p>\n<p>&nbsp;<\/p>\n<p>El grupo m\u00e1s numeroso eran los obreros, peque\u00f1os artesanos, trabajadores rurales y campesinos,\u00a0 \u00a0si bien estos eran al mismo tiempo, peque\u00f1os propietarios, arrendatarios, y jornaleros rurales. La producci\u00f3n rural de estos trabajadores de la tierra, se ve\u00eda dificultada por el escaso mercado interno y la falta \u00a0de \u00a0infraestructura \u00a0para \u00a0comercializar \u00a0su producci\u00f3n, \u00a0lo \u00a0que llevaba \u00a0a tener que trabajar ocasionalmente en las grandes estancias.<\/p>\n<p>&nbsp;<\/p>\n<p>En el Paraguay se afianzan los enclaves econ\u00f3micos cerrados, de las ciudades industrias, \u00a0como \u00a0la \u00a0los \u00a0Casados \u00a0en \u00a0el Chaco, \u00a0o \u00a0Ygatymi de la Industrial Paraguaya, denunciado por Rafael Barrett en sus escritos. Eran verdaderas ciudades f\u00e1bricas, que tiene un crecimiento vertical. Es decir producen, almacenan, comercializan, transportan todo en una compa\u00f1\u00eda, lo que hac\u00eda que \u00a0los rubros \u00a0subsidiarios, \u00a0que normalmente fortalecen las econom\u00edas locales, \u00a0no crecieran como en otros pa\u00edses.<\/p>\n<p>&nbsp;<\/p>\n<p>Desde el fin de la guerra hasta los primeros a\u00f1os del siglo XX, se podr\u00eda hablar de \u00a0una \u00a0divisi\u00f3n \u00a0del \u00a0trabajo, \u00a0al \u00a0norte taninera, \u00a0forestal-obrajera, \u00a0y \u00a0al \u00a0sur agr\u00edcola, de peque\u00f1a producci\u00f3n comercial y en el medio de estos dos bloques, el transporte, ferrocarril y sobre todo fluvial. Todo movido con el esfuerzo de la clase trabajadora, donde la riqueza generada era transportada m\u00e1s que por los r\u00edos, sobre las espaldas de la explotaci\u00f3n.<\/p>\n<p>&nbsp;<\/p>\n<p><strong>A modo de conclusi\u00f3n<\/strong><\/p>\n<\/div>\n<p style=\"text-align: justify;\">&nbsp;<\/p>\n<p style=\"text-align: justify;\">&#8211; El mundo del trabajo del Paraguay se debe entender como un todo de la regi\u00f3n del Plata, desde el Mato Grosso brasile\u00f1o, hasta los puertos de Buenos Aires y Montevideo, pasando por los puertos obligados, Corumba y Asunci\u00f3n. La historia del internacionalismo obrero esta en nuestros r\u00edos.<\/p>\n<p style=\"text-align: justify;\">&nbsp;<\/p>\n<p style=\"text-align: justify;\">&#8211; Las mujeres que cumplieron un papel clave en echar a andar el pa\u00eds, ya ten\u00eda un papel importante en la econom\u00eda de la pre guerra, solo que mucho menos visibilizada.<\/p>\n<p style=\"text-align: justify;\">&nbsp;<\/p>\n<p style=\"text-align: justify;\">&#8211; Por muchos a\u00f1os se intent\u00f3 por todos los medios atraer inmigrantes e inversiones extranjeras a nuestro pa\u00eds, de hecho muchos aun lo siguen intentando hoy, como cuasi \u00fanica manera de desarrollo. En general podemos decir que ni los inmigrantes ni las grandes inversiones extranjeras, que llegaron a nuestro pa\u00eds, significaron grandes avances a favor de la clase trabajadora.<\/p>\n<p style=\"text-align: justify;\">&nbsp;<\/p>\n<p style=\"text-align: justify;\">&#8211; \u00a0Paralelamente \u00a0al \u00a0desarrollo \u00a0de\u00a0 la \u00a0econom\u00eda, \u00a0se\u00a0 fueron \u00a0consolidando \u00a0los grupos de resistencia obrera, fundamentalmente de la mano de los primeros anarquistas, siendo los gr\u00e1ficos los que conformaron el primer sindicato, o sociedad de resistencia en 1886, comenzando la historia de resistencia. Para los primeros a\u00f1os del siglo XX ya conformaron las primeras centrales y luchas gremiales.<\/p>\n<p style=\"text-align: justify;\">&nbsp;<\/p>\n<p style=\"text-align: justify;\">&#8211; Con respecto a la clase trabajadora, \u00bfqu\u00e9 afecta que no hayan escrito sus memorias, sus intrigas marginales, sus lujurias regadas de ca\u00f1a? Su historia revolucionaria estuvo siempre cohibiendo, en todo momento, sin dejar dormir tranquila a la elite olig\u00e1rquica. La historia de esos vagos, pobres o explotados fue \u00a0real \u00a0y \u00a0permaneci\u00f3 \u00a0agazapado, \u00a0presto \u00a0a \u00a0saltar \u00a0para \u00a0decapitar \u00a0a \u00a0los defensores del Estado opresor y de una Cultura Elitista. Hoy no queda otro camino que la lucha, en todos los estamentos, por erradicar la alienaci\u00f3n. Ese sigue siendo s\u00ed, una tarea revolucionaria diaria. \u00a0Muchas gracias.<\/p>\n<p style=\"text-align: justify;\">&nbsp;<\/p>\n<p style=\"text-align: justify;\">&nbsp;<\/p>\n<p style=\"text-align: justify;\"><strong> <\/strong><\/p>\n<p style=\"text-align: justify;\"><strong> <\/strong><\/p>\n<p style=\"text-align: justify;\"><strong>NOTAS<\/strong><\/p>\n<p style=\"text-align: justify;\"><strong> <\/strong><\/p>\n<p>&nbsp;<\/p>\n<p style=\"text-align: justify;\">* El presente trabajo ha sido presentado en el Congreso Internacional de la Asociaci\u00f3n de Historiadores Latinoamericanos y del Caribe (ADHILAC Internacional) \u201cLa formaci\u00f3n de los Estados latinoamericanos y su papel en la historia del continente\u201d realizado del 10 al 12 de octubre de 2011 en el Hotel Granados, Asunci\u00f3n, Paraguay, organizado por Repensar en la historia del Paraguay, Instituto de Estudios Jos\u00e9 Gaspar de Francia, Asociaci\u00f3n de Historiadores Latinoamericanos y del Caribe, Centro Cultural de la Cooperaci\u00f3n \u201cFloreal Gorini\u201d (Argentina). Entidad Itaip\u00fa Binacional. Mesa:\u00a0<em>Repensar la historia del Paraguay: de la independencia a la Guerra de la Triple Alianza y su repercusi\u00f3n continental.<\/em><\/p>\n<p style=\"text-align: justify;\">&nbsp;<\/p>\n<p style=\"text-align: justify;\">** Universidad Nacional de Asunci\u00f3n<\/p>\n<p style=\"text-align: justify;\">&nbsp;<\/p>\n<p style=\"text-align: justify;\"><em>Ariadna Tucma Revista Latinoamericana. N\u00ba . 7. Marzo 2012-Febrero 2013 &#8211; Volumen I<\/em><\/p>\n<p style=\"text-align: justify;\"><em> <\/em><br \/>\n<strong>Publicado por \u00a9www.ariadnatucma.com.ar<\/strong><\/p>\n<p style=\"text-align: justify;\">&nbsp;<\/p>\n<p style=\"text-align: justify;\">Contacto: info@ariadnatucma.com.ar<\/p>\n","protected":false},"excerpt":{"rendered":"<p>desde 1870 en Paraguay * &nbsp; Jorge Coronel ** Artesanas.\u00a0Asunci\u00f3n\u00a0del Paraguay. Foto: Carolina Crisorio\u00a0<\/p>\n","protected":false},"author":63,"featured_media":0,"comment_status":"closed","ping_status":"closed","sticky":false,"template":"","format":"standard","meta":{"footnotes":""},"categories":[6,3],"tags":[268,267,266],"class_list":["post-2789","post","type-post","status-publish","format-standard","hentry","category-ciencia-y-tecnica","category-historia","tag-genero","tag-guerra-del-paraguay","tag-mujeres","entry"],"_links":{"self":[{"href":"https:\/\/www.ariadnatucma.com.ar\/index.php?rest_route=\/wp\/v2\/posts\/2789","targetHints":{"allow":["GET"]}}],"collection":[{"href":"https:\/\/www.ariadnatucma.com.ar\/index.php?rest_route=\/wp\/v2\/posts"}],"about":[{"href":"https:\/\/www.ariadnatucma.com.ar\/index.php?rest_route=\/wp\/v2\/types\/post"}],"author":[{"embeddable":true,"href":"https:\/\/www.ariadnatucma.com.ar\/index.php?rest_route=\/wp\/v2\/users\/63"}],"replies":[{"embeddable":true,"href":"https:\/\/www.ariadnatucma.com.ar\/index.php?rest_route=%2Fwp%2Fv2%2Fcomments&post=2789"}],"version-history":[{"count":12,"href":"https:\/\/www.ariadnatucma.com.ar\/index.php?rest_route=\/wp\/v2\/posts\/2789\/revisions"}],"predecessor-version":[{"id":4824,"href":"https:\/\/www.ariadnatucma.com.ar\/index.php?rest_route=\/wp\/v2\/posts\/2789\/revisions\/4824"}],"wp:attachment":[{"href":"https:\/\/www.ariadnatucma.com.ar\/index.php?rest_route=%2Fwp%2Fv2%2Fmedia&parent=2789"}],"wp:term":[{"taxonomy":"category","embeddable":true,"href":"https:\/\/www.ariadnatucma.com.ar\/index.php?rest_route=%2Fwp%2Fv2%2Fcategories&post=2789"},{"taxonomy":"post_tag","embeddable":true,"href":"https:\/\/www.ariadnatucma.com.ar\/index.php?rest_route=%2Fwp%2Fv2%2Ftags&post=2789"}],"curies":[{"name":"wp","href":"https:\/\/api.w.org\/{rel}","templated":true}]}}