{"id":2329,"date":"2011-11-29T20:31:21","date_gmt":"2011-11-29T23:31:21","guid":{"rendered":"http:\/\/www.ariadnatucma.com.ar\/?p=2329"},"modified":"2014-11-25T16:00:37","modified_gmt":"2014-11-25T19:00:37","slug":"ensayos-de-transposicion-cineliteratura-argentinos-ffyl-uba-buenos-aires-diciembre-de-2011","status":"publish","type":"post","link":"https:\/\/www.ariadnatucma.com.ar\/?p=2329","title":{"rendered":"\u00abEnsayos de Transposici\u00f3n. Cine\/Literatura argentinos\u00bb. FFyL UBA. Buenos Aires. Diciembre de 2011"},"content":{"rendered":"<h3 style=\"text-align: justify;\">Presentaci\u00f3n de la Revista \u00abEl Matadero\u00bb en la Facultad de\u00a0Filosof\u00eda\u00a0y Letras de la UBA<\/h3>\n<p style=\"text-align: justify;\"><a href=\"http:\/\/adhilac.com.ar\/wp-content\/uploads\/2011\/12\/Revista-El-matadero.jpg\"><img loading=\"lazy\" decoding=\"async\" class=\"alignleft\" title=\"Revista El matadero\" src=\"http:\/\/adhilac.com.ar\/wp-content\/uploads\/2011\/12\/Revista-El-matadero-715x1024.jpg\" alt=\"\" width=\"260\" height=\"372\" \/><\/a><\/p>\n<p style=\"text-align: justify;\">El Instituto de Literatura Argentina \u00abRicardo Rojas\u00bb invita a la presentaci\u00f3n del \u00faltimo n\u00famero de su revista\u00a0<em>El Matadero: <\/em>\u00abEnsayos de Transposici\u00f3n. Cine\/Literatura argentinos\u00bb.<\/p>\n<div style=\"text-align: justify;\">\n<p>Presentan y comentan:<\/p>\n<p><strong>An\u00edbal Jarkowski, <\/strong><strong>Graciela Speranza, <\/strong><strong>Edgardo P\u00edgoli, <\/strong><strong>Eduardo Romano<\/strong><\/p>\n<div><span style=\"color: #ffffff;\">.<\/span><\/div>\n<div><span style=\"color: #ffffff;\">&nbsp;<\/p>\n<p style=\"color: #ffffff;\">&nbsp;<\/p>\n<p style=\"color: #ffffff;\"><span style=\"color: #000000;\"> Jueves 15 de diciembre. <\/span><span style=\"color: #000000;\">19 horas.<\/span><\/p>\n<div style=\"color: #ffffff;\"><span style=\"color: #000000;\">Instituto de Literatura Argentina \u00abRicardo Rojas\u00bb<\/span><\/div>\n<div style=\"color: #ffffff;\"><span style=\"color: #000000;\">25 de Mayo 217, primer piso.<\/span><\/div>\n<div style=\"color: #ffffff;\"><span style=\"color: #000000;\">Ciudad\u00a0Aut\u00f3noma\u00a0de Buenos Aires<\/span><\/div>\n<div style=\"color: #ffffff;\"><span style=\"color: #000000;\">Rep\u00fablica\u00a0Argentina<\/span><\/div>\n<p style=\"color: #ffffff;\"><!--more--><\/p>\n<p style=\"color: #ffffff;\">&nbsp;<\/p>\n<p style=\"color: #ffffff;\">&nbsp;<\/p>\n<p>&nbsp;<\/p>\n<p><\/span><\/div>\n<p><strong> <\/strong><\/p>\n<p><strong> <\/strong><\/p>\n<div><strong>Sumario<\/strong><\/div>\n<div><span style=\"color: #ffffff;\"><strong>.<\/strong><\/span><\/div>\n<div>\n<div>1. \u00abLas transposiciones. Una introducci\u00f3n\u00bb, por Emilio Bernini<\/div>\n<div>2. \u00abEl gaucho y el tranv\u00eda. Notas sobre el criollismo de\u00a0<em>Nobleza gaucha<\/em>\u00ab, por Patricio Fontana.<\/div>\n<div>3. \u00ab<em>La guerra gaucha<\/em>: hagiograf\u00eda y \u00e9pica. De Lugones a Demare\u00bb, por Mariano Sverdloff.<\/div>\n<div>4. \u00ab<em>Juan Moreira<\/em>, las dos justicias y el peronismo\u00bb, por Santiago Peidro.<\/div>\n<div>5. \u00ab<em>El crimen de Oribe<\/em>: del policial fant\u00e1stico al crimen naturalista\u00bb, por Rom\u00e1n Setton.<\/div>\n<div>6. \u00abLa p\u00e9rdida del nombre. La transposici\u00f3n aut\u00f3noma de \u00abEmma Zunz\u00bb a\u00a0<em>D\u00edas de odio\u00bb<\/em>, por Marcelo Cerd\u00e1.<\/div>\n<div>7. \u00abUsos y abusos del criollismo. Las transposiciones cinematogr\u00e1ficas de\u00a0<em>Un guapo del 900&#8243;<\/em>, por Rom\u00e1n Setton.<\/div>\n<div>8. \u00abVi\u00f1as y el cine\u00bb, por Emilio Bernini.<\/div>\n<div>9. \u00abCine Liberaci\u00f3n y el revisionismo hist\u00f3rico. Apuntes sobre el uso del pasado en\u00a0<em>La hora de los hornos<\/em> y\u00a0<em>Los hijos de<\/em><\/div>\n<div><em>Fierro\u00bb<\/em>, por Javier Tr\u00edmboli.<\/div>\n<div>10. \u00ab<em>Invasi\u00f3n<\/em>. El sitio del lector\u00bb, por Marcelo Cerd\u00e1.<\/div>\n<div>11. \u00abC\u00f3mo se llega a ser peronista. Sobre\u00a0<em>Operaci\u00f3n masacre<\/em> de Rodolfo Walsh y\u00a0<em>Operaci\u00f3n Masacre\u00bb<\/em> de Jorge Cedr\u00f3n.<\/div>\n<div>12. \u00abLeyenda plebeya e imaginario cristiano. El\u00a0<em>Juan Moreira<\/em> de Favio\u00bb, por Natalia Fern\u00e1ndez.<\/div>\n<div>13. \u00abLa literatura en el cine argentino contempor\u00e1neo: Rejtman, Llin\u00e1s, Villegas\u00bb, por Tom\u00e1s Binder.<\/div>\n<\/div>\n<p>&nbsp;<\/p>\n<p><em>Ariadna Tucma Revista Latinoamericana. <em>N\u00ba<\/em> 6. Marzo 2011-Febrero 2012<\/em><\/p>\n<p><em><br \/>\n<\/em><\/p>\n<\/div>\n<p style=\"text-align: justify;\"><strong>Publicado por \u00a9www.ariadnatucma.com.ar<\/strong><\/p>\n","protected":false},"excerpt":{"rendered":"<p>Presentaci\u00f3n de la Revista \u00abEl Matadero\u00bb en la Facultad de\u00a0Filosof\u00eda\u00a0y Letras de la UBA El Instituto de Literatura Argentina \u00abRicardo Rojas\u00bb invita a la presentaci\u00f3n del \u00faltimo n\u00famero de su revista\u00a0El Matadero: \u00abEnsayos de Transposici\u00f3n. Cine\/Literatura argentinos\u00bb. Presentan y comentan: An\u00edbal Jarkowski, Graciela Speranza, Edgardo P\u00edgoli, Eduardo Romano . &nbsp; &nbsp; Jueves 15 de diciembre. &hellip; <\/p>\n<p class=\"link-more\"><a href=\"https:\/\/www.ariadnatucma.com.ar\/?p=2329\" class=\"more-link\">Seguir leyendo<span class=\"screen-reader-text\"> \u00ab\u00abEnsayos de Transposici\u00f3n. Cine\/Literatura argentinos\u00bb. FFyL UBA. Buenos Aires. Diciembre de 2011\u00bb<\/span><\/a><\/p>\n","protected":false},"author":58,"featured_media":0,"comment_status":"closed","ping_status":"closed","sticky":false,"template":"","format":"standard","meta":{"footnotes":""},"categories":[131,174,227],"tags":[164,255,256],"class_list":["post-2329","post","type-post","status-publish","format-standard","hentry","category-artes-cultura","category-publicaciones","category-suplemento","tag-cine","tag-literatura","tag-transposicion","entry"],"_links":{"self":[{"href":"https:\/\/www.ariadnatucma.com.ar\/index.php?rest_route=\/wp\/v2\/posts\/2329","targetHints":{"allow":["GET"]}}],"collection":[{"href":"https:\/\/www.ariadnatucma.com.ar\/index.php?rest_route=\/wp\/v2\/posts"}],"about":[{"href":"https:\/\/www.ariadnatucma.com.ar\/index.php?rest_route=\/wp\/v2\/types\/post"}],"author":[{"embeddable":true,"href":"https:\/\/www.ariadnatucma.com.ar\/index.php?rest_route=\/wp\/v2\/users\/58"}],"replies":[{"embeddable":true,"href":"https:\/\/www.ariadnatucma.com.ar\/index.php?rest_route=%2Fwp%2Fv2%2Fcomments&post=2329"}],"version-history":[{"count":12,"href":"https:\/\/www.ariadnatucma.com.ar\/index.php?rest_route=\/wp\/v2\/posts\/2329\/revisions"}],"predecessor-version":[{"id":4826,"href":"https:\/\/www.ariadnatucma.com.ar\/index.php?rest_route=\/wp\/v2\/posts\/2329\/revisions\/4826"}],"wp:attachment":[{"href":"https:\/\/www.ariadnatucma.com.ar\/index.php?rest_route=%2Fwp%2Fv2%2Fmedia&parent=2329"}],"wp:term":[{"taxonomy":"category","embeddable":true,"href":"https:\/\/www.ariadnatucma.com.ar\/index.php?rest_route=%2Fwp%2Fv2%2Fcategories&post=2329"},{"taxonomy":"post_tag","embeddable":true,"href":"https:\/\/www.ariadnatucma.com.ar\/index.php?rest_route=%2Fwp%2Fv2%2Ftags&post=2329"}],"curies":[{"name":"wp","href":"https:\/\/api.w.org\/{rel}","templated":true}]}}