{"id":2302,"date":"2011-09-15T17:01:38","date_gmt":"2011-09-15T20:01:38","guid":{"rendered":"http:\/\/www.ariadnatucma.com.ar\/?p=2302"},"modified":"2012-07-18T05:11:23","modified_gmt":"2012-07-18T08:11:23","slug":"ii-congreso-internacional-sobre-reflexiones-criticas-de-la-independencia-y-la-revolucion-chapingo-mexico-adhilac-internacional","status":"publish","type":"post","link":"https:\/\/www.ariadnatucma.com.ar\/?p=2302","title":{"rendered":"II Congreso Internacional sobre Reflexiones Cr\u00edticas de la Independencia y la Revoluci\u00f3n. Chapingo. M\u00e9xico ADHILAC Internacional"},"content":{"rendered":"<h3 style=\"text-align: justify;\">CONVOCATORIA<\/h3>\n<p style=\"text-align: justify;\">II Congreso Internacional sobre Reflexiones Cr\u00edticas\u00a0de la Independencia y la Revoluci\u00f3n:\u00a0Luchas Revolucionarias en\u00a0Am\u00e9rica Latina y el Caribe, \u00a0Siglos XIX &#8211; XXI<\/p>\n<p style=\"text-align: justify;\">Universidad Aut\u00f3noma Chapingo.\u00a0Centro de Estudios Sociales Rurales.\u00a014, 15 y 16 de octubre de 2011<\/p>\n<p style=\"text-align: justify;\">Universidad Aut\u00f3noma de Guerrero.\u00a0ADHILAC.\u00a0CESOR.<\/p>\n<p style=\"text-align: justify;\">&nbsp;<\/p>\n<p style=\"text-align: justify;\"><strong>Presentaci\u00f3n<\/strong><\/p>\n<p style=\"text-align: justify;\">El estudio del pasado nos permite comprender y entender los problemas que plantea el presente, cada vez m\u00e1s complejo y globalizado.<\/p>\n<p style=\"text-align: justify;\">Conociendo los hechos y tendencias de los procesos hist\u00f3ricos de Latinoam\u00e9rica y el Caribe, podemos tener los elementos fundamentales para discernir y optar por las alternativas que permitan construir un futuro con mejores condiciones de vida.<img decoding=\"async\" title=\"More...\" src=\"http:\/\/adhilac.com.ar\/wp-includes\/js\/tinymce\/plugins\/wordpress\/img\/trans.gif\" alt=\"\" \/><!--more--><\/p>\n<p style=\"text-align: justify;\">Pasado, presente y futuro se relacionan y forman una simbiosis dial\u00e9ctica, \u00fanica e indivisible. El pasado s\u00f3lo se puede estudiar desde el presente y \u00e9ste, \u00fanicamente bajo el an\u00e1lisis de los tiempos pret\u00e9ritos.<\/p>\n<p style=\"text-align: justify;\">&nbsp;<\/p>\n<p style=\"text-align: justify;\"><a href=\"http:\/\/adhilac.com.ar\/wp-content\/uploads\/2011\/10\/Congreso-Chapingo-oct-2011-02.jpg\"><img loading=\"lazy\" decoding=\"async\" class=\"alignleft\" title=\"Congreso Chapingo oct 2011-02\" src=\"http:\/\/adhilac.com.ar\/wp-content\/uploads\/2011\/10\/Congreso-Chapingo-oct-2011-02.jpg\" alt=\"\" width=\"298\" height=\"290\" \/><\/a><\/p>\n<p style=\"text-align: justify;\">El mundo actual por tanto es la suma de todo el pasado; su conocimiento no implica que se pueda predecir el futuro de la humanidad, puesto que la Historia est\u00e1 sujeta a sucesos imponderables y coyunturales, que act\u00faan en el horizonte mundial en un momento determinado, modificando o alterando su curso.<\/p>\n<p style=\"text-align: justify;\">La Historia debe ser liberadora, que nos de una visi\u00f3n cr\u00edtica de ese pasado que verifique y actualice la memoria de los pueblos colonizados, oprimidos y explotados por las potencias. \u00a0Una Historia que aspire a ser una ciencia que luche contra el olvido, actualizando demandas populares, siempre pendientes, y denunciando injusticias cometidas por los poderosos. Los ponentes en sus trabajos se corresponden con una historia comprometida con las demandas sociales de justicia, democracia y libertad, las cuales marcan al mundo desde el origen mismo de la explotaci\u00f3n del hombre por el hombre. Muchos de los conceptos aqu\u00ed vertidos implican que las personas sin distinci\u00f3n de credo, raza o g\u00e9nero, tienen el derecho inalienable al trabajo, la alimentaci\u00f3n, la salud, la educaci\u00f3n, la cultura, la vivienda y, en general, a todos los bienes tangibles e intangibles necesarios para tener una vida plena.<\/p>\n<p style=\"text-align: justify;\">El objetivo principal de este Congreso es la reflexi\u00f3n y pretende, fundamentalmente, poder determinar los alcances de los cambios y movimientos en cuanto al progreso social, econ\u00f3mico, pol\u00edtico y cultural del hecho hist\u00f3rico estudiado.<\/p>\n<p style=\"text-align: justify;\">Programa de actividades<\/p>\n<table border=\"1\" cellspacing=\"0\" cellpadding=\"0\" width=\"100%\">\n<tbody>\n<tr>\n<td width=\"50%\" valign=\"top\"><strong> <\/strong>&nbsp;<\/p>\n<p><strong>D\u00eda 14<\/strong><\/p>\n<p><strong> <\/strong><\/p>\n<p><strong>Auditorio de Sociolog\u00eda Rural<\/strong><\/p>\n<p><strong> <\/strong><\/td>\n<td width=\"50%\" valign=\"top\"><strong> <\/strong>&nbsp;<\/p>\n<p><strong>D\u00eda 14<\/strong><\/p>\n<p><strong> <\/strong><\/p>\n<p><strong>Sala de Usos M\u00faltiples de Sociolog\u00eda Rural<\/strong><\/p>\n<p><strong> <\/strong><\/td>\n<\/tr>\n<tr>\n<td width=\"50%\" valign=\"top\"><strong> <\/strong>&nbsp;<\/p>\n<p><strong>08:00-08:45<\/strong><\/p>\n<p><strong>Desayuno: Comedor Central de la UACh<\/strong><\/p>\n<p><strong> <\/strong><\/p>\n<div>\n<p><strong> <\/strong><\/p>\n<p><strong>09:00- 10:30<\/strong><\/p>\n<p><strong>Registro de asistentes<\/strong><\/p>\n<p><strong> <\/strong><\/p>\n<p><strong>11:00-13:00<\/strong><\/p>\n<p><strong>Inauguraci\u00f3n y Palabras de Bienvenida<\/strong><\/p>\n<p><strong> <\/strong><\/p>\n<p><strong>Maestro de Ceremonias:<\/strong><\/p>\n<p><strong><em>Prof. Alejandro Contla Carmona<\/em><\/strong><\/p>\n<p><strong> <\/strong><\/p>\n<p><strong>Inauguraci\u00f3n<\/strong><\/p>\n<p><strong><em>Lic. Edgar Zapata<\/em><\/strong><\/p>\n<p><strong>Fundaci\u00f3n Zapata y los herederos de la Revoluci\u00f3n<\/strong><\/p>\n<p><strong> <\/strong><\/p>\n<p><strong>Palabras de Bienvenida<\/strong><\/p>\n<p><strong><em>Dr. J. Reyes Altamirano C\u00e1rdenas<\/em><\/strong><\/p>\n<p><strong>Director de la Direcci\u00f3n General de Investigaci\u00f3n y Posgrado<\/strong><\/p>\n<p><strong><em> <\/em><\/strong><\/p>\n<p><strong>Conferencia Magistral<\/strong><\/p>\n<p><strong><em>Excelent\u00edsimo Sr. Manuel Francisco Aguilera de Paz Embajador Extraordinario y Plenipotenciario de la Rep\u00fablica de Cuba en M\u00e9xico.<\/em><\/strong><strong> <\/strong><\/p>\n<p><strong> <\/strong><\/p>\n<p><strong>Actividad Cultural<\/strong><\/p>\n<p><strong><em>Taller de Danza Folkl\u00f3rica de la Universidad Aut\u00f3noma Chapingo dirigido por la Maestra Mar\u00eda de la Luz Pulido Salas<\/em><\/strong><\/p>\n<\/div>\n<p><strong> <\/strong><\/p>\n<div>\n<p><strong> <\/strong><\/p>\n<p><strong>13:00-14:00<\/strong><\/p>\n<p><strong> <\/strong><\/p>\n<p><strong>Mesa: La Independencia, historias inconclusas.<\/strong><\/p>\n<p><strong>Moderador: Mtro. Moroni Spencer de Olarte<\/strong><\/p>\n<p><strong> <\/strong><\/p>\n<p><strong>El periplo de un aragon\u00e9s enviado de la Guaira a Veracruz: Don Manuel Montesinos Rico y su participaci\u00f3n en la Conspiraci\u00f3n de Gual y Espa\u00f1a (1797-1812).<\/strong><\/p>\n<p><strong><em>Benigna Zambrano P\u00e9rez<\/em><\/strong><\/p>\n<p><strong>Universidad Pablo de Olavide, Sevilla<em> <\/em><\/strong><\/p>\n<p><strong><em> <\/em><\/strong><\/p>\n<p><strong>\u00bfA cu\u00e1l M\u00e9xico nos referimos en la Independencia?<em> <\/em><\/strong><\/p>\n<p><strong><em>Gerardo Morales Jasso, Bel\u00e9n Benhumea Bahena<\/em><\/strong><\/p>\n<p><strong>clasemovil.com\/UAdeMex.<\/strong><\/p>\n<p><strong> <\/strong><\/p>\n<p><strong>Diversas interpretaciones del movimiento de la independencia de M\u00e9xico.<\/strong><strong> <\/strong><\/p>\n<\/div>\n<p><strong><em>Alejandro Francisco Guti\u00e9rrez Carmona<\/em><\/strong><\/p>\n<p><strong>Universidad Aut\u00f3noma Metropolitana. Unidad Iztapalapa<\/strong><\/p>\n<p><strong> <\/strong><\/td>\n<td width=\"50%\" valign=\"top\"><strong> <\/strong>&nbsp;<\/p>\n<div>\n<p><strong>08:00-08:45<\/strong><\/p>\n<p><strong>Desayuno: Comedor Central de la UACh<\/strong><\/p>\n<p><strong> <\/strong><\/p>\n<\/div>\n<p><strong> <\/strong><\/p>\n<p><strong> <\/strong><\/p>\n<p><strong> <\/strong><\/p>\n<p><strong> <\/strong><\/p>\n<p><strong> <\/strong><\/p>\n<p><strong> <\/strong><\/p>\n<p><strong> <\/strong><\/p>\n<p><strong> <\/strong><\/p>\n<p><strong> <\/strong><\/p>\n<p><strong> <\/strong><\/p>\n<p><strong> <\/strong><\/p>\n<p><strong> <\/strong><\/p>\n<p><strong> <\/strong><\/p>\n<p><strong> <\/strong><\/p>\n<p><strong> <\/strong><\/p>\n<p><strong> <\/strong><\/p>\n<p><strong> <\/strong><\/p>\n<p><strong> <\/strong><\/p>\n<p><strong> <\/strong><\/p>\n<p><strong> <\/strong><\/p>\n<p><strong> <\/strong><\/p>\n<p><strong> <\/strong><\/p>\n<p><strong> <\/strong><\/p>\n<p><strong> <\/strong><\/p>\n<p><strong> <\/strong><\/p>\n<p><strong> <\/strong><\/p>\n<p><strong> <\/strong><\/p>\n<p><strong> <\/strong><\/p>\n<p><strong> <\/strong><\/p>\n<div>\n<p><strong> <\/strong><\/p>\n<p><strong>13:00-14:15<\/strong><\/p>\n<p><strong> <\/strong><\/p>\n<p><strong>Mesa: Educaci\u00f3n e Historia.<\/strong><\/p>\n<p><strong>Moderador: Dr. David L\u00f3pez Monroy<\/strong><\/p>\n<p><strong> <\/strong><\/p>\n<p><strong>La Historia y el Desarrollo Humano. Dos elementos necesarios en la formaci\u00f3n del alumno.<\/strong><\/p>\n<p><strong><em>Miguel \u00c1ngel Ju\u00e1rez Salvador<\/em><\/strong><\/p>\n<p><strong>Universidad Aut\u00f3noma Chapingo<\/strong><strong> <\/strong><\/p>\n<p><strong> <\/strong><\/p>\n<p><strong>La utilidad de la Historia en el bachillerato.<\/strong><\/p>\n<p><strong><em>Erick Enrique Ruiz \u00a0Vargas<\/em><\/strong><\/p>\n<p><strong>Universidad Aut\u00f3noma Chapingo<\/strong><\/p>\n<p><strong> <\/strong><\/p>\n<p><strong>Reactivos para Historia.<\/strong><\/p>\n<p><strong>Mtra. Arely Guadalupe Morales Blancas<\/strong><strong><em> <\/em><\/strong><\/p>\n<p><strong>Escuela Normal de Texcoco, Estado de M\u00e9xico<\/strong><\/p>\n<p><strong> <\/strong><\/p>\n<p><strong>La Maestr\u00eda en Procesos educativos. Una Historia de Exclusi\u00f3n.<\/strong><\/p>\n<\/div>\n<p><strong><em>Gladys Mart\u00ednez G\u00f3mez<\/em><\/strong><\/p>\n<p><strong><em>Amarilis Gonz\u00e1lez Hern\u00e1ndez<\/em><\/strong><\/p>\n<p><strong>Universidad Aut\u00f3noma Chapingo<\/strong><strong> <\/strong><\/p>\n<p><strong> <\/strong><\/td>\n<\/tr>\n<tr>\n<td width=\"50%\" valign=\"top\"><strong> <\/strong>&nbsp;<\/p>\n<p><strong>14:00-16:00<\/strong><\/p>\n<p><strong>Receso<\/strong><\/p>\n<p><strong>Comida: Comedor Central de la UACh<\/strong><\/p>\n<p><strong> <\/strong><\/td>\n<td width=\"50%\" valign=\"top\"><strong> <\/strong>&nbsp;<\/p>\n<p><strong>14:30-16:00<\/strong><\/p>\n<p><strong>Receso<\/strong><\/p>\n<p><strong>Comida: Comedor Central de la UACh<\/strong><\/p>\n<p><strong> <\/strong><\/td>\n<\/tr>\n<tr>\n<td width=\"50%\" valign=\"top\"><strong> <\/strong>&nbsp;<\/p>\n<p><strong>16:00 \u2013 16:30<\/strong><\/p>\n<p><strong> <\/strong><\/p>\n<p><strong>Conferencia Magistral<\/strong><\/p>\n<p><strong>Moderador: Dr. Miguel \u00c1ngel S\u00e1mano Renter\u00eda<\/strong><strong><em> <\/em><\/strong><\/p>\n<p><strong> <\/strong><\/p>\n<p><strong>\u00bfPor qu\u00e9 Marx y la historia cr\u00edtica para el siglo XXI?<\/strong><\/p>\n<p><strong><em>Dr. Camilo Valqui Cachi<\/em><\/strong><\/p>\n<p><strong>Universidad Aut\u00f3noma de Guerrero<\/strong><\/p>\n<p><strong> <\/strong><\/td>\n<td width=\"50%\" valign=\"top\"><strong> <\/strong><\/td>\n<\/tr>\n<tr>\n<td width=\"50%\" valign=\"top\"><strong> <\/strong>&nbsp;<\/p>\n<p><strong>16:30 \u2013 17:30<\/strong><\/p>\n<p><strong> <\/strong><\/p>\n<p><strong>Mesa: Revoluci\u00f3n Mexicana<\/strong><\/p>\n<p><strong>Moderador: Lic. Jenaro Reynoso Jaime<\/strong><strong><em> <\/em><\/strong><\/p>\n<p><strong> <\/strong><\/p>\n<p><strong>Reanalizando los or\u00edgenes de la Revoluci\u00f3n. La prensa de oposici\u00f3n al gobierno de Porfirio D\u00edaz, su exilio en Texas y el Partido Liberal Mexicano. 1900 a 1904. Un acercamiento.<\/strong><strong> <\/strong><\/p>\n<p><strong><em>Leonardo Bastida Aguilar<\/em><\/strong><strong> <\/strong><\/p>\n<p><strong>Universidad Nacional Aut\u00f3noma de M\u00e9xico<\/strong><\/p>\n<p><strong> <\/strong><\/p>\n<p><strong>Zapatismo y mormonismo en la regi\u00f3n de los volcanes a la Tercera Convenci\u00f3n.<\/strong><\/p>\n<p><strong><em>Moroni Spencer de Olarte<\/em><\/strong><\/p>\n<p><strong>Universidad Aut\u00f3noma Metropolitana<\/strong><\/p>\n<p><strong> <\/strong><\/p>\n<p><strong>Una historia de revoluciones populares. An\u00e1lisis historiogr\u00e1fico de la obra de Vicente Lombardo Toledano.<\/strong><\/p>\n<p><strong><em>Emilio Garc\u00eda Bonilla<\/em><\/strong><\/p>\n<p><strong>Universidad Aut\u00f3noma Metropolitana<\/strong><strong> <\/strong><\/p>\n<p><strong> <\/strong><\/p>\n<p><strong> <\/strong><\/p>\n<p><strong> <\/strong><\/p>\n<p><strong> <\/strong><\/p>\n<p><strong> <\/strong><\/p>\n<p><strong> <\/strong><\/p>\n<p><strong> <\/strong><\/p>\n<p><strong> <\/strong><\/p>\n<p><strong> <\/strong><\/p>\n<p><strong> <\/strong><\/td>\n<td width=\"50%\" valign=\"top\"><strong><em> <\/em><\/strong>&nbsp;<\/p>\n<p><strong><em> <\/em><\/strong><strong>16:30 \u2013 18:30<\/strong><\/p>\n<p><strong> <\/strong><\/p>\n<p><strong>Mesa: L\u00edderes y luchas sociales<\/strong><\/p>\n<p><strong>Moderador: Mtro. Refugio Bautista Zane<\/strong><\/p>\n<p><strong><em> <\/em><\/strong><\/p>\n<p><strong>Rub\u00e9n Jaramillo.<\/strong><\/p>\n<p><strong><em>Jair Col\u00edn Ramos<\/em><\/strong><\/p>\n<p><strong>Universidad Aut\u00f3noma Metropolitana<\/strong><\/p>\n<p><strong><em> <\/em><\/strong><\/p>\n<p><strong>Benita Galeana Lacunza. Una mujer comunista libertaria.<\/strong><\/p>\n<p><strong><em>Marcelo Gonz\u00e1lez Bustos<\/em><\/strong><\/p>\n<p><strong>Universidad Aut\u00f3noma Chapingo<\/strong><strong> <\/strong><\/p>\n<p><strong><em> <\/em><\/strong><\/p>\n<p><strong>1994: primer impacto del EZLN en el discurso nacional e internacional.<\/strong><\/p>\n<p><strong><em>Jenaro Reynoso Jaime<\/em><\/strong><\/p>\n<p><strong>Universidad Aut\u00f3noma del Estado de M\u00e9xico<\/strong><\/p>\n<p><strong> <\/strong><\/p>\n<p><strong>La militarizaci\u00f3n de los territorios de los pueblos originarios de Guerrero: Estrategia del capital transnacional para despojarlos de sus recursos naturales.<\/strong><\/p>\n<p><strong><em>Medardo Reyes Salinas<\/em><\/strong><\/p>\n<p><strong>Universidad Aut\u00f3noma de Guerrero<\/strong><strong> <\/strong><\/p>\n<p><strong> <\/strong><\/p>\n<p><strong>Las rondas campesinas del Per\u00fa: Una lecci\u00f3n para Am\u00e9rica Latina.<\/strong><\/p>\n<p><strong><em>Cinthia Raquel Rudas Murga<\/em><\/strong><\/p>\n<p><strong>Universidad Aut\u00f3noma de Guerrero<\/strong><\/p>\n<p><strong> <\/strong><\/p>\n<p><strong>Andr\u00e9s Manuel L\u00f3pez Obrador, una alternativa de naci\u00f3n.<\/strong><\/p>\n<p><strong><em>Eugenio Hern\u00e1ndez Cruz<\/em><\/strong><\/p>\n<p><strong>Universidad Aut\u00f3noma Chapingo<\/strong><\/td>\n<\/tr>\n<tr>\n<td width=\"50%\" valign=\"top\"><strong>17:30-19:00<\/strong>&nbsp;<\/p>\n<p><strong>Presentaci\u00f3n del libro:<\/strong><\/p>\n<p><strong> <\/strong><strong><em>Centenario de la Escuela Nacional de Agricultura. 1854-1954.<\/em><\/strong><\/p>\n<p><strong><em>Autor: Mario Gill<\/em><\/strong><\/p>\n<p><strong><em> <\/em><\/strong><\/p>\n<p><strong>Moderador:<\/strong><\/p>\n<p><strong>Lic. Miguel \u00c1ngel Ju\u00e1rez Salvador<\/strong><strong><em> <\/em><\/strong><\/p>\n<p><strong><em> <\/em><\/strong><\/p>\n<p><strong>Comentaristas:<\/strong><\/p>\n<p><strong><em>Terexana Noyola Onofre (UACh)<\/em><\/strong><\/p>\n<p><strong><em>Eunice Ferra L\u00f3pez (UACh)<\/em><\/strong><\/p>\n<p><strong><em>Gabriela Larragibel Sosa (UACh)<\/em><\/strong><\/p>\n<p><strong> <\/strong><\/td>\n<td width=\"50%\" valign=\"top\"><strong><em> <\/em><\/strong><\/td>\n<\/tr>\n<tr>\n<td width=\"50%\" valign=\"top\"><strong> <\/strong>&nbsp;<\/p>\n<p><strong>20:30<\/strong><\/p>\n<p><strong>T\u00e9rmino de los trabajos<\/strong><\/p>\n<p><strong> <\/strong><\/td>\n<td width=\"50%\" valign=\"top\"><strong> <\/strong>&nbsp;<\/p>\n<p><strong>20:30<\/strong><\/p>\n<p><strong>T\u00e9rmino de los trabajos<\/strong><\/p>\n<p><strong><em> <\/em><\/strong><\/td>\n<\/tr>\n<tr>\n<td colspan=\"2\" width=\"100%\" valign=\"top\"><strong> <\/strong>&nbsp;<\/p>\n<p><strong> <\/strong><\/p>\n<p><strong> <\/strong><\/p>\n<p><strong> <\/strong><\/p>\n<p><strong> <\/strong><\/p>\n<p><strong> <\/strong><\/p>\n<p><strong> <\/strong><\/p>\n<p><strong> <\/strong><\/p>\n<p><strong> <\/strong><\/p>\n<p><strong> <\/strong><\/p>\n<p><strong> <\/strong><\/p>\n<p><strong> <\/strong><\/p>\n<p><strong> <\/strong><\/p>\n<p><strong> <\/strong><\/p>\n<p><strong> <\/strong><\/p>\n<p><strong> <\/strong><\/p>\n<p><strong> <\/strong><\/p>\n<p><strong> <\/strong><\/p>\n<p><strong> <\/strong><\/p>\n<p><strong> <\/strong><\/p>\n<p><strong> <\/strong><\/td>\n<\/tr>\n<tr>\n<td rowspan=\"2\" width=\"50%\" valign=\"top\">\n<div>\n<p><strong> <\/strong><\/p>\n<p><strong>D\u00eda 15<\/strong><\/p>\n<p><strong> <\/strong><\/p>\n<p><strong>08:00-09:00<\/strong><\/p>\n<p><strong> <\/strong><\/p>\n<p><strong>Desayuno: Comedor Central<\/strong><\/p>\n<p><strong> <\/strong><\/p>\n<\/div>\n<p><strong> <\/strong><\/p>\n<p><strong>09:00-10:30<\/strong><\/p>\n<p><strong> <\/strong><\/p>\n<p><strong>Mesa: Revoluci\u00f3n Mexicana<\/strong><\/p>\n<p><strong>Moderador: Mtro. Marcelo Gonz\u00e1lez Bustos<\/strong><\/p>\n<p><strong> <\/strong><\/p>\n<p><strong>La Revoluci\u00f3n Inconclusa y la Nueva Revoluci\u00f3n. La guerrilla del partido de los pobres.<em> <\/em><\/strong><\/p>\n<p><strong><em>Jos\u00e9 Manuel Herrera<\/em><\/strong><\/p>\n<p><strong>Universidad Aut\u00f3noma de Guerrero<em> <\/em><\/strong><\/p>\n<p><strong> <\/strong><\/p>\n<p><strong>Mujeres en la Revoluci\u00f3n y en el olvido oficial.<\/strong><\/p>\n<p><strong><em>Ramiro Garza Maltos, Patricia Lechuga Gonz\u00e1lez, Elena Reyes P.<\/em><\/strong><\/p>\n<p><strong>Bachillerato Tecnol\u00f3gico Agropecuario 40. Ags, M\u00e9xico<\/strong><strong> <\/strong><\/p>\n<p><strong> <\/strong><\/p>\n<p><strong>La participaci\u00f3n de ni\u00f1os en la Revoluci\u00f3n Mexicana en el Municipio de Teziutl\u00e1n de Mej\u00eda, Puebla, M\u00e9xico.<\/strong><\/p>\n<p><strong><em>Pablo Zald\u00edvar Mart\u00ednez, Daniel Ochoa Rivera, Esteban J. Medina, Fabi\u00e1n Henr\u00edquez Garc\u00eda<\/em><\/strong><\/p>\n<p><strong>Ingenier\u00eda Agrohidr\u00e1ulica,<\/strong><\/p>\n<p><strong>Benem\u00e9rita Universidad Aut\u00f3noma de Puebla<\/strong><\/p>\n<p><strong> <\/strong><\/p>\n<p><strong>La Revoluci\u00f3n Mexicana en sus narradores. Dos cuentos fant\u00e1sticos. \u201cEl fusilado\u201d de Jos\u00e9 Vasconcelos y \u201cLa cena\u201d de Alfonso Reyes.<\/strong><\/p>\n<p><strong><em>Miguel \u00c1ngel Leal Menchaca<\/em><\/strong><\/p>\n<p><strong>Universidad Aut\u00f3noma Chapingo<\/strong><\/p>\n<p><strong><em> <\/em><\/strong><\/p>\n<div>\n<p><strong> <\/strong><\/p>\n<p><strong>11:00 \u2013 11:30<\/strong><\/p>\n<p><strong> <\/strong><\/p>\n<p><strong>Conferencia Magistral<\/strong><\/p>\n<p><strong>Moderador: Mtro. Mois\u00e9s Zurita Zafra<\/strong><\/p>\n<p><strong> <\/strong><\/p>\n<p><strong>Los logros de la Revoluci\u00f3n Bolivariana de Venezuela.<\/strong><\/p>\n<p><strong><em>Excelent\u00edsimo Se\u00f1or Trino Alcides D\u00edaz <\/em><\/strong><strong>Embajador de la Rep\u00fablica Bolivariana de Venezuela en M\u00e9xico<\/strong><strong> <\/strong><\/p>\n<\/div>\n<p><strong> <\/strong><\/p>\n<div>\n<p><strong>11:30-13:30<\/strong><\/p>\n<p><strong> <\/strong><\/p>\n<p><strong>Mesa: Un\u00e1monos en defensa de nuestros Derechos Humanos<\/strong><strong> <\/strong><\/p>\n<p><strong>Moderador: Mtro. Rolando Rosas Galicia<\/strong><strong><em> <\/em><\/strong><\/p>\n<p><strong> <\/strong><\/p>\n<p><strong>Informe, saldo de la represi\u00f3n en M\u00e9xico 2009-2010: una guerra contra el pueblo.<\/strong><\/p>\n<p><strong><em>Comit\u00e9 de Hermanos Cerezo<\/em><\/strong><\/p>\n<p><strong> <\/strong><\/p>\n<p><strong>Derechos humanos.<\/strong><\/p>\n<p><strong><em>Enrique Gonz\u00e1lez Ru\u00edz<\/em><\/strong><\/p>\n<p><strong>Universidad Aut\u00f3noma de la Ciudad de M\u00e9xico<\/strong><\/p>\n<p><strong><em> <\/em><\/strong><\/p>\n<p><strong>La defensa de la educaci\u00f3n como un derecho para todos en Am\u00e9rica Latina del siglo XXI.<\/strong><\/p>\n<p><strong><em>Genoveva Alem\u00e1n Chapa<\/em><\/strong><\/p>\n<p><strong>Universidad Nacional Aut\u00f3noma de M\u00e9xico<\/strong><strong><em> <\/em><\/strong><\/p>\n<p><strong><em> <\/em><\/strong><\/p>\n<p><strong>El caso de Sucumb\u00edos, Ecuador. Historia de una infamia.<\/strong><\/p>\n<p><strong><em>\u00c1lvaro Gonz\u00e1lez P\u00e9rez<\/em><\/strong><\/p>\n<p><strong>Universidad Aut\u00f3noma Chapingo<\/strong><strong> <\/strong><\/p>\n<p><strong><em> <\/em><\/strong><strong> <\/strong><\/p>\n<p><strong>Eric Bautista: Libertad.<\/strong><strong> <\/strong><\/p>\n<p><strong><em>Silvano de Jes\u00fas Roblero de los Santos<\/em><\/strong><\/p>\n<p><strong>Universidad Aut\u00f3noma Chapingo<\/strong><\/p>\n<\/div>\n<\/td>\n<td width=\"50%\" valign=\"top\"><strong> <\/strong>&nbsp;<\/p>\n<div>\n<p><strong>D\u00eda 15<\/strong><\/p>\n<p><strong> <\/strong><\/p>\n<p><strong>08:00-09:00<\/strong><\/p>\n<p><strong> <\/strong><\/p>\n<p><strong>Desayuno: Comedor Central<\/strong><\/p>\n<p><strong> <\/strong><\/p>\n<\/div>\n<p><strong> <\/strong><\/p>\n<p><strong>09:00-10:30<\/strong><\/p>\n<p><strong> <\/strong><\/p>\n<p><strong>Mesa: Revoluci\u00f3n Mexicana<\/strong><\/p>\n<p><strong>Moderador: <\/strong><strong>Mtro. Rafael Esteban Ruiz Mu\u00f1oz<em> <\/em><\/strong><\/p>\n<p><strong> <\/strong><\/p>\n<p><strong>Los de abajo. Una mirada de Revoluci\u00f3n.<\/strong><strong> <\/strong><\/p>\n<p><strong><em>Fortunato Mois\u00e9s Zurita Zafra<\/em><\/strong><\/p>\n<p><strong>Universidad Aut\u00f3noma Chapingo<\/strong><\/p>\n<p><strong> <\/strong><\/p>\n<p><strong>Del cine y literatura. Interpretaciones de la Revoluci\u00f3n Mexicana. Significados a la distancia<\/strong><\/p>\n<p><strong><em>Agust\u00edn Guti\u00e9rrez Molina<\/em><\/strong><\/p>\n<p><strong>Universidad Aut\u00f3noma Metropolitana. Unidad Iztapalapa<\/strong><strong> <\/strong><\/p>\n<p><strong> <\/strong><\/p>\n<p><strong>L\u00edderes revolucionarios en los murales de la Capilla Riveriana.<\/strong><\/p>\n<p><strong><em>Beatriz Balc\u00e1zar Trujillo<\/em><\/strong><\/p>\n<p><strong>Universidad Aut\u00f3noma Chapingo<\/strong><\/p>\n<p><strong> <\/strong><strong> <\/strong><strong> <\/strong><\/p>\n<p><strong>La Revoluci\u00f3n Mexicana y su influencia en el arte del cartel de Puerto Rico 19050-1960.<\/strong><\/p>\n<p><strong><em>Juan \u00a0David Cupeles<\/em><\/strong><\/p>\n<p><strong>Universidad Nacional Aut\u00f3noma de M\u00e9xico<\/strong><strong> <\/strong><\/p>\n<p><strong> <\/strong><\/p>\n<p><strong><em> <\/em><\/strong><\/p>\n<p><strong><em> <\/em><\/strong><\/p>\n<p><strong><em> <\/em><\/strong><\/p>\n<p><strong><em> <\/em><\/strong><\/p>\n<p><strong> <\/strong><\/td>\n<\/tr>\n<tr>\n<td width=\"50%\" valign=\"top\"><strong><em> <\/em><\/strong>&nbsp;<\/p>\n<p><strong><em> <\/em><\/strong><\/p>\n<p><strong><em> <\/em><\/strong><\/p>\n<p><strong><em> <\/em><\/strong><\/p>\n<p><strong><em> <\/em><\/strong><\/p>\n<p><strong><em> <\/em><\/strong><\/p>\n<p><strong><em> <\/em><\/strong><\/p>\n<p><strong><em> <\/em><\/strong><\/p>\n<p><strong><em> <\/em><\/strong><\/p>\n<p><strong><em> <\/em><\/strong><\/p>\n<p><strong> <\/strong><\/p>\n<div>\n<p><strong>11:30-12:00<\/strong><\/p>\n<p><strong> <\/strong><\/p>\n<p><strong>Mesa: Luchas sociales<\/strong><\/p>\n<p><strong>Moderador: Mtro. Miguel \u00c1ngel Leal Menchaca<\/strong><\/p>\n<\/div>\n<p><strong> <\/strong><\/p>\n<p><strong>Relaciones de poder entre patrones y peones de las haciendas en M\u00e9xico, 1821-1940.<\/strong><\/p>\n<p><strong><em>Hilda Lagunas Ru\u00edz<\/em><\/strong><\/p>\n<p><strong>Universidad Aut\u00f3noma del Estado de M\u00e9xico<\/strong><\/p>\n<p><strong><em> <\/em><\/strong><\/p>\n<p><strong>Conflictos agrarios en Oaxaca 1870-1980. Una mirada desde los valles centrales.<\/strong><\/p>\n<p><strong><em>Josafath S\u00e1nchez L\u00f3pez<\/em><\/strong><strong><em> <\/em><\/strong><\/p>\n<p><strong>Universidad Aut\u00f3noma de Sinaloa<\/strong><\/p>\n<p><strong> <\/strong><\/p>\n<p><strong>Dos cr\u00f3nicas de San Gregorio Atlapulco, Distrito Federal. Entre la Historia y la Literatura.<\/strong><\/p>\n<p><strong><em>Rolando Rosas Galicia<\/em><\/strong><\/p>\n<p><strong>Universidad Aut\u00f3noma Chapingo<\/strong><\/p>\n<p><strong> <\/strong><\/p>\n<p><strong>Camino a la democracia: Las pericias de un caraque\u00f1o en Europa y Am\u00e9rica para consolidar el pensamiento marxista-leninista en Venezuela (1914-1948).<\/strong><strong> <\/strong><\/p>\n<p><strong><em>Aischa Durand<\/em><\/strong><\/p>\n<p><strong>Universidad Cat\u00f3lica Andr\u00e9s Bello, Venezuela<\/strong><\/p>\n<p><strong> <\/strong><\/p>\n<p><strong> <\/strong><\/td>\n<\/tr>\n<tr>\n<td width=\"50%\" valign=\"top\"><strong> <\/strong>&nbsp;<\/p>\n<p><strong>14:00-16:00<\/strong><\/p>\n<p><strong>Receso<\/strong><\/p>\n<p><strong>Comida: Comedor Central de la UACh<\/strong><\/p>\n<p><strong> <\/strong><\/td>\n<td width=\"50%\" valign=\"top\"><strong> <\/strong>&nbsp;<\/p>\n<p><strong>14:00-16:00<\/strong><\/p>\n<p><strong>Receso<\/strong><\/p>\n<p><strong>Comida: Comedor Central de la UACh<\/strong><\/p>\n<p><strong> <\/strong><\/td>\n<\/tr>\n<tr>\n<td width=\"50%\" valign=\"top\"><strong><em> <\/em><\/strong>&nbsp;<\/p>\n<p><strong>16:00-16:30<\/strong><\/p>\n<p><strong> <\/strong><\/p>\n<p><strong>Conferencia Magistral<\/strong><\/p>\n<p><strong>Moderador: Dr. C\u00e9sar Adri\u00e1n Ram\u00edrez Miranda<\/strong><\/p>\n<p><strong> <\/strong><\/p>\n<p><strong>Constituci\u00f3n de 1917 comparada con la de 1857<\/strong><\/p>\n<p><strong><em>Dr. Arturo Lomas Maldonado<\/em><\/strong><\/p>\n<p><strong>Universidad Aut\u00f3noma Metropolitana. Unidad Xochimilco<\/strong><strong> <\/strong><strong> <\/strong><\/p>\n<p><strong><em> <\/em><\/strong><\/td>\n<td width=\"50%\" valign=\"top\"><strong> <\/strong><\/td>\n<\/tr>\n<tr>\n<td width=\"50%\" valign=\"top\"><strong> <\/strong>&nbsp;<\/p>\n<p><strong>16:30-18:00<\/strong><\/p>\n<p><strong> <\/strong><\/p>\n<p><strong>Mesa: Filosof\u00eda e Historia<\/strong><\/p>\n<p><strong>Moderador: Dra. Mar\u00eda Eugenia Ch\u00e1vez Arellano<\/strong><strong><em> <\/em><\/strong><\/p>\n<p><strong><em> <\/em><\/strong><\/p>\n<p><strong>M\u00e9todo cient\u00edfico y m\u00e9todo dial\u00e9ctico.<\/strong><\/p>\n<p><strong><em>Luis Manuel Rom\u00e1n C\u00e1rdenas<\/em><\/strong><\/p>\n<p><strong>Universidad Aut\u00f3noma Chapingo<\/strong><\/p>\n<p><strong><em> <\/em><\/strong><\/p>\n<p><strong>Sobre el principio de \u201cEl Capital\u201d.<\/strong><\/p>\n<p><strong><em>Clark Mej\u00eda Mart\u00ednez<\/em><\/strong><\/p>\n<p><strong>Universidad Aut\u00f3noma Chapingo<\/strong><\/p>\n<p><strong><em> <\/em><\/strong><\/p>\n<p><strong>El hombre y la historia.<\/strong><\/p>\n<p><strong><em>Edmundo Montes Cedillo<\/em><\/strong><\/p>\n<p><strong>Universidad Aut\u00f3noma Chapingo<\/strong><\/p>\n<p><strong><em> <\/em><\/strong><\/p>\n<p><strong>Hacia un liberalismo \u00e9tico-pol\u00edtico.<\/strong><\/p>\n<p><strong><em>Rafael Esteban Ruiz Mu\u00f1oz<\/em><\/strong><\/p>\n<p><strong>Universidad Aut\u00f3noma Chapingo<\/strong><\/p>\n<p><strong> <\/strong><\/p>\n<p><strong>La historicidad del concepto discurso en la obra:\u00a0<em>La arqueolog\u00eda del saber <\/em>de Michel Foucault.<\/strong><\/p>\n<p><strong><em>V\u00edctor Iv\u00e1n Guti\u00e9rrez Maldonado<\/em><\/strong><\/p>\n<p><strong>Universidad Aut\u00f3noma Metropolitana. Unidad Azcapotzalco<\/strong><\/td>\n<td width=\"50%\" valign=\"top\"><strong> <\/strong>&nbsp;<\/p>\n<p><strong>16:30-18:00<\/strong><\/p>\n<p><strong> <\/strong><\/p>\n<p><strong>Mesa: Estado nacional y devenir hist\u00f3rico<\/strong><\/p>\n<p><strong>Moderador:<em> <\/em>Mtra. Concepci\u00f3n Beltr\u00e1n Cabrera.<\/strong><\/p>\n<p><strong> <\/strong><\/p>\n<p><strong>La revoluci\u00f3n como sue\u00f1o eterno. La escritura como perversi\u00f3n de la utop\u00eda.<\/strong><\/p>\n<p><strong><em>Cecilia L\u00f3pez Badano<\/em><\/strong><\/p>\n<p><strong>Universidad Aut\u00f3noma de Quer\u00e9taro<\/strong><\/p>\n<p><strong><em> <\/em><\/strong><\/p>\n<p><strong>Tres h\u00e9roes a los ojos de Jos\u00e9 Mart\u00ed.<\/strong><strong> <\/strong><\/p>\n<p><strong><em>Arturo Trejo Villafuerte<\/em><\/strong><\/p>\n<p><strong>Universidad Aut\u00f3noma Chapingo<\/strong><\/p>\n<p><strong><em> <\/em><\/strong><\/p>\n<p><strong>La ideolog\u00eda del mestizaje como parte del proceso de construcci\u00f3n el estado nacional mexicano.<\/strong><\/p>\n<p><strong><em>Tupac Amaru S\u00e1nchez Luna<\/em><\/strong><\/p>\n<p><strong>C\u00e1tedra Internacional \u201cCarlos Marx\u201d<\/strong><\/p>\n<p><strong> <\/strong><\/p>\n<p><strong>G\u00e9nesis y decadencia del campesino mexicano: arribo a la neomodernidad de un nuevo milenio.<\/strong><strong> <\/strong><\/p>\n<p><strong><em>Miguel \u00c1ngel Hern\u00e1ndez Garc\u00eda<\/em><\/strong><\/p>\n<p><strong>Universidad de la Sierra Sur. Miahuatl\u00e1n de Porfirio D\u00edaz, Oaxaca<\/strong><strong> <\/strong><\/p>\n<p><strong><em> <\/em><\/strong><strong> <\/strong><\/p>\n<p><strong>Los a\u00f1os posmodernos, su crisis y la sociedad que viene.<\/strong><strong> <\/strong><\/p>\n<p><strong><em>Omar Mart\u00ednez Cedillo<\/em><\/strong><\/p>\n<p><strong>Universidad Aut\u00f3noma Metropolitana. Unidad Iztapalapa<\/strong><\/p>\n<p><strong><em> <\/em><\/strong><\/td>\n<\/tr>\n<tr>\n<td width=\"50%\" valign=\"top\"><strong> <\/strong>&nbsp;<\/p>\n<p><strong>18:00<\/strong><\/p>\n<p><strong>T\u00e9rmino de los trabajos<\/strong><\/p>\n<p><strong> <\/strong><\/td>\n<td width=\"50%\" valign=\"top\"><strong> <\/strong>&nbsp;<\/p>\n<p><strong>18:00<\/strong><\/p>\n<p><strong>T\u00e9rmino de los trabajos<\/strong><\/p>\n<p><strong><em> <\/em><\/strong><\/td>\n<\/tr>\n<tr>\n<td colspan=\"2\" width=\"100%\" valign=\"top\"><strong> <\/strong>&nbsp;<\/p>\n<p><strong> <\/strong><\/p>\n<p><strong> <\/strong><\/p>\n<p><strong> <\/strong><\/p>\n<p><strong> <\/strong><\/p>\n<p><strong> <\/strong><\/p>\n<p><strong> <\/strong><\/p>\n<p><strong> <\/strong><\/p>\n<p><strong> <\/strong><\/p>\n<p><strong> <\/strong><\/p>\n<p><strong> <\/strong><\/p>\n<p><strong> <\/strong><\/p>\n<p><strong> <\/strong><\/p>\n<p><strong> <\/strong><\/p>\n<p><strong> <\/strong><\/p>\n<p><strong> <\/strong><\/p>\n<p><strong> <\/strong><\/p>\n<p><strong> <\/strong><\/p>\n<p><strong> <\/strong><\/p>\n<p><strong> <\/strong><\/p>\n<p><strong> <\/strong><\/p>\n<p><strong> <\/strong><\/p>\n<p><strong> <\/strong><\/p>\n<p><strong> <\/strong><\/p>\n<p><strong> <\/strong><\/p>\n<p><strong> <\/strong><\/p>\n<p><strong> <\/strong><\/p>\n<p><strong> <\/strong><\/p>\n<p><strong> <\/strong><\/td>\n<\/tr>\n<tr>\n<td width=\"50%\" valign=\"top\"><strong> <\/strong>&nbsp;<\/p>\n<p><strong>D\u00eda 16<\/strong><\/p>\n<p><strong> <\/strong><\/p>\n<p><strong>08:00-09:00<\/strong><\/p>\n<p><strong>Desayuno: Comedor Central<\/strong><\/td>\n<td width=\"50%\" valign=\"top\"><strong> <\/strong>&nbsp;<\/p>\n<p><strong>D\u00eda 16<\/strong><strong> <\/strong><\/p>\n<p><strong> <\/strong><\/p>\n<p><strong>08:00-09:00<\/strong><\/p>\n<p><strong>Desayuno: Comedor Central<\/strong><\/p>\n<p><strong> <\/strong><\/td>\n<\/tr>\n<tr>\n<td width=\"50%\" valign=\"top\"><strong> <\/strong>&nbsp;<\/p>\n<p><strong>09:00-10:45<\/strong><\/p>\n<p><strong> <\/strong><\/p>\n<p><strong>Mesa: Historia y Cultura<\/strong><\/p>\n<p><strong>Moderador: Mtro. Rolando Rosas Galicia<em> <\/em><\/strong><\/p>\n<p><strong> <\/strong><\/p>\n<p><strong>Los c\u00f3dices, manifestaci\u00f3n cultural femenina.<\/strong><\/p>\n<p><strong><em>Martha Ortega Cantabrana<\/em><\/strong><\/p>\n<p><strong>Consejo de la Cr\u00f3nica Municipal de Chiconcuac, M\u00e9xico<\/strong><strong> <\/strong><\/p>\n<p><strong><em> <\/em><\/strong><\/p>\n<p><strong>M\u00e9todo de Bernal D\u00edaz del Castillo para cronicar.<\/strong><\/p>\n<p><strong><em>Alejandro Contla Carmona<\/em><\/strong><\/p>\n<p><strong>Academia de Historia Regional de Texcoco<\/strong><\/p>\n<p><strong> <\/strong><\/p>\n<p><strong>Pensar la acci\u00f3n colectiva: Resignificar el territorio mediante otros aprendizajes.<\/strong><\/p>\n<p><strong><em>Lady Prieto Mogoll\u00f3n<\/em><\/strong><\/p>\n<p><strong>Universidad Libre de Bogot\u00e1, Colombia<\/strong><\/p>\n<p><strong> <\/strong><\/p>\n<p><strong>Chisme y Participaci\u00f3n pol\u00edtica. Presidentas municipales en Tlaxcala.<\/strong><\/p>\n<p><strong><em>Mar\u00eda Eugenia Ch\u00e1vez Arellano<\/em><\/strong><\/p>\n<p><strong>Universidad Aut\u00f3noma Chapingo<\/strong><\/p>\n<p><strong> <\/strong><\/p>\n<p><strong>Forjando el car\u00e1cter de una localidad.<\/strong><\/p>\n<p><strong><em>Araceli Peralta Solano<\/em><\/strong><\/p>\n<p><strong>Colegio Superior para la Educaci\u00f3n Integral Intercultural de Oaxaca<\/strong><\/p>\n<p><strong> <\/strong><\/p>\n<p><strong> <\/strong><\/p>\n<p><strong> <\/strong><\/p>\n<p><strong> <\/strong><\/p>\n<p><strong> <\/strong><\/p>\n<p><strong> <\/strong><\/p>\n<p><strong> <\/strong><\/p>\n<div>\n<p><strong> <\/strong><\/p>\n<p><strong>11:00-11:30<\/strong><\/p>\n<p><strong> <\/strong><\/p>\n<p><strong>Conferencia Magistral<\/strong><\/p>\n<p><strong>Maestro de Ceremonias<\/strong><\/p>\n<p><strong>Lic. Arturo Trejo Villafuerte<\/strong><\/p>\n<p><strong> <\/strong><\/p>\n<p><strong>Para saber m\u00e1s de Bolivia<\/strong><\/p>\n<p><strong><em>Excelent\u00edsimo\u00a0 Sr. Jorge Mansilla Torres Embajador del Estado Plurinacional de Bolivia en M\u00e9xico<\/em><\/strong><\/p>\n<p><strong> <\/strong><\/p>\n<p><strong> <\/strong><\/p>\n<p><strong>11:30-14:00<\/strong><\/p>\n<p><strong> <\/strong><\/p>\n<p><strong>Presentaci\u00f3n del libro:<\/strong><\/p>\n<p><strong><em>Sistema de Seguridad de Impartici\u00f3n de justicia comunitaria Costa-Monta\u00f1a de Guerrero.<\/em><\/strong><\/p>\n<p><strong> <\/strong><\/p>\n<p><strong>Coord. Medardo Reyes Salinas y Homero Castro Guzm\u00e1n<\/strong><\/p>\n<p><strong><em> <\/em><\/strong><\/p>\n<p><strong><em>Moderador<\/em><\/strong><\/p>\n<\/div>\n<p><strong>Lic. Erwin Flores Contreras<\/strong><\/p>\n<p><strong> <\/strong><\/p>\n<p><strong>Comentaristas<\/strong><strong><em> <\/em><\/strong><\/p>\n<div>\n<p><strong><em>Gaudencio Cedano Castro (UACh)<\/em><\/strong><\/p>\n<p><strong><em>Marcelo Gonz\u00e1lez Bustos (UACh)<\/em><\/strong><\/p>\n<p><strong><em>Miguel \u00c1ngel S\u00e1mano Renter\u00eda (UACh)<\/em><\/strong><\/p>\n<p><strong><em> <\/em><\/strong><\/p>\n<p><strong><em> <\/em><\/strong><\/p>\n<p><strong><em> <\/em><\/strong><\/p>\n<p><strong><em> <\/em><\/strong><\/p>\n<p><strong><em> <\/em><\/strong><\/p>\n<\/div>\n<p><strong><em> <\/em><\/strong><strong> <\/strong><strong><em> <\/em><\/strong><\/p>\n<div>\n<p><strong> <\/strong><\/p>\n<p><strong>14:00-16:00<\/strong><\/p>\n<p><strong>Receso<\/strong><\/p>\n<p><strong>Comida<\/strong><\/p>\n<\/div>\n<p><strong> <\/strong><\/p>\n<div>\n<p><strong> <\/strong><\/p>\n<p><strong>16:00-17:00<\/strong><\/p>\n<\/div>\n<p><strong> <\/strong><\/p>\n<p><strong>Ceremonia de Clausura<\/strong><\/p>\n<p><strong> <\/strong><\/p>\n<p><strong>Maestro de Ceremonias<\/strong><\/p>\n<p><strong>Mtro. Miguel \u00c1ngel Leal Menchaca<\/strong><\/p>\n<p><strong> <\/strong><\/p>\n<p><strong>Entrega de Reconocimientos<\/strong><\/p>\n<p><strong><em>Prof. Alejandro Contla Carmona<\/em><\/strong><\/p>\n<p><strong>Presidente de la Academia de Historia Regional de Texcoco<\/strong><\/p>\n<p><strong><em> <\/em><\/strong><\/p>\n<p><strong><em>Dr. Cesar Adri\u00e1n Ram\u00edrez Miranda<\/em><\/strong><\/p>\n<p><strong>Subdirector Acad\u00e9mico de la Direcci\u00f3n de Centros Regionales Universitarios<\/strong><\/p>\n<p><strong><em> <\/em><\/strong><\/p>\n<p><strong><em>Dr. Miguel \u00c1ngel S\u00e1mano Renter\u00eda<\/em><\/strong><\/p>\n<p><strong>Coordinador del Centro de Estudios Sociales\u00a0 Rurales<\/strong><\/p>\n<p><strong><em> <\/em><\/strong><\/p>\n<p><strong><em>Lic. Erwin Flores Contreras<\/em><\/strong><\/p>\n<p><strong>Universidad Aut\u00f3noma de Guerrero<\/strong><\/p>\n<p><strong><em> <\/em><\/strong><\/p>\n<p><strong>Evaluaci\u00f3n del\u00a0 II Congreso<\/strong><\/p>\n<p><strong><em>Lic. Tupac Amaru S\u00e1nchez Luna.<\/em><\/strong><\/p>\n<p><strong>C\u00e1tedra Internacional \u201cCarlos Marx\u201d<\/strong><\/p>\n<p><strong>Universidad Aut\u00f3noma de Guerrero<\/strong><\/p>\n<p><strong> <\/strong><\/p>\n<p><strong>Clausura<\/strong><\/p>\n<p><strong><em>Mtra. Claudia Dur\u00e1n Rojas<\/em><\/strong><\/p>\n<p><strong>Secretaria General del Sindicato de Trabajadores Acad\u00e9micos de la Universidad Aut\u00f3noma Chapingo<\/strong><\/p>\n<p><strong> <\/strong><\/p>\n<p><strong>17:00 T\u00e9rmino de Trabajos<\/strong><\/p>\n<p><strong> <\/strong><\/td>\n<td width=\"50%\" valign=\"top\">\n<div>\n<p><strong> <\/strong><\/p>\n<\/div>\n<p><strong>09:00-10:45<\/strong><strong> <\/strong><\/p>\n<p><strong> <\/strong><\/p>\n<p><strong>Mesa: Historia y educaci\u00f3n<\/strong><\/p>\n<p><strong>Moderador: Lic. <\/strong><strong>Tupac Amaru S\u00e1nchez Luna<\/strong><\/p>\n<p><strong> <\/strong><\/p>\n<p><strong>Leopoldo R\u00edo de la Loza y su obra: la Agricultura y la Veterinaria en la Naci\u00f3n Mexicana.<\/strong><\/p>\n<p><strong><em>Marco A. Anaya P\u00e9rez<\/em><\/strong><\/p>\n<p><strong>Universidad Aut\u00f3noma Chapingo<\/strong><strong> <\/strong><\/p>\n<p><strong><em> <\/em><\/strong><\/p>\n<p><strong>Lucha pol\u00edtica en la transformaci\u00f3n de Escuela Nacional de Agricultura a Universidad Aut\u00f3noma Chapingo, 1973-1978.<\/strong><\/p>\n<p><strong><em>Refugio Bautista Zane<\/em><\/strong><strong><em> <\/em><\/strong><\/p>\n<p><strong>Universidad Aut\u00f3noma Chapingo<\/strong><\/p>\n<p><strong> <\/strong><\/p>\n<p><strong>Resurgimiento del movimiento estudiantil, 2006-2010.<\/strong><\/p>\n<p><strong>V\u00edctor Bola\u00f1os Alc\u00e1ntara<\/strong><\/p>\n<p><strong>Universidad\u00a0 Nacional Aut\u00f3noma de M\u00e9xico<\/strong><\/p>\n<p><strong> <\/strong><\/p>\n<p><strong>Sindicalismo y las huelgas del 2009 en la UACh.<\/strong><\/p>\n<p><strong>Daniel Rodr\u00edguez Mart\u00ednez<\/strong><\/p>\n<p><strong>Universidad Aut\u00f3noma Chapingo<\/strong><strong> <\/strong><\/p>\n<p><strong> <\/strong><\/p>\n<p><strong>Retrospectiva y prospectiva de la educaci\u00f3n agr\u00edcola.<\/strong><strong>Caso UACh al 2030.<\/strong><\/p>\n<p><strong><em>Liberio Victorino Ram\u00edrez<\/em><\/strong><\/p>\n<p><strong>Universidad Aut\u00f3noma Chapingo<\/strong><\/p>\n<p><strong> <\/strong><\/p>\n<p><strong>La lucha por la educaci\u00f3n en Am\u00e9rica Latina.<\/strong><\/p>\n<p><strong>Daniel Rodr\u00edguez Mart\u00ednez<\/strong><\/p>\n<p><strong>Fernando L\u00f3pez M\u00e9ndez<\/strong><\/p>\n<p><strong>Universidad Aut\u00f3noma Chapingo<\/strong><strong> <\/strong><\/p>\n<p><strong> <\/strong><\/p>\n<div>\n<p><strong> <\/strong><\/p>\n<p><strong> <\/strong><\/p>\n<p><strong> <\/strong><\/p>\n<p><strong> <\/strong><\/p>\n<p><strong> <\/strong><\/p>\n<p><strong> <\/strong><\/p>\n<p><strong> <\/strong><\/p>\n<p><strong> <\/strong><\/p>\n<p><strong> <\/strong><\/p>\n<p><strong> <\/strong><\/p>\n<p><strong> <\/strong><\/p>\n<p><strong> <\/strong><\/p>\n<p><strong>11:30-13:00<\/strong><\/p>\n<p><strong> <\/strong><\/p>\n<\/div>\n<p><strong>Mesa: Historia y Agronom\u00eda<\/strong><\/p>\n<p><strong>Moderador: Lic. <\/strong><strong>Tupac Amaru S\u00e1nchez Luna<\/strong><\/p>\n<p><strong> <\/strong><\/p>\n<p><strong>Discurso t\u00e9cnico-cient\u00edfico y praxis profesional de los ingenieros hidr\u00e1ulicos. Porfiriato y Revoluci\u00f3n.<\/strong><\/p>\n<p><strong><em>Isnardo Santos<\/em><\/strong><\/p>\n<p><strong>Universidad Nacional Aut\u00f3noma de M\u00e9xico<\/strong><\/p>\n<p><strong> <\/strong><\/p>\n<p><strong>El Amaranto entre el pasado y el presente.<\/strong><strong> <\/strong><\/p>\n<p><strong><em>David L\u00f3pez Monroy<\/em><\/strong><\/p>\n<p><strong>Universidad Aut\u00f3noma Chapingo<\/strong><\/p>\n<p><strong> <\/strong><\/p>\n<p><strong>Los insectos en la cultura mexicana.<\/strong><\/p>\n<p><strong>H. Gloria Calyecac Cortero<\/strong><\/p>\n<p><strong>Universidad Aut\u00f3noma Chapingo<\/strong><\/p>\n<p><strong> <\/strong><\/p>\n<p><strong> <\/strong><\/td>\n<\/tr>\n<\/tbody>\n<\/table>\n<p style=\"text-align: justify;\">&nbsp;<\/p>\n<p style=\"text-align: justify;\"><strong>COMIT\u00c9 ORGANIZADOR<\/strong><\/p>\n<p style=\"text-align: justify;\">Dr. Marco A. Anaya P\u00e9rez, Ing. Mois\u00e9s Zurita Zafra, Dr. Miguel \u00c1ngel S\u00e1mano Renter\u00eda, Dr. C\u00e9sar Adri\u00e1n Ram\u00edrez Miranda, Mtro. \u00c1lvaro Gonz\u00e1lez P\u00e9rez, Mtro. Refugio Bautista Zane, Mtro. Marcelo Gonz\u00e1lez Bustos, Lic. Erwin Flores Contreras, Prof. Alejandro Contla Carmona, Mtro. Moroni Spencer de Olarte, Lic. Arturo Trejo Villafuerte, Mtro. Miguel A. Leal Menchaca, Dr. Luis M. Rom\u00e1n C\u00e1rdenas, Dra. Ma. Eugenia Ch\u00e1vez Arellano, Mtro. Rolando Rosas Galicia, Mtra. Concepci\u00f3n Beltr\u00e1n Cabrera, Mtro. Miguel A. Ju\u00e1rez Salvador, Mtro. Esteban Rafael Ruiz Mu\u00f1oz, Dra. Gladys Mart\u00ednez G\u00f3mez, C.D. Luc\u00eda Danela Anaya Trujano, Soci\u00f3logo Oscar Guzm\u00e1n Rivera, Lic. Ma. Gloria Trujano Fierro, Lic. Margarita Jim\u00e9nez Morales, Dr. Arturo Lomas Maldonado (UAM-I), Dr. Alejo Maldonado Gallardo (UMICH), Dra. Patricia Campos Rodr\u00edguez (UG), Dr. Felipe Mac\u00edas Gloria (UG), Dr. Feliciano Garc\u00eda Aguirre (UV), Mtro. Jenaro Reynoso Jaime UAEM, Mtro. Josafath S\u00e1nchez L\u00f3pez (UAS), Mtra. Araceli Peralta Solano, Colegio Superior para la Educaci\u00f3n Integral Intercultural de Oaxaca.<\/p>\n<p style=\"text-align: justify;\">DIRECTORIO<\/p>\n<p style=\"text-align: justify;\">Dr. Carlos Alberto Villase\u00f1or PereaRector de la Universidad Aut\u00f3noma ChapingoDr. J. Reyes Altamirano C\u00e1rdenasDirector General de Investigaci\u00f3n y PosgradoIng. Manuel Ca\u00f1ada MelesioDirector del Departamento de Preparatoria Agr\u00edcolaDr. Cesar Adri\u00e1n Ram\u00edrez MirandaSubdirector Acad\u00e9mico de la Direcci\u00f3n deCentros Regionales UniversitariosDr. Miguel \u00c1ngel S\u00e1mano Renter\u00edaSubdirector de Investigaci\u00f3n de Sociolog\u00eda Rural yCoordinador del Centro de Estudios Sociales RuralesMtra. Claudia Dur\u00e1n RojasSecretaria General del STAUAChProf. Alejandro Contla CarmonaPresidente de la Academia de Historia Regional de TexcocoLic. Tupac Amaru S\u00e1nchez LunaC\u00e1tedra Internacional \u201cCarlos Marx\u201d<\/p>\n<p style=\"text-align: justify;\">Universidad Aut\u00f3noma ChapingoCentro de Estudios Sociales Rurales\u00a0Tel. 01.995.95.21500 Ext. 5547 y 5439Correo: congreso_luchas_revolucionarias@yahoo.com<\/p>\n<p style=\"text-align: justify;\"><strong>ADHILAC Internacional \u00a9 www.adhilac.com.ar <a title=\"(Ver)\" href=\"http:\/\/www.adhilac.com.ar\">(Ver)<\/a><\/strong><\/p>\n<p><em>Ariadna Tucma Revista Latinoamericana.<\/em><em> <\/em><em>N\u00ba\u00a06. Marzo 2011-Febrero 2012<\/em><\/p>\n<p>&nbsp;<\/p>\n<p><strong>Publicado por \u00a9www.ariadnatucma.com.ar<\/strong><\/p>\n<p><span style=\"color: #ffffff;\">\/<\/span><\/p>\n<p>Contacto: info@ariadnatucma.com.ar<\/p>\n<p style=\"text-align: justify;\"><strong><br \/>\n<\/strong><\/p>\n","protected":false},"excerpt":{"rendered":"<p>CONVOCATORIA II Congreso Internacional sobre Reflexiones Cr\u00edticas\u00a0de la Independencia y la Revoluci\u00f3n:\u00a0Luchas Revolucionarias en\u00a0Am\u00e9rica Latina y el Caribe, \u00a0Siglos XIX &#8211; XXI Universidad Aut\u00f3noma Chapingo.\u00a0Centro de Estudios Sociales Rurales.\u00a014, 15 y 16 de octubre de 2011 Universidad Aut\u00f3noma de Guerrero.\u00a0ADHILAC.\u00a0CESOR. &nbsp; Presentaci\u00f3n El estudio del pasado nos permite comprender y entender los problemas que plantea &hellip; <\/p>\n<p class=\"link-more\"><a href=\"https:\/\/www.ariadnatucma.com.ar\/?p=2302\" class=\"more-link\">Seguir leyendo<span class=\"screen-reader-text\"> \u00abII Congreso Internacional sobre Reflexiones Cr\u00edticas de la Independencia y la Revoluci\u00f3n. Chapingo. M\u00e9xico ADHILAC Internacional\u00bb<\/span><\/a><\/p>\n","protected":false},"author":34,"featured_media":0,"comment_status":"closed","ping_status":"closed","sticky":false,"template":"","format":"standard","meta":{"footnotes":""},"categories":[136,63,227],"tags":[9,126,20,210],"class_list":["post-2302","post","type-post","status-publish","format-standard","hentry","category-adhilac-internacional","category-congresos-eventos","category-suplemento","tag-america-latina","tag-bicentenario","tag-emancipacion","tag-mexico","entry"],"_links":{"self":[{"href":"https:\/\/www.ariadnatucma.com.ar\/index.php?rest_route=\/wp\/v2\/posts\/2302","targetHints":{"allow":["GET"]}}],"collection":[{"href":"https:\/\/www.ariadnatucma.com.ar\/index.php?rest_route=\/wp\/v2\/posts"}],"about":[{"href":"https:\/\/www.ariadnatucma.com.ar\/index.php?rest_route=\/wp\/v2\/types\/post"}],"author":[{"embeddable":true,"href":"https:\/\/www.ariadnatucma.com.ar\/index.php?rest_route=\/wp\/v2\/users\/34"}],"replies":[{"embeddable":true,"href":"https:\/\/www.ariadnatucma.com.ar\/index.php?rest_route=%2Fwp%2Fv2%2Fcomments&post=2302"}],"version-history":[{"count":7,"href":"https:\/\/www.ariadnatucma.com.ar\/index.php?rest_route=\/wp\/v2\/posts\/2302\/revisions"}],"predecessor-version":[{"id":2304,"href":"https:\/\/www.ariadnatucma.com.ar\/index.php?rest_route=\/wp\/v2\/posts\/2302\/revisions\/2304"}],"wp:attachment":[{"href":"https:\/\/www.ariadnatucma.com.ar\/index.php?rest_route=%2Fwp%2Fv2%2Fmedia&parent=2302"}],"wp:term":[{"taxonomy":"category","embeddable":true,"href":"https:\/\/www.ariadnatucma.com.ar\/index.php?rest_route=%2Fwp%2Fv2%2Fcategories&post=2302"},{"taxonomy":"post_tag","embeddable":true,"href":"https:\/\/www.ariadnatucma.com.ar\/index.php?rest_route=%2Fwp%2Fv2%2Ftags&post=2302"}],"curies":[{"name":"wp","href":"https:\/\/api.w.org\/{rel}","templated":true}]}}