{"id":2264,"date":"2011-10-15T16:33:04","date_gmt":"2011-10-15T19:33:04","guid":{"rendered":"http:\/\/www.ariadnatucma.com.ar\/?p=2264"},"modified":"2012-07-30T07:44:29","modified_gmt":"2012-07-30T10:44:29","slug":"2as-jornadas-del-depto-de-historia-del-centro-cultural-de-la-cooperacion-y-de-adhilac-2","status":"publish","type":"post","link":"https:\/\/www.ariadnatucma.com.ar\/?p=2264","title":{"rendered":"2as. Jornadas del Depto de Historia del Centro Cultural de la Cooperaci\u00f3n y de ADHILAC"},"content":{"rendered":"<h3 style=\"text-align: justify;\">Guerra de Emancipaci\u00f3n en Nuestra Am\u00e9rica. Doscientos a\u00f1os de luchas, utop\u00edas y contramarchas<\/h3>\n<p style=\"text-align: justify;\"><em>27 y 28 de septiembre de 2011<\/em><\/p>\n<p style=\"text-align: justify;\"><a href=\"http:\/\/www.ariadnatucma.com.ar\/wp-content\/uploads\/2011\/09\/HISTORIASET-03.jpg\"><img loading=\"lazy\" decoding=\"async\" class=\"size-full wp-image-2265 alignright\" title=\"HISTORIASET-03\" src=\"http:\/\/www.ariadnatucma.com.ar\/wp-content\/uploads\/2011\/09\/HISTORIASET-03.jpg\" alt=\"\" width=\"237\" height=\"425\" srcset=\"https:\/\/www.ariadnatucma.com.ar\/wp-content\/uploads\/2011\/09\/HISTORIASET-03.jpg 395w, https:\/\/www.ariadnatucma.com.ar\/wp-content\/uploads\/2011\/09\/HISTORIASET-03-167x300.jpg 167w\" sizes=\"auto, (max-width: 237px) 100vw, 237px\" \/><\/a><\/p>\n<p style=\"text-align: justify;\"><strong>CONVOCATORIA<\/strong><\/p>\n<p style=\"text-align: justify;\"><span style=\"color: #ffffff;\">\/<\/span><\/p>\n<p style=\"text-align: justify;\">A fines del siglo XVIII la lucha antiesclavista en Hait\u00ed dio lugar a la primera declaraci\u00f3n de Emancipaci\u00f3n de Nuestra Am\u00e9rica en 1804.<\/p>\n<p style=\"text-align: justify;\"><span style=\"color: #ffffff;\"> \/<\/span><\/p>\n<p style=\"text-align: justify;\">Pocos a\u00f1os despu\u00e9s la lucha se extendi\u00f3 por las colonias hispanas desde el r\u00edo de la Plata a M\u00e9xico.<\/p>\n<p style=\"text-align: justify;\"><span style=\"color: #ffffff;\">\/ <\/span><\/p>\n<p style=\"text-align: justify;\">En este Bicentenario deseamos nutrir el debate acerca del proceso emancipatorio y de las cuestiones pendientes poniendo especial \u00e9nfasis en el papel jugado por Sim\u00f3n Bol\u00edvar y otras figuras destacadas como Alexandre P\u00e9tion, Manuel Belgrano, Mariano Moreno, Bernardo de Monteagudo, Jos\u00e9 Gervasio de Artigas, Juana Azurduy de Padilla, Jos\u00e9 de San Mart\u00edn, Miguel de Hidalgo, Jos\u00e9 Mar\u00eda Morelos entre otros.<!--more--><\/p>\n<p style=\"text-align: justify;\"><span style=\"color: #ffffff;\">\/<\/span><\/p>\n<p style=\"text-align: justify;\">Por otra parte, como la colonial era una sociedad de castas cabe analizar tambi\u00e9n en qu\u00e9 medida los sectores subalternos participaron de estos procesos que culminaron en la separaci\u00f3n de la mayor\u00eda de las colonias de la metr\u00f3poli, dado que muchas veces se presenta como un fen\u00f3meno exclusivo de las \u00e9lites criollas. Sin dudas all\u00ed donde los paisanos, los pueblos originarios y los esclavos se unieron contra la opresi\u00f3n colonial, lograron resistir y finalmente derrotar a la represi\u00f3n metropolitana. Donde esa resistencia no logr\u00f3 ser tan persistente, como el caso cubano, pasaron d\u00e9cadas hasta consagrar su separaci\u00f3n pol\u00edtica de Espa\u00f1a.<\/p>\n<p style=\"text-align: justify;\"><span style=\"color: #ffffff;\">\/<\/span><\/p>\n<p style=\"text-align: justify;\">En tal sentido proponemos trabajar sobre los siguientes ejes tem\u00e1ticos:<\/p>\n<p style=\"text-align: justify;\"><span style=\"color: #ffffff;\">\/<\/span><\/p>\n<p style=\"text-align: justify;\">&#8211;\u00a0\u00a0\u00a0\u00a0\u00a0\u00a0\u00a0\u00a0\u00a0 An\u00e1lisis de las causas y desarrollo del proceso emancipatorio<\/p>\n<p style=\"text-align: justify;\">&#8211;\u00a0\u00a0\u00a0\u00a0\u00a0\u00a0\u00a0\u00a0\u00a0 Los an\u00e1lisis de caso: La situaci\u00f3n particular de cada colonia: (Virreinato del R\u00edo de la Plata, Virreinato del Per\u00fa.,\u00a0 Virreinato de Nueva Granada, Virreinato de Nueva Espa\u00f1a, Capitan\u00eda General de Chile, Capitan\u00eda General de Venezuela, Capitan\u00eda General de Guatemala, Real Audiencia de Quito, la situaci\u00f3n de Cuba)<\/p>\n<p style=\"text-align: justify;\">&#8211;\u00a0\u00a0\u00a0\u00a0\u00a0\u00a0\u00a0\u00a0\u00a0 El proceso emancipatorio y la constituci\u00f3n de las nuevas rep\u00fablicas (siglo XIX a XX)<\/p>\n<p style=\"text-align: justify;\">&#8211;\u00a0\u00a0\u00a0\u00a0\u00a0\u00a0\u00a0\u00a0\u00a0 Las cuestiones pendientes del proceso de Emancipaci\u00f3n. El problema del endeudamiento, la dependencia econ\u00f3mica, cient\u00edfica y tecnol\u00f3gica de los pa\u00edses de Nuestra Am\u00e9rica. Los nuevos desaf\u00edos: propuesta de integraci\u00f3n regional, el peso de las grandes potencias extrarregionales, etc.<\/p>\n<p style=\"text-align: justify;\"><span style=\"color: #ffffff;\">\/<\/span><\/p>\n<p style=\"text-align: justify;\"><strong>Participantes:<\/strong><\/p>\n<p style=\"text-align: justify;\"><span style=\"color: #ffffff;\"><strong>\/<\/strong><\/span><\/p>\n<p style=\"text-align: justify;\">a)\u00a0\u00a0\u00a0\u00a0\u00a0 De pa\u00edses hermanos: Carmen Boh\u00f3rquez, Luis Pellicer (Venezuela)<\/p>\n<p style=\"text-align: justify;\">Juan Paz y Mi\u00f1o, Jorge N\u00fa\u00f1ez\u00a0 (Ecuador)<\/p>\n<p style=\"text-align: justify;\"><span style=\"color: #ffffff;\">\/<\/span><\/p>\n<p style=\"text-align: justify;\">b)\u00a0\u00a0\u00a0\u00a0 De Argentina: Profesores, docentes, investigadores y estudiantes de diversas Facultades y del CCC y de la ADHILAC Argentina.<\/p>\n<p style=\"text-align: justify;\"><span style=\"color: #ffffff;\">\/<\/span><\/p>\n<p style=\"text-align: justify;\">Entre 50 a 60 participantes entre docentes y estudiantes de Historia, divididos en dos grupos. Cada grupo (integrado por expositores y asistentes) participa de una Mesa tem\u00e1tica por la ma\u00f1ana y otra por la tarde, ambos d\u00edas.<\/p>\n<p style=\"text-align: justify;\"><span style=\"color: #ffffff;\">\/<\/span><\/p>\n<p style=\"text-align: justify;\">Los ejes de trabajo son los siguientes:<\/p>\n<p style=\"text-align: justify;\"><span style=\"color: #ffffff;\">\/<\/span><\/p>\n<p style=\"text-align: justify;\">Eje 1: De Hait\u00ed al R\u00edo de la Plata. Bol\u00edvar y la lucha por la emancipaci\u00f3n de Nuestra Am\u00e9rica<\/p>\n<p style=\"text-align: justify;\">&nbsp;<\/p>\n<p style=\"text-align: justify;\">Eje 2: Nuestra Am\u00e9rica en el Bicentenario: entre la integraci\u00f3n regional y las presiones de las grandes potencias extrarregionales.<\/p>\n<p style=\"text-align: justify;\"><span style=\"color: #ffffff;\">\/<\/span><\/p>\n<p style=\"text-align: justify;\"><strong>Lugar<\/strong><\/p>\n<p style=\"text-align: justify;\"><strong><em><br \/>\n<\/em><\/strong><\/p>\n<p style=\"text-align: justify;\"><strong>CENTRO CULTURAL DE LA COOPERACI\u00d3N \u201cFLOREAL GORINI\u201d<\/strong><\/p>\n<p style=\"text-align: justify;\">&nbsp;<\/p>\n<p style=\"text-align: justify;\">Avda. Corrientes 1543, Ciudad\u00a0Aut\u00f3noma\u00a0de Buenos Aires.<\/p>\n<p style=\"text-align: justify;\"><span style=\"color: #ffffff;\">\/<\/span><\/p>\n<p style=\"text-align: justify;\"><strong><em>Martes 27 de septiembre de 2011<\/em><\/strong><\/p>\n<p style=\"text-align: justify;\">Dos Mesas tem\u00e1ticas por la ma\u00f1ana (de 9 a 12.30 hs) y dos por la tarde (de 14.30 a 18 hs) en el<em> 3\u00ba piso<\/em><\/p>\n<p style=\"text-align: justify;\"><span style=\"color: #ffffff;\">\/<\/span><\/p>\n<p style=\"text-align: justify;\">19 hs.\u00a0<strong>Mesa Redonda abierta al p\u00fablico con los invitados.<\/strong><\/p>\n<p style=\"text-align: justify;\"><em>Sala Solidaridad, 2\u00ba subsuelo<\/em><\/p>\n<p style=\"text-align: justify;\">&nbsp;<\/p>\n<p style=\"text-align: justify;\"><strong><em>Mi\u00e9rcoles 28 de septiembre de 2011<\/em><\/strong><\/p>\n<p style=\"text-align: justify;\">Dos Mesas tem\u00e1ticas por la ma\u00f1ana (de 9 a 12.30 hs) y dos por la tarde (de 14.30 a 18 hs) en el\u00a0<strong>3\u00ba piso<\/strong><\/p>\n<p style=\"text-align: justify;\">&nbsp;<\/p>\n<p style=\"text-align: justify;\">19 hs.\u00a0<strong>Mesa Redonda abierta al p\u00fablico con los invitados.<\/strong><\/p>\n<p style=\"text-align: justify;\">Sala Solidaridad, 2\u00ba subsuelo<\/p>\n<p style=\"text-align: justify;\"><span style=\"color: #ffffff;\"> \/<\/span><\/p>\n<p style=\"text-align: justify;\"><strong>Comit\u00e9 Organizador:<\/strong><\/p>\n<p style=\"text-align: justify;\"><span style=\"color: #ffffff;\"> \/<\/span><\/p>\n<p style=\"text-align: justify;\">Horacio L\u00f3pez<br \/>\n<em>Subdirector del CCC. Director del Depto. de Historia del CCC<\/em><\/p>\n<p style=\"text-align: justify;\">&nbsp;<\/p>\n<p style=\"text-align: justify;\">Carolina Crisorio<br \/>\n<em>FCE-UBA. ADHILAC Internacional y Argentina.<\/em><\/p>\n<p style=\"text-align: justify;\">&nbsp;<\/p>\n<p style=\"text-align: justify;\">Alejandro Pisnoy.<br \/>\n<em>Asistente Depto. de Historia del CCC.<\/em><\/p>\n<p style=\"text-align: justify;\"><span style=\"color: #ffffff;\">\/<\/span><\/p>\n<p style=\"text-align: justify;\"><strong>Informes e inscripci\u00f3n:<\/strong><\/p>\n<p style=\"text-align: justify;\"><span style=\"color: #ffffff;\">\/<\/span><\/p>\n<p style=\"text-align: justify;\">Dirigirse al Departamento de Historia del Centro Cultural de la Cooperaci\u00f3n \u201cFloreal Gorini\u201d<\/p>\n<p style=\"text-align: justify;\">&nbsp;<\/p>\n<p style=\"text-align: justify;\">Horacio L\u00f3pez<\/p>\n<p style=\"text-align: justify;\"><strong>e-mail: horaciolopez@centrocultural.coop<\/strong><\/p>\n<p style=\"text-align: justify;\">&nbsp;<\/p>\n<p style=\"text-align: justify;\">Alejandro Pisnoy<\/p>\n<p style=\"text-align: justify;\"><strong>e-mail: videandolafuga8@yahoo.com.ar<\/strong><\/p>\n<p style=\"text-align: justify;\">&nbsp;<\/p>\n<p style=\"text-align: justify;\"><em>En breve tendremos la\u00a0programaci\u00f3n\u00a0completa<\/em><\/p>\n<p style=\"text-align: justify;\"><span style=\"color: #ffffff;\">\/ <\/span><\/p>\n<p style=\"text-align: justify;\">Si Ud. desea asociarse de acuerdo a los Estatutos de ADHILAC\u00a0<a title=\"(ver)\" href=\"http:\/\/adhilac.com.ar\/?page_id=263\">(ver)<\/a> complete el siguiente formulario\u00a0<a title=\"(ver)\" href=\"http:\/\/adhilac.com.ar\/?page_id=3194\">(ver)<\/a><\/p>\n<p style=\"text-align: justify;\">E-mail: info@adhilac.com.ar<strong> <\/strong><\/p>\n<p style=\"text-align: justify;\">Twitter: @AdhilacInfo<\/p>\n<p style=\"text-align: justify;\"><span style=\"color: #ffffff;\">\/<\/span><\/p>\n<p style=\"text-align: justify;\"><em><em>Ariadna Tucma Revista Latinoamericana. <\/em><\/em><\/p>\n<p style=\"text-align: justify;\"><em>Ariadna Tucma Revista Latinoamericana.<\/em><em> <\/em><em>N\u00ba\u00a06. Marzo 2011-Febrero 2012<\/em><\/p>\n<p style=\"text-align: justify;\">&nbsp;<\/p>\n<p style=\"text-align: justify;\"><strong>Publicado por \u00a9www.ariadnatucma.com.ar<\/strong><\/p>\n<p style=\"text-align: justify;\"><span style=\"color: #ffffff;\">\/<\/span><\/p>\n<p style=\"text-align: justify;\">Contacto: info@ariadnatucma.com.ar<\/p>\n<p style=\"text-align: justify;\"><em><br \/>\n<\/em><\/p>\n","protected":false},"excerpt":{"rendered":"<p>Guerra de Emancipaci\u00f3n en Nuestra Am\u00e9rica. Doscientos a\u00f1os de luchas, utop\u00edas y contramarchas 27 y 28 de septiembre de 2011 CONVOCATORIA \/ A fines del siglo XVIII la lucha antiesclavista en Hait\u00ed dio lugar a la primera declaraci\u00f3n de Emancipaci\u00f3n de Nuestra Am\u00e9rica en 1804. \/ Pocos a\u00f1os despu\u00e9s la lucha se extendi\u00f3 por las &hellip; <\/p>\n<p class=\"link-more\"><a href=\"https:\/\/www.ariadnatucma.com.ar\/?p=2264\" class=\"more-link\">Seguir leyendo<span class=\"screen-reader-text\"> \u00ab2as. Jornadas del Depto de Historia del Centro Cultural de la Cooperaci\u00f3n y de ADHILAC\u00bb<\/span><\/a><\/p>\n","protected":false},"author":34,"featured_media":0,"comment_status":"closed","ping_status":"closed","sticky":false,"template":"","format":"standard","meta":{"footnotes":""},"categories":[136,63,3,227],"tags":[126,151],"class_list":["post-2264","post","type-post","status-publish","format-standard","hentry","category-adhilac-internacional","category-congresos-eventos","category-historia","category-suplemento","tag-bicentenario","tag-emancipacion-americana","entry"],"_links":{"self":[{"href":"https:\/\/www.ariadnatucma.com.ar\/index.php?rest_route=\/wp\/v2\/posts\/2264","targetHints":{"allow":["GET"]}}],"collection":[{"href":"https:\/\/www.ariadnatucma.com.ar\/index.php?rest_route=\/wp\/v2\/posts"}],"about":[{"href":"https:\/\/www.ariadnatucma.com.ar\/index.php?rest_route=\/wp\/v2\/types\/post"}],"author":[{"embeddable":true,"href":"https:\/\/www.ariadnatucma.com.ar\/index.php?rest_route=\/wp\/v2\/users\/34"}],"replies":[{"embeddable":true,"href":"https:\/\/www.ariadnatucma.com.ar\/index.php?rest_route=%2Fwp%2Fv2%2Fcomments&post=2264"}],"version-history":[{"count":9,"href":"https:\/\/www.ariadnatucma.com.ar\/index.php?rest_route=\/wp\/v2\/posts\/2264\/revisions"}],"predecessor-version":[{"id":2885,"href":"https:\/\/www.ariadnatucma.com.ar\/index.php?rest_route=\/wp\/v2\/posts\/2264\/revisions\/2885"}],"wp:attachment":[{"href":"https:\/\/www.ariadnatucma.com.ar\/index.php?rest_route=%2Fwp%2Fv2%2Fmedia&parent=2264"}],"wp:term":[{"taxonomy":"category","embeddable":true,"href":"https:\/\/www.ariadnatucma.com.ar\/index.php?rest_route=%2Fwp%2Fv2%2Fcategories&post=2264"},{"taxonomy":"post_tag","embeddable":true,"href":"https:\/\/www.ariadnatucma.com.ar\/index.php?rest_route=%2Fwp%2Fv2%2Ftags&post=2264"}],"curies":[{"name":"wp","href":"https:\/\/api.w.org\/{rel}","templated":true}]}}