{"id":2057,"date":"2011-08-19T12:47:03","date_gmt":"2011-08-19T15:47:03","guid":{"rendered":"http:\/\/www.ariadnatucma.com.ar\/?p=2057"},"modified":"2012-07-18T06:22:06","modified_gmt":"2012-07-18T09:22:06","slug":"el-cineasta-chileno-raul-ruiz-pino-fallece-en-paris","status":"publish","type":"post","link":"https:\/\/www.ariadnatucma.com.ar\/?p=2057","title":{"rendered":"El  cineasta chileno Ra\u00fal Ruiz Pino fallece en Par\u00eds"},"content":{"rendered":"<h3 style=\"text-align: justify;\">Exiliado tras la ca\u00edda de Salvador Allende fallece a los 70 a\u00f1os<\/h3>\n<p style=\"text-align: justify;\"><span style=\"color: #ffffff;\"><a href=\"http:\/\/www.ariadnatucma.com.ar\/wp-content\/uploads\/2011\/08\/Raul-Ruiz.jpg\"><img loading=\"lazy\" decoding=\"async\" class=\"alignright size-full wp-image-2059\" title=\"Raul Ruiz\" src=\"http:\/\/www.ariadnatucma.com.ar\/wp-content\/uploads\/2011\/08\/Raul-Ruiz.jpg\" alt=\"\" width=\"163\" height=\"220\" \/><\/a><\/span>Ra\u00fal Ruiz Pino (1941-2011) era llamado Raoul Ruiz por los franceses que lo recibieron en su exilio tras el golpe encabezado por el General Augusto Pinochet Ugarte del 11 de septiembre de 1973 que dej\u00f3 m\u00e1s de un millar de detenidos desaparecidos y cientos y cientos de emigrados que se dirigieron principalmente a Europa, algunos pa\u00edses latinoamericanos y Estados Unidos.\u00a0<!--more--><\/p>\n<p style=\"text-align: justify;\">Entrevista a Ra\u00fal Ruiz <a title=\"(VER)\" href=\"http:\/\/youtu.be\/13WHvO33KCM\">(VER)<\/a><\/p>\n<p style=\"text-align: justify;\"><span style=\"color: #ffffff;\">\/<\/span><br \/>\nNacido en Puerto Montt radicado con su familia desde la adolescencia en la capital chilena se vincul\u00f3 al teatro experimental \u00a0y hacia 1962 ya pose\u00eda una prol\u00edfica producci\u00f3n de obras escritas de \u00abvanguardia\u00bb. Estudi\u00f3 cine en la Argentina. Junto a Miguel Litt\u00edn y Helvio Soto perteneci\u00f3 a una generaci\u00f3n que busc\u00f3 lograr cambios democratizadores e inclusivos para las grandes mayor\u00edas postergadas de su pa\u00eds.<\/p>\n<p style=\"text-align: justify;\"><span style=\"color: #ffffff;\">\/<a href=\"http:\/\/www.ariadnatucma.com.ar\/wp-content\/uploads\/2011\/08\/tigres.jpg\"><img loading=\"lazy\" decoding=\"async\" class=\"size-full wp-image-2061 alignleft\" title=\"tigres\" src=\"http:\/\/www.ariadnatucma.com.ar\/wp-content\/uploads\/2011\/08\/tigres.jpg\" alt=\"\" width=\"410\" height=\"210\" srcset=\"https:\/\/www.ariadnatucma.com.ar\/wp-content\/uploads\/2011\/08\/tigres.jpg 410w, https:\/\/www.ariadnatucma.com.ar\/wp-content\/uploads\/2011\/08\/tigres-300x153.jpg 300w\" sizes=\"auto, (max-width: 410px) 100vw, 410px\" \/><\/a><\/span><\/p>\n<p style=\"text-align: justify;\">Su opera prima <em>Tres tristes tigres <\/em> (foto arriba) con Shenda Rom\u00e1n, Nelson Villagra y Luis Alarc\u00f3n si bien pas\u00f3 desapercibida se termin\u00f3 transformando en una obra valorada a posteriori.Otras de sus obras comprometidas que realiz\u00f3 con el apoyo de la productora estatal Chilefilms ya bajo la presidencia de Salvador Allende fueron <em>Militarismo y tortura <\/em>(1969),\u00a0<em>\u00bfQu\u00e9 hacer?<\/em> (1970), <em>La colonia penal<\/em> (1970).<\/p>\n<p style=\"text-align: justify;\"><span style=\"color: #ffffff;\">\/<\/span><\/p>\n<p style=\"text-align: justify;\">Producido el golpe militar, tras un breve paso por la Argentina en 1974 se radic\u00f3 en Francia. All\u00ed tuvo una labor incesante en cine argumental, documental, cortometrajes y producciones para televisi\u00f3n. En 1997 recibi\u00f3 el Premio Nacional de Artes de la Representaci\u00f3n y Audiovisual y un Oso de Plata en el Festival de Berl\u00edn por una \u00abextraordinaria contribuci\u00f3n art\u00edstica\u00bb. \u00a0Escritor, productor, actor, director y productor de cine y televisi\u00f3n dej\u00f3 entre sus obras:<\/p>\n<p style=\"text-align: justify;\"><span style=\"color: #ffffff;\">\/<\/span><\/p>\n<p style=\"text-align: justify;\"><em>El territorio<\/em> (1981), Isabelle Weingarten, Rebecca Pauly, Geoffrey Carey.<\/p>\n<p style=\"text-align: justify;\"><em>Las tres coronas del marinero<\/em> (1983), Jean-Bernard Guillard, Phillippe Deplanche, Jean Badin<\/p>\n<p style=\"text-align: justify;\"><img loading=\"lazy\" decoding=\"async\" class=\"alignright\" src=\"http:\/\/ia.media-imdb.com\/images\/M\/MV5BMTkwNjQ1MzM2OV5BMl5BanBnXkFtZTcwNDQxOTk4Mg@@._V1._SY317_CR7,0,214,317_.jpg\" alt=\"La ville des pirates Poster\" width=\"214\" height=\"317\" \/><\/p>\n<p style=\"text-align: justify;\"><em>La ville des pirates<\/em> (1983) Hugues Quester, Anne Alvaro y Melvil Poupaud <a title=\"(VER)\" href=\"http:\/\/youtu.be\/xhITBO8DChc\">(VER)<\/a><\/p>\n<p style=\"text-align: justify;\"><em>La isla del tesoro<\/em> (1985), Melvil Poupard, Martin Landau, Vic Tayback, Lou Castel, Anna Karina.<\/p>\n<p style=\"text-align: justify;\"><em>Tres vidas y una sola muerte<\/em> (1996) Marcello Mastroiani, Anna Galiena, Marisa Paredes<\/p>\n<p style=\"text-align: justify;\"><em>Le film \u00e0 venir<\/em> (1997) Abdelwahab Meddeb, Bernard Pautrat, Waldo Rojas, Edouard Waintrop <a title=\"(VER)\" href=\"http:\/\/youtu.be\/bK-ruZ5zNRI\">(VER)<\/a><\/p>\n<p style=\"text-align: justify;\"><em>En brazos de mi asesino <\/em>(1998) William Baldwin, Anne Parillaud, Graham Greene. Premio ALMA al mejor director latino de largo metraje<\/p>\n<p style=\"text-align: justify;\"><em>El tiempo recobrado<\/em> (1999) Catherine Deneuve, Emmanuelle B\u00e9art\t, Vincent Perez y John Malkovich<\/p>\n<p style=\"text-align: justify;\"><img loading=\"lazy\" decoding=\"async\" class=\"alignleft\" src=\"http:\/\/cineclubesdecordoba.files.wordpress.com\/2009\/06\/le-temps-retrouve2.jpg?w=346&amp;h=211\" alt=\"\" width=\"346\" height=\"211\" \/><\/p>\n<p style=\"text-align: justify;\">Sonate de Vinteuil-Proust de <em>El tiempo recobrado<\/em> <a title=\"(VER)\" href=\"http:\/\/youtu.be\/u-F98knpuRQ\">(VER)<\/a><\/p>\n<p style=\"text-align: justify;\"><em>El tiempo recobrado <\/em>Trailer\u00a0\u00a0<a title=\"(VER)\" href=\"http:\/\/youtu.be\/1YhCKpXWyxs\">(VER)<\/a><\/p>\n<p style=\"text-align: justify;\"><em>El ojo que miente<\/em> (1992) John Hurt y Didier Bourdon<\/p>\n<p style=\"text-align: justify;\"><em>La comedia de la inocencia<\/em> (2000) Isabelle Huppert, Jeanne Balibar, Charles Berling<\/p>\n<p style=\"text-align: justify;\"><em>Les \u00e2mes fortes<\/em> (2001) Laetitia Casta, Fr\u00e9deric Diefenthal, Arielle Dombasle, John Malkovich, Charles Berling.<\/p>\n<p style=\"text-align: justify;\"><em>Cofralandes I, II, III y IV<\/em> serie documental sobre Chile.<\/p>\n<p style=\"text-align: justify;\"><em>Klimt<\/em> (2006) John Malkovich, Veronica Ferres, Stephen Dillane y Saffron Burrows. Premio de Cine Clubs de la Federaci\u00f3n de Rusia. Premio Golden St. George.<\/p>\n<p style=\"text-align: justify;\"><a title=\"http:\/\/youtu.be\/EdPGvIj01uM\" href=\"http:\/\/youtu.be\/EdPGvIj01uM\">(VER)<\/a><\/p>\n<p style=\"text-align: justify;\"><em>Chacun son cin\u00e9ma ou Ce petit coup au coeur quand la lumi\u00e8re s&#8217;\u00e9teint et que le film commence<\/em> (2007) dirigi\u00f3 el cap\u00edtulo<em> Le Don<\/em>.<\/p>\n<p style=\"text-align: justify;\"><em>La recta provincia<\/em> (2007) producci\u00f3n chilena para televisi\u00f3n. B\u00e9lgica Castro, Ignacio Ag\u00fcero, Angel Parra, Javiera Parra.<\/p>\n<p style=\"text-align: justify;\"><em>La maison Nuncingen<\/em> (2008) basada en novela de Honor\u00e9 de Balzac. Elsa Zylberstein, Jean-Marc Barra, Laurent Malet y Audrey Marnay<\/p>\n<p style=\"text-align: justify;\"><em>A libro cerrado<\/em> (2010) Tom Conti, Daryl Hannah, Miriam Margolyes y Elaine Paige.<\/p>\n<p style=\"text-align: justify;\"><em>Misterios de Lisboa<\/em> (2010) miniserie televisiva portuguesa. Adriano Luz, Maria Jo\u00e3o Bastos, Ricardo Pereira, Clotilde Hesme, Jos\u00e9 Afonso Pimentel<\/p>\n<p style=\"text-align: justify;\"><em>La noche de enfrente <\/em>(2011) en postproducci\u00f3n. Christian Vadim, Sergio Hern\u00e1ndez, Valentina Vargas, Chamila Rodr\u00edguez.<\/p>\n<p style=\"text-align: justify;\"><em>As Linhas de Torres<\/em> (2012) en pre-producci\u00f3n lusitana. John Malkovich, L\u00e9a Seydoux, Mathieu Amalric, Melvil Poupard.<\/p>\n<p style=\"text-align: justify;\">&nbsp;<\/p>\n<p style=\"text-align: justify;\"><a title=\"&lt;iframe width=&quot;420&quot; height=&quot;345&quot; src=&quot;http:\/\/www.youtube.com\/embed\/7YhnRgSHJ18&quot; frameborder=&quot;0&quot; allowfullscreen&gt;&lt;\/iframe&gt;\" href=\"&lt;iframe width=&quot;420&quot; height=&quot;345&quot; src=&quot;http:\/\/www.youtube.com\/embed\/7YhnRgSHJ18&quot; frameborder=&quot;0&quot; allowfullscreen&gt;&lt;\/iframe&gt;\">Entrevista en el Festival de Rotterdam 1a. parte<\/a><\/p>\n<p style=\"text-align: justify;\"><a title=\"http:\/\/youtu.be\/aBJslaQvaxI\" href=\"http:\/\/youtu.be\/aBJslaQvaxI\">Entrevista en el Festival de Rotterdam 2a. parte<\/a><\/p>\n<p style=\"text-align: justify;\"><em>Ariadna Tucma Revista Latinoamericana <\/em><em>N\u00ba <\/em><em>6. Marzo 2011-Febrero 2012. Suplemento.<\/em><\/p>\n<p>&nbsp;<\/p>\n<p><strong>Publicado por \u00a9www.ariadnatucma.com.ar<\/strong><\/p>\n<p><span style=\"color: #ffffff;\">\/<\/span><\/p>\n<p>Contacto: info@ariadnatucma.com.ar<\/p>\n","protected":false},"excerpt":{"rendered":"<p>Exiliado tras la ca\u00edda de Salvador Allende fallece a los 70 a\u00f1os Ra\u00fal Ruiz Pino (1941-2011) era llamado Raoul Ruiz por los franceses que lo recibieron en su exilio tras el golpe encabezado por el General Augusto Pinochet Ugarte del 11 de septiembre de 1973 que dej\u00f3 m\u00e1s de un millar de detenidos desaparecidos y &hellip; <\/p>\n<p class=\"link-more\"><a href=\"https:\/\/www.ariadnatucma.com.ar\/?p=2057\" class=\"more-link\">Seguir leyendo<span class=\"screen-reader-text\"> \u00abEl  cineasta chileno Ra\u00fal Ruiz Pino fallece en Par\u00eds\u00bb<\/span><\/a><\/p>\n","protected":false},"author":58,"featured_media":0,"comment_status":"closed","ping_status":"closed","sticky":false,"template":"","format":"standard","meta":{"footnotes":""},"categories":[131,232,227],"tags":[228,164,229,230],"class_list":["post-2057","post","type-post","status-publish","format-standard","hentry","category-artes-cultura","category-audiovisual","category-suplemento","tag-chile","tag-cine","tag-raul-ruiz","tag-television","entry"],"_links":{"self":[{"href":"https:\/\/www.ariadnatucma.com.ar\/index.php?rest_route=\/wp\/v2\/posts\/2057","targetHints":{"allow":["GET"]}}],"collection":[{"href":"https:\/\/www.ariadnatucma.com.ar\/index.php?rest_route=\/wp\/v2\/posts"}],"about":[{"href":"https:\/\/www.ariadnatucma.com.ar\/index.php?rest_route=\/wp\/v2\/types\/post"}],"author":[{"embeddable":true,"href":"https:\/\/www.ariadnatucma.com.ar\/index.php?rest_route=\/wp\/v2\/users\/58"}],"replies":[{"embeddable":true,"href":"https:\/\/www.ariadnatucma.com.ar\/index.php?rest_route=%2Fwp%2Fv2%2Fcomments&post=2057"}],"version-history":[{"count":14,"href":"https:\/\/www.ariadnatucma.com.ar\/index.php?rest_route=\/wp\/v2\/posts\/2057\/revisions"}],"predecessor-version":[{"id":2461,"href":"https:\/\/www.ariadnatucma.com.ar\/index.php?rest_route=\/wp\/v2\/posts\/2057\/revisions\/2461"}],"wp:attachment":[{"href":"https:\/\/www.ariadnatucma.com.ar\/index.php?rest_route=%2Fwp%2Fv2%2Fmedia&parent=2057"}],"wp:term":[{"taxonomy":"category","embeddable":true,"href":"https:\/\/www.ariadnatucma.com.ar\/index.php?rest_route=%2Fwp%2Fv2%2Fcategories&post=2057"},{"taxonomy":"post_tag","embeddable":true,"href":"https:\/\/www.ariadnatucma.com.ar\/index.php?rest_route=%2Fwp%2Fv2%2Ftags&post=2057"}],"curies":[{"name":"wp","href":"https:\/\/api.w.org\/{rel}","templated":true}]}}