{"id":2030,"date":"2007-09-17T19:59:22","date_gmt":"2007-09-17T22:59:22","guid":{"rendered":"http:\/\/www.ariadnatucma.com.ar\/?p=2030"},"modified":"2013-06-24T15:09:44","modified_gmt":"2013-06-24T18:09:44","slug":"asamblea-constituyente-y-economia-constituciones-en-ecuador","status":"publish","type":"post","link":"https:\/\/www.ariadnatucma.com.ar\/?p=2030","title":{"rendered":"\u00abAsamblea Constituyente y Econom\u00eda. Constituciones en Ecuador\u00bb."},"content":{"rendered":"<h3 style=\"text-align: justify;\">Juan J. Paz y Mi\u00f1o Cepeda (editor), Pablo D\u00e1valos Aguilar, Carlos de la Torre Mu\u00f1oz<\/h3>\n<p style=\"text-align: justify;\"><img loading=\"lazy\" decoding=\"async\" class=\"alignright\" title=\"libro-asamblea Juan Paz y Mino\" src=\"http:\/\/adhilac.com.ar\/wp-content\/uploads\/2010\/06\/libro-asamblea-Juan-Paz-y-Mino.jpg\" alt=\"libro-asamblea Juan Paz y Mino\" width=\"215\" height=\"323\" \/><br \/>\n<strong> <\/strong><\/p>\n<p style=\"text-align: justify;\"><strong>Contenidos:<\/strong><\/p>\n<p style=\"text-align: justify;\">Juan J. Paz y Mi\u00f1o Cepeda, \u00abConstituyentes, Constituciones y Econom\u00eda\u00bb. Un examen cr\u00edtico-hist\u00f3rico de las 18 Constituciones Ecuatorianas de los siglos XIX y XX.<\/p>\n<p style=\"text-align: justify;\">&nbsp;<\/p>\n<p style=\"text-align: justify;\">\nPablo D\u00e1valos Aguilar, \u00abEconom\u00eda Pol\u00edtica de la Asamblea Constituyente\u00bb. An\u00e1lisis sobre la econom\u00eda, la pol\u00edtica, el papel de las clases medias y los desaf\u00edos de la Asamblea Constituyente.<\/p>\n<p style=\"text-align: justify;\">&nbsp;<\/p>\n<p style=\"text-align: justify;\">Carlos de la Torre Mu\u00f1oz, \u00abLos Fundamentos Econ\u00f3micos en la Nueva Constituci\u00f3n\u00bb. Discusi\u00f3n sobre el \u00abmodelo econ\u00f3mico\u00bb y su inclusi\u00f3n constitucional.<!--more--><\/p>\n<p style=\"text-align: justify;\"><em>Ariadna Tucma Revista Latinoamericana. Vol. 1 a 4. 2006-2009<\/em><\/p>\n<p style=\"text-align: justify;\"><em><br \/>\n<\/em><\/p>\n<p style=\"text-align: justify;\"><em> <\/em><strong>Publicado por \u00a9www.ariadnatucma.com.ar<\/strong><\/p>\n<p style=\"text-align: justify;\">&nbsp;<\/p>\n<p style=\"text-align: justify;\">info@ariadnatucma.com.ar<\/p>\n<p style=\"text-align: justify;\">&nbsp;<\/p>\n","protected":false},"excerpt":{"rendered":"<p>Juan J. Paz y Mi\u00f1o Cepeda (editor), Pablo D\u00e1valos Aguilar, Carlos de la Torre Mu\u00f1oz Contenidos: Juan J. Paz y Mi\u00f1o Cepeda, \u00abConstituyentes, Constituciones y Econom\u00eda\u00bb. Un examen cr\u00edtico-hist\u00f3rico de las 18 Constituciones Ecuatorianas de los siglos XIX y XX. &nbsp; Pablo D\u00e1valos Aguilar, \u00abEconom\u00eda Pol\u00edtica de la Asamblea Constituyente\u00bb. An\u00e1lisis sobre la econom\u00eda, la &hellip; <\/p>\n<p class=\"link-more\"><a href=\"https:\/\/www.ariadnatucma.com.ar\/?p=2030\" class=\"more-link\">Seguir leyendo<span class=\"screen-reader-text\"> \u00ab\u00abAsamblea Constituyente y Econom\u00eda. Constituciones en Ecuador\u00bb.\u00bb<\/span><\/a><\/p>\n","protected":false},"author":21,"featured_media":0,"comment_status":"closed","ping_status":"closed","sticky":false,"template":"","format":"standard","meta":{"footnotes":""},"categories":[57,174,227],"tags":[223,224,84],"class_list":["post-2030","post","type-post","status-publish","format-standard","hentry","category-ciencias-sociales","category-publicaciones","category-suplemento","tag-asamblea-constituyente","tag-constitucion","tag-ecuador","entry"],"_links":{"self":[{"href":"https:\/\/www.ariadnatucma.com.ar\/index.php?rest_route=\/wp\/v2\/posts\/2030","targetHints":{"allow":["GET"]}}],"collection":[{"href":"https:\/\/www.ariadnatucma.com.ar\/index.php?rest_route=\/wp\/v2\/posts"}],"about":[{"href":"https:\/\/www.ariadnatucma.com.ar\/index.php?rest_route=\/wp\/v2\/types\/post"}],"author":[{"embeddable":true,"href":"https:\/\/www.ariadnatucma.com.ar\/index.php?rest_route=\/wp\/v2\/users\/21"}],"replies":[{"embeddable":true,"href":"https:\/\/www.ariadnatucma.com.ar\/index.php?rest_route=%2Fwp%2Fv2%2Fcomments&post=2030"}],"version-history":[{"count":6,"href":"https:\/\/www.ariadnatucma.com.ar\/index.php?rest_route=\/wp\/v2\/posts\/2030\/revisions"}],"predecessor-version":[{"id":3877,"href":"https:\/\/www.ariadnatucma.com.ar\/index.php?rest_route=\/wp\/v2\/posts\/2030\/revisions\/3877"}],"wp:attachment":[{"href":"https:\/\/www.ariadnatucma.com.ar\/index.php?rest_route=%2Fwp%2Fv2%2Fmedia&parent=2030"}],"wp:term":[{"taxonomy":"category","embeddable":true,"href":"https:\/\/www.ariadnatucma.com.ar\/index.php?rest_route=%2Fwp%2Fv2%2Fcategories&post=2030"},{"taxonomy":"post_tag","embeddable":true,"href":"https:\/\/www.ariadnatucma.com.ar\/index.php?rest_route=%2Fwp%2Fv2%2Ftags&post=2030"}],"curies":[{"name":"wp","href":"https:\/\/api.w.org\/{rel}","templated":true}]}}