{"id":1961,"date":"2007-08-17T12:04:55","date_gmt":"2007-08-17T15:04:55","guid":{"rendered":"http:\/\/www.ariadnatucma.com.ar\/?p=1961"},"modified":"2013-06-24T15:09:00","modified_gmt":"2013-06-24T18:09:00","slug":"carlos-oliva-campos","status":"publish","type":"post","link":"https:\/\/www.ariadnatucma.com.ar\/?p=1961","title":{"rendered":"Carlos Oliva Campos"},"content":{"rendered":"<p>&nbsp;<\/p>\n<p>Carlos Oliva Campos es Profesor de Historia y Filosof\u00eda de la Universidad de La Habana.<\/p>\n<p style=\"text-align: justify;\">Fue el director ejecutivo de la Asociaci\u00f3n de Nuestra Am\u00e9rica (AUNA) en La Habana, Cuba, y ex investigador asociado del Centro para el Estudio de los Estados Unidos en la Universidad de La Habana.<\/p>\n<p style=\"text-align: justify;\"><a href=\"http:\/\/www.ariadnatucma.com.ar\/wp-content\/uploads\/2011\/08\/Carlos-Oliva-Campos.jpg\"><img loading=\"lazy\" decoding=\"async\" class=\"alignright size-full wp-image-1962\" title=\"Carlos Oliva Campos\" src=\"http:\/\/www.ariadnatucma.com.ar\/wp-content\/uploads\/2011\/08\/Carlos-Oliva-Campos.jpg\" alt=\"\" width=\"230\" height=\"274\" srcset=\"https:\/\/www.ariadnatucma.com.ar\/wp-content\/uploads\/2011\/08\/Carlos-Oliva-Campos.jpg 412w, https:\/\/www.ariadnatucma.com.ar\/wp-content\/uploads\/2011\/08\/Carlos-Oliva-Campos-252x300.jpg 252w\" sizes=\"auto, (max-width: 230px) 100vw, 230px\" \/><\/a>Tiene numerosas publicaciones. Se destacan<\/p>\n<p style=\"text-align: justify;\"><em>La Situaci\u00f3n Actual en Cuba: Desaf\u00edos y Alternativas<\/em>,<\/p>\n<p style=\"text-align: justify;\"><em> Relaciones Internacionales en Am\u00e9rica Central y El Caribe DURANTE Los A\u00f1os 80<\/em>.<\/p>\n<p style=\"text-align: justify;\"><em>Historia y perspectiva de la integraci\u00f3n de Latinoam\u00e9rica <\/em>(coordinador).<!--more--><\/p>\n<p style=\"text-align: justify;\">&nbsp;<\/p>\n<p><em>Ariadna Tucma Revista Latinoamericana. Vol. 1 a 4. 2006-2009<\/em><\/p>\n<p><em><br \/>\n<\/em><\/p>\n<p><em> <\/em><strong>Publicado por \u00a9www.ariadnatucma.com.ar<\/strong><\/p>\n<p>&nbsp;<\/p>\n<p>info@ariadnatucma.com.ar<\/p>\n<p>&nbsp;<\/p>\n","protected":false},"excerpt":{"rendered":"<p>&nbsp; Carlos Oliva Campos es Profesor de Historia y Filosof\u00eda de la Universidad de La Habana. Fue el director ejecutivo de la Asociaci\u00f3n de Nuestra Am\u00e9rica (AUNA) en La Habana, Cuba, y ex investigador asociado del Centro para el Estudio de los Estados Unidos en la Universidad de La Habana. Tiene numerosas publicaciones. Se destacan &hellip; <\/p>\n<p class=\"link-more\"><a href=\"https:\/\/www.ariadnatucma.com.ar\/?p=1961\" class=\"more-link\">Seguir leyendo<span class=\"screen-reader-text\"> \u00abCarlos Oliva Campos\u00bb<\/span><\/a><\/p>\n","protected":false},"author":58,"featured_media":0,"comment_status":"closed","ping_status":"closed","sticky":false,"template":"","format":"standard","meta":{"footnotes":""},"categories":[57],"tags":[222],"class_list":["post-1961","post","type-post","status-publish","format-standard","hentry","category-ciencias-sociales","tag-curriculum-vitae","entry"],"_links":{"self":[{"href":"https:\/\/www.ariadnatucma.com.ar\/index.php?rest_route=\/wp\/v2\/posts\/1961","targetHints":{"allow":["GET"]}}],"collection":[{"href":"https:\/\/www.ariadnatucma.com.ar\/index.php?rest_route=\/wp\/v2\/posts"}],"about":[{"href":"https:\/\/www.ariadnatucma.com.ar\/index.php?rest_route=\/wp\/v2\/types\/post"}],"author":[{"embeddable":true,"href":"https:\/\/www.ariadnatucma.com.ar\/index.php?rest_route=\/wp\/v2\/users\/58"}],"replies":[{"embeddable":true,"href":"https:\/\/www.ariadnatucma.com.ar\/index.php?rest_route=%2Fwp%2Fv2%2Fcomments&post=1961"}],"version-history":[{"count":9,"href":"https:\/\/www.ariadnatucma.com.ar\/index.php?rest_route=\/wp\/v2\/posts\/1961\/revisions"}],"predecessor-version":[{"id":3859,"href":"https:\/\/www.ariadnatucma.com.ar\/index.php?rest_route=\/wp\/v2\/posts\/1961\/revisions\/3859"}],"wp:attachment":[{"href":"https:\/\/www.ariadnatucma.com.ar\/index.php?rest_route=%2Fwp%2Fv2%2Fmedia&parent=1961"}],"wp:term":[{"taxonomy":"category","embeddable":true,"href":"https:\/\/www.ariadnatucma.com.ar\/index.php?rest_route=%2Fwp%2Fv2%2Fcategories&post=1961"},{"taxonomy":"post_tag","embeddable":true,"href":"https:\/\/www.ariadnatucma.com.ar\/index.php?rest_route=%2Fwp%2Fv2%2Ftags&post=1961"}],"curies":[{"name":"wp","href":"https:\/\/api.w.org\/{rel}","templated":true}]}}