{"id":1831,"date":"2011-06-15T11:08:11","date_gmt":"2011-06-15T14:08:11","guid":{"rendered":"http:\/\/www.ariadnatucma.com.ar\/?p=1831"},"modified":"2012-07-30T06:05:03","modified_gmt":"2012-07-30T09:05:03","slug":"ii-congreso-internacional-sobre-la-independencia-y-revolucion-en-america-latina-y-el-caribe-siglos-xix-%e2%80%93-xxi-14-16-de-octubre-de-2011-univ-chapingo-adhilac-mexico","status":"publish","type":"post","link":"https:\/\/www.ariadnatucma.com.ar\/?p=1831","title":{"rendered":"II Congreso Internacional sobre la Independencia y Revoluci\u00f3n en Am\u00e9rica Latina y el Caribe, Siglos XIX \u2013 XXI. 14-16 de octubre de 2011.Univ. Chapingo. ADHILAC  M\u00e9xico"},"content":{"rendered":"<h3>PRIMERA CIRCULAR<\/h3>\n<p><a href=\"http:\/\/adhilac.com.ar\/wp-content\/uploads\/2011\/07\/Cong-Chapingo02.jpg\"><img loading=\"lazy\" decoding=\"async\" class=\"alignright\" title=\"Cong Chapingo02\" src=\"http:\/\/adhilac.com.ar\/wp-content\/uploads\/2011\/07\/Cong-Chapingo02-231x300.jpg\" alt=\"\" width=\"231\" height=\"300\" \/><\/a><\/p>\n<p style=\"text-align: justify;\">Asociaci\u00f3n de Historiadores Latinoamericanos y del Caribe\u00a0(ADHILAC)<br \/>\nADHILAC \u00a0&#8211; \u00a0Grupo de trabajo de\u00a0M\u00e9xico<br \/>\nUniversidad\u00a0Aut\u00f3noma\u00a0de Chapingo<br \/>\nUniversidad\u00a0Aut\u00f3noma de Guerrero<br \/>\nAcademia de Historia Regional de Texcoco<\/p>\n<p style=\"text-align: justify;\">Convocan al<\/p>\n<p style=\"text-align: justify;\"><strong>\u201cII Congreso Internacional sobre Reflexiones Cr\u00edticas de la Independencia y de la Revoluci\u00f3n: Luchas Revolucionarias en Am\u00e9rica Latina y el Caribe, Siglos XIX \u2013 XXI\u201d<\/strong><\/p>\n<p style=\"text-align: justify;\"><strong>ANTECEDENTES<\/strong><\/p>\n<p style=\"text-align: justify;\">Con motivo de los festejos del Bicentenario de la lucha de Independencia de M\u00e9xico y el Centenario de la Revoluci\u00f3n Mexicana,<\/p>\n<p style=\"text-align: justify;\"><img decoding=\"async\" title=\"More...\" src=\"http:\/\/adhilac.com.ar\/wp-includes\/js\/tinymce\/plugins\/wordpress\/img\/trans.gif\" alt=\"\" \/><!--more--><\/p>\n<p style=\"text-align: justify;\">la administraci\u00f3n del presidente de la Rep\u00fablica Felipe Calder\u00f3n Hinojosa, organiz\u00f3 y promovi\u00f3 eventos que en general difundieron una historia anecd\u00f3tica, vac\u00eda de contenido, carente de cr\u00edtica en cuanto al hecho hist\u00f3rico, y alejada totalmente del sentido social que sus iniciadores le imprimieron a su lucha. La historia oficial perme\u00f3 en los eventos realizados por tales motivos.\u00a0En contraposici\u00f3n a la idea oficial de la historia, profesores y alumnos del Colegio de Historia de la Universidad de Guerrero, siguiendo la interpretaci\u00f3n materialista de la Historia, organizaron del 7 al 9 de septiembre del a\u00f1o 2010, el I Congreso Internacional, Reflexiones Cr\u00edticas sobre la Independencia y la Revoluci\u00f3n en M\u00e9xico, Am\u00e9rica Latina y el Caribe.<\/p>\n<p style=\"text-align: justify;\">En dicho evento se establecieron 6 Mesas de Trabajo. Se presentaron 7 conferencias Magistrales, 40 ponencias inscritas en el Programa, y un n\u00famero importante de ponencias no registradas en tiempo y forma.<\/p>\n<p style=\"text-align: justify;\">En total asistieron investigadores de tres pa\u00edses (ULS BOGOT\u00c1 \u2013 COL, UC. ANDR\u00c9S BELLO VEN., UL\/UD FRANCISCO JOS\u00c8 DE CALDAS \u2013 COL), y de once instituciones de M\u00e9xico (UAG, UNAM, INSTITUTO DE INVESTIGACIONES DR. JOS\u00c9 MAR\u00cdA LUIS MORA, CBTA 40 DE VILLA JU\u00c1REZ, AGUASCALIENTES, UAM- I, UAM-A, PALABRA CL\u00cdO A.C., BUAP, IEMS DEL D. F., PCM \u2013ML, y la UACH.<\/p>\n<p style=\"text-align: justify;\">Adem\u00e1s de la asistencia de los ponentes y organizadores, estuvieron presentes un importante n\u00famero de alumnos de la Licenciatura de Historia de la UAG, lo que naturalmente motiv\u00f3 a debatir sobre los temas expuestos. Ya en la Clausura del evento, se llev\u00f3 a efecto un balance de las actividades realizadas, y se acord\u00f3 que en el II Congreso Internacional de Historia, se trabajaran las luchas revolucionarias en Am\u00e9rica Latina y el Caribe, siglo XIX, XX y XXI, y la cede del II Congreso fuera en la Universidad Aut\u00f3noma Chapingo.<\/p>\n<p style=\"text-align: justify;\"><a href=\"http:\/\/adhilac.com.ar\/wp-content\/uploads\/2011\/07\/Cong-Chapingo.jpg\"><img loading=\"lazy\" decoding=\"async\" title=\"Cong Chapingo\" src=\"http:\/\/adhilac.com.ar\/wp-content\/uploads\/2011\/07\/Cong-Chapingo-790x1024.jpg\" alt=\"\" width=\"420\" height=\"544\" \/><\/a><\/p>\n<p style=\"text-align: justify;\"><strong>Historia liberadora<\/strong><\/p>\n<p style=\"text-align: justify;\"><strong><br \/>\n<\/strong><\/p>\n<p style=\"text-align: justify;\">Conociendo los hechos y tendencias de la historia nacional y mundial, tendremos elementos fundamentales para discernir y optar por alternativas que nos permitan construir un futuro con mejores condiciones de vida. Pasado, presente y futuro est\u00e1n relacionados en una simbiosis dial\u00e9ctica, \u00fanica e indivisible. El pasado s\u00f3lo puede ser estudiado desde el presente, y \u00e9ste \u00fanicamente bajo el an\u00e1lisis de los tiempos recorridos. El mundo actual por tanto es la suma de todo el pasado; su conocimiento no implica que se pueda predecir el futuro de la humanidad, puesto que la historia est\u00e1 sujeta a sucesos imponderables y coyunturales que act\u00faan en el horizonte mundial en un momento determinado, modificando o alterando el rumbo de \u00e9sta.\u00a0La historia liberadora es una visi\u00f3n cr\u00edtica de ese pasado que verifica y actualiza la memoria de los pueblos colonizados, oprimidos y explotados por las potencias imperialistas. Aspira a ser una historia que lucha contra el olvido, actualizando demandas populares pendientes y denunciando injusticias cometidas por los poderosos. Los ponentes, presentaran una historia comprometida con las demandas sociales de justicia, democracia y libertad que marcaron al mundo desde el origen mismo de la explotaci\u00f3n del hombre por el hombre. Conceptos que implican que las personas sin distinci\u00f3n de credo, raza o g\u00e9nero tengan acceso al trabajo, la alimentaci\u00f3n, la salud, la educaci\u00f3n, la cultura, la vivienda y, en general, que tengamos el derecho a una vida digna. Considerando, lo expuesto, los objetivos que el II Congreso Internacional se propone desarrollar, son los siguientes:<\/p>\n<p style=\"text-align: justify;\"><strong>OBJETIVOS<\/strong><\/p>\n<p style=\"text-align: justify;\">Reflexionar sobre de la Historia comprometida y liberadora de los pueblos.\u00a0Aspirar a trascender la historia del \u00e1mbito acad\u00e9mico, para integrarla a la sociedad y restituir el conocimiento hist\u00f3rico a sus protagonistas.\u00a0Reflexionar la ciencia hist\u00f3rica como un continuo devenir, en el que el estudio del pasado explique el presente, para que a partir de este conocimiento podamos dise\u00f1ar nuestro futuro como pueblo.\u00a0Dando cumplimiento a los acuerdos del Congreso Internacional, Reflexiones Cr\u00edticas sobre la Independencia y la Revoluci\u00f3n en M\u00e9xico, Am\u00e9rica Latina y el Caribe, invitamos a los historiadores y a los interesados en el estudio de las luchas sociales a participar en la siguiente convocatoria:<\/p>\n<p style=\"text-align: justify;\">ASOCIACI\u00d3N DE HISTORIADORES LATINOAMERICANOS y DEL CARIBE (ADHILAC)<\/p>\n<p style=\"text-align: justify;\">UNIVERSIDAD AUT\u00d3NOMA CHAPINGO<\/p>\n<p style=\"text-align: justify;\">UNIVERSIDAD AUT\u00d3NOMA DE GUERREROACADEMIA DE HISTORIA REGIONAL DE TEXCOCO<\/p>\n<p style=\"text-align: justify;\"><strong>Convocan:<\/strong><\/p>\n<p style=\"text-align: justify;\">A historiadores e interesados en participar en el \u00a0II Congreso Internacional sobre \u00abReflexiones Cr\u00edticas de la Independencia y de la Revoluci\u00f3n: Luchas Revolucionarias en Am\u00e9rica Latina y el Caribe, Siglos XIX &#8211; XXI.\u00bb<\/p>\n<p style=\"text-align: justify;\"><strong>Fecha: 14 \u2014 16 de octubre de 2011.<\/strong><\/p>\n<p style=\"text-align: justify;\"><strong>Lugar: Universidad Aut\u00f3noma Chapingo, Texcoco, Estado de M\u00e9xico, M\u00e9xico<\/strong>.<\/p>\n<p style=\"text-align: justify;\">Con la siguiente tem\u00e1tica:<\/p>\n<p style=\"text-align: justify;\">&#8211; La independencia, historias inconclusas.<\/p>\n<p style=\"text-align: justify;\">&#8211; Revoluci\u00f3n y luchas sociales.<\/p>\n<p style=\"text-align: justify;\">&#8211; Nuevos m\u00e9todos y t\u00e9cnicas en la investigaci\u00f3n hist\u00f3rica<\/p>\n<p style=\"text-align: justify;\"><strong>Ponencias<\/strong>:<\/p>\n<p style=\"text-align: justify;\">\u00b7\tRecepci\u00f3n de trabajos a partir del 30 de mayo. Fecha l\u00edmite de entrega el 13 de septiembre.<\/p>\n<p style=\"text-align: justify;\">\u00b7\tLas ponencias deben elaborarse siguiendo las normas internacionales. Presentarlas en arial 12, a espacio y medio, y 12 p\u00e1ginas como m\u00e1ximo.<\/p>\n<p style=\"text-align: justify;\">\u00b7\tEn ponencias colectivas se aceptar\u00e1n s\u00f3lo a los dos primeros integrantes.<\/p>\n<p style=\"text-align: justify;\">\u00b7\tLas ponencias ser\u00e1n presentadas en plenarias y tendr\u00e1n una duraci\u00f3n de 15 minutos.<\/p>\n<p style=\"text-align: justify;\">\u00b7\tLos carteles deber\u00e1n ajustarse a las normas internacionales y tendr\u00e1n un espacio donde se exhibir\u00e1n y se presentar\u00e1n.<\/p>\n<p style=\"text-align: justify;\">\u00b7\tOportunamente se confirmar\u00e1 a los (as) autores (as) la aceptaci\u00f3n de sus trabajos.<\/p>\n<p style=\"text-align: justify;\">\u00b7\tPropuesta de nuevas mesas tem\u00e1ticas:\u00b7\tLos interesados deber\u00e1n enviar sus propuestas de Mesas de Trabajo del 30 de mayo al 30 de julio \u00a0de 2011.<\/p>\n<p style=\"text-align: justify;\">Cuotas de inscripci\u00f3n:<\/p>\n<p style=\"text-align: justify;\">Ponentes $ 800.00 (M\/N). (67.00 dlls.)<\/p>\n<p style=\"text-align: justify;\">Ponentes estudiantes $100.00 (M\/N).<\/p>\n<p style=\"text-align: justify;\">Asistentes en general: entrada gratuita, con derecho a Reconocimiento Acad\u00e9mico.<\/p>\n<p style=\"text-align: justify;\"><strong>Informes<\/strong>:<\/p>\n<p style=\"text-align: justify;\"><strong>ADHILAC \u00a0Grupo de Trabajo de M\u00e9xico.<\/strong><\/p>\n<p style=\"text-align: justify;\">Dr. Marco A. Anaya P\u00e9rez.<br \/>\n01(595)9521500: Ext. 5547.<br \/>\nCorreo: congreso_luchas_revolucionarias@yahoo.com<\/p>\n<p style=\"text-align: justify;\">&nbsp;<\/p>\n<p style=\"text-align: justify;\">Lic. Erwin Flores Contreras.<br \/>\nCorreo: congreso.libertad2010@gmail.com<\/p>\n<p style=\"text-align: justify;\">Dr. Arturo Lomas Maldonado.<br \/>\nCorreo: loma@xanum.uam.mx<\/p>\n<p style=\"text-align: justify;\">Dr. Miguel \u00c1ngel S\u00e1mano Rentar\u00eda.<br \/>\n01(595)9521500: Ext. 1626<br \/>\nCorreo: misamano@hotmail.com<\/p>\n<p style=\"text-align: justify;\">Dr. C\u00e9sar Adri\u00e1n Ram\u00edrez Miranda.<br \/>\n01(595)9521500: Ext. 5136, 5186<br \/>\nCorreo: cesarmr2001@yahoo.com.mx<\/p>\n<p style=\"text-align: justify;\">Fortunato \u00a0Mois\u00e9s Zurita<br \/>\nCorreo: \u00a0zafrazurit9@hotmail.com<\/p>\n<p style=\"text-align: justify;\">Prof. Alejandro Contla Carmona.<br \/>\n(01 595) 95 4 67 92 y (01 595) 95 4 59 63<br \/>\nCorreo: contla039@hotmail.com<\/p>\n<p style=\"text-align: justify;\">&nbsp;<\/p>\n<p style=\"text-align: justify;\">Si Ud. desea asociarse de acuerdo a los Estatutos de ADHILAC\u00a0<a title=\"(ver)\" href=\"http:\/\/adhilac.com.ar\/?page_id=263\">(ver)<\/a> complete el siguiente formulario\u00a0<a title=\"(ver)\" href=\"http:\/\/adhilac.com.ar\/?page_id=3194\">(ver)<\/a><\/p>\n<p style=\"text-align: justify;\">E-mail: info@adhilac.com.ar<strong> <\/strong><\/p>\n<p style=\"text-align: justify;\">Twitter: @AdhilacInfo<\/p>\n<p style=\"text-align: justify;\">&nbsp;<\/p>\n<p style=\"text-align: justify;\"><em>Ariadna Tucma Revista Latinoamericana.<\/em><em> <\/em><em>N\u00ba 6. Marzo 2011-Febrero 2012<\/em><\/p>\n<p style=\"text-align: justify;\">&nbsp;<\/p>\n<p style=\"text-align: justify;\"><strong>Publicado por \u00a9www.ariadnatucma.com.ar<\/strong><\/p>\n<p style=\"text-align: justify;\"><span style=\"color: #ffffff;\">\/<\/span><\/p>\n<p style=\"text-align: justify;\">Contacto: info@ariadnatucma.com.ar<\/p>\n","protected":false},"excerpt":{"rendered":"<p>PRIMERA CIRCULAR Asociaci\u00f3n de Historiadores Latinoamericanos y del Caribe\u00a0(ADHILAC) ADHILAC \u00a0&#8211; \u00a0Grupo de trabajo de\u00a0M\u00e9xico Universidad\u00a0Aut\u00f3noma\u00a0de Chapingo Universidad\u00a0Aut\u00f3noma de Guerrero Academia de Historia Regional de Texcoco Convocan al \u201cII Congreso Internacional sobre Reflexiones Cr\u00edticas de la Independencia y de la Revoluci\u00f3n: Luchas Revolucionarias en Am\u00e9rica Latina y el Caribe, Siglos XIX \u2013 XXI\u201d ANTECEDENTES Con &hellip; <\/p>\n<p class=\"link-more\"><a href=\"https:\/\/www.ariadnatucma.com.ar\/?p=1831\" class=\"more-link\">Seguir leyendo<span class=\"screen-reader-text\"> \u00abII Congreso Internacional sobre la Independencia y Revoluci\u00f3n en Am\u00e9rica Latina y el Caribe, Siglos XIX \u2013 XXI. 14-16 de octubre de 2011.Univ. Chapingo. ADHILAC  M\u00e9xico\u00bb<\/span><\/a><\/p>\n","protected":false},"author":34,"featured_media":0,"comment_status":"closed","ping_status":"closed","sticky":false,"template":"","format":"standard","meta":{"footnotes":""},"categories":[136,57,63,3],"tags":[151,210,184],"class_list":["post-1831","post","type-post","status-publish","format-standard","hentry","category-adhilac-internacional","category-ciencias-sociales","category-congresos-eventos","category-historia","tag-emancipacion-americana","tag-mexico","tag-revolucion-mexicana","entry"],"_links":{"self":[{"href":"https:\/\/www.ariadnatucma.com.ar\/index.php?rest_route=\/wp\/v2\/posts\/1831","targetHints":{"allow":["GET"]}}],"collection":[{"href":"https:\/\/www.ariadnatucma.com.ar\/index.php?rest_route=\/wp\/v2\/posts"}],"about":[{"href":"https:\/\/www.ariadnatucma.com.ar\/index.php?rest_route=\/wp\/v2\/types\/post"}],"author":[{"embeddable":true,"href":"https:\/\/www.ariadnatucma.com.ar\/index.php?rest_route=\/wp\/v2\/users\/34"}],"replies":[{"embeddable":true,"href":"https:\/\/www.ariadnatucma.com.ar\/index.php?rest_route=%2Fwp%2Fv2%2Fcomments&post=1831"}],"version-history":[{"count":7,"href":"https:\/\/www.ariadnatucma.com.ar\/index.php?rest_route=\/wp\/v2\/posts\/1831\/revisions"}],"predecessor-version":[{"id":2855,"href":"https:\/\/www.ariadnatucma.com.ar\/index.php?rest_route=\/wp\/v2\/posts\/1831\/revisions\/2855"}],"wp:attachment":[{"href":"https:\/\/www.ariadnatucma.com.ar\/index.php?rest_route=%2Fwp%2Fv2%2Fmedia&parent=1831"}],"wp:term":[{"taxonomy":"category","embeddable":true,"href":"https:\/\/www.ariadnatucma.com.ar\/index.php?rest_route=%2Fwp%2Fv2%2Fcategories&post=1831"},{"taxonomy":"post_tag","embeddable":true,"href":"https:\/\/www.ariadnatucma.com.ar\/index.php?rest_route=%2Fwp%2Fv2%2Ftags&post=1831"}],"curies":[{"name":"wp","href":"https:\/\/api.w.org\/{rel}","templated":true}]}}