{"id":1826,"date":"2011-10-03T17:54:17","date_gmt":"2011-10-03T20:54:17","guid":{"rendered":"http:\/\/www.ariadnatucma.com.ar\/?p=1826"},"modified":"2012-07-18T05:03:32","modified_gmt":"2012-07-18T08:03:32","slug":"taller-internacional-de-adhilac-en-paraguay-17-a-20-de-octubre-de-2011","status":"publish","type":"post","link":"https:\/\/www.ariadnatucma.com.ar\/?p=1826","title":{"rendered":"Taller Internacional de ADHILAC en Paraguay. 10 al 12 de octubre de 2011"},"content":{"rendered":"<h3 style=\"text-align: justify;\">PRIMERA CIRCULAR<\/h3>\n<p style=\"text-align: justify;\"><a href=\"http:\/\/adhilac.com.ar\/wp-content\/uploads\/2011\/06\/Logo-ADHILAC-Internacional.jpg\"><img loading=\"lazy\" decoding=\"async\" class=\"alignleft\" title=\"Logo-ADHILAC-Internacional\" src=\"http:\/\/adhilac.com.ar\/wp-content\/uploads\/2011\/06\/Logo-ADHILAC-Internacional.jpg\" alt=\"\" width=\"142\" height=\"223\" \/><\/a>ASOCIACI\u00d3N DE HISTORIADORES LATINOAMERICANOS y DEL CARIBE (ADHILAC)<\/p>\n<p style=\"text-align: justify;\">Convoca al\u00a0TALLER INTERNACIONAL<\/p>\n<p style=\"text-align: justify;\"><strong>\u201cLa formaci\u00f3n de los Estados latinoamericanos y su papel en la historia del continente\u201d<\/strong><\/p>\n<p style=\"text-align: justify;\">La Asociaci\u00f3n de Historiadores Latinoamericanos y del Caribe (ADHILAC), \u00a0convoca al TALLER INTERNACIONAL \u201cLa formaci\u00f3n de los Estados latinoamericanos y su papel en la historia del continente\u201d. Este evento internacional se desarrollar\u00e1 entre los d\u00edas 10 y 12 de octubre de 2011 \u00a0y tendr\u00e1 por sede la ciudad de Asunci\u00f3n, en la Rep\u00fablica de Paraguay, \u00a0en el a\u00f1o del bicentenario de su independencia<\/p>\n<p style=\"text-align: justify;\">El temario contempla las siguientes mesas de trabajo:<img decoding=\"async\" title=\"More...\" src=\"http:\/\/adhilac.com.ar\/wp-includes\/js\/tinymce\/plugins\/wordpress\/img\/trans.gif\" alt=\"\" \/><!--more--><\/p>\n<p style=\"text-align: justify;\">-Problemas te\u00f3ricos y metodol\u00f3gicos sobre el Estado en la historia de Am\u00e9rica Latina y el Caribe<\/p>\n<p style=\"text-align: justify;\">-Corrientes y tendencias historiogr\u00e1ficas acerca del Estado en \u00a0la historia comparada del continente<br \/>\n-La independencia y la \u00a0formaci\u00f3n de los Estados nacionales: su legado en la historia de Am\u00e9rica Latina y el Caribe<br \/>\n-Papel del Estado en la historia latinoamericana de los siglos XIX y XX<br \/>\n-Estado y econom\u00eda en la historia continental: intervenciones, regulaciones y nacionalizaciones<br \/>\n-El Estado paraguayo y su singularidad en la historia latinoamericana del siglo XIX<br \/>\n-Bicentenario del inicio del proceso independentista de Paraguay<br \/>\n-Repensar la historia del Paraguay: de la independencia a la Guerra de la Triple Alianza y su repercusi\u00f3n continental.<br \/>\n-Antecedentes hist\u00f3ricos de la formaci\u00f3n estatal latinoamericana y caribe\u00f1a<br \/>\n-Ciudadan\u00eda pol\u00edtica, inclusi\u00f3n social, Estados olig\u00e1rquicos, fallidos, populares y plurinacionales en Am\u00e9rica Latina y el Caribe: los retos hist\u00f3ricos<br \/>\n-Fronteras, conflictos y guerras fratricidas en la historia latinoamericana y caribe\u00f1a<br \/>\n-Los estados y su papel en la integraci\u00f3n latinoamericana y caribe\u00f1a.<br \/>\n-El imaginario del Estado latinoamericano<br \/>\n&#8211;Pueblos, etnias, clases, elites y Estados en la historia continental.<br \/>\n-El \u00a0problema de la dependencia y la soberan\u00eda en la historia latinoamericana.<br \/>\n-Los escenarios regionales en lo formaci\u00f3n estatal latinoamericana y caribe\u00f1a.<br \/>\n-Movilidad social y construcciones institucionales: consideraciones en torno al saldo hist\u00f3rico de los estados latinoamericanos y caribe\u00f1os.<br \/>\n-Independencia y formaci\u00f3n estatal en Am\u00e9rica Latina y el Caribe a prop\u00f3sito del bicentenario .Su repercusi\u00f3n en el presente.<br \/>\n-La ense\u00f1anza de la historia de Am\u00e9rica Latina y el Caribe: valores aut\u00f3ctonos y formaci\u00f3n patri\u00f3tica<br \/>\n-La recuperaci\u00f3n de la memoria de las luchas revolucionarias y por su soberan\u00eda de los pa\u00edses latinoamericanos: diversas expresiones<br \/>\n-Estudios de g\u00e9nero en la historiograf\u00eda latinoamericana y caribe\u00f1a sobre la independencia y la historia de los Estados \u00a0de Am\u00e9rica Latina y el Caribe.<br \/>\n-Vida cotidiana, mentalidades, identidad y diversidad y su reflejo en los Estados latinoamericanos y caribe\u00f1os<br \/>\n-Relaciones hist\u00f3ricas de los estados de Am\u00e9rica Latina y el Caribe con las grandes potencias extrarregionales.<\/p>\n<p style=\"text-align: justify;\">&nbsp;<\/p>\n<p style=\"text-align: justify;\"><a href=\"http:\/\/adhilac.com.ar\/wp-content\/uploads\/2010\/03\/En-Mburuvich\u00e1-Roga-Residencia-Presidencial.jpg\"><img loading=\"lazy\" decoding=\"async\" title=\"En Mburuvich\u00e1  Roga Residencia Presidencial\" src=\"http:\/\/adhilac.com.ar\/wp-content\/uploads\/2010\/03\/En-Mburuvich\u00e1-Roga-Residencia-Presidencial-1024x768.jpg\" alt=\"\" width=\"600\" height=\"450\" \/><\/a><\/p>\n<p style=\"text-align: justify;\"><em>En marzo de 2011 el Presidente de Paraguay, Fernando Lugo apoy\u00f3 la realizaci\u00f3n del Taller Internacional en una reuni\u00f3n en la Residencia Presidencial Mburuvich\u00e1 Roga con los Domingo Laino, presidente del Comite Organizador paraguayo, \u00a0Sergio Guerra Vilaboy, Sergio Guerra Vilaboy y el prestigioso historiador norteamericano Richard Allan White.<\/em><\/p>\n<p style=\"text-align: justify;\">Para formalizar su inscripci\u00f3n, los interesados deber\u00e1n enviar por e. mail, antes del 15 de septiembre de 2011, un breve resumen de su ponencia, de uno o dos p\u00e1rrafos de extensi\u00f3n en formato electr\u00f3nico, a los organizadores del taller.<\/p>\n<p style=\"text-align: justify;\">&nbsp;<\/p>\n<p style=\"text-align: justify;\">La cuota de inscripci\u00f3n para los ponentes ser\u00e1 de 50.00 u.s.d., \u00a030 u.s.d. para los participantes y para los estudiantes regir\u00e1 una tarifa especial de 25.00 u.s.d., as\u00ed como para los ponentes paraguayos. La acreditaci\u00f3n, tanto de ponentes como de todos los participantes se podr\u00e1 hacer efectiva hasta el inicio del propio evento.<\/p>\n<p style=\"text-align: justify;\">&nbsp;<\/p>\n<p style=\"text-align: justify;\">Durante el Taller los ponentes deber\u00e1n entregar en forma impresa y electr\u00f3nica el texto \u00edntegro de sus trabajos, el cual no deber\u00e1 exceder de 10 p\u00e1ginas, pues los ponentes solo dispondr\u00e1n de 15 minutos para la presentaci\u00f3n de sus trabajos. El evento sesionar\u00e1 con mesas de trabajo organizadas por afinidad tem\u00e1tica.<\/p>\n<p style=\"text-align: justify;\">&nbsp;<\/p>\n<p style=\"text-align: justify;\">Para cualquier informaci\u00f3n adicional puede comunicarse con los coordinadores del coloquio:<\/p>\n<p style=\"text-align: justify;\">Dr. Sergio Guerra Vilaboy (serguev@ffh.uh.cu), Presidente de la ADHILAC<\/p>\n<p style=\"text-align: justify;\">Jorge El\u00edas Caro, Secretario Ejecutivo de la ADHILAC (joelcar1@hotmail.com)<\/p>\n<p style=\"text-align: justify;\">Dr. Domingo Laino, Presidente del Comit\u00e9 Organizador del Taller en la Rep\u00fablica de Paraguay (laino@rieder.net.py)<\/p>\n<p style=\"text-align: justify;\">&nbsp;<\/p>\n<p style=\"text-align: justify;\">Si Ud. desea asociarse de acuerdo a los Estatutos de ADHILAC\u00a0<a title=\"(ver)\" href=\"http:\/\/adhilac.com.ar\/?page_id=263\">(ver)<\/a> complete el siguiente formulario\u00a0<a title=\"(ver)\" href=\"http:\/\/adhilac.com.ar\/?page_id=3194\">(ver)<\/a><\/p>\n<p style=\"text-align: justify;\">E-mail: info@adhilac.com.ar<strong> <\/strong><\/p>\n<p style=\"text-align: justify;\">Twitter: @AdhilacInfo<\/p>\n<p style=\"text-align: justify;\"><span style=\"color: #ffffff;\">\/<\/span><\/p>\n<p style=\"text-align: justify;\"><em><em>Ariadna Tucma Revista Latinoamericana.<\/em><\/em><\/p>\n<p style=\"text-align: justify;\"><em><em>Suplemento <em>N\u00ba<\/em> 6. Marzo 2011-Febrero 2012<\/em><\/em><\/p>\n<p style=\"text-align: justify;\">&nbsp;<\/p>\n<p style=\"text-align: justify;\"><strong>Publicado por \u00a9www.ariadnatucma.com.ar<\/strong><\/p>\n<p style=\"text-align: justify;\">Contacto: info@ariadnatucma.com.ar<\/p>\n","protected":false},"excerpt":{"rendered":"<p>PRIMERA CIRCULAR ASOCIACI\u00d3N DE HISTORIADORES LATINOAMERICANOS y DEL CARIBE (ADHILAC) Convoca al\u00a0TALLER INTERNACIONAL \u201cLa formaci\u00f3n de los Estados latinoamericanos y su papel en la historia del continente\u201d La Asociaci\u00f3n de Historiadores Latinoamericanos y del Caribe (ADHILAC), \u00a0convoca al TALLER INTERNACIONAL \u201cLa formaci\u00f3n de los Estados latinoamericanos y su papel en la historia del continente\u201d. Este &hellip; <\/p>\n<p class=\"link-more\"><a href=\"https:\/\/www.ariadnatucma.com.ar\/?p=1826\" class=\"more-link\">Seguir leyendo<span class=\"screen-reader-text\"> \u00abTaller Internacional de ADHILAC en Paraguay. 10 al 12 de octubre de 2011\u00bb<\/span><\/a><\/p>\n","protected":false},"author":34,"featured_media":0,"comment_status":"closed","ping_status":"closed","sticky":false,"template":"","format":"standard","meta":{"footnotes":""},"categories":[136,57,63,3,227],"tags":[208,38,209],"class_list":["post-1826","post","type-post","status-publish","format-standard","hentry","category-adhilac-internacional","category-ciencias-sociales","category-congresos-eventos","category-historia","category-suplemento","tag-estados","tag-historia-de-america-latina","tag-paraguay","entry"],"_links":{"self":[{"href":"https:\/\/www.ariadnatucma.com.ar\/index.php?rest_route=\/wp\/v2\/posts\/1826","targetHints":{"allow":["GET"]}}],"collection":[{"href":"https:\/\/www.ariadnatucma.com.ar\/index.php?rest_route=\/wp\/v2\/posts"}],"about":[{"href":"https:\/\/www.ariadnatucma.com.ar\/index.php?rest_route=\/wp\/v2\/types\/post"}],"author":[{"embeddable":true,"href":"https:\/\/www.ariadnatucma.com.ar\/index.php?rest_route=\/wp\/v2\/users\/34"}],"replies":[{"embeddable":true,"href":"https:\/\/www.ariadnatucma.com.ar\/index.php?rest_route=%2Fwp%2Fv2%2Fcomments&post=1826"}],"version-history":[{"count":11,"href":"https:\/\/www.ariadnatucma.com.ar\/index.php?rest_route=\/wp\/v2\/posts\/1826\/revisions"}],"predecessor-version":[{"id":2445,"href":"https:\/\/www.ariadnatucma.com.ar\/index.php?rest_route=\/wp\/v2\/posts\/1826\/revisions\/2445"}],"wp:attachment":[{"href":"https:\/\/www.ariadnatucma.com.ar\/index.php?rest_route=%2Fwp%2Fv2%2Fmedia&parent=1826"}],"wp:term":[{"taxonomy":"category","embeddable":true,"href":"https:\/\/www.ariadnatucma.com.ar\/index.php?rest_route=%2Fwp%2Fv2%2Fcategories&post=1826"},{"taxonomy":"post_tag","embeddable":true,"href":"https:\/\/www.ariadnatucma.com.ar\/index.php?rest_route=%2Fwp%2Fv2%2Ftags&post=1826"}],"curies":[{"name":"wp","href":"https:\/\/api.w.org\/{rel}","templated":true}]}}