{"id":1794,"date":"2011-05-25T06:01:04","date_gmt":"2011-05-25T09:01:04","guid":{"rendered":"http:\/\/www.ariadnatucma.com.ar\/?p=1794"},"modified":"2012-07-30T07:21:22","modified_gmt":"2012-07-30T10:21:22","slug":"antonio-berni-en-el-museo-nacional-de-bellas-artes-de-buenos-aires","status":"publish","type":"post","link":"https:\/\/www.ariadnatucma.com.ar\/?p=1794","title":{"rendered":"Antonio Berni en el Museo Nacional de Bellas Artes de Buenos Aires"},"content":{"rendered":"<h3>Se incorpora otra obra del gran artista pl\u00e1stico argentino<\/h3>\n<p><a href=\"http:\/\/www.ariadnatucma.com.ar\/wp-content\/uploads\/2011\/05\/BerniPesadillaInjustos.jpg\"><img loading=\"lazy\" decoding=\"async\" class=\"alignleft size-full wp-image-1795\" title=\"BerniPesadillaInjustos\" src=\"http:\/\/www.ariadnatucma.com.ar\/wp-content\/uploads\/2011\/05\/BerniPesadillaInjustos.jpg\" alt=\"\" width=\"360\" height=\"230\" srcset=\"https:\/\/www.ariadnatucma.com.ar\/wp-content\/uploads\/2011\/05\/BerniPesadillaInjustos.jpg 360w, https:\/\/www.ariadnatucma.com.ar\/wp-content\/uploads\/2011\/05\/BerniPesadillaInjustos-300x191.jpg 300w\" sizes=\"auto, (max-width: 360px) 100vw, 360px\" \/><\/a><\/p>\n<p><em> <\/em><\/p>\n<p style=\"text-align: justify;\"><em>Izq.\u00bbPesadilla de los injustos\u00bb Der. \u00abJuanito Laguna aprende a leer\u00bb<\/em><\/p>\n<p style=\"text-align: justify;\"><em>Realizadas en 1961 por Antonio Berni<\/em><\/p>\n<p style=\"text-align: justify;\">Ciudad de Buenos Aires. Argentina.<\/p>\n<p style=\"text-align: justify;\"><span style=\"color: #ffffff;\">\/<\/span><\/p>\n<p style=\"text-align: justify;\">La obra de Antonio Berni\u00a0<em>Pesadilla de los  injustos<\/em> o <em>La conspiraci\u00f3n del mundo de Juanito Laguna trastorna el  sue\u00f1o de los injustos<\/em> se incorpor\u00f3 a la colecci\u00f3n del Museo Nacional de  Bellas Artes.<!--more--><br \/>\n<span style=\"color: #ffffff;\">\/<\/span><\/p>\n<p style=\"text-align: justify;\">La obra, realizada por Antonio Berni en 1961, es  una obra clave en el comienzo de la serie narrativa de Juanito Laguna,  como tal fue expuesta en la Galer\u00eda Witcomb. Es una pintura  extraordinaria tanto por su calidad, su importancia hist\u00f3rica, sus  dimensiones museogr\u00e1ficas (d\u00edptico de 300&#215;403 cm.), su riqueza  iconogr\u00e1fica, que la ha convertido en una obra emblem\u00e1tica en la  producci\u00f3n del artista.<br \/>\n<span style=\"color: #ffffff;\">\/<\/span><br \/>\nSu inclusi\u00f3n en la colecci\u00f3n potenciar\u00e1  el patrimonio de las restantes obras de los a\u00f1os sesenta, al entablar un  di\u00e1logo con obras de artistas informalistas y de la otra figuraci\u00f3n, y  complementa a <em>Juanito Laguna aprende a leer<\/em>. De este modo, el MNBA  puede se\u00f1alar la vertiente narrativa, pol\u00edtica y social de esta serie,  conjuntamente con su l\u00ednea de \u201cmonstruos\u201d.<br \/>\n<span style=\"color: #ffffff;\">\/<\/span><br \/>\nCon la exhibici\u00f3n  \u201cBerni en el tema de Juanito Laguna\u201d realizada en Witcomb, del 6 al 18  de noviembre de 1961, es presentado con tres \u00f3leos y nueve  \u00f3leos-collages el relato del ni\u00f1o habitante de una villa miseria que  proseguir\u00e1, hasta 1978.<br \/>\n<span style=\"color: #ffffff;\">\/<\/span><br \/>\nEn la serie, Antonio Berni, muestra donde  vive <em>Juanito Laguna<\/em>: en una villa miseria del Bajo de Flores. Parte de  esa zona integraba el \u201cba\u00f1ado de Flores\u201d y durante mucho tiempo  funcionaron vaciaderos de basura, donde algunas  personas hurgaban entre  los desperdicios en busca de materiales para revender. Hacia 1958 y  1959 Berni toma fotos y apuntes de las villas miseria del Bajo de Flores  y de otros sitios de la Capital y del Gran Buenos Aires. Justamente con  los materiales que tenia all\u00ed a su alcance combin\u00f3 color, materia y  realidad en su posible funcionalidad expresiva.<br \/>\n<span style=\"color: #ffffff;\">\/<\/span><br \/>\nBerni con la  serie de Juanito Laguna se sit\u00faa entre el final del informalismo y los  comienzos de la corriente neofigurativa, en la tendencia denominada  figuraci\u00f3n narrativa.<br \/>\n<span style=\"color: #ffffff;\">\/<\/span><br \/>\nLas obras de la serie Juanito Laguna  (1960-1978) narran expresiones de un mundo sin equidad y sin escala  humana, <em>Pesadilla de los Injustos<\/em> o <em>La conspiraci\u00f3n del mundo de Juanito  Laguna<\/em> trastorna el sue\u00f1o de los injustos, es uno de los tres \u00f3leos de  gran formato con que empieza la serie.<br \/>\n<span style=\"color: #ffffff;\">\/<\/span><br \/>\n<span style=\"color: #ffffff;\">\/<\/span><\/p>\n<div style=\"text-align: justify;\"><strong>Desde el 23 de Noviembre de 2009 hasta el 30 de Diciembre de 2015 <\/strong><br \/>\n<span style=\"color: #ffffff;\">\/<\/span><br \/>\n<strong>Entrada: <\/strong><br \/>\nGratis<br \/>\n<span style=\"color: #ffffff;\">\/<\/span><br \/>\n<strong>Museo Nacional de Bellas Artes<\/strong><br \/>\nAvenida del Libertador 1473<br \/>\nCiudad de Buenos Aires<br \/>\nTe. 4803 8814 \/ 4803 0802<\/div>\n<div style=\"text-align: justify;\">http:\/\/www.cultura.gov.ar\/agenda\/?info=detalle&amp;id=2064<\/div>\n<div style=\"text-align: justify;\"><\/div>\n<div style=\"text-align: justify;\"><\/div>\n<div style=\"text-align: justify;\"><em>Ariadna Tucma Revista Latinoamericana. Vol. 6. Marzo 2011-Febrero 2012<\/em><br \/>\n<span style=\"color: #ffffff;\">\/\/\/<\/span><br \/>\n<strong>Publicado por \u00a9www.ariadnatucma.com.ar<\/strong><\/div>\n<div style=\"text-align: justify;\"><strong><br \/>\n<\/strong><\/div>\n<div style=\"text-align: justify;\">info@ariadnatucma.com.ar<\/div>\n","protected":false},"excerpt":{"rendered":"<p>Se incorpora otra obra del gran artista pl\u00e1stico argentino Izq.\u00bbPesadilla de los injustos\u00bb Der. \u00abJuanito Laguna aprende a leer\u00bb Realizadas en 1961 por Antonio Berni Ciudad de Buenos Aires. Argentina. \/ La obra de Antonio Berni\u00a0Pesadilla de los injustos o La conspiraci\u00f3n del mundo de Juanito Laguna trastorna el sue\u00f1o de los injustos se incorpor\u00f3 &hellip; <\/p>\n<p class=\"link-more\"><a href=\"https:\/\/www.ariadnatucma.com.ar\/?p=1794\" class=\"more-link\">Seguir leyendo<span class=\"screen-reader-text\"> \u00abAntonio Berni en el Museo Nacional de Bellas Artes de Buenos Aires\u00bb<\/span><\/a><\/p>\n","protected":false},"author":58,"featured_media":0,"comment_status":"closed","ping_status":"closed","sticky":false,"template":"","format":"standard","meta":{"footnotes":""},"categories":[131,227],"tags":[220,45,219],"class_list":["post-1794","post","type-post","status-publish","format-standard","hentry","category-artes-cultura","category-suplemento","tag-antonio-berni","tag-argentina","tag-artes-plasticas","entry"],"_links":{"self":[{"href":"https:\/\/www.ariadnatucma.com.ar\/index.php?rest_route=\/wp\/v2\/posts\/1794","targetHints":{"allow":["GET"]}}],"collection":[{"href":"https:\/\/www.ariadnatucma.com.ar\/index.php?rest_route=\/wp\/v2\/posts"}],"about":[{"href":"https:\/\/www.ariadnatucma.com.ar\/index.php?rest_route=\/wp\/v2\/types\/post"}],"author":[{"embeddable":true,"href":"https:\/\/www.ariadnatucma.com.ar\/index.php?rest_route=\/wp\/v2\/users\/58"}],"replies":[{"embeddable":true,"href":"https:\/\/www.ariadnatucma.com.ar\/index.php?rest_route=%2Fwp%2Fv2%2Fcomments&post=1794"}],"version-history":[{"count":14,"href":"https:\/\/www.ariadnatucma.com.ar\/index.php?rest_route=\/wp\/v2\/posts\/1794\/revisions"}],"predecessor-version":[{"id":2871,"href":"https:\/\/www.ariadnatucma.com.ar\/index.php?rest_route=\/wp\/v2\/posts\/1794\/revisions\/2871"}],"wp:attachment":[{"href":"https:\/\/www.ariadnatucma.com.ar\/index.php?rest_route=%2Fwp%2Fv2%2Fmedia&parent=1794"}],"wp:term":[{"taxonomy":"category","embeddable":true,"href":"https:\/\/www.ariadnatucma.com.ar\/index.php?rest_route=%2Fwp%2Fv2%2Fcategories&post=1794"},{"taxonomy":"post_tag","embeddable":true,"href":"https:\/\/www.ariadnatucma.com.ar\/index.php?rest_route=%2Fwp%2Fv2%2Ftags&post=1794"}],"curies":[{"name":"wp","href":"https:\/\/api.w.org\/{rel}","templated":true}]}}