{"id":1164,"date":"2011-01-14T09:11:49","date_gmt":"2011-01-14T12:11:49","guid":{"rendered":"http:\/\/www.ariadnatucma.com.ar\/?p=1164"},"modified":"2019-09-19T00:00:35","modified_gmt":"2019-09-19T03:00:35","slug":"integracion-y-fronteras-en-el-caribe-nuevas-visiones","status":"publish","type":"post","link":"https:\/\/www.ariadnatucma.com.ar\/?p=1164","title":{"rendered":"Integraci\u00f3n y fronteras en el Caribe"},"content":{"rendered":"<h3 style=\"text-align: justify;\">nuevas visiones<\/h3>\n<p style=\"text-align: justify;\"><em>Jorge Enrique El\u00edas Caro<\/em> *<\/p>\n<h3 style=\"text-align: justify;\">I. A manera de\u00a0Introducci\u00f3n<\/h3>\n<h3 style=\"text-align: justify;\"><span style=\"color: #ffffff; font-size: x-small;\">\/ <\/span><\/h3>\n<p style=\"text-align: justify;\">Hace algunos d\u00edas, despu\u00e9s de leer un art\u00edculo del Ex-presidente de Colombia Alfonso L\u00f3pez Michelsen (1978-1982), denominado \u201c<em>Hay despreocupaci\u00f3n por los problemas de l\u00edmites<\/em>\u201d<a href=\"#_edn1\">[1]<\/a>, me caus\u00f3 mucha sorpresa un p\u00e1rrafo en especial, por lo ut\u00f3pico y real que a la vez puede resultar:<\/p>\n<p style=\"text-align: justify;\"><img loading=\"lazy\" decoding=\"async\" class=\"aligncenter size-full wp-image-1167\" title=\"Mar Caribe-01\" src=\"http:\/\/www.ariadnatucma.com.ar\/wp-content\/uploads\/2010\/11\/Mar-Caribe-01.jpg\" alt=\"Mar Caribe-01\" width=\"505\" height=\"361\" \/><\/p>\n<p style=\"text-align: justify;\"><em>Ci\u00e9naga Grande, Magdalena, Colombia.\u00a0 Foto Carolina Crisorio<br \/>\n<\/em><\/p>\n<p style=\"text-align: justify;\"><!--more--><\/p>\n<p style=\"text-align: justify;\"><span style=\"color: #ffffff;\">.<\/span><\/p>\n<p style=\"padding-left: 30px; text-align: justify;\">\u201c<em>Hace aproximadamente unos 20 a\u00f1os en una librer\u00eda de viejos encontr\u00e9 un libro escrito por un diplom\u00e1tico nicarag\u00fcense que tiene un t\u00edtulo muy sugestivo: Un enclave colonialista en el Caribe. Y me pregunt\u00e9: \u00bfCu\u00e1l puede ser el enclave colonialista en el Caribe? Para sorpresa m\u00eda, el enclave colonialista era Colombia<\/em>.\u201d<a href=\"#_edn2\">[2]<\/a><\/p>\n<p style=\"text-align: justify;\">Esta aseveraci\u00f3n de Caribe, sin lugar a dudas presenta un matiz Garciamarquiano<a href=\"#_edn3\">[3]<\/a>, pues, a la luz de la l\u00f3gica en cuanto a l\u00edmites y fronteras se refiere, en el espacio nacional colombiano, al hacer un comparativo entre el territorio continental y las posesiones mar\u00edtimas que ostenta en el Caribe, al tenor de L\u00f3pez (2005) estos espacios resultan similares<a href=\"#_edn4\">[4]<\/a>.<\/p>\n<p style=\"text-align: justify;\"><span style=\"color: #ffffff;\">\/<\/span><\/p>\n<p style=\"text-align: justify;\">Hecho significativo que motiv\u00f3 la realizaci\u00f3n de este trabajo, por cuanto con \u00e9l surgieron muchos interrogantes, no s\u00f3lo sobre la dimensi\u00f3n fronteriza de Colombia, sino de todos los pa\u00edses que la circundan, pues al consultar los l\u00edmites de \u00e9stos, incluso cuando se promocionan a nivel internacional en las p\u00e1ginas virtuales oficiales de los pa\u00edses centroamericanos y caribe\u00f1os, como ilustraremos m\u00e1s adelante, \u00e9stos cuando de delimitaci\u00f3n mar\u00edtima se refiere, sencilla y llanamente estipulan \u201c<em>con el Mar Caribe<\/em>\u201d.<\/p>\n<p style=\"text-align: justify;\"><span style=\"color: #ffffff;\">\/<\/span><\/p>\n<p style=\"text-align: justify;\">Por eso con la elaboraci\u00f3n de este trabajo, m\u00e1s que bosquejar los l\u00edmites y las fronteras de los pa\u00edses caribe\u00f1os, con esta disertaci\u00f3n se pretende responder a la inquietud \u00bfpor qu\u00e9 cuando de fronteras y l\u00edmites mar\u00edtimos se trata, no se discierne o se explicita cuales son \u00e9stos?, sino que sencillamente se castran por especificar \u201ccon el Mar Caribe\u201d.<\/p>\n<p style=\"text-align: justify;\"><span style=\"color: #ffffff;\">\/<\/span><\/p>\n<p style=\"text-align: justify;\">Circunstancia que lleva consigo una serie de problem\u00e1ticas impl\u00edcitas, pues, este desconocimiento se refleja tambi\u00e9n a nivel de tomadores de decisiones<a href=\"#_edn5\">[5]<\/a>, lo cual genera desintegraci\u00f3n, porque da al traste con el desarrollo de pol\u00edticas internacionales; por lo tanto, con esa ruptura conceptual se implementan tard\u00edamente pol\u00edticas de crecimiento, que en muchas ocasiones terminan siendo no coyunturales y sin continuidad, fuera de la inocua inserci\u00f3n internacional que pueden tener los pa\u00edses caribe\u00f1os en los \u00e1mbitos econ\u00f3micos, pol\u00edticos y de seguridad<a href=\"#_edn6\">[6]<\/a>.<\/p>\n<p style=\"text-align: justify;\">&nbsp;<\/p>\n<p style=\"text-align: justify;\">Lo parad\u00f3jico del asunto, es que causa admiraci\u00f3n tanto desconocimiento e indiferencia no s\u00f3lo de parte de los colombianos sino de nacionales de muchos pa\u00edses latinoamericanos y caribe\u00f1os, sobre \u00bfcu\u00e1les son en efecto sus relaciones internacionales? y particularmente \u00bfcu\u00e1les son las jurisdicciones que presentan en torno a los lindantes?<a href=\"#_edn7\">[7]<\/a>, de ah\u00ed que exista lo que argument\u00f3 L\u00f3pez (2005) en su tesis sobre \u201cdespreocupaci\u00f3n hacia los l\u00edmites\u201d.<\/p>\n<p style=\"text-align: justify;\"><span style=\"color: #ffffff;\">\/<\/span><\/p>\n<p style=\"text-align: justify;\">Situaci\u00f3n que no deja de ser objeto de preocupaci\u00f3n, por cuanto se trata de una realidad no muy distinta a la Garciamarquiana<a href=\"#_edn8\">[8]<\/a>, porque de una u otra forma afecta la pol\u00edtica internacional de las Rep\u00fablicas. No obstante, a pesar de que Colombia y Venezuela en Sur Am\u00e9rica y los pa\u00edses continentales centroamericanos: Panam\u00e1, Costa Rica, Honduras, Nicaragua, Guatemala y M\u00e9xico en Norteam\u00e9rica, poseen \u201c<em>una vertiente y pertinencia al Caribe Insular, esta regi\u00f3n resulta tan extra\u00f1a y desconocida<\/em>\u201d<a href=\"#_edn9\">[9]<\/a>, resultar\u00eda infrecuente para los nacionales de estos pa\u00edses, si se les preguntara \u00bfquienes hacen parte del CARICOM? y \u00bfcu\u00e1l de ellos es pa\u00eds lim\u00edtrofe con el suyo?, situaci\u00f3n que de acuerdo a Ardila (2005), Abello (2006), Bell (2006) y Polo (2006), muy pocos sabr\u00edan responder.<\/p>\n<p style=\"text-align: justify;\"><span style=\"color: #ffffff;\">.<\/span><\/p>\n<p style=\"text-align: justify;\"><strong>II. L\u00edmites, Fronteras y Dem\u00e1s Aspectos Geogr\u00e1ficos de los Pa\u00edses Caribe\u00f1os<\/strong><\/p>\n<p style=\"text-align: justify;\"><strong><span style=\"color: #ffffff;\">.<\/span><\/strong><\/p>\n<p style=\"text-align: justify;\"><strong><span style=\"color: #ffffff;\">.<\/span><br \/>\n<\/strong><\/p>\n<p style=\"text-align: justify;\"><strong><img loading=\"lazy\" decoding=\"async\" class=\"aligncenter size-full wp-image-1168\" title=\"SantaMarta-01\" src=\"http:\/\/www.ariadnatucma.com.ar\/wp-content\/uploads\/2010\/11\/SantaMarta-01.jpg\" alt=\"SantaMarta-01\" width=\"541\" height=\"405\" \/><br \/>\n<\/strong><\/p>\n<p style=\"text-align: justify;\"><em>Santa Marta, Colombia.\u00a0 Foto: Carolina Crisorio<\/em><\/p>\n<p style=\"text-align: justify;\"><strong><span style=\"color: #ffffff;\">.<\/span><\/strong><\/p>\n<p style=\"text-align: justify;\">Cuando de l\u00edmites se trata, empero, para el caso colombiano, a\u00fan en las escuelas de hoy a los ni\u00f1os se les ense\u00f1a en Geograf\u00eda, que Colombia posee cinco grandes fronteras y limita en cuanto a contornos terrestres con Venezuela, Brasil, Per\u00fa, Ecuador y Panam\u00e1 y por fronteras mar\u00edtimas, tajantemente los profesores dicen \u201cpor el Norte con el oc\u00e9ano Atl\u00e1ntico\u201d o \u201ccon el Mar Caribe\u201d<a href=\"#_edn10\">[10]<\/a>. Inclusive, los mapas, solamente aparecen con sus fronteras en las cuales tiene l\u00edmites con la porci\u00f3n de tierra firme y su parte insular, primordialmente San Andr\u00e9s y Providencia, desdibujando las fronteras mar\u00edtimas y sus l\u00edmites totalmente.<\/p>\n<p style=\"text-align: justify;\"><span style=\"color: #ffffff;\">\/<\/span><\/p>\n<p style=\"text-align: justify;\">Verbigracia de lo anterior, algunos profesores de Geograf\u00eda y muchos habitantes no saben que<\/p>\n<p style=\"padding-left: 30px; text-align: justify;\">\u201c<em>Colombia tiene 1.600 Km. de costas, m\u00e1s de medio mill\u00f3n de Km<sup>2<\/sup> del territorio del Mar Caribe y comparte fronteras mar\u00edtimas con Venezuela, Rep\u00fablica Dominicana, Hait\u00ed, Jamaica, Honduras, Nicaragua, Costa Rica y Panam\u00e1<\/em>\u201d<a href=\"#_edn11\">[11]<\/a>.<\/p>\n<p style=\"text-align: justify;\">&nbsp;<\/p>\n<p style=\"text-align: justify;\">Y m\u00e1s a\u00fan, con Panam\u00e1 limita con tres fronteras, una de ellas la terrestre, y las dos restantes mar\u00edtimas, puesto colinda con la del oc\u00e9ano pac\u00edfico (Tratado Li\u00e9vano-Boyd) y la del Mar Caribe (Tratado Li\u00e9vano-Boyd). C\u00f3mo si fuera poco, hasta con Costa Rica tambi\u00e9n tiene m\u00e1s de una frontera, pues a pesar de que lo hace por el Mar Caribe (Tratado Fern\u00e1ndez \u2013 Facio) como se mencion\u00f3 en renglones anteriores, tambi\u00e9n lo hace por el Pac\u00edfico (Tratado Lloreda \u2013 Guti\u00e9rrez)<a href=\"#_edn12\">[12]<\/a>, caso similar acontece con Venezuela, pues tiene frontera terrestre y mar\u00edtima, \u00e9sta \u00faltima generadora de discordia y problemas entre las partes.<a href=\"#_edn13\">[13]<\/a><\/p>\n<p style=\"text-align: justify;\"><span style=\"color: #ffffff;\">\/<\/span><\/p>\n<p style=\"text-align: justify;\"><span style=\"color: #ffffff;\"> <\/span>Por su parte, Colombia con el resto de fronteras mar\u00edtimas limita de la siguiente manera: Nicaragua<a href=\"#_edn14\">[14]<\/a> (Tratado Esguerra \u2013 Barcenas), Honduras (Tratado Ram\u00edrez \u2013 L\u00f3pez)<a href=\"#_edn15\">[15]<\/a>, Jamaica (Tratado San\u00edn \u2013 Robertson), Hait\u00ed (Tratado Li\u00e9vano \u2013 Brutus) y Rep\u00fablica Dominicana (Tratado Li\u00e9vano \u2013 Jim\u00e9nez)<a href=\"#_edn16\">[16]<\/a>. V\u00ednculos que de acuerdo con Gonz\u00e1lez Arana (2007) por el excesivo sentido de andinizaci\u00f3n y concentraci\u00f3n de poder en el centro del pa\u00eds, s\u00f3lo hasta la segunda mitad del siglo XX se empezaron a dar evidencias de mayor presencia y b\u00fasqueda de estrategias coherentes hacia el Caribe. (Ver Ilustraci\u00f3n 1).<\/p>\n<p style=\"padding-left: 30px; text-align: justify;\">\u201c<em>En este contexto se iniciar\u00eda \u201cla paciente y continua pol\u00edtica exterior de amojonar nuestros l\u00edmites mar\u00edtimos en el Caribe\u201d<a href=\"#_edn17\"><strong>[17]<\/strong><\/a>; y es as\u00ed cuando se avanz\u00f3 en la delimitaci\u00f3n de las \u00e1reas marinas y submarinas en el Caribe<\/em><a href=\"#_edn18\">[18]<\/a>\u201d<\/p>\n<p style=\"text-align: justify;\"><span style=\"color: #ffffff;\">\/<\/span><\/p>\n<p style=\"text-align: justify;\"><span style=\"color: #ffffff;\"> <\/span>Entre tanto, Costa Rica tiene una extensi\u00f3n<a href=\"#_edn19\">[19]<\/a> de 51.100 km<sup>2 <\/sup>y posee como l\u00edmites geogr\u00e1ficos terrestres una distancia total de 663 Km<sup>2<\/sup>: de los cuales, al norte est\u00e1 con la Rep\u00fablica de Nicaragua, mediante el tratado Ca\u00f1as-Jerez del 15 de Diciembre de 1.858 y ratificado por el laudo del 15 de Abril de 1.888, presenta una distancia de 300 Km<sup>2<\/sup>; y el restante al sudeste con la Rep\u00fablica de Panam\u00e1, mediante el tratado Echandi Montero-Fern\u00e1ndez Ja\u00e9n, con una distancia de 363 Km<sup>2<\/sup>; de otro lado, como frontera mar\u00edtima tiene en su totalidad 1.466, de los cuales al oeste y al sur con el Oc\u00e9ano Pac\u00edfico posee una longitud de las costas de 1.254 Km. con el Pac\u00edfico desde Mojones, frontera Nicarag\u00fcense, hasta el hito Burica, frontera Paname\u00f1a y al noroeste y al este con el mar Caribe con 212 Km. desde punta Castilla, boca del R\u00edo San Juan, frontera Nicarag\u00fcense, hasta boca del R\u00edo Sixaola<a href=\"#_edn20\">[20]<\/a>.<\/p>\n<p style=\"text-align: justify;\"><span style=\"color: #ffffff;\"><strong>\/.<\/strong><\/span><\/p>\n<p style=\"text-align: justify;\"><img loading=\"lazy\" decoding=\"async\" class=\"aligncenter size-full wp-image-1169\" title=\"SantaMarta-03\" src=\"http:\/\/www.ariadnatucma.com.ar\/wp-content\/uploads\/2010\/11\/SantaMarta-03.jpg\" alt=\"SantaMarta-03\" width=\"464\" height=\"548\" \/><\/p>\n<p style=\"text-align: justify;\"><em>Santa Marta, Colombia. Foto Carolina Crisorio.<\/em><\/p>\n<p style=\"text-align: justify;\"><strong><span style=\"color: #ffffff;\">.<\/span><\/strong><\/p>\n<p style=\"text-align: justify;\">Venezuela por su parte, se encuentra situada entre los 0\u00ba 43&#8242; de latitud norte, en su punto m\u00e1s meridional (catarata Hua), y a los 12\u00ba 11&#8242; de latitud norte, en el cabo de San Rom\u00e1n (pen\u00ednsula de Paraguan\u00e1). En cuanto a la longitud, su extremo este se encuentra en la confluencia de los r\u00edos Barima y Marumara (59\u00ba 48&#8242; de longitud occidental) y el oeste en el nacimiento del r\u00edo Intermedio (73\u00ba 25&#8242; de longitud occidental). Como se puede apreciar, la <a href=\"http:\/\/www.monografias.com\/trabajos901\/debate-multicultural-etnia-clase-nacion\/debate-multicultural-etnia-clase-nacion.shtml\">naci\u00f3n<\/a> se encuentra por completo dentro del hemisferio norte y al oeste del meridiano de Greenwich<a href=\"#_edn21\">[21]<\/a>. Venezuela limita por el norte con el mar Caribe y el oc\u00e9ano Atl\u00e1ntico, al sur con <a href=\"http:\/\/www.monografias.com\/trabajos13\/verpro\/verpro.shtml\">Colombia<\/a> y <a href=\"http:\/\/www.monografias.com\/trabajos10\/gebra\/gebra.shtml\">Brasil<\/a>, al este con Guyana y al oeste con Colombia y ejerce su <a href=\"http:\/\/www.monografias.com\/trabajos\/sobeydcho\/sobeydcho.shtml\">soberan\u00eda<\/a> sobre los 912.050 km\u00b2 del territorio nacional, el cual comprende no s\u00f3lo la porci\u00f3n continental del pa\u00eds, sino tambi\u00e9n las islas incorporadas al mismo, sobre la plataforma continental y el mar territorial<a href=\"#_edn22\">[22]<\/a>.<\/p>\n<p style=\"text-align: justify;\"><span style=\"color: #ffffff;\">\/<\/span><\/p>\n<p style=\"text-align: justify;\">El art\u00edculo 11 de la Constituci\u00f3n de la Rep\u00fablica Bolivariana de Venezuela, establece que la soberan\u00eda del Estado se ejerce en los espacios: continental, insulares, lacustre y fluvial, mar territorial, \u00e1reas marinas interiores, hist\u00f3ricas y vitales y las comprendidas dentro de las l\u00edneas de base recta que ha adoptado o adopte la  Rep\u00fablica; el suelo y subsuelo de \u00e9stos; el espacio a\u00e9reo continental, insular y mar\u00edtimo y los recursos que en ellos se encuentran, incluidos los gen\u00e9ticos, los de las especies migratorias, sus productos derivados y los componentes intangibles que por causas naturales all\u00ed se hallen.<\/p>\n<p style=\"text-align: justify;\"><span style=\"color: #ffffff;\">\/<\/span><\/p>\n<p style=\"text-align: justify;\">En ese contexto, el espacio insular de la Rep\u00fablica  Bolivariana de Venezuela<\/p>\n<p style=\"padding-left: 30px; text-align: justify;\">\u201c<em>comprende el archipi\u00e9lago de Los Monjes, archipi\u00e9lago de Las Aves, archipi\u00e9lago de Los Roques, archipi\u00e9lago de La Orchila, isla La Tortuga, isla La Blanquilla, archipi\u00e9lago Los Hermanos, islas de Margarita, Cubagua y Coche, archipi\u00e9lago de Los Frailes, isla La Sola, archipi\u00e9lago de Los Testigos, isla de Patos e isla de Aves; y, adem\u00e1s, las islas, islotes, cayos y bancos situados o que emerjan dentro del mar territorial, en el que cubre la plataforma continental o dentro de los l\u00edmites de la zona econ\u00f3mica exclusiva<\/em>\u201d<a href=\"#_edn23\">[23]<\/a>.<\/p>\n<p style=\"text-align: justify;\"><span style=\"color: #ffffff;\">\/<\/span><\/p>\n<p style=\"text-align: justify;\">Sobre el espacio acu\u00e1tico constituido por la zona mar\u00edtima contigua, la plataforma continental y la zona econ\u00f3mica exclusiva, Venezuela ejerce derechos exclusivos de soberan\u00eda y jurisdicci\u00f3n en los t\u00e9rminos, extensi\u00f3n y condiciones que determina el derecho internacional p\u00fablico y la Ley<a href=\"#_edn24\">[24]<\/a>. \u00a0Situaci\u00f3n que hace, que por su alta posesi\u00f3n de islas en el Caribe; la cercan\u00eda y sus nexos con \u00e9ste sean muy pr\u00f3ximos, pues tiene fronteras con m\u00e1s de 10 Estados caribe\u00f1os, tanto continentales como insulares<a href=\"#_edn25\">[25]<\/a>.<\/p>\n<p style=\"text-align: justify;\"><span style=\"color: #ffffff;\">\/<\/span><\/p>\n<p style=\"text-align: justify;\">La p\u00e1gina virtual oficial del Ministerio de Relaciones Exteriores de Venezuela, ilustra<\/p>\n<p style=\"padding-left: 30px; text-align: justify;\">\u201c<em>La Rep\u00fablica Bolivariana<\/em><em> de Venezuela limita, al norte, con los mares territoriales de las Antillas Neerlandesas (Aruba, Curazao, Bonaire y San Eustoquio), Rep\u00fablica Dominicana, Estado Libre Asociado de Puerto Rico, Islas V\u00edrgenes (USA), St. Kitts y Nevis, departamentos franceses de ultramar de Martinica y Guadalupe, Trinidad y Tobago; al Sur Brasil y Colombia; al Este el Oc\u00e9ano Atl\u00e1ntico y Guyana y al Oeste con la Rep\u00fablica de Colombia<\/em>\u201d.<\/p>\n<p style=\"text-align: justify;\"><span style=\"color: #ffffff;\">\/<\/span><\/p>\n<p style=\"text-align: justify;\">Lo anterior, nos muestra cu\u00e1n grande resulta el territorio que tiene Venezuela en torno al Caribe.<\/p>\n<p style=\"text-align: justify;\">Sobre Nicaragua, la p\u00e1gina Web de IOCARIBE en torno a este pa\u00eds, tajantemente enuncia:<\/p>\n<p style=\"padding-left: 30px; text-align: justify;\">\u201c<em>Localizada en la parte central del Istmo, haciendo l\u00edmite con Costa Rica en el Sur y con Honduras hacia el norte, por el este con el Mar Caribe y por el oeste con el Oc\u00e9ano Pac\u00edfico<\/em>\u201d.<\/p>\n<p style=\"text-align: justify;\"><span style=\"color: #ffffff;\">\/<\/span><\/p>\n<p style=\"text-align: justify;\"><span style=\"color: #ffffff;\"> <\/span>Presentando, 450 de costa por el mar Caribe y 305 por el lado del pac\u00edfico.<\/p>\n<p style=\"text-align: justify;\"><span style=\"color: #ffffff;\">\/<\/span><\/p>\n<p style=\"text-align: justify;\"><span style=\"color: #ffffff;\"> <\/span>Al igual que los otros pa\u00edses mencionados, se evidencia claramente esa violaci\u00f3n de menci\u00f3n sobre extensiones fronterizas, que hemos venido tratando, a pesar de que con Nicaragua se viene presentando el tan sonado caso de l\u00edmites en su frontera con Colombia<a href=\"#_edn26\">[26]<\/a>. Siendo que Nicaragua, fuera de colindar con Colombia, de forma mar\u00edtima tambi\u00e9n lo hace y as\u00ed parezca raro con El Salvador<a href=\"#_edn27\">[27]<\/a>.<\/p>\n<p style=\"text-align: justify;\"><span style=\"color: #ffffff;\">\/<\/span><\/p>\n<p style=\"text-align: justify;\"><span style=\"color: #ffffff;\"> <\/span>En cuanto a la Rep\u00fablica de Panam\u00e1, este caso es peripat\u00e9tico, pues, a pesar de ser la esquina del mundo, s\u00f3lo limita con dos pa\u00edses: Colombia y Costa Rica, con los cuales comparte fronteras tanto terrestres como mar\u00edtimas, ya sea por el Mar Caribe, como por el Oc\u00e9ano Pac\u00edfico<a href=\"#_edn28\">[28]<\/a>.<\/p>\n<p style=\"text-align: justify;\"><span style=\"color: #ffffff;\">\/<\/span><\/p>\n<p style=\"text-align: justify;\"><span style=\"color: #ffffff;\"> <\/span>La Rep\u00fablica Dominicana ocupa unas dos terceras partes de la isla llamada antiguamente La Espa\u00f1ola (Hispaniola, en la versi\u00f3n latina de Pedro M\u00e1rtir de Angler\u00eda). Tiene una extensi\u00f3n de 48,442 kil\u00f3metros cuadrados, es la segunda en tama\u00f1o de las Antillas Mayores, luego de Cuba que tiene 114,500 kil\u00f3metros cuadrados. En cuanto a sus l\u00edmites geogr\u00e1ficos, seg\u00fan PARME<a href=\"#_edn29\">[29]<\/a> (2007), lo hace as\u00ed:<\/p>\n<p style=\"padding-left: 30px; text-align: justify;\"><em>Al norte con el Oc\u00e9ano, Atl\u00e1ntico; al sur con el mar Caribe; al este con el canal de la Mona, que lo separa de Puerto Rico y al oeste con la Rep\u00fablica de Hait\u00ed.<\/em><\/p>\n<p style=\"text-align: justify;\"><span style=\"color: #ffffff;\">\/<\/span><\/p>\n<p style=\"text-align: justify;\"><span style=\"color: #ffffff;\"> <\/span>Si analizamos la anterior apreciaci\u00f3n, la cual es hecha por una entidad oficial encargada de la reforma y modernizaci\u00f3n del Estado de la Rep\u00fablica Dominicana, que se espera de los dem\u00e1s estamentos, en cuanto a la concepci\u00f3n e intereses pueden tener \u00e9stos sobre sus l\u00edmites, s\u00ed en ac\u00e1pites anteriores demostramos que en torno a fronteras mar\u00edtimas, la Rep\u00fablica Dominicana, tambi\u00e9n limita con Venezuela y Colombia.<\/p>\n<p style=\"text-align: justify;\"><span style=\"color: #ffffff;\">\/<\/span><\/p>\n<p style=\"text-align: justify;\"><span style=\"color: #ffffff;\"> <\/span>As\u00ed mismo, desde la Administraci\u00f3n Tur\u00edstica de Honduras en su promoci\u00f3n virtual, \u00e9sta manifiesta que dicho pa\u00eds limita al Norte con el Mar Caribe, al Sur con Nicaragua y el Golfo Fonseca que comparte con Nicaragua y El Salvador, al Este con Nicaragua, al Suroeste con El Salvador y al Oeste con Guatemala. As\u00ed las cosas, su litoral en el Mar de las Antillas se extiende desde el Golfo de Honduras hasta el Cabo de Gracias a Dios, mientras que el del oc\u00e9ano Pac\u00edfico queda reducido al Golfo de Fonseca.<\/p>\n<p style=\"text-align: justify;\"><span style=\"color: #ffffff;\">\/<\/span><\/p>\n<p style=\"text-align: justify;\"><span style=\"color: #ffffff;\"> <\/span>Al igual que el caso anterior, Honduras tambi\u00e9n posee fronteras mar\u00edtimas desde el lado del Mar Caribe (Colombia) y como se pudo evidenciar esta delimitaci\u00f3n fue excluida de tajo. Hechos que de igual forma son consecuentes en Jamaica, Cuba, Hait\u00ed y Puerto Rico, Estados Caribe\u00f1os que en estricto sentido, entran al igual que los antes citados en la modalidad de encogerse de hombros, cuando de delimitaci\u00f3n fronteriza sobre el Mar Caribe se trata.<\/p>\n<p style=\"text-align: justify;\"><strong><span style=\"color: #ffffff;\">.<\/span><\/strong><\/p>\n<p style=\"text-align: justify;\"><strong>III. Problem\u00e1tica de la concepci\u00f3n geogr\u00e1fica de l\u00edmites y frontera<\/strong><\/p>\n<p style=\"text-align: justify;\"><strong><span style=\"color: #ffffff;\">.<\/span><\/strong><\/p>\n<p style=\"text-align: justify;\"><strong><img loading=\"lazy\" decoding=\"async\" class=\"aligncenter size-full wp-image-1170\" title=\"RutaCaribeColom\" src=\"http:\/\/www.ariadnatucma.com.ar\/wp-content\/uploads\/2010\/11\/RutaCaribeColom.jpg\" alt=\"RutaCaribeColom\" width=\"479\" height=\"360\" \/><\/strong><\/p>\n<p style=\"text-align: justify;\"><em>Ruta del Caribe colombiano. Foto Carolina Crisorio.<\/em><\/p>\n<p style=\"text-align: justify;\"><strong><span style=\"color: #ffffff;\">.<\/span><\/strong><\/p>\n<p style=\"text-align: justify;\">Alarc\u00f3n (2006), sobre las posibles causas del provincianismo con el que se manejan las fronteras exteriores en la concepci\u00f3n que tienen las personas, plantea que la legitimaci\u00f3n del territorio de una comunidad regional y nacional pas\u00f3 necesariamente por una pedagog\u00eda territorial, en el cual, los textos de geograf\u00eda contribuyeron a la elaboraci\u00f3n de representaciones sociales sobre estos espacios.<\/p>\n<p style=\"padding-left: 30px; text-align: justify;\">\u201c<em>De esta manera los textos escolares se convirtieron en artefactos culturales que permitieron en primera instancia describir y ense\u00f1ar el territorio considerado nacional, por lo cual se le ensalz\u00f3, se le cuantific\u00f3, a la par que surgi\u00f3 un af\u00e1n por definir l\u00edmites<\/em>\u201d<a href=\"#_edn30\">[30]<\/a><\/p>\n<p style=\"text-align: justify;\"><span style=\"color: #ffffff;\">\/<\/span><\/p>\n<p style=\"text-align: justify;\"><span style=\"color: #ffffff;\"> <\/span>A su vez<\/p>\n<p style=\"padding-left: 30px; text-align: justify;\">\u201c<em>Esta pedagog\u00eda territorial estuvo estrechamente ligada\u2026con la idea de prosperidad nacional y la cuesti\u00f3n de identidad nacional<\/em>\u201d<a href=\"#_edn31\">[31]<\/a>,<\/p>\n<p style=\"text-align: justify;\"><span style=\"color: #ffffff;\">\/<\/span><\/p>\n<p style=\"text-align: justify;\"><span style=\"color: #ffffff;\"> <\/span>pues con base en los preceptos de Ardila (2005) y Alarc\u00f3n (2006) los pa\u00edses caribe\u00f1os continentales han concentrado sus esfuerzos debido a los procesos de centralizaci\u00f3n que impera en los mismos, un modelo de desarrollo de pol\u00edticas m\u00e1s andinas y\/o de monta\u00f1a, d\u00e1ndoles la espalda al mar, lo cual desde el siglo XIX en un intento de desconocimiento del espacio local y regional, construyen en el colectivo una imagen racial de inferiores condiciones<a href=\"#_edn32\">[32]<\/a>.<\/p>\n<p style=\"text-align: justify;\"><span style=\"color: #ffffff;\">\/<\/span><\/p>\n<p style=\"text-align: justify;\"><span style=\"color: #ffffff;\"> <\/span>En ese orden de ideas, sobre el concepto de espacio geogr\u00e1fico, se podr\u00eda citar:<\/p>\n<p style=\"padding-left: 30px; text-align: justify;\">\u00ab<em>El espacio es una unidad compleja multidimensional, que adquiere m\u00faltiples formas y comportamientos dentro de la totalidad global de la sociedad <span style=\"color: #000000;\"> <\/span><\/em>\u00ab<a href=\"#_edn33\">[33]<\/a><\/p>\n<p style=\"text-align: justify;\"><span style=\"color: #ffffff;\">\/<\/span><\/p>\n<p style=\"text-align: justify;\"><span style=\"color: #ffffff;\"> <\/span>De igual forma:<\/p>\n<p style=\"padding-left: 30px; text-align: justify;\">\u00ab<em>El espacio geogr\u00e1fico es parte indisociable de los procesos econ\u00f3micos, sociales y naturales, es decir, si la relaci\u00f3n Sociedad- Naturaleza comprende b\u00e1sicamente un prop\u00f3sito de subsistencia y reproduccion<span style=\"color: #000000;\"> <\/span> que se organiza (en un espacio determinado), como un \u00abmetabolismo\u00bb entre los sistemas\u00a0 sociales y los naturales, donde aquellas utilizan su base de sustentaci\u00f3n ecol\u00f3gica para asegurar su supervivencia y reproducci\u00f3n y devuelven a la naturaleza sus desechos, entonces el proceso de acumulaci\u00f3n de excedentes econ\u00f3micos, configura un eje central de esa relaci\u00f3n<\/em><a href=\"#_edn34\">[34]<\/a>\u00ab<\/p>\n<p style=\"text-align: justify;\"><span style=\"color: #ffffff;\">\/<\/span><\/p>\n<p style=\"text-align: justify;\"><span style=\"color: #ffffff;\"> <\/span>En tal sentido, a <em>grosso modo<\/em> se podr\u00eda considerar que el espacio geogr\u00e1fico es parte de un conjunto de procesos que no se a\u00edslan entre s\u00ed y en consecuencia, se define como una parte indisociable de un proceso conjunto de acciones sociales y naturales que se expresan a trav\u00e9s de las configuraciones que adoptan estas acciones en una unidad territorial<a href=\"#_edn35\">[35]<\/a>.<\/p>\n<p style=\"text-align: justify;\"><span style=\"color: #ffffff;\">\/<\/span><\/p>\n<p style=\"text-align: justify;\"><span style=\"color: #ffffff;\"> <\/span>De ah\u00ed que, la definici\u00f3n de territorio, de acuerdo con Anderson (1993) y Jodelet (2000) mantiene la delimitaci\u00f3n de fronteras exteriores y la definici\u00f3n de vastos espacios inexistentes, fuera de los l\u00edmites o posesi\u00f3n de las provincias<a href=\"#_edn36\">[36]<\/a>, pero que de acuerdo con Alarc\u00f3n (2006), el imaginario colectivo los incluye como partes irrenunciables en el proceso de formaci\u00f3n del Estado<a href=\"#_edn37\">[37]<\/a>. Por eso, el hecho de siempre buscar la operacionalizaci\u00f3n de la legitimaci\u00f3n social de los territorios, a fin de que sus habitantes puedan tener en la mente la imagen de comuni\u00f3n, es decir, la de una comunidad imaginada<a href=\"#_edn38\">[38]<\/a>. Pues, en ese sentido el mar Caribe es un mar que une y un mar que atrae<a href=\"#_edn39\">[39]<\/a>.<\/p>\n<p style=\"text-align: justify;\"><span style=\"color: #ffffff;\">\/<\/span><\/p>\n<p style=\"text-align: justify;\">Avella (2006), precisamente sobre esa concepci\u00f3n de unidad caribe\u00f1a, concept\u00faa que en la historia Regional del Caribe es donde se reconstruyen los mitos de la unidad latina o hispana, base de toda unidad nacional, ya que \u201c<em>lo \u00fanico que nos une, es lo \u00fanico que nos mata<\/em>\u201d<a href=\"#_edn40\">[40]<\/a>. S\u00e1nchez (1998), arguye que la base de esa uni\u00f3n y separaci\u00f3n a la vez, tiene en principio a la violencia como resorte fundador de las bases de unidad nacional, si se tiene en cuenta que el Caribe, al tenor de Germ\u00e1n Arciniegas en su libro cl\u00e1sico \u201c<em>Biograf\u00eda del Caribe<\/em>\u201d, \u00e9ste es un mar que \u201chierve\u201d y permanentemente, parodiando a Fernando Braudel \u201c<em>se ha mantenido en movimiento<\/em>\u201d<a href=\"#_edn41\">[41]<\/a>, no s\u00f3lo por ser el mar de los violentos huracanes<a href=\"#_edn42\">[42]<\/a>, sino porque desde la geohistoria, siempre ha estado ligado a expediciones de conquista, invasiones piratescas, contrabando de armas y municiones, ideas libertadoras, guerras constantes y revoluciones independistas y expansionistas, etc., hechos que de una u otra forma siempre han estado marcado por actos violentos<a href=\"#_edn43\">[43]<\/a>.<\/p>\n<p style=\"text-align: justify;\"><span style=\"color: #ffffff;\">\/<\/span><\/p>\n<p style=\"text-align: justify;\">Por ello, la importancia que se le debe conceder al aspecto geogr\u00e1fico, pues, es una muestra del papel otorgado al territorio en la identificaci\u00f3n y reconocimiento del espacio, al cual, Alarc\u00f3n (2006), con base en los preceptos de Quijada (2001), adem\u00e1s, se le valora como un factor clave de identidad social<a href=\"#_edn44\">[44]<\/a>. En tal sentido,<\/p>\n<p style=\"text-align: justify;\">\u201c<em>el territorio no s\u00f3lo ser\u00e1 descrito sino tambi\u00e9n idealizado como soporte f\u00edsico y como soporte simb\u00f3lico de una comunidad imaginada, pero geogr\u00e1ficamente asentada\u2026representada de distinta manera a trav\u00e9s del desarrollo hist\u00f3rico del Caribe\u2026<\/em>\u201d<a href=\"#_edn45\">[45]<\/a>.<\/p>\n<p style=\"text-align: justify;\"><strong><span style=\"color: #ffffff;\">.<\/span><\/strong><\/p>\n<p style=\"text-align: justify;\"><strong> <\/strong><\/p>\n<p style=\"text-align: justify;\"><strong>IV. Concepciones sobre Fronteras y la  Fronterizaci\u00f3n del Caribe<\/strong><\/p>\n<p style=\"text-align: justify;\"><strong><span style=\"color: #ffffff;\">.<\/span><\/strong><\/p>\n<p style=\"text-align: justify;\">Al referirnos sobre el concepto de fronteras, es de imperiosa necesidad, analizar el trabajo de Frederick Jackson Turner, publicado por primera vez en 1894,<a href=\"#_edn46\">[46]<\/a> para argumentar la tem\u00e1tica desde una fundamentaci\u00f3n te\u00f3rica m\u00e1s profunda. Trabajo en el cual se muestra como al interior de los Estados Unidos a finales del siglo XIX, se hizo una \u201crevuelta\u201d<a href=\"#_edn47\">[47]<\/a> pol\u00edtica y cultural del Oeste contra el Este<a href=\"#_edn48\">[48]<\/a>.\u00a0 La obra de Turner<a href=\"#_edn49\">[49]<\/a>, como dice Polo (2006) ofreci\u00f3 una oportunidad para que se discutieran sus planteamientos a la luz de los procesos hist\u00f3ricos hispanoamericanos.<\/p>\n<p style=\"text-align: justify;\"><span style=\"color: #ffffff;\">\/<\/span><\/p>\n<p style=\"text-align: justify;\">\u201c<em>En ese sentido, se puede ver hasta que punto la frontera se convirti\u00f3 en una especie de molde forjador de identidades de las naciones hispanoamericanas despu\u00e9s de las independencias. Los estereotipos de la frontera construidos por Turner y sus partidarios (tierra fascinante de oportunidades democr\u00e1ticas y de libertad individual), tuvieron en principio un significado contrario. En efecto, la frontera como tierra de violencia, mestizaje e insalubridad llam\u00f3 la atenci\u00f3n sobre diferentes etapas con diversos grupos sociales interactuando entre s\u00ed, originado tipos humanos bien definidos como los gauchos, bainderantes<\/em><a href=\"#_edn50\">[50]<\/a><em>, mineros, granjeros, rancheros, llaneros, cimarrones, arrochelados, entre otros<\/em>\u201d<a href=\"#_edn51\">[51]<\/a><\/p>\n<p style=\"text-align: justify;\"><strong><span style=\"color: #ffffff;\">.<\/span><\/strong><\/p>\n<p style=\"text-align: justify;\">As\u00ed las cosas, desde este punto de vista, nace el arquetipo de caribe\u00f1o. No obstante, resulta menester aclarar, que esta concepci\u00f3n de prototipo resulta importante desde un \u00e1mbito m\u00e1s may\u00fasculo, toda vez que se trata de la construcci\u00f3n de concepciones y axiomas que en \u00faltimas remiten a la elaboraci\u00f3n de im\u00e1genes, que en \u201c<em>ocasiones terminan colaborando con la fabricaci\u00f3n expresa de identidades sociales<\/em>\u201d<a href=\"#_edn52\">[52]<\/a><\/p>\n<p style=\"text-align: justify;\">Sobre este aspecto y en particular sobre la identidad Caribe, Wade (2002) y Aja (2007), arguyen que al ser el Caribe un lugar de paso, de comercio, las mezclas entre pueblos, razas, dominadores y dominados, fueron construyendo una amalgama hist\u00f3rico-cultural<a href=\"#_edn53\">[53]<\/a>. Y m\u00e1s cuando, al momento de los procesos independistas y descolonizadores, se presenta una redefinici\u00f3n de lo Caribe, sobre todo por el \u201c<em>establecimiento de identidades territoriales vinculadas a incipientes procesos de modernizaci\u00f3n y construcci\u00f3n de la idea de Naci\u00f3n<\/em>\u201d<a href=\"#_edn54\">[54]<\/a>. En ese contexto, las naciones fueron creando sus imaginarios de naci\u00f3n a partir de una ideolog\u00eda racista y discriminatoria, en donde \u201c<em>los valores asociados a lo blanco, europeo, espa\u00f1ol, era positivamente asumido, mientras que lo asociado a lo indio y a lo afro, eran considerados negativos, atrasados, por lo cual trataron de ser invisibilizados en la construcci\u00f3n de la idea de Naci\u00f3n<\/em>\u201d<a href=\"#_edn55\">[55]<\/a>.<\/p>\n<p style=\"text-align: justify;\"><span style=\"color: #ffffff;\">\/<\/span>Gonz\u00e1lez Arana (2007) en su redefinici\u00f3n de lo que es Caribe, bas\u00e1ndose en los preceptos de\u00a0 Socorro Ram\u00edrez, aduce que es precisamente esa falta de unidad, lo que ha hecho que se haya despertado tal fragmentaci\u00f3n; pues, se han<\/p>\n<p style=\"padding-left: 30px; text-align: justify;\">\u201c<em>dispersados los caribes angl\u00f3fonos, afrosaj\u00f3n, hispano, latino, afrolatino, holand\u00e9s, franc\u00e9s, mestizo, insular o continental,\u2026condici\u00f3n natural de ser pa\u00edses con v\u00ednculos fuertes pese a sus evidentes diferencias<\/em>\u201d.<a href=\"#_edn56\">[56]<\/a><\/p>\n<p style=\"text-align: justify;\"><span style=\"color: #ffffff;\">\/<\/span><\/p>\n<p style=\"text-align: justify;\">Por ello, en el uso del concepto de Frontera y su aplicaci\u00f3n en el an\u00e1lisis de los procesos de investigaci\u00f3n hist\u00f3rica<a href=\"#_edn57\">[57]<\/a>, se ha mostrado<\/p>\n<p style=\"padding-left: 30px; text-align: justify;\">\u201c<em>la compleja formaci\u00f3n de la naciones, cargada de agudos conflictos sociales, exterminio y exclusi\u00f3n sistem\u00e1tica de poblaciones ind\u00edgenas y negras de los proyectos Estado-Naci\u00f3n<\/em>\u201d<a href=\"#_edn58\">[58]<\/a><\/p>\n<p style=\"padding-left: 30px; text-align: justify;\"><strong><span style=\"color: #ffffff;\">.<\/span><\/strong><\/p>\n<p style=\"text-align: justify;\">En cuanto a la fronterizaci\u00f3n del Caribe como tal, \u00e9sta contrasta con los dem\u00e1s procesos, especialmente con aquellos que se hacen llamar del \u201cinterior\u201d en los pa\u00edses de tierra firme del Caribe, pues ha sido tan marcada tales diferencias, que al expresar de Polo (2006) y M\u00fanera (2005), resultan siendo por s\u00ed solas en esa comunidad de fronteras imaginadas \u201cc\u00e1rceles historiogr\u00e1ficas\u201d, ya que, en \u00e9sta no s\u00f3lo se dan las desvinculaciones con los del \u201ccentro\u201d (donde se concentra el poder), sino con otras fronteras internas que con base en el colectivo imaginario de la gente, a\u00fan son aparentemente m\u00e1s lejanas, siendo que en los nexos que tiene con la sociedad, estos hacen parte de esa unidad nacional, caribe\u00f1a o latinoamericana, donde a partir de esa ruptura de estereotipos se gener\u00f3 una bipolarizaci\u00f3n de im\u00e1genes en torno a la civilizaci\u00f3n y la barbarie<a href=\"#_edn59\">[59]<\/a>.<\/p>\n<p style=\"text-align: justify;\"><span style=\"color: #ffffff;\">\/<\/span><\/p>\n<p style=\"text-align: justify;\">Siendo as\u00ed, que la fronterizaci\u00f3n caribe\u00f1a, a lo largo de los procesos hist\u00f3ricos, se ha construido en la din\u00e1mica y en la forma, c\u00f3mo se d\u00e9 la relaci\u00f3n entre los poderes centrales y los intereses de las poblaciones locales. En ese sentido, seg\u00fan M\u00fanera (2005 y) Polo (2006) el concepto de frontera indica movilidad, porosidad, dinamismo, bi-conceptualidad del mundo y desplazamiento en un espacio geogr\u00e1fico pol\u00edtica y culturalmente imaginado<a href=\"#_edn60\">[60]<\/a>.\u00a0 Estos procesos de fronterizaci\u00f3n ya no con los de monta\u00f1a, sino al interior del Caribe, lejos de ayudar a establecer comunidades cerradas,<\/p>\n<p style=\"padding-left: 30px; text-align: justify;\">\u201c<em>generaron por el contrario acercamiento, negociaciones, sincretismos e hibridaciones entre los distintos sectores sociales que produjeron un modus vivendi particular en la frontera<\/em>\u201d<a href=\"#_edn61\">[61]<\/a>,<\/p>\n<p style=\"text-align: justify;\">de ah\u00ed que el Caribe desintegre, pero tambi\u00e9n re\u00fana, y que repele, pero a la vez atraiga.<\/p>\n<p style=\"text-align: justify;\"><span style=\"color: #ffffff;\">\/<\/span><\/p>\n<p style=\"text-align: justify;\">En ese contexto, el t\u00e9rmino frontera alude, por lo tanto, a una peculiar estructura social y econ\u00f3mica, determinada por la relaci\u00f3n desigual con otros espacios. En este sentido, la frontera tiene un car\u00e1cter ambivalente, pues resulta ser, al mismo tiempo:<\/p>\n<p style=\"padding-left: 30px; text-align: justify;\">\u201c<em>lugar de avanzada (como pensaba Turner), donde se ensayan, por primera vez, respuestas y pr\u00e1cticas que posteriormente son asumidas en otras regiones, y tambi\u00e9n lugar de refugio, hacia donde los grupos perdedores de los procesos de cambio resultan expulsados<\/em>\u201d<a href=\"#_edn62\">[62]<\/a><\/p>\n<p style=\"text-align: justify;\">&nbsp;<\/p>\n<p style=\"text-align: justify;\">Este doble car\u00e1cter de frontera, marca su historia y dota a los territorios de un perfil peculiar que, en el \u00e1mbito simb\u00f3lico, como antes se hab\u00eda expresado, se percibe en los discursos ambiguos elaborados desde los centros de poderes regionales<a href=\"#_edn63\">[63]<\/a>. Para comprender esta situaci\u00f3n, es importante verla desde la nueva escuela historiogr\u00e1fica y en especial desde la teor\u00eda de la dependencia<a href=\"#_edn64\">[64]<\/a>, donde como objeto primario se estudia la relaci\u00f3n \u201cCentro\u201d \u2013 \u201cPeriferia\u201d, categor\u00edas que a pesar, de que en un principio fueron hechas en t\u00e9rminos econ\u00f3micos, pronto fueron adaptados a los estudios de la historia<a href=\"#_edn65\">[65]<\/a>.<\/p>\n<p style=\"text-align: justify;\"><span style=\"color: #ffffff;\">\/<\/span><\/p>\n<p style=\"text-align: justify;\">Como se puede evidenciar, el t\u00e9rmino frontera, desde estas consideraciones, resulta enriquecida, pues no s\u00f3lo tiene impl\u00edcito las especificaciones meramente geogr\u00e1ficas, sino tambi\u00e9n presenta diversas connotaciones. Es el caso de Rolando Mellaf\u00e9 (1969, 11) en su estudio sobre la ocupaci\u00f3n del suelo en el Virreinato del Per\u00fa, quien defini\u00f3 a la frontera como: \u201c<em>frontera es, a un tiempo, un territorio y un proceso<\/em>\u201d, d\u00e1ndose como casos de procesos, los de producci\u00f3n, de estructuraci\u00f3n, institucional y social<a href=\"#_edn66\">[66]<\/a>, donde a nivel del Caribe, a\u00fan no se han institucionalizado en un continuo normal, pero que est\u00e1n en un camino de formaci\u00f3n o transformaci\u00f3n.<\/p>\n<p style=\"text-align: justify;\"><strong><span style=\"color: #ffffff;\">.<\/span><\/strong><\/p>\n<p style=\"text-align: justify;\"><strong>V. La concepci\u00f3n de lo Caribe y sobre el Caribe<\/strong><\/p>\n<p style=\"text-align: justify;\"><strong><span style=\"color: #ffffff;\">.<\/span><\/strong><\/p>\n<p style=\"text-align: justify;\">En una de las primeras citas de este escrito, se referenci\u00f3 una frase de Garc\u00eda M\u00e1rquez: \u201c<em>Caribe: es el \u00fanico mundo en que no me siento extranjero y donde pienso mejor\u201d<\/em>, palabras que dejan ver un senti-pensar de algo, que es ese universo llamado Caribe. Garc\u00eda M\u00e1rquez, aunque es colombiano de nacimiento, como dice \u00e9l mismo, se siente caribe\u00f1o, que de acuerdo con Santana (2007) en ese discernimiento, apunta a un fen\u00f3meno cultural a saber: el de la existencia de h\u00e1bitos, costumbres, y modos de vivir y sentir la vida bastante similar.<\/p>\n<p style=\"padding-left: 30px; text-align: justify;\"><em>\u201cSe trata de la existencia de una cultura, y de una\u00a0 historia com\u00fan o con fuertes nexos y vasos comunicantes en el marco de una regi\u00f3n pluri\u00e9tnica, multirracial y diversa desde el punto de vista ling\u00fc\u00edstico. De hecho Garc\u00eda M\u00e1rquez nos sugiere un gran tema: el de la identidad o unidad de lo diverso; identidad cultural dentro de la diversidad y heterogeneidad de esa regi\u00f3n que hoy en d\u00eda denominamos Caribe\u201d<\/em><a href=\"#_edn67\">[67]<\/a>.<\/p>\n<p style=\"text-align: justify;\">Santana (2007), de la misma manera expresa:<\/p>\n<p style=\"padding-left: 30px; text-align: justify;\"><em>\u201cTodo intento de estudiar las ideas y su evoluci\u00f3n hist\u00f3rica en lo que hoy en d\u00eda denominamos Caribe exige siempre un esfuerzo adicional para el estudioso: el pensar y repensar el Caribe, debido a la diversidad de criterios y puntos de vista que existen sobre la regi\u00f3n y los pa\u00edses que la integran. El problema no se hace menor cuando se reduce el referente al contexto del Caribe hispano, pues en este caso existe igualmente disparidad de opiniones. Estas van desde las que consideran s\u00f3lo a las Antillas hasta aquellas que partiendo del t\u00e9rmino cuenca incluyen a territorios continentales que se encuentran en el denominado complejo Golfo \u2013 Caribe\u201d.<\/em><\/p>\n<p style=\"text-align: justify;\"><em><br \/>\n<\/em><\/p>\n<p style=\"text-align: justify;\">No obstante lo anterior, hay autores que tienen criterios diferentes, verbigracia de ello, Carlos Rojas Osorio (1997) en su libro <em>Filosof\u00eda moderna en el Caribe hispano<\/em>, deliberadamente omite a ciertos pa\u00edses en la integraci\u00f3n de ese Gran Caribe.<\/p>\n<p style=\"padding-left: 30px; text-align: justify;\">\u201c\u2026. <em>Quisiera indicar claramente que este estudio se circunscribe a los pa\u00edses de la cuenca del Caribe de habla hispana: Cuba, Santo Domingo, Venezuela, Colombia, Puerto Rico Panam\u00e1, Costa Rica, Honduras y Guatemala<\/em>\u201d<a href=\"#_edn68\">[68]<\/a><\/p>\n<p style=\"text-align: justify;\">Al tenor de lo anterior, es de suma extra\u00f1eza que este autor excluya de ra\u00edz y sin ninguna explicaci\u00f3n, a pa\u00edses que a la luz de la l\u00f3gica y sin tener los m\u00e1s connotados conocimientos de geograf\u00eda, se sabe hacen parte del Caribe hispano, es el caso de M\u00e9xico y Nicaragua, rep\u00fablicas que como se evidenci\u00f3 anteriormente tienen inherencia directa con el Mar Caribe<a href=\"#_edn69\">[69]<\/a>. Aqu\u00ed se podr\u00eda decir que en relaci\u00f3n a El Salvador que tambi\u00e9n excluye de tajo, tal vez tenga raz\u00f3n, si se le mira desde la \u00f3ptica de l\u00edmites con la masa de agua, como dijeran Gaztambide<strong> <\/strong>(2007) y Santana (2007), porque \u201c<em>no toca una gota de agua con el Mar Caribe<\/em>\u201d<a href=\"#_edn70\">[70]<\/a>, pero que, desde el punto de vista cultural, racial, hist\u00f3rico, entre otros, hace parte de esa hermandad<a href=\"#_edn71\">[71]<\/a>, raz\u00f3n por la cual, no compartimos dicha teor\u00eda, aunque la respetamos, b\u00e1sicamente por lo que Gonz\u00e1lez Arana (2007) diserta sobre las caracter\u00edsticas primordiales para ser concebido como pa\u00eds caribe, las cuales precisamente se dan por<\/p>\n<p style=\"padding-left: 30px; text-align: justify;\">\u201c<em>la existencia en el Caribe de una serie de problemas comunes al conjunto de los pa\u00edses latinoamericanos, all\u00ed muchos procesos hist\u00f3ricos coloniales y contempor\u00e1neos se han dado con mayor fuerza y nitidez que en el resto del subcontinente, ya que la opresi\u00f3n extranjera se ha ejercido en un universo geogr\u00e1fico y demogr\u00e1fico menos compacto y ha sido objeto del inter\u00e9s y las rivalidades de m\u00faltiples potencias, como centro tambi\u00e9n de importantes y singulares procesos socioecon\u00f3micos y de luchas sociales muy intensas<\/em>\u201d<a href=\"#_edn72\">[72]<\/a><\/p>\n<p style=\"text-align: justify;\"><span style=\"color: #ffffff;\">\/<\/span><\/p>\n<p style=\"text-align: justify;\">De ese Caribe que pretendemos tratar, existen muchas definiciones y delimitaciones, en las que se mira desde su dimensi\u00f3n geogr\u00e1fica, hist\u00f3rica, socio-cultural, geohist\u00f3rica, geopol\u00edtica y filos\u00f3fica.\u00a0 En el concepto de Sadner (1984), (2003), Avella (2001), (2006) y Aja (2007), desde esas diferentes dimensiones, el Caribe se define ante todo por los procesos y din\u00e1micas que se han generado<\/p>\n<p style=\"padding-left: 30px; text-align: justify;\">\u201c\u2026<em>en el espacio que est\u00e1 conectado por ese mar semicerrado, por los bordes que se constituyen en el espacio insular y las porciones continentales<\/em>\u2026\u201d<a href=\"#_edn73\">[73]<\/a>.<\/p>\n<p style=\"text-align: justify;\"><span style=\"color: #ffffff;\">\/<\/span><\/p>\n<p style=\"text-align: justify;\">Ante eso, por la dificultad de haberse definido al Caribe polifac\u00e9ticamente, y por la difusa idea que a\u00fan se tiene de Caribe, la pertenencia al Gran Caribe, en ciertos pa\u00edses surge m\u00e1s por unos intereses, que por una objetividad geogr\u00e1fica e hist\u00f3rica<a href=\"#_edn74\">[74]<\/a>. De esta manera, existen diferentes maneras de concebir al Caribe, pues, existen el Caribe Insular (Antillas mayores y menores), El Caribe amplio que incluye las costas de Centro Am\u00e9rica y Sur Am\u00e9rica y el Caribe extenso, que permite hablar de escenarios costeros del sur de M\u00e9xico, el norte de la Florida, Centro Am\u00e9rica, Norte de Colombia, Venezuela, las Guyanas e incluso hasta algo del Norte de Brasil.<a href=\"#_edn75\">[75]<\/a><\/p>\n<p style=\"text-align: justify;\"><span style=\"color: #ffffff;\">\/<\/span><\/p>\n<p style=\"text-align: justify;\">Por su parte Gonz\u00e1lez Arana (2007), tajantemente sentencia<\/p>\n<p style=\"padding-left: 30px; text-align: justify;\">\u201c<em>Por Caribe entendemos no s\u00f3lo las islas antillanas, sino tambi\u00e9n todos aquellos espacios mar\u00edtimos y continentales que integran el per\u00edmetro geopol\u00edtico caribe\u00f1o, el cual incluye a la  Costa Atl\u00e1ntica de Colombia, Venezuela, las Guayanas, M\u00e9xico y Centroam\u00e9rica<\/em>\u201d.<\/p>\n<p style=\"text-align: justify;\">Dando por sentado no s\u00f3lo la integraci\u00f3n de los pa\u00edses del Norte de Am\u00e9rica del Sur y Centro Am\u00e9rica al Caribe, sino tambi\u00e9n incluyendo de hecho a El Salvador, Nicaragua y M\u00e9xico, pa\u00edses excluidos anteriormente por Rojas Osorio (1997), pero adem\u00e1s incluyendo a pesar de no ser de habla Hispana a la antigua honduras brit\u00e1nica, hoy conocida por Belice, de la cual a\u00fan no se hab\u00eda tratado.<\/p>\n<p style=\"text-align: justify;\"><strong><span style=\"color: #ffffff;\">.<\/span><\/strong><\/p>\n<p style=\"text-align: justify;\"><strong>VI. Historiograf\u00eda sobre el Caribe e historia de fronteras en el Caribe y de lo Caribe <\/strong><\/p>\n<p style=\"text-align: justify;\"><strong><span style=\"color: #ffffff;\">.<\/span><\/strong><\/p>\n<p style=\"text-align: justify;\">Al definir los estudios del Caribe, dentro de la concepci\u00f3n de historia regional, \u00e9sta ha sido definida c\u00f3mo un \u00e1rea de regiones, quiz\u00e1s para aludir, al hecho puramente geogr\u00e1fico de que los procesos econ\u00f3micos, pol\u00edticos, culturales y sociales toman rumbos diversos en cada espacio econ\u00f3mico, dificultando as\u00ed las interrelaciones globales del espacio latinoamericano y caribe\u00f1o. Por eso, Bejarano (1994) manifiesta que a fines del pasado milenio, \u00e9ste determinante estaba demasiado marcado, primordialmente por el renacimiento de la idea de regi\u00f3n como concepto hist\u00f3rico-econ\u00f3mico, cultural y pol\u00edtico y ello confiere un sentido particular a la historia regional en el conjunto de la historiograf\u00eda, pero dentro de unos contextos y pretensiones globalizantes<a href=\"#_edn76\">[76]<\/a>.<\/p>\n<p style=\"text-align: justify;\"><span style=\"color: #ffffff;\">\/<\/span><\/p>\n<p style=\"text-align: justify;\">As\u00ed, en ese sentido, nos estamos refiriendo en primer t\u00e9rmino a unos estudios que conciben a la regi\u00f3n como una unidad econ\u00f3mica-social que sirve para diferenciarse y as\u00ed poder precisar sus caracter\u00edsticas; m\u00e1s que querer globalizarla. Pues la historiograf\u00eda pol\u00edtica de los pa\u00edses caribe\u00f1os han sido tradicionalmente de corte nacional, en alusi\u00f3n al hecho de que err\u00f3neamente se ha concentrado en los actos de los Gobiernos centrales, en las figuras que han actuado dentro de un marco pol\u00edtico y en la que lo regional aparece siempre como caso particular.<a href=\"#_edn77\">[77]<\/a><\/p>\n<p style=\"text-align: justify;\">&nbsp;<\/p>\n<p style=\"text-align: justify;\">Sobre este aspecto es bueno profundizar en el hecho, de que tambi\u00e9n es cierto, que en la historia social y econ\u00f3mica, suelen invertir el procedimiento para convertir en nacional lo que apenas es una caracter\u00edstica regional. Por eso, no es menos importante el papel de los investigadores que han utilizado dicha forma para hacer historia, sin embargo este hecho en lo que ata\u00f1e al objeto de este escrito, tiene una digresi\u00f3n sobre lo que es frontera. Desviaci\u00f3n por lo que muchos escritores norteamericanos seducidos por esta metodolog\u00eda historiogr\u00e1fica han denominado seg\u00fan Bejarano (1994) como \u201ccivilizaci\u00f3n de frontera\u201d<a href=\"#_edn78\">[78]<\/a>. \u00a0Denominaci\u00f3n que al ser vista desde la concepci\u00f3n meramente de Regi\u00f3n, y al no pertenecer a ese centro de poder y estar en la periferia, comienza a verse como una Regi\u00f3n inculta y b\u00e1rbara donde no es posible la civilizaci\u00f3n<a href=\"#_edn79\">[79]<\/a>.<\/p>\n<p style=\"text-align: justify;\"><span style=\"color: #ffffff;\">\/<\/span><\/p>\n<p style=\"text-align: justify;\">Al aterrizar lo anterior ya en los estudios sobre el Caribe, estos nacieron entre las ciencias sociales, en Francia e Inglaterra, en la mitad del siglo XX, inicialmente dentro de la comunidad acad\u00e9mica de esos pa\u00edses para analizar la problem\u00e1tica de sus territorios en ultramar. En ese contexto, en primera instancia, seg\u00fan Abello (2006), cuando nacen estos estudios, las Antillas mayores y menores que no hac\u00edan parte de estos territorios ultramarinos, al igual que todo el Caribe definido anteriormente les resultaron invisibles<a href=\"#_edn80\">[80]<\/a>.\u00a0 Aduciendo adem\u00e1s, que las primeras investigaciones sobre el Caribe, s\u00f3lo estaban circunscritas en buena medida a los estudios sobre la historia de las plantaciones en el Nuevo Mundo<a href=\"#_edn81\">[81]<\/a>.<\/p>\n<p style=\"text-align: justify;\"><span style=\"color: #ffffff;\">\/<\/span><\/p>\n<p style=\"text-align: justify;\">Eso nos muestra dentro de la historiograf\u00eda que tan recientes son los estudios sobre el Gran Caribe. Aunque, \u00e9ste gran Caribe, desde su historia precolombina, ha mantenido relaciones hist\u00f3ricas, especialmente dentro del proceso de comunicaci\u00f3n entre los pueblos que habitaban su geograf\u00eda, y como dijo Aja (2007) con los procesos de conquista y colonizaci\u00f3n se intensificaron dichos procesos, haciendo que la econom\u00eda triangular (capital europeo, mano de obra africana y tierra americana) fueran el eje de la consolidaci\u00f3n del capitalismo con los procesos de acumulaci\u00f3n derivados de la esclavitud, el exterminio y al despojo que se vieron sometidos algunos pueblos africanos y abor\u00edgenes del Caribe.<\/p>\n<p style=\"text-align: justify;\"><span style=\"color: #ffffff;\">\/<\/span><\/p>\n<p style=\"text-align: justify;\">Ante eso, Antonio Gaztambide (1996) y (2007) enuncia que la palabra Caribe, c\u00f3mo concepto que define al mar, las islas y las costas continentales adyacentes al mismo, es una invenci\u00f3n de fines del siglo XIX, pero sobre todo del siglo XX<a href=\"#_edn82\">[82]<\/a>. Invento que arranca precisamente de la transici\u00f3n existente en la regi\u00f3n de la hegemon\u00eda europea a la estadounidense<a href=\"#_edn83\">[83]<\/a>, hechos que m\u00e1s adelante se explicar\u00e1n en detalle.<\/p>\n<p style=\"text-align: justify;\"><span style=\"color: #ffffff;\">\/<\/span><\/p>\n<p style=\"text-align: justify;\">Aunque el t\u00e9rmino etimol\u00f3gicamente proviene de tiempos m\u00e1s remotos; es precisamente, en el primer viaje de Col\u00f3n, en el diario de navegaci\u00f3n, calendado lunes 26 de Noviembre, cuando usan la palabra Caribe por primera vez, en especial para nombrar a los indios que se encuentran al este de los arahuacos antillanos<a href=\"#_edn84\">[84]<\/a>. M\u00e1s adelante en \u00e9ste y en su segundo viaje los caribes son descritos como can\u00edbales o antrop\u00f3fagos que navegaban por el mar, que siglos m\u00e1s tarde recibir\u00eda su nombre y poblaban las Antillas y parte de la costa norte de Am\u00e9rica del sur.<\/p>\n<p style=\"padding-left: 30px; text-align: justify;\">\u201c<em>Con Col\u00f3n comienza tambi\u00e9n la identificaci\u00f3n de los caribes como indios bravos e irreductibles, pues fueron los primeros en oponer resistencia a la conquista de sus territorios\u201d<\/em><a href=\"#_edn85\">[85]<\/a>.<\/p>\n<p style=\"text-align: justify;\">&nbsp;<\/p>\n<p style=\"text-align: justify;\">Seg\u00fan Jos\u00e9 J Arrom (1980) la palabra combina dos t\u00e9rminos del tup\u00ed \u2013 guaran\u00ed; a saber carai = se\u00f1or y be = poderoso.<a href=\"#_edn86\">[86]<\/a>. Bell (2006) dentro de ese contexto, tambi\u00e9n enfatiza que fue <em>caribata<\/em> el t\u00e9rmino exacto, con que Col\u00f3n llam\u00f3 a los ind\u00edgenas can\u00edbales que se devoraron a sus compa\u00f1eros de viaje, de ah\u00ed, es pues, que se conoce entonces el origen de la palabra Caribe<a href=\"#_edn87\">[87]<\/a>.<\/p>\n<p style=\"text-align: justify;\"><span style=\"color: #ffffff;\">\/<\/span><\/p>\n<p style=\"text-align: justify;\">Sin embargo, la palabra Caribe que se ha utilizado para bautizar al territorio y el mar que lo ba\u00f1a, no nace a la palestra al menos en los primeros 300 a\u00f1os posteriores al \u201cDescubrimiento\u201d, pues, en la cartograf\u00eda sobre el Nuevo Mundo en el siglo XVI no aparec\u00eda este t\u00e9rmino, ya que en los mapas y cartas de navegaci\u00f3n, seg\u00fan Santana (2007) lo que mostraban era \u201c<em>la m\u00e1s desconcertante y abigarrada amalgama de golfos, mares y oc\u00e9anos, para denominar al mar y las islas y tierras circundantes<\/em>\u201d<a href=\"#_edn88\">[88]<\/a>. Entre estos se puede citar mar del norte (<em>Mer du Nord<\/em> en oposici\u00f3n al Oc\u00e9ano Pac\u00edfico por ser \u00e9ste conocido en sus inicios como mar del Sur), mar de las Antillas, Mediterr\u00e1neo Americano, Caribby, o West Indies, cuando se trataba de mostrar a la traducci\u00f3n en ingl\u00e9s del imperio espa\u00f1ol, entre otros.<\/p>\n<p style=\"text-align: justify;\"><span style=\"color: #ffffff;\">\/<\/span><\/p>\n<p style=\"text-align: justify;\">En el decursar hist\u00f3rico, sobre los puntos geohist\u00f3ricos que se pretende tratar de l\u00edmites y fronteras, cuando nace el concepto de lo Caribe, estos sin lugar a dudas no tienen nada que ver con lo que es el Caribe actual. Sus l\u00edmites geogr\u00e1ficos, su territorio y las \u00e1reas de jurisdicci\u00f3n de la soberan\u00eda cambiaron con el tiempo, debido a los avatares pol\u00edticos a los que fueron sometidos, verbigracia de ello, el desmembramiento de los territorios colonizados en su declaraci\u00f3n de independencia, ya fuera de Espa\u00f1a, Inglaterra o Francia, la p\u00e9rdida de Panam\u00e1 por parte de Colombia, la desintegraci\u00f3n de la Gran Colombia<a href=\"#_edn89\">[89]<\/a>, entre otros.<\/p>\n<p style=\"text-align: justify;\"><span style=\"color: #ffffff;\">\/<\/span><\/p>\n<p style=\"text-align: justify;\">Justamente, para ilustrar esos cambios, con la promulgaci\u00f3n de la constituci\u00f3n de C\u00facuta, en el a\u00f1o de 1.821, en su art\u00edculo 5, se establece<\/p>\n<p style=\"padding-left: 30px; text-align: justify;\">\u201c<em>el territorio de la Rep\u00fablica de Colombia ser\u00e1 comprendido dentro de los l\u00edmites de la antigua Capitan\u00eda General de Venezuela y el Virreinato y Capitan\u00eda General del Nuevo Reino de Granada\u2026<\/em>\u201d <a href=\"#_edn90\">[90]<\/a>,<\/p>\n<p style=\"text-align: justify;\">proyecto \u00e9ste que despu\u00e9s en 1.830, emergieron tres Rep\u00fablicas: Venezuela, Ecuador y la Nueva  Granada y donde sus l\u00edmites y fronteras incluso un\u00edan hasta algo inveros\u00edmil para esos momentos, adherir al pac\u00edfico con el mar Caribe, pues, al integrarse el Ecuador, territorio que s\u00f3lo ten\u00eda salida por el Oc\u00e9ano Pac\u00edfico, se presenta entonces pol\u00edtica y administrativamente un ordenamiento directo con el Mar Caribe, siendo as\u00ed, que la constituci\u00f3n del Estado de la Nueva Granada de 1.832, en su art\u00edculo 2, se\u00f1alar\u00e1:<\/p>\n<p style=\"padding-left: 30px; text-align: justify;\">\u201c<em>Los l\u00edmites de este Estado, son los mismos que en 1.810 divid\u00edan al territorio de la Nueva Granada de la Capitan\u00edas Generales de Venezuela y Guatemala y de las posesiones portuguesas del Brasil<\/em>\u201d<a href=\"#_edn91\">[91]<\/a> .<\/p>\n<p style=\"text-align: justify;\"><span style=\"color: #ffffff;\">\/<\/span><\/p>\n<p style=\"text-align: justify;\">El p\u00e1rrafo anterior nos muestra cu\u00e1n grande, a trav\u00e9s de la historia, en cuanto a l\u00edmites y fronteras en el Caribe result\u00f3 esa integraci\u00f3n, pues a eso hay que se\u00f1alar que ese espacio geogr\u00e1fico iba desde las fronteras Venezolanas con el Brasil, hasta Guatemala, teniendo en cuenta que Panam\u00e1 para ese entonces hac\u00eda parte de Colombia y Costa Rica, Nicaragua y Honduras, por su parte de Guatemala. Hechos que si lo miramos a la luz de la l\u00f3gica, y en concepto de Avella (2006), ese territorio ser\u00eda responsable de m\u00e1s de dos (2) tercios al interior de la cuenca del Gran Caribe. Y desde esa \u00f3ptica, con cierta validez es que se diga que Colombia, posea un factor dominante en el Caribe Suroccidental y est\u00e9 destinado a ser tratado como un pa\u00eds conquistador y abusivo en t\u00e9rminos de delimitaci\u00f3n geogr\u00e1fica, tanto en \u00e1reas marinas como submarinas<a href=\"#_edn92\">[92]<\/a>.<\/p>\n<p style=\"text-align: justify;\"><span style=\"color: #ffffff;\">\/<\/span><\/p>\n<p style=\"text-align: justify;\">Por eso cuando de historia se trata, al Caribe como mar no se le puede dar la espalda, de ah\u00ed que esa afirmaci\u00f3n que se mencion\u00f3 con anterioridad y expresada s\u00f3lo en 1.993, por el Ex Vicepresidente de Colombia, Humberto de la Calle Lombana \u00bf<em>qui\u00e9n iba pensar que hasta hace poco, Colombia limitaba con Jamaica<\/em>?, seg\u00fan Bell (2006), si esta pregunta se hubiese hecho en los siglos XVIII y XIX, tal vez hubiera resultado mejor al rev\u00e9s: \u00bf<em>Qui\u00e9n no sabe que Jamaica es vecino de la Nueva Granada<\/em>?<a href=\"#_edn93\">[93]<\/a>. \u00a0Esto para mencionar, lo importante que resultaron ser las jurisdicciones del Caribe en su relaci\u00f3n externa durante los siglos mencionados, m\u00e1xime cuando el \u00fanico medio de comunicarse, acorde con las investigaciones de los profesores Sorhegui (2004), (2002) y Vidal Ortega (2002) era a trav\u00e9s del sistema mar\u00edtimo<a href=\"#_edn94\">[94]<\/a>.<\/p>\n<p style=\"text-align: justify;\"><span style=\"color: #ffffff;\">\/<\/span><\/p>\n<p style=\"text-align: justify;\">En ese orden de ideas, si retomamos lo dicho anteriormente, sobre ese mar que se \u201cmueve\u201d, el Caribe a finales del siglo XVIII, por el meneo producido en las constantes guerras entre Francia, Inglaterra, Holanda y Espa\u00f1a y despu\u00e9s de 1.776 con la entrada de los Estados Unidos, por la intenci\u00f3n de expansi\u00f3n de algunos y sostenimiento de otros, sobre las provincias del Caribe, las fronteras de \u00e9stas, por supuesto, no se pod\u00edan delimitar<a href=\"#_edn95\">[95]<\/a>, por tanto, \u00e9ste mar era una frontera imperial, que a pesar de que ten\u00eda m\u00e1s de dos siglos y medio de ser descubierto, a\u00fan no estaba claro en cuanto a fronteras, c\u00f3mo estaba delimitado. Pues, durante todo el siglo XVIII, los pa\u00edses con inherencia sobre el Caribe, se convirtieron en pa\u00edses de rapi\u00f1a, ya que, como no hab\u00eda confines que lo deslindara, los ingleses se tomaban a la brava las provincias espa\u00f1olas y francesas, los franceses a su vez se tomaban a mansalva las provincias holandesas, espa\u00f1olas e inglesas, y as\u00ed sucesivamente<a href=\"#_edn96\">[96]<\/a>.<\/p>\n<p style=\"text-align: justify;\"><span style=\"color: #ffffff;\">\/<\/span><\/p>\n<p style=\"text-align: justify;\">Hecho que hizo, que c\u00f3mo ninguno de estos pa\u00edses sab\u00eda cu\u00e1les eran sus verdaderos territorios, se vieran obligados a realizar permanentemente su propia cartograf\u00eda en la medida que se iban moviendo sus espacios geogr\u00e1ficos. Tem\u00e1tica, de la cual nos ocuparemos, en aras de establecer a partir de cu\u00e1ndo, c\u00f3mo y qui\u00e9nes, fueron los primeros en ilustrar gr\u00e1ficamente y en t\u00e9rminos corrientes de hoy a la regi\u00f3n como Mar Caribe<a href=\"#_edn97\">[97]<\/a>.<\/p>\n<p style=\"text-align: justify;\"><span style=\"color: #ffffff;\">\/<\/span><\/p>\n<p style=\"text-align: justify;\">En renglones anteriores, ya se hab\u00eda arg\u00fcido que sobre la forma de denominar al mar Caribe en los procesos hist\u00f3ricos, \u00e9ste fue variado, y en la medida que avanzaban las d\u00e9cadas fue m\u00e1s din\u00e1mico y lleno de una amalgama de alternativas, hasta llegar a lo que hoy conocemos como la gran cuenca del Mar Caribe. Es menester acotar, que por esos conflictos generados en el siglo XVIII y en el af\u00e1n de demarcar dichos territorios, fue Inglaterra el primero en precisar en mapas y cartas de navegaci\u00f3n a finales de esta centuria a <em>Caribbean Sea<\/em>, ya que algunos franceses para este mismo periodo lo hac\u00eda como <em>Mer du Nord<\/em>, entretanto otros lo hac\u00edan como <em>Mer des Entilles<\/em><a href=\"#_edn98\">[98]<\/a>, siendo imperioso aclarar que, en primera instancia cuando los anglosajones en el siglo XVII se refer\u00edan a la regi\u00f3n en menci\u00f3n, lo hac\u00edan como <em>West Indies<\/em>, mientras que al entrar el dieciochesco estos mismos al rese\u00f1ar sobre lo que hoy es el Caribe, lo hac\u00edan con una bifurcaci\u00f3n de concepto, pues para las Antillas mayores se ilustraba como <em>Caribbean Sea,<\/em> mientras<em> <\/em>que para las Antillas menores se rese\u00f1aba como <em>Caribby<\/em><a href=\"#_edn99\">[99]<\/a>.<\/p>\n<p style=\"padding-left: 30px; text-align: justify;\"><em>\u201cFue a partir de la segunda mitad del siglo XVIII y primeras d\u00e9cadas del XIX que se hizo m\u00e1s frecuente\u00a0 el nombre de las Antillas para designar al mar y las islas que esta ba\u00f1a y eventualmente el t\u00e9rmino Caribe con la misma funci\u00f3n. La geograf\u00eda se depur\u00f3 marcada siempre por la geopol\u00edtica y los acontecimientos que tuvieron su expresi\u00f3n en el apogeo de la plantaci\u00f3n esclavista, la consolidaci\u00f3n de la hegemon\u00eda brit\u00e1nica y el ciclo de revoluciones a ambos lados del Atl\u00e1ntico\u201d<\/em><a href=\"#_edn100\">[100]<\/a>.<\/p>\n<p style=\"text-align: justify;\"><span style=\"color: #ffffff;\">\/<\/span><\/p>\n<p style=\"text-align: justify;\">En esas consideraciones, el Caribe s\u00f3lo estaba supeditado al mar que ba\u00f1a a las Antillas y no a los pa\u00edses continentales que la circunscriben, sin embargo, no fue hasta fines del siglo XIX e inicios del XX cuando el t\u00e9rmino Caribe alcanza una verdadera c\u00e9dula de ciudadan\u00eda para designar al \u00e1rea<a href=\"#_edn101\">[101]<\/a>. De ah\u00ed que haya sido hasta el siglo XX y en especial en la segunda mitad, cuando se empez\u00f3 a visionar y tratar con seriedad el asunto de la gran Cuenca del Caribe, b\u00e1sicamente producto de la irrupci\u00f3n de los Estados Unidos a partir de 1898 como potencia en el Hemisferio Occidental, hecho sin precedentes, aunque, para la consolidaci\u00f3n del Caribe marca el punto de viraje<a href=\"#_edn102\">[102]<\/a>.<\/p>\n<p style=\"text-align: justify;\">&nbsp;<\/p>\n<p style=\"text-align: justify;\">La intervenci\u00f3n de los Estados Unidos en la guerra de independencia de Cuba fue el paso decisivo que abri\u00f3 la marcha del imperialismo en la regi\u00f3n del Caribe e impuso por su parte a Cuba con la famosa Enmienda Platt, unas restricciones y garant\u00edas tan estrictas que la isla qued\u00f3 sumisa a un virtual protectorado<a href=\"#_edn103\">[103]<\/a>.\u00a0 Para completar el cuadro, como dice textualmente Franco (1989) con Puerto Rico en su poder, adquirieron la isla de Saint-Thomas,<a href=\"#_edn104\">[104]<\/a> Santa Cruz y San Juan en 1.917,\u201c<em>convirtiendo as\u00ed al Mediterr\u00e1neo de Am\u00e9rica en un lago propio<\/em>\u201d<a href=\"#_edn105\">[105]<\/a>, siendo que esa posesi\u00f3n dominante reafirmada por la llamada acta de la Habana, acordada en 1.940, \u201c<em>legaliz\u00f3 virtualmente la expansi\u00f3n imperialista yanqui en la Regi\u00f3n del Caribe<\/em>\u201d<a href=\"#_edn106\">[106]<\/a>.<\/p>\n<p style=\"text-align: justify;\"><span style=\"color: #ffffff;\">\/<\/span><\/p>\n<p style=\"text-align: justify;\">Por su parte Santana (2007), dice:<\/p>\n<p style=\"padding-left: 30px; text-align: justify;\"><em>\u201cLos Estados Unidos saldr\u00edan fortalecidos y como potencia regional emergente, pues ocup\u00f3 a Cuba, para admitir en 1902 el establecimiento de una rep\u00fablica con soberan\u00eda limitada bajo los preceptos de la Enmienda Platt; se anex\u00f3 a Puerto Rico, y en el Pac\u00edfico a Filipinas, Guam y de paso a Hawai. S\u00f3lo dos a\u00f1os antes en una obra ampliamente divulgada denominada el \u201cInter\u00e9s de los Estados Unidos en el poder naval\u201d,<strong> <\/strong>el almirante Alfred T. Mahan hab\u00eda proclamado que una nueva etapa del \u201cdestino manifiesto estaba en marcha y \u00e9sta demandaba la posesi\u00f3n de un canal en Centroam\u00e9rica y el dominio de los pasos del Caribe, entre otras exigencias\u201d<\/em><a href=\"#_edn107\">[107]<\/a><\/p>\n<p style=\"text-align: justify;\">&nbsp;<\/p>\n<p style=\"text-align: justify;\">Gaztambide (1996), (2007) y Santana (2007) enfatizan que es s\u00f3lo hasta entonces cuando la naci\u00f3n norte\u00f1a comenz\u00f3 a conformar su imagen del Caribe, al considerarlo como su traspatio o mar interior e imponer el corolario Roosevelt, representado por la\u00a0 pol\u00edtica del Gran Garrote o <em>big stick<\/em> <a href=\"#_edn108\">[108]<\/a> A partir de ese momento la pol\u00edtica norteamericana para la zona se caracteriz\u00f3 por las continuadas y repetidas intervenciones. Qui\u00e9n primero sufri\u00f3 las consecuencias de esta pol\u00edtica fue Panam\u00e1. En 1903 intervinieron en la zona del canal, propiciaron la separaci\u00f3n paname\u00f1a de Colombia e impusieron una suerte de protectorado a la reci\u00e9n estrenada Rep\u00fablica a la que ocupar\u00edan militarmente en reiteradas ocasiones. La ofensiva norteamericana continu\u00f3 con la intervenci\u00f3n de las aduanas de Rep\u00fablica Dominicana en 1905, alegando una supuesta intervenci\u00f3n europea y la ocupaci\u00f3n militar de la misma de 1916 a 1924. A \u00e9sta, seguir\u00edan muchas otras bajo cualquier nuevo pretexto, como las intervenciones militares de Cuba (1906 &#8211; 1909),\u00a0 Nicaragua (1909, 1912 \u2013 1924, 1927 \u2013 1933), Hait\u00ed (1915 \u2013 1934) y M\u00e9xico (1914 y 1917)<a href=\"#_edn109\">[109]<\/a><\/p>\n<p style=\"text-align: justify;\"><span style=\"color: #ffffff;\">\/<\/span><\/p>\n<p style=\"text-align: justify;\">Esta agresiva pol\u00edtica continu\u00f3 hasta los a\u00f1os 30, cuando otro Roosevelt, en este caso Franklin Delano, proclam\u00f3 la pol\u00edtica de \u201cbuena vecindad\u201d.<a href=\"#_edn110\">[110]<\/a> Este es el contexto en el que seg\u00fan Gaztambide (1996), (2007) el Caribe se inventa.<\/p>\n<p style=\"text-align: justify;\"><span style=\"color: #ffffff;\">\/<\/span><\/p>\n<p style=\"text-align: justify;\">En ese sentido, Gaztambide (2007), al respecto se\u00f1ala:<\/p>\n<p style=\"padding-left: 30px; text-align: justify;\"><em>\u201cEse es el contexto del Caribe que se inventa a partir de 1898. Hasta que lo convirtieron en su mediterr\u00e1neo, en su traspatio, los estadounidenses ni siquiera hablaban consistentemente de un Mar Caribe, Mucho menos de una regi\u00f3n Caribe\u2026\u2026 \u00bfQu\u00e9 ocurri\u00f3? Si Estados Unidos no defini\u00f3 un Caribe, \u00bfqui\u00e9n lo hizo? Como cuesti\u00f3n de hecho, a partir de 1898 no se defini\u00f3 un Caribe, sino muchos Caribes. Unos por los imperios y otros de frente a los imperios, unos exclusivamente geogr\u00e1ficos, acad\u00e9micos o intelectuales, y todos m\u00e1s o menos te\u00f1idos de geopol\u00edtica\u201d.<\/em><a href=\"#_edn111\">[111]<\/a><\/p>\n<p style=\"text-align: justify;\"><span style=\"color: #ffffff;\">\/<\/span><\/p>\n<p style=\"text-align: justify;\">Circunstancia que en cuanto a historiograf\u00eda se refiere, se haya generado una nueva tendencia que nacer\u00eda con el apelativo de \u201cYanquilandia\u201d, para tratar con especial inter\u00e9s a las tem\u00e1ticas relativas a los espacios geogr\u00e1ficos de los Estados Unidos, patron\u00edmico que fue puesto por el distinguido historiador venezolano Rufino Blanco Bombon\u00e1, en alusi\u00f3n a su posici\u00f3n contraria de la pol\u00edtica norteamericana hacia el \u00e1rea del Caribe, y en las que lo llev\u00f3 a condenar la enmienda Platt, impuesta a Cuba y de apoyar de manera solidaria la gesta del ej\u00e9rcito revolucionario de Augusto Cesar Sandino sobre los marines yanquis en Nicaragua, lo que trajo consigo de forma impl\u00edcita, la g\u00e9nesis de \u201c<em>la resistencia y rechazo a la pol\u00edtica imperial yanqui, el desarrollo de movimientos obreros, el surgimiento de partidos de izquierda, incluidos los comunistas y la formaci\u00f3n de las ligas antiimperialistas<\/em>\u201d<a href=\"#_edn112\">[112]<\/a>.<\/p>\n<p style=\"text-align: justify;\"><span style=\"color: #ffffff;\">\/<\/span><\/p>\n<p style=\"text-align: justify;\">Con el avance de los decenios en el siglo XX, a pesar de los detractores, el concepto de lo Caribe se populariza cada vez m\u00e1s, hasta el punto que hoy d\u00eda por tanta diversidad de preceptos, cuando de Caribe se trata, a\u00fan no sabemos a qu\u00e9 Caribe nos estamos refiriendo<a href=\"#_edn113\">[113]<\/a>.<\/p>\n<p style=\"text-align: justify;\"><span style=\"color: #ffffff;\">\/<\/span><\/p>\n<p style=\"text-align: justify;\">Continuando con el derrotero, el concepto Caribe se protocoliza cada vez m\u00e1s hacia las d\u00e9cadas de los 60\u00b4s y 70\u00b4s, primordialmente por el proceso descolonizador que se present\u00f3 con las independencias de Jamaica, Trinidad Tobago, Guyana, Barbados, Granada y. Surinam, hasta el punto que, para los pa\u00edses europeos que ten\u00edan incidencia sobre la regi\u00f3n dejaba de ser cada vez m\u00e1s el territorio de la West Indies, para devenir de forma m\u00e1s constante la expresi\u00f3n Caribe. De ah\u00ed, lo dicho en p\u00e1rrafos anteriores, pues, aqu\u00ed es donde de verdad empiezan a darse los primeros estudios consolidados sobre la cuenca del Caribe, pero que en primera instancia estaban representados para las ex &#8211; provincias en ultramar de Francia, Holanda e Inglaterra<a href=\"#_edn114\">[114]<\/a>.<\/p>\n<p style=\"text-align: justify;\"><span style=\"color: #ffffff;\">\/<\/span><\/p>\n<p style=\"text-align: justify;\">Posterior a este proceso salen a la palestra p\u00fablica, dos obras de similares envergaduras, donde se refleja de manera clara el proceso de caribe\u00f1izaci\u00f3n de la regi\u00f3n. El primero de ellos del insigne historiador trinitario Eric Williams (1970), con su libro ya referenciado <em>From Columbus to Castro: The History of the Caribbean, 1492-1970 <\/em>y la del ex &#8211; presidente de la Rep\u00fablica Dominica Juan Bosh, (1970) <em>De<\/em> <em>Crist\u00f3bal Col\u00f3n a Fidel Castro: el Caribe, frontera imperial<\/em>.<a href=\"#_edn115\">[115]<\/a> A pesar de que, las dos obras abordan la historia del Caribe, la diferencia se centra en que cada una de ellas, ofrece una versi\u00f3n diferente de lo que es la regi\u00f3n Caribe, pues, la primera de ellas s\u00f3lo se circunscribe al Caribe Insular como \u00e1rea Caribe, mientras que la segunda, tal vez es la primog\u00e9nita de las obras que benepl\u00e1citamente da nacimiento al Gran Caribe, ya que no se limita al Caribe Antillano, sino que incluye adem\u00e1s a Venezuela, Colombia, Centroam\u00e9rica, y las costas mexicanas del Golfo.<\/p>\n<p style=\"text-align: justify;\"><span style=\"color: #ffffff;\">\/<\/span><\/p>\n<p style=\"text-align: justify;\">Bosh (1999) de manera expresa, sobre el caribe resalta:<\/p>\n<p style=\"padding-left: 30px; text-align: justify;\"><em>Las islas antillanas que van en forma de cadena desde el canal de Yucat\u00e1n hasta el golfo de Paria; la tierra continental de Venezuela, Colombia, Panam\u00e1 y Costa Rica; la de Nicaragua, Honduras, Guatemala, Belice y Yucat\u00e1n, y todas las islas, islotes, y cayos comprendidos dentro de esos l\u00edmites.\u201d<\/em> <a href=\"#_edn116\">[116]<\/a><em> <\/em><\/p>\n<p style=\"text-align: justify;\"><span style=\"color: #ffffff;\">\/<\/span><\/p>\n<p style=\"text-align: justify;\">Nuevamente aparece el problema y la dificultad para su definici\u00f3n o para ser m\u00e1s exactos de las definiciones. Pues, evidentemente se habla de dos Caribes diferentes. Para Williams se trata del Caribe insular y para Bosch, su tesis es la que se aproxima a lo que hoy se define como Cuenca. De ah\u00ed, que no sea raro que escritores oriundos de pa\u00edses Caribe\u00f1os, no se sientan del Caribe, por los antecedentes que, a este t\u00e9rmino en su denominaci\u00f3n, primeramente le dieron los gringos, es el caso del Puertorrique\u00f1o Edgardo Rodr\u00edguez Juli\u00e1, quien en 1988 afirmar\u00e1 \u201c<em>\u2026para nosotros, los puertorrique\u00f1os, el t\u00e9rmino antillan\u00eda tiene significado pleno, pero no los t\u00e9rminos caribe\u00f1o o caribe\u00f1idad\u201d<\/em><a href=\"#_edn117\">[117]<\/a>.<\/p>\n<p style=\"text-align: justify;\"><span style=\"color: #ffffff;\">\/<\/span><\/p>\n<p style=\"text-align: justify;\">De la misma manera, el escritor e historiador dominicano Juan Moya Ponds, tal vez sea el investigador que m\u00e1s severamente ha criticado el concepto del Caribe como una unidad, precisamente por las caracter\u00edsticas dis\u00edmiles y detractoras que seg\u00fan \u00e9l, lo encierran. Este autor aduce, que el Caribe como entidad, s\u00f3lo sirve y existe para tres clases de personas: a) para los gerentes de ventas de las grandes corporaciones que ven en el Caribe un gran mercado para sus productos; b) para los planificadores de la pol\u00edtica norteamericana, para quienes el Caribe ha sido y es una regi\u00f3n estrat\u00e9gica y c) para los intelectuales y acad\u00e9micos interesados en dar coherencia conceptual a la regi\u00f3n.<a href=\"#_edn118\">[118]<\/a><\/p>\n<p style=\"text-align: justify;\"><span style=\"color: #ffffff;\">\/<\/span><\/p>\n<p style=\"text-align: justify;\">Por tanto, y pese a lo anterior, despu\u00e9s de discernir sobre distintas posturas y corrientes de los que es el Caribe, es menester aclarar, en la elaboraci\u00f3n de este art\u00edculo a qu\u00e9 Caribe nos estamos refiriendo. <em>Grosso modo<\/em>, hacemos menci\u00f3n a la Gran Cuenca del Caribe, a la que Johanna Von Grafenstein (1997) en su libro <em>Nueva Espa\u00f1a en el Circuncaribe, 1779 -1808. Revoluci\u00f3n, competencia<\/em><em> imperial y v\u00ednculos intercoloniales,<\/em> define como<\/p>\n<p style=\"padding-left: 30px; text-align: justify;\">\u201c<em>t<\/em><em>oda el \u00e1rea que abarca las costas continentales de las cuencas mar\u00edtimas Golfo \u2013 Caribe, as\u00ed como el arco de las Antillas\u201d.<\/em><a href=\"#_edn119\">[119]<\/a><\/p>\n<p style=\"text-align: justify;\"><span style=\"color: #ffffff;\">\/<\/span><\/p>\n<p style=\"text-align: justify;\">Donde adem\u00e1s propone que la Cuenca del Caribe est\u00e1 formada por el arco de Las Antillas, las costas de Centroam\u00e9rica, las Costas de Colombia y Venezuela y el litoral este de Yucat\u00e1n.<a href=\"#_edn120\">[120]<\/a><\/p>\n<p style=\"text-align: justify;\"><span style=\"color: #ffffff;\">\/<\/span><\/p>\n<p style=\"text-align: justify;\">Debemos hacer salvedad, que el t\u00e9rmino Cuenca no hab\u00eda sido aceptado plenamente antes de la d\u00e9cada del 80. La  Iniciativa de la  Cuenca del Caribe proclamada por el gobierno de Ronald Reagan, le confiri\u00f3 un marcado car\u00e1cter geopol\u00edtico y foment\u00f3 su aceptaci\u00f3n<a href=\"#_edn121\">[121]<\/a>, aunque en aras de evitar confusi\u00f3n, es preferible la denominaci\u00f3n de Gran Caribe, porque al igual que el de Cuenca versa sobre \u00e9l una id\u00e9ntica zona geogr\u00e1fica, y porque al margen de las diferencias, los contrastes y la heterogeneidad que se puedan presentar en estos conceptos, convoca a la consideraci\u00f3n de los factores y elementos comunes que pueden encontrarse en las 25 naciones independientes (incluido El Salvador) y los territorios dependientes,<a href=\"#_edn122\">[122]<\/a> ll\u00e1mese identidad caribe\u00f1a u homogeneidad en la heterogeneidad de razas, etnias, lenguas y culturas.<\/p>\n<p style=\"text-align: justify;\"><strong><span style=\"color: #ffffff;\">.<\/span><\/strong><\/p>\n<p style=\"text-align: justify;\"><strong>VII. Panorama Contempor\u00e1neo y perspectivas del Gran Caribe<\/strong><\/p>\n<p style=\"text-align: justify;\"><strong><span style=\"color: #ffffff;\">.<\/span><\/strong><\/p>\n<p style=\"text-align: justify;\">No cabe duda, que el Gran Caribe, es m\u00e1s heterog\u00e9neo que otras regiones del Nuevo Mundo. Seg\u00fan Ardila (2005), consta de 30 islas con diferente historia, procesos jur\u00eddicos, nivel de autonom\u00eda muy precaria, diversos niveles de desarrollo y de grupos \u00e9tnicos. Circunstancia que hace, que esta diversidad constituya un obst\u00e1culo para la concreci\u00f3n y ejecuci\u00f3n de mecanismos de relacionamiento.<a href=\"#_edn123\">[123]<\/a> No obstante, por sus caracter\u00edsticas geogr\u00e1ficas y estrat\u00e9gicas, el Caribe ha sido siempre objeto de disputa de las potencias hegem\u00f3nicas, situaci\u00f3n que hace imprimirle de forma particular una alta dosis de historia com\u00fan.<\/p>\n<p style=\"text-align: justify;\"><span style=\"color: #ffffff;\">\/<\/span><\/p>\n<p style=\"text-align: justify;\">Desde fines del siglo XV, una potencia ha detentado el control de la zona y se le ha disputado con las otras potencias. Espa\u00f1a primero, Inglaterra despu\u00e9s y desde el siglo XX Estados Unidos, han sido los imperios m\u00e1s dominantes. La historia igualmente, no es exclusivamente la de los poderes hegem\u00f3nicos, sino, asimismo la historia de las resistencias a esos poderes<a href=\"#_edn124\">[124]<\/a>.<\/p>\n<p style=\"text-align: justify;\"><span style=\"color: #ffffff;\">\/<\/span><\/p>\n<p style=\"text-align: justify;\">Sobre este aspecto, al analizar la tem\u00e1tica de las relaciones internacionales, se observa seg\u00fan Ardila (2007) una serie de rasgos, como recursos naturales y militares, ubicaci\u00f3n y tama\u00f1o, y legitimidad, definen la permisibilidad, autonom\u00eda, vulnerabilidad y sensibilidad de los pa\u00edses, pero que los factores sist\u00e9micos resultan cada vez m\u00e1s relevantes sobre todo para los m\u00e1s peque\u00f1os, de ah\u00ed que existan pa\u00edses que integran ese Gran Caribe con un bajo nivel de autonom\u00eda<a href=\"#_edn125\">[125]<\/a>.<\/p>\n<p style=\"padding-left: 30px; text-align: justify;\">\u201c<em>Aunque los integrantes del Gran Caribe poseen marcadas diferencias en cuanto a extensi\u00f3n territorial, densidad de poblaci\u00f3n, recursos econ\u00f3micos, PIB, e\u00a0 ingresos per c\u00e1pita todos forman parte de las naciones en v\u00edas de desarrollo, eufem\u00edstico vocablo para designar al subdesarrollo. A\u00fan el Grupo de los Tres, (G3) conformado por M\u00e9xico, Colombia y Venezuela, considerados como \u201clas potencias latinoamericanas en el Caribe\u201d, con el potencial para ser actores significativos en la regi\u00f3n, en materia econ\u00f3mica y pol\u00edtica no pueden ser incluidos como naciones del primer mundo.<\/em>\u201d<a href=\"#_edn126\">[126]<\/a>.<\/p>\n<p style=\"text-align: justify;\"><span style=\"color: #ffffff;\">\/<\/span><\/p>\n<p style=\"text-align: justify;\">Uno de los puntos d\u00e9biles del Caribe, es su baj\u00edsimo nivel promedio de productividad frente otras \u00e1reas geogr\u00e1ficas<a href=\"#_edn127\">[127]<\/a>. Por ello, \u201c<em>la regi\u00f3n debe buscar c\u00f3mo combinar sus esfuerzos para estimular el crecimiento con las acciones para resolver sus problemas sociales<\/em>\u201d<a href=\"#_edn128\">[128]<\/a>. Acontecimiento tit\u00e1nico, si se tiene en cuenta que los pa\u00edses que integran el Gran Caribe, tienen una mala distribuci\u00f3n del ingreso y al tema de la pobreza a\u00fan no se le ha dado importancia que merece, pues, a estas alturas del partido, los rangos de pobreza e improductividad, siguen en constante aumento, hasta el punto que el BID estim\u00f3 que las cifras del desempleo cada vez m\u00e1s va en un vertiginoso ascenso.<\/p>\n<p style=\"text-align: justify;\"><span style=\"color: #ffffff;\">\/<\/span><\/p>\n<p style=\"text-align: justify;\">Fuera de lo anterior, en los Estados caribe\u00f1os, se respira una tensi\u00f3n por la falta de gobernabilidad, situaci\u00f3n que ha generado de forma permanente crisis al interior de las instituciones pol\u00edticas,<a href=\"#_edn129\">[129]<\/a> ya que el sentido de la democracia como mejor ejemplo de buen Gobierno, en la poblaci\u00f3n caribe\u00f1a no se siente con mucha seriedad, por cuanto, hay inconformismo debido a que las expectativas e implementaci\u00f3n de estrategias en torno a lo social siempre quedan debiendo<a href=\"#_edn130\">[130]<\/a>, m\u00e1xime por ser una regi\u00f3n en la que existe un elemento com\u00fan para todos en su condici\u00f3n de perif\u00e9rica, subordinada y dependiente a las potencias econ\u00f3micas mundiales<a href=\"#_edn131\">[131]<\/a>.<\/p>\n<p style=\"text-align: justify;\"><span style=\"color: #ffffff;\">\/<\/span><\/p>\n<p style=\"text-align: justify;\">Actualmente, seg\u00fan Ardila (2005) los pa\u00edses caribe\u00f1os son en su mayor\u00eda exportadores netos de capital y han presentado resultados negativos, tanto en su balanza de pagos como en las cuentas corrientes<a href=\"#_edn132\">[132]<\/a>. As\u00ed las cosas, en materia de exportaciones, aquellos que no dependen del turismo y\/o del sector financiero, son monoexportadores de productos agr\u00edcolas<a href=\"#_edn133\">[133]<\/a>, con escasas excepciones, es el caso de Trinidad y Tobago con el Petr\u00f3leo.<\/p>\n<p style=\"text-align: justify;\"><span style=\"color: #ffffff;\">\/<\/span><\/p>\n<p style=\"text-align: justify;\">Ahora bien, mientras que en materia de operaciones comerciales los principales socios de los pa\u00edses caribe\u00f1os centran sus ojos en Estados Unidos<a href=\"#_edn134\">[134]<\/a>, el Reino Unido<a href=\"#_edn135\">[135]<\/a> y Canad\u00e1, \u00a0no se puede decir lo mismo en materia de inversi\u00f3n extranjera, pues, \u00e9sta procede en su mayor\u00eda de Espa\u00f1a y Canad\u00e1 y en muchos de los casos se hace al interior de los Estados caribe\u00f1os, especialmente de M\u00e9xico con sus inversiones en Cuba, Colombia y Rep\u00fablica Dominicana. Estas operaciones comerciales centran su atenci\u00f3n primordialmente en exportaciones del sector primario de la econom\u00eda: az\u00facar, banano, algod\u00f3n, productos del mar, miel, c\u00edtricos, entre otros, y en cuanto a importaciones, \u00e9stas por el contrario se ci\u00f1en especialmente en productos del sector secundario: alimentos procesados, materias primas de origen qu\u00edmico, medicamentos, maquinaria y equipo agr\u00edcola e industrial, textiles, pl\u00e1sticos y papel<a href=\"#_edn136\">[136]<\/a>.<\/p>\n<p style=\"text-align: justify;\"><span style=\"color: #ffffff;\">\/<\/span><\/p>\n<p style=\"text-align: justify;\">Entretanto, los recursos que proceden de cooperaci\u00f3n internacional, a excepci\u00f3n de Colombia que recibe su mayor porci\u00f3n de los Estados Unidos por lo del Plan Colombia, en su mayor\u00eda estos pa\u00edses reciben dineros y especies provenientes de la Uni\u00f3n Europea, Canad\u00e1 y Jap\u00f3n<a href=\"#_edn137\">[137]<\/a>.<\/p>\n<p style=\"text-align: justify;\"><span style=\"color: #ffffff;\">\/<\/span><\/p>\n<p style=\"text-align: justify;\">De ah\u00ed, la importancia de conocer cu\u00e1les son l\u00edmites, quien integra la regi\u00f3n y con quien mantiene relaciones, para as\u00ed, no aislarse y mantenerse en estrechos v\u00ednculos de hermandad y de conciernas pol\u00edticas, econ\u00f3micas, sociales y culturales.<\/p>\n<p style=\"text-align: justify;\"><span style=\"color: #ffffff;\">\/<\/span><\/p>\n<p style=\"text-align: justify;\">Aunque, el deseo no es mostrar lo negativo que tiene el Caribe, tampoco es menos importante mostrar sus debilidades, no obstante, como dice el viejo adagio popular, de toda cosa mala hay muchas cosas buenas y en esas, son en la que debemos centrarnos, en aras de mantener esa identidad que une y atrae, como una sola unidad o como una sola regi\u00f3n, para que en conjunto la regi\u00f3n se pueda consolidar, no s\u00f3lo en t\u00e9rminos econ\u00f3micos, sino tambi\u00e9n pol\u00edticos, sociales, tecnol\u00f3gicos, ambientales y culturales.<\/p>\n<p style=\"text-align: justify;\"><span style=\"color: #ffffff;\">\/<\/span><\/p>\n<p style=\"text-align: justify;\">Para ello, es de imperiosa necesidad se rompan con las fronteras mentales y cada vez m\u00e1s nos acerquemos a dise\u00f1ar y ejecutar unas pol\u00edticas continuas y estructuradas sobre la definici\u00f3n de los l\u00edmites, los cuales no deber\u00e1n ser vistos como esquemas de rompimientos, sino por el contrario, que sirvan como mecanismos de ligadura, a fin de que en el colectivo imaginario en el concepto de l\u00edmites y fronteras no se presenten: ruptura, desmembramiento o desintegraci\u00f3n de un escenario regional sin regi\u00f3n; en contraste, dichas pol\u00edticas se desarrollen, as\u00ed parezcan redundante, en virtud de hermandad, uni\u00f3n, ayuda mutua, colaboraci\u00f3n, seguridad y por supuesto, el tema central de este escrito, de integraci\u00f3n.<\/p>\n<p style=\"text-align: justify;\"><strong> <\/strong><\/p>\n<p style=\"text-align: justify;\"><span style=\"color: #ffffff;\">\/<\/span><\/p>\n<p style=\"text-align: justify;\">Santa Marta (Colombia), Marzo de 2.008<\/p>\n<p style=\"text-align: justify;\"><strong><span style=\"color: #ffffff;\">.<\/span><\/strong><\/p>\n<p style=\"text-align: justify;\"><strong> <\/strong><\/p>\n<p style=\"text-align: justify;\"><strong> <\/strong><\/p>\n<p style=\"text-align: justify;\"><strong> <\/strong><\/p>\n<p style=\"text-align: justify;\"><strong> <\/strong><\/p>\n<p style=\"text-align: justify;\"><strong>BIBLIOGRAFIA<\/strong><\/p>\n<p style=\"text-align: justify;\"><strong><span style=\"color: #ffffff;\"> <\/span><\/strong>ABELLO VIVES, Alberto (2006) <em><span style=\"text-decoration: underline;\">Una C\u00e1tedra para Entender el Caribe: Superar los Estereotipos.<\/span><\/em> En El Caribe en la Naci\u00f3n  Colombiana. Memorias X C\u00e1tedra Anual de Historia \u201cErnesto Restrepo Tirado\u201d. Ministerio de Cultura de Colombia, Museo Nacional de Colombia y el Observatorio del Caribe Colombiano. Bogot\u00e1 D.C., Pp. 21-28<\/p>\n<p style=\"text-align: justify;\">AGUILERA, Jes\u00fas Antonio (1988) <em><span style=\"text-decoration: underline;\">Las fronteras de Venezuela<\/span><\/em>. Ediciones del Congreso de la Rep\u00fablica. Caracas.<\/p>\n<p style=\"text-align: justify;\">AJA ESLAVA, Lorena (2007) <em><span style=\"text-decoration: underline;\">M\u00fasica, cuerpos e identidades hibridas en el Caribe: \u00bfCu\u00e1l m\u00fasica, cual cuerpo, cual identidad, cual Caribe?<\/span><\/em>. Revista Jangwa Pana. Nro. 5 Enero-Junio. Universidad del Magdalena. Santa Marta. Pp. 41.<\/p>\n<p style=\"text-align: justify;\">ALARCON MENESES, Lu\u00eds (2006). <em><span style=\"text-decoration: underline;\">Representaciones Sociales y Pol\u00edticas Sobre el Caribe Colombiano<\/span><\/em>. En El Caribe en la Naci\u00f3n Colombiana. Memorias X C\u00e1tedra Anual de Historia \u201cErnesto Restrepo Tirado\u201d. Ministerio de Cultura de Colombia, Museo Nacional de Colombia y el Observatorio del Caribe Colombiano. Bogot\u00e1 D.C., Pp. 214-236<\/p>\n<p style=\"text-align: justify;\">ANDERSON, Benedict (1993) <em><span style=\"text-decoration: underline;\">Comunidades imaginadas. Reflexiones sobre el origen y difusi\u00f3n del nacionalismo<\/span><\/em>. M\u00e9xico D.F.<\/p>\n<p style=\"text-align: justify;\">ARCINIEGAS, Germ\u00e1n (1.946) <em><span style=\"text-decoration: underline;\">Caribbean: Sea of the New World.<\/span><\/em> New Cork.<\/p>\n<p style=\"text-align: justify;\">_____________ (1945) <em><span style=\"text-decoration: underline;\">Biograf\u00eda del Caribe<\/span><\/em>. Ediciones Diversas. Bogot\u00e1.<\/p>\n<p style=\"text-align: justify;\">ARCHILA, Mar\u00eda Teresa (2003) <em><span style=\"text-decoration: underline;\">Una sociedad de frontera: El Bajo Cauca-Nech\u00ed a finales del periodo colonial<\/span><\/em>&#8211; Fronteras (Territorios-Met\u00e1foras). Hombre Nuevo Editores\/Instituto Estudios Regionales de la  Universidad de Antioquia, Medell\u00edn, Pp. 273-287<\/p>\n<p style=\"text-align: justify;\">AREA, Leandro y NIESCHULZ Elke (1984) <em><span style=\"text-decoration: underline;\">El Golfo de Venezuela<\/span><\/em>.\u00a0 Universidad Central de Venezuela. Caracas.<\/p>\n<p style=\"text-align: justify;\">ARROM, J. (1980). <em><span style=\"text-decoration: underline;\">Estudios de Lexicolog\u00eda Antillana<\/span><\/em>, Casa de las Am\u00e9ricas. La Habana, P\u00e1g., 95.<\/p>\n<p style=\"text-align: justify;\">AVELLA, Francisco (2006) <em><span style=\"text-decoration: underline;\">El Papel de la  Geohistoria Para la Construcci\u00f3n de la Regi\u00f3n Caribe. En El Caribe en la Naci\u00f3n  Colombiana. Memorias X C\u00e1tedra Anual de Historia \u201cErnesto Restrepo Tirado\u201d. Ministerio de Cultura de Colombia, Museo Nacional de Colombia y el Observatorio del Caribe Colombiano Bogot\u00e1 D.C., Pp. 106-122<\/span><\/em><\/p>\n<p style=\"text-align: justify;\">____________ (2001) <em><span style=\"text-decoration: underline;\">Bases Geohist\u00f3ricas del Caribe Colombiano<\/span><\/em>. En respirando el Caribe. Memorias de la C\u00e1tedra del Caribe Colombiano. Vol. 1 Ariel Castillo Mier (Compilador). Observatorio del Caribe Colombiano, Ministerio de Cultura, Universidad del Atl\u00e1ntico. Barranquilla.<\/p>\n<p style=\"text-align: justify;\">BARBOZA, Elizabeth (2002) <em><span style=\"text-decoration: underline;\">L\u00edmites de Venezuela<\/span><\/em>. Rep\u00fablica Bolivariana de Venezuela. Ministerio de Educacion, Cultura y Deportes. Cabudare-Lara.<\/p>\n<p style=\"text-align: justify;\">BEJARANO, Jes\u00fas Antonio (1994) <em><span style=\"text-decoration: underline;\">Historia Econ\u00f3mica y Desarrollo. La historiograf\u00eda econ\u00f3mica sobre los siglos XIX y XX en Colombia<\/span><\/em>. CEREC. Editorial Presencia. Bogot\u00e1. Pp. 160.<\/p>\n<p style=\"text-align: justify;\">BELL LEMUS, Gustavo (2006) \u00bf<em><span style=\"text-decoration: underline;\">Costa Atl\u00e1ntica? No: Costa Caribe<\/span><\/em>. En El Caribe en la Naci\u00f3n Colombiana. Memorias X C\u00e1tedra Anual de Historia \u201cErnesto Restrepo Tirado\u201d. Ministerio de Cultura de Colombia, Museo Nacional de Colombia y el Observatorio del Caribe Colombiano Bogot\u00e1 D.C., Pp. 123-143.<\/p>\n<p style=\"text-align: justify;\">_____________ (1991) \u201c<em><span style=\"text-decoration: underline;\">La conexi\u00f3n jamaiquina y la  Nueva Granada 1760-1840. Cartagena de Indias de la Colonia a la Rep\u00fablica. Fundaci\u00f3n Sim\u00f3n y Lola Guberek. Bogot\u00e1.<\/span><\/em><\/p>\n<p style=\"text-align: justify;\">BIBLIOTECA NACIONAL DE COLOMBIA. Hemeroteca. <em><span style=\"text-decoration: underline;\">Peri\u00f3dico Gazeta de Santa Marta<\/span><\/em>. Nro. 19. S\u00e1bado 15 de Septiembre de 1.821. Bogot\u00e1.<\/p>\n<p style=\"text-align: justify;\">BOSCH, Juan (1999). <em><span style=\"text-decoration: underline;\">De Crist\u00f3bal a Fidel Castro: El Caribe, frontera imperial<\/span>. <\/em>Santo Domingo.\u00a0 (D\u00e9cima edici\u00f3n dominicana); Pp. 34.<\/p>\n<p style=\"text-align: justify;\">BRAUDEL, Fernand y DUBY, Georges (1987) <em><span style=\"text-decoration: underline;\">El Mediterraneo<\/span><\/em>, Espasa-Calpe. Madrid. Pp. 37 \u2013 60<\/p>\n<p style=\"text-align: justify;\">BRAVO, Sandra y RESTREPO, Medardo (2003) <em><span style=\"text-decoration: underline;\">La frontera desde la perspectiva econ\u00f3mica: un estudio del caso de la vertiente Bajo Cauca-Nech\u00ed 1640-1830<\/span><\/em>. en Clara In\u00e9s Garc\u00eda Fronteras (Territorios-Met\u00e1foras). Hombre Nuevo Editores\/Instituto Estudios Regionales de la  Universidad de Antioquia, Medell\u00edn, Pp. 265-272<\/p>\n<p style=\"text-align: justify;\">BRICE\u00d1O M\u00c9NDEZ, Manuel (1976) <em><span style=\"text-decoration: underline;\">Consideraciones sobre la Formaci\u00f3n del Espacio en Venezuela<\/span><\/em>. Caracas.<\/p>\n<p style=\"text-align: justify;\">CARPIO CASTILLO, Rub\u00e9n (1981)\u00a0<em><span style=\"text-decoration: underline;\"><a href=\"http:\/\/www.monografias.com\/trabajos\/geopolitica\/geopolitica.shtml\"><\/a> Geopolitica de Venezuela<\/span><\/em>. Editorial Ariel. Caracas.<\/p>\n<p style=\"text-align: justify;\">DUNCAN BARETTA, Silvio y MARKOFF, John (1978) <em><span style=\"text-decoration: underline;\">Civilization and Barbarism: Cattle Frontier in Latin America<\/span><\/em>. Comparaative Studies in Society and History. Vol. 20, 4 Pp. 587-620.<\/p>\n<p style=\"text-align: justify;\">ENAMORADO CUESTA, Jos\u00e9 (1936) <em><span style=\"text-decoration: underline;\">El Imperialismo Yanqui y la Revoluci\u00f3n en el Caribe<\/span><\/em>. Universidad de Puerto Rico. San Juan.<\/p>\n<p style=\"text-align: justify;\">FRANCO, Jos\u00e9 Luciano (1989) <em><span style=\"text-decoration: underline;\">Ensayos sobre el Caribe<\/span><\/em>. Editorial de Ciencias Sociales. La Habana. Pp 1-79.<\/p>\n<p style=\"text-align: justify;\">GARCIA, Ang\u00e9lica (2003). <em><span style=\"text-decoration: underline;\">Colombia Pa\u00eds Maravilloso.<\/span><\/em> Situaci\u00f3n Astron\u00f3mica de Colombia. P\u00e1gina virtual bajada de la red el d\u00eda 27 de Junio de 2007. http:\/\/pwp.supercabletv.net.co\/garcru\/colombia\/Colombia\/mapaAstronomica.html.<\/p>\n<p style=\"text-align: justify;\">GARC\u00cdA BUSTAMANTE, Miguel (1997) <em><span style=\"text-decoration: underline;\">Un Pueblo de Frontera. Villavicencio, 1840-1940<\/span><\/em>. Cargraphic. Bogot\u00e1<\/p>\n<p style=\"text-align: justify;\">GARC\u00cdA M\u00c1RQUEZ, Gabriel (1981) en <em><span style=\"text-decoration: underline;\">Algo M\u00e1s Sobre Literatura y Realidad.<\/span><\/em> Peri\u00f3dico el Espectador. Junio 1 de 1.981. Bogot\u00e1.<\/p>\n<p style=\"text-align: justify;\">GAZTAMBIDE \u2013 GEIGEL, Antonio (1996). <em><span style=\"text-decoration: underline;\">La invenci\u00f3n del Caribe. Las definiciones del Caribe como problema hist\u00f3rico y metodol\u00f3gico<\/span><\/em>. Revista Mexicana del Caribe. Chetumal, Quintana Roo, M\u00e9xico, No 1 , p.\u00a0 75<\/p>\n<p style=\"text-align: justify;\">____________ (2007) <em><span style=\"text-decoration: underline;\">La  Invenci\u00f3n<\/span><\/em><em><span style=\"text-decoration: underline;\"> del Caribe a Partir de 1.898 (Las definiciones del Caribe, revisitadas).<\/span><\/em> Revista Jangwa Pana. Nro. 5 Enero- Junio. Universidad del Magdalena. Santa Marta. Pp. 1-23.<\/p>\n<p style=\"text-align: justify;\">GIRVAN, Norman (2000) <em><span style=\"text-decoration: underline;\">Reinterpretar el Caribe.<\/span><\/em> Revista Mexicana del Caribe. No 7. M\u00e9xico.<\/p>\n<p style=\"text-align: justify;\">GONZ\u00c1LEZ ARANA, Roberto (2007) <em><span style=\"text-decoration: underline;\">Colombia en el Caribe<\/span><\/em>. Revista Huellas. Universidad del Norte. Barranquilla.<\/p>\n<p style=\"text-align: justify;\">GOULET, Richard James (2003) \u201c<em><span style=\"text-decoration: underline;\">Trade and Conversi\u00f3n: Indiens, Franciscans and Spaniards on the Upper Amazon Frontier, 1693-1790\u201d<\/span><\/em>. Tesis para optar t\u00edtulo de Doctor en Historia de la Universidad de Massachussets<\/p>\n<p style=\"text-align: justify;\">GRIMSON, Alejandro (2005) <em><span style=\"text-decoration: underline;\">Los procesos de fronterizaci\u00f3n: flujos, redes e historiocidad\u201d<\/span><\/em> en Clara In\u00e9s Garc\u00eda (compiladora) <em>Fronteras (Territorios-Met\u00e1foras)<\/em>. Hombre Nuevo Editores\/Instituto Estudios Regionales de la  Universidad de Antioquia, Medell\u00edn, Pp. 15-33<\/p>\n<p style=\"text-align: justify;\">GRISALES, Germ\u00e1n (2007) <em><span style=\"text-decoration: underline;\">Identidades, Violencia, Integraci\u00f3n y Regi\u00f3n Caribe<\/span><\/em>.\u00a0 Revista Jangwa Pana. Nro. 5 Enero \u2013 Junio. Universidad del Magdalena. Santa Marta.<\/p>\n<p style=\"text-align: justify;\">GUERRA, Ramiro (1935) <em><span style=\"text-decoration: underline;\">La expansi\u00f3n territorial de los Estados Unidos a expensas de Espa\u00f1a\u00a0 y de los pa\u00edses\u00a0 hispanoamericanos<\/span><\/em>. M\u00e9xico.<\/p>\n<p style=\"text-align: justify;\">GUERRA VILABOY, Sergio (2001) <em><span style=\"text-decoration: underline;\">Historia m\u00ednima de Am\u00e9rica<\/span><\/em>. Editorial F\u00e9lix Varela. La Habana Pp. 219 \u2013 220.<\/p>\n<p style=\"text-align: justify;\">_____________ (2003) <em><span style=\"text-decoration: underline;\">Cinco siglos de historiograf\u00eda latinoamericana<\/span><\/em>. Editorial F\u00e9lix Varela, La Habana, Pp. 93<\/p>\n<p style=\"text-align: justify;\">HERNANDEZ ASENCIO, Ra\u00fal (2004) <em><span style=\"text-decoration: underline;\">Los estudios de frontera y los discursos relativos a las fronteras tropicales a comienzos del siglo XVII.<\/span><\/em> <em>En La frontera Occidental de la  Audiencia de Quito. Viajes y Relatos 1.595 \u2013 1.630<\/em>&#8211; Instituto Franc\u00e9s de Estudios Andinos e Instituto de Estudios Peruanos. Colecci\u00f3n Popular. Primera Edici\u00f3n. Per\u00fa Septiembre de 2.004. Pp. 17 \u2013 45<\/p>\n<p style=\"text-align: justify;\">HOBSBAWM, Eric (2001) <em><span style=\"text-decoration: underline;\">Historia del Siglo XX<\/span><\/em>. Cr\u00edtica. Barcelona; GEERTZ, Clifford (1997) <em><span style=\"text-decoration: underline;\">La interpretaci\u00f3n de las culturas<\/span><\/em>. Gedisa. Barcelona<\/p>\n<p style=\"text-align: justify;\">HOSTOS, Eugenio Mar\u00eda (1976). <em><span style=\"text-decoration: underline;\">Obras<\/span><\/em>. Casa de las Am\u00e9ricas. La Habana, Pp. 503-512<\/p>\n<p style=\"text-align: justify;\">INSTITUTO GEOGR\u00c1FICO DE VENEZUELA \u201cSIM\u00d3N BOL\u00cdVAR\u201d.\u00a0 Virtual Oficial. <a href=\"http:\/\/www.igvsb.gov.ve\/\">www.igvsb.gov.ve<\/a><\/p>\n<p style=\"text-align: justify;\">INSTITUTO GEOGR\u00c1FICO NACIONAL DE COSTA RICA (2005). <em><span style=\"text-decoration: underline;\">Dimensiones del Territorio Nacional.<\/span><\/em> Divisi\u00f3n Territorial Administrativa de la  Rep\u00fablica de Costa Rica. Comisi\u00f3n Nacional de Divisi\u00f3n Territorial Administrativa. <a href=\"http:\/\/www.mopt.gov.cr\/\">www.mopt.gov.cr<\/a>.<\/p>\n<p style=\"text-align: justify;\">INSTITUTO NICARAGUENSE DE INVESTIGACI\u00d3NES ECON\u00d3MICAS Y SOCIALES (INIES) (1995). <em><span style=\"text-decoration: underline;\">Estudio sobre el uso de los recursos naturales en dos microcuencas hidrogr\u00e1ficas de los municipios de Jinotega y Cua-Bocay departamento de Jinotega, Rep\u00fablica\u00a0de Nicaragua. <\/span><\/em>Universidad Nacional Agraria (Una). Managua.<\/p>\n<p style=\"text-align: justify;\">JAMES, C.L.R. (1938) <em><span style=\"text-decoration: underline;\">The Black Jacobins: Toussant L\u00b4Overture and the San Domingo Revolution<\/span><\/em>. London. Secker and Warburg, Reditada posteriormente en 1963.<\/p>\n<p style=\"text-align: justify;\">JODELET, Denis (2000) <em><span style=\"text-decoration: underline;\">Representaciones sociales: contribuci\u00f3n a un saber sociocultural sin fronteras<\/span><\/em>. En Denis Jodelet y Alfredo Guerrero Tapia, <em>Develando la Cultura. Estudios en representaciones sociales. Universidad Aut\u00f3noma de M\u00e9xico. UNAM. M\u00e9xico D.F. Pp. 7 &#8211; 30.<\/em><\/p>\n<p style=\"text-align: justify;\">KEITH, Christie (1985) <em><span style=\"text-decoration: underline;\">Oligarcas, campesinos y pol\u00edtica en Colombia. Aspectos de la historia sociopol\u00edtica de la frontera Antioque\u00f1a<\/span><\/em>. Ed. Universidad Nacional. Bogot\u00e1.<\/p>\n<p style=\"text-align: justify;\">LONDO\u00d1O MOTA, Jaime (2003) <em><span style=\"text-decoration: underline;\">\u201cLa Frontera un Concepto en Construcci\u00f3n\u201d.<\/span><\/em> En Clara In\u00e9s Garc\u00eda (Compiladora), <em>Fronteras (Territorios y Met\u00e1foras)<\/em>. Hombre Nuevo Editores\/Instituto Estudios Regionales de la Universidad de Antioquia, Medell\u00edn, Pp. 61-83.<\/p>\n<p style=\"text-align: justify;\">L\u00d3PEZ GUERRA, Lu\u00eds y AGUIAR DE LUQUE, Lu\u00eds (2001) <em><span style=\"text-decoration: underline;\">Las Constituciones de Iberoam\u00e9rica.<\/span><\/em>: <em><span style=\"text-decoration: underline;\">An\u00e1lisis de la Constituci\u00f3n de la Rep\u00fablica Bolivariana de Venezuela<\/span><\/em>. Instituto de Derecho P\u00fablico Comparado. Universidad Carlos III de Madrid.<\/p>\n<p style=\"text-align: justify;\">L\u00d3PEZ MICHELSEN, Alfonso (2005). <em><span style=\"text-decoration: underline;\">Hay despreocupaci\u00f3n por los problemas de l\u00edmites.<\/span><\/em> En\u00a0 Colombia y El Caribe. Ediciones Uninorte. Barranquilla, Pp. 13<\/p>\n<p style=\"text-align: justify;\">MARTINEZ, Raynell (1997) <em><span style=\"text-decoration: underline;\">El Espacio Geogr\u00e1fico Venezolano.<\/span><\/em> Web graf\u00eda. Caracas.<\/p>\n<p style=\"text-align: justify;\">M\u00c9NDEZ VERGARA, El\u00edas (1996) <em><span style=\"text-decoration: underline;\">Geograf\u00eda: Una ciencia en Consstruccion. <\/span><\/em>Mexico. <a href=\"http:\/\/www.monografias.com\/trabajos\/histomex\/histomex.shtml\"><\/a> D.F.<\/p>\n<p style=\"text-align: justify;\">MORALES, Paul Isidro (1983) <em><span style=\"text-decoration: underline;\">La  Delimitaci\u00f3n<\/span><\/em><em><span style=\"text-decoration: underline;\"> de \u00c1reas Marinas y Submarinas Al Norte de Venezuela<\/span><\/em>. Serie estudios. Caracas.<\/p>\n<p style=\"text-align: justify;\">MUNERA, Alfonso (2005) <em><span style=\"text-decoration: underline;\">Fronteras Imaginadas<\/span><\/em>: <em><span style=\"text-decoration: underline;\">La construcci\u00f3n de las razas y de la geograf\u00eda en el siglo XIX colombiano<\/span><\/em>. Editorial Planeta Colombiana S.A. Primera Edici\u00f3n. Bogot\u00e1 D.C.<\/p>\n<p style=\"text-align: justify;\">MOYA PONDS, Frank (1978) <em><span style=\"text-decoration: underline;\">Caribbean consciousness: What the Caribbean ist not. <\/span><\/em><em><span style=\"text-decoration: underline;\">Caribbean.<\/span><\/em> Educational Bulletin, vol.5, n\u00fam. 3, Septiembre. Pp.41.<\/p>\n<p style=\"text-align: justify;\">NWEIHED, Kaldone (1981) <em><span style=\"text-decoration: underline;\">Panorama y Critica del Difiriendo. El Golfo de Venezuela ante el Derecho del Mar<\/span><\/em>. Publicaciones S.A. Caracas.<\/p>\n<p style=\"text-align: justify;\">ORTIZ, Lu\u00eds Javier (1987) <em><span style=\"text-decoration: underline;\">Aproximaci\u00f3n al concepto de Regi\u00f3n en la historia de Colombia<\/span><\/em>. En Revista Otras Quijotadas. Nro. 4-5 Medell\u00edn. Agosto. Pp. 17.<\/p>\n<p style=\"text-align: justify;\">PARME, Programa de Apoyo a la Reforma y Modernizaci\u00f3n del Estado de la Rep\u00fablica Dominicana. Geograf\u00eda y Estructura Econ\u00f3mica. <a href=\"http:\/\/www.parme.gov.rd\/\">www.parme.gov.rd<\/a><\/p>\n<p style=\"text-align: justify;\">PEDROZA NIETO, William Tom\u00e1s (2003) <em><span style=\"text-decoration: underline;\">El Oc\u00e9ano en las Ciencias Naturales y Sociales<\/span><\/em>. Comisi\u00f3n Colombiana del Oc\u00e9ano (CCO). Armada Nacional de Colombia. Cartagena.<\/p>\n<p style=\"text-align: justify;\">P\u00c9REZ BETANCOURT, Rolando (2005) <em><span style=\"text-decoration: underline;\">Revelaciones literarias<\/span><\/em>. Diccionario de Palabras Garciamarquianas de Piedad Bonnet. Peri\u00f3dico Granma 11 de octubre del 2005. La Habana Cuba.<\/p>\n<p style=\"text-align: justify;\">POLO ACU\u00d1A, Jos\u00e9 (2006) <em><span style=\"text-decoration: underline;\">Desde la Otra Orilla: las Fronteras del Caribe en la \u201cHistoria Nacional\u201d<\/span><\/em>. En El Caribe en la Naci\u00f3n Colombiana. Memorias X C\u00e1tedra Anual de Historia \u201cErnesto Restrepo Tirado\u201d. Ministerio de Cultura de Colombia, Museo Nacional de Colombia y el Observatorio del Caribe Colombiano Bogot\u00e1 D.C., Pp. 171-188<\/p>\n<p style=\"text-align: justify;\">______________ (1995) <em><span style=\"text-decoration: underline;\">Contrabando y pacificaci\u00f3n ind\u00edgena en la frontera Colombo-venezolana de la Guajira 1750-1820\u201d en Am\u00e9rica Latina en la  Historia Econ\u00f3mica, julio-diciembre 1995. M\u00e9xico. Pp. 87-130.<\/span><\/em><\/p>\n<p style=\"text-align: justify;\">______________ (2005) <em><span style=\"text-decoration: underline;\">Etnicidad, conflicto social y cultura fronteriza en la  Guajira 1700-1850<\/span><\/em>. Universidad de los Andes\/Ministerio de Cultura\/Observatorio del Caribe Colombiano. Bogot\u00e1.<\/p>\n<p style=\"text-align: justify;\">______________ (2005) <em><span style=\"text-decoration: underline;\">Etnicidad, poder y negociaci\u00f3n en la frontera Guajira 1750-1850\u201d<\/span><\/em>. Instituto Colombiano de Antropolog\u00eda en Historia. ICANH. Bogot\u00e1.<\/p>\n<p style=\"text-align: justify;\">PONCE LUGO, Francisco (1981) <em><span style=\"text-decoration: underline;\">Papel de Venezuela en el \u00e1rea del Caribe Insular, y su repercusi\u00f3n en la seguridad y defensa<\/span><\/em>.\u00a0 Trabajo de grado, Iaeden. Caracas.<\/p>\n<p style=\"text-align: justify;\">QUIJADA, M\u00f3nica (2001) <em>Imaginando la Homogeneidad: la alquimia de la Tierra. En M\u00f3nica Quijada, Carmen Bernard y Arnd Schneider. Homogeneidad y naci\u00f3n. Un estudio de caso. Argentina, siglos XIX y XX. CSIC. Madrid. Pp. 182. <\/em><\/p>\n<p style=\"text-align: justify;\">RAM\u00cdREZ OCAMPO, Augusto. <em><span style=\"text-decoration: underline;\">Balance y retos de la pol\u00edtica exterior colombiana hacia el Gran Caribe: Una perspectiva pol\u00edtica<\/span><\/em>, Foro Relaciones Internacionales de Colombia con el Gran Caribe, p. 89<\/p>\n<p style=\"text-align: justify;\">RAM\u00cdREZ DE JARA, Mar\u00eda Clemencia (1996) <em><span style=\"text-decoration: underline;\">Frontera fluida entra Andes, Piedemonte y Selva. El Caso del Valle del Sibundoy, siglos XVI \u2013 XVIII.<\/span><\/em> Instituto Colombiano de Historia Hisp\u00e1nica. Bogot\u00e1<\/p>\n<p style=\"text-align: justify;\">RAM\u00cdREZ, Socorro (2003) <em><span style=\"text-decoration: underline;\">Avances y retrocesos del Gran Caribe. Etapas y resultados de la  Asociaci\u00f3n de Estados del Caribe . <\/span><\/em>XXII Conferencia Anual de la Caribbean Assotiation, Barranquilla, mayo de 1997, Pp. 13- 40<\/p>\n<p style=\"text-align: justify;\">RAMOS PE\u00d1UELA, Ar\u00edstides (1999) <em><span style=\"text-decoration: underline;\">Los caminos al r\u00edo Magdalena: la frontera del Carare y del Op\u00f3n 1760-1860<\/span><\/em>. Instituto Colombiano de Cultura Hisp\u00e1nica. Bogot\u00e1, 178 Pp.<\/p>\n<p style=\"text-align: justify;\">RAUSCH, Jane (1994) \u201c<em><span style=\"text-decoration: underline;\">Una frontera en la sabana tropical. Los llanos de Colombia, 1531-1831\u201d. Banco de la Rep\u00fablica. Bogot\u00e1. <\/span><\/em><\/p>\n<p style=\"text-align: justify;\">_____________ (2002) <em><span style=\"text-decoration: underline;\">la Frontera<\/span><\/em><em><span style=\"text-decoration: underline;\"> de los llanos orientales en la historia de Colombia<\/span><\/em>. Banco de la Rep\u00fablica-El  Ancora Editores. Bogot\u00e1<\/p>\n<p style=\"text-align: justify;\">ROBERTS W,. Adolphe (1940) <em><span style=\"text-decoration: underline;\">The Caribbean: The Story of our Sea of Destiny<\/span><\/em><span style=\"text-decoration: underline;\">,<\/span> New York, the Bobbs-Merill Company.<\/p>\n<p style=\"text-align: justify;\">RODR\u00cdGUEZ JULI\u00c1, Edgardo (1988) <em><span style=\"text-decoration: underline;\">Puerto Rico y el Caribe: historia de una marginalidad<\/span><\/em>, en <em>El Nuevo D\u00eda<\/em>, San Juan, 20 Noviembre 1988.<\/p>\n<p style=\"text-align: justify;\">ROJAS OSORIO, Carlos (1997) <em><span style=\"text-decoration: underline;\">La  Filosof\u00eda<\/span><\/em><em><span style=\"text-decoration: underline;\"> moderna en el Caribe hispano<\/span><\/em>. Universidad de Puerto Rico. Decanato de Estudios Graduados e Investigaci\u00f3n, Rio Piedras. Editado por Miguel \u00c1ngel Porr\u00faa. M\u00e9xico p. 8<\/p>\n<p style=\"text-align: justify;\">SANDNER, Gerhard (2003) <em><span style=\"text-decoration: underline;\">Centro Am\u00e9rica &amp; el Caribe Occidental. Coyunturas, Crisis y Conflictos 1503-1984<\/span><\/em>. Traducc\u00f3n de Jaime Polan\u00eda. Universidad Nacional de Colombia. Sede San Andr\u00e9s islas. Instituto de Estudios Caribe\u00f1os. Bogot\u00e1.<\/p>\n<p style=\"text-align: justify;\">____________ (2001) Estudios Regionales del Caribe. \u00bfen qu\u00e9 sentido?. V Seminario Internacional de Estudios del Caribe, Universidad Nacional Sede de San Andr\u00e9s. Cartagena;<\/p>\n<p style=\"text-align: justify;\">SANTANA CASTILLO, Joaqu\u00edn (2007) <em><span style=\"text-decoration: underline;\">Repensando el Caribe: Valoraciones sobre el Gran Caribe Hispano<\/span><\/em>, Revista Cl\u00edo Am\u00e9rica. Universidad del Magdalena. Vol. 1 Nro. 2. Santa Marta. A\u00fan por publicar.<\/p>\n<p style=\"text-align: justify;\">SECRETARIA DE ESTADO DE TURISMO Y COMERCIO (2000). <em><span style=\"text-decoration: underline;\">Rep\u00fablica de Panam\u00e1.<\/span><\/em> Secretar\u00eda de Turismo de Panam\u00e1. Panam\u00e1.<\/p>\n<p style=\"text-align: justify;\">SERBINI, Andr\u00e9s (1989) <em><span style=\"text-decoration: underline;\">El Caribe Zona de Paz<\/span><\/em>&#8211; Editorial nueva sociedad, Caracas.<\/p>\n<p style=\"text-align: justify;\">SOLER, R. (1980) <em><span style=\"text-decoration: underline;\">Idea y cuesti\u00f3n nacional latinoamericanas, de la independencia a la emergencia del imperialismo<\/span><\/em>, Editorial Siglo XXI, M\u00e9xico. Pp. 225.<\/p>\n<p style=\"text-align: justify;\">SORHEGUI D\u00b4MARES, Arturo (2004) L<em><span style=\"text-decoration: underline;\">a Habana<\/span><\/em><em><span style=\"text-decoration: underline;\"> y la Nueva Espa\u00f1a, el Mediterr\u00e1neo Americano y la Administraci\u00f3n Espa\u00f1ola en el siglo XVIII.<\/span><\/em> Revista Chacmool. Cuadernos de Trabajo Cubano-Mexicano III. Ediciones Imagen Contempor\u00e1nea. Casa de Altos Estudios Don Fernando Ortiz. Universidad de la Habana. La Habana. Pp. 85.<\/p>\n<p style=\"text-align: justify;\">_____________ (2002) <em><span style=\"text-decoration: underline;\">La Habana<\/span><\/em><em><span style=\"text-decoration: underline;\"> \u2013 Veracruz. El Mediterr\u00e1neo Americano y el Circuito Imperial Hispano (1519-1821)<\/span><\/em> en Bernardo Garc\u00eda y Sergio Guerra Vilaboy (Coord.) La Habana\/Veracruz-Veracruz\/La Habana. Las dos orillas. Universidad Veracruzana. M\u00e9xico.<\/p>\n<p style=\"text-align: justify;\">TOVAR PINZ\u00d3N, Hermes (1994) en <em><span style=\"text-decoration: underline;\">Convocatoria al poder del n\u00famero: censos y estad\u00edsticas de la Nueva Granada 1750-1830<\/span>, <\/em>toca el tema de la \u201c<em><span style=\"text-decoration: underline;\">frontera del Nuevo Mundo y el doblamiento en la Nueva Granada\u201d<\/span><\/em>. Archivo General de la Naci\u00f3n. Bogot\u00e1. Pp. 17-59<\/p>\n<p style=\"text-align: justify;\">TURNER, Frederic Jackson (1894) <em><span style=\"text-decoration: underline;\">\u201cThe Significance of the Frontier in American History\u201d<\/span><\/em> Annual Report Of The American Historical Association, Government Printing office. Washington. Reeditato por David Weber y Jane Rausch (editores) <em>Where Cultures Meet<\/em> (Frontiers in Latin American History). Jaguar Books, Wilmington. 1994. Pp. 1-18<\/p>\n<p style=\"text-align: justify;\">VARGAS, Patricia (1995). <em><span style=\"text-decoration: underline;\">Naciones abor\u00edgenes y la estructuraci\u00f3n del espacio colonial: fronteras internas y externas en la Nueva Granada durante los siglos XVI, XVII y XVIII<\/span><\/em>. En Regiones Culturales y Fronteras entre el Magdalena y el Pac\u00edfico, siglos XVI-XVIII. Fundaci\u00f3n para la promoci\u00f3n de la investigaci\u00f3n y la Tecnolog\u00eda. Bogot\u00e1<\/p>\n<p style=\"text-align: justify;\">VARGAS VILA, Jos\u00e9 Mar\u00eda. <em><span style=\"text-decoration: underline;\">Ante los b\u00e1rbaros (los Estados Unidos y la Guerra). El yanqui; he aqu\u00ed el enemigo.<\/span><\/em> Panfleto. Bogot\u00e1.<\/p>\n<p style=\"text-align: justify;\">V\u00c1ZQUEZ CARRIZOSA, Alfredo (1988) <em><span style=\"text-decoration: underline;\">Colombia y Venezuela, una historia atormentada<\/span><\/em>. Tercer Mundo Editores. Bogot\u00e1.<\/p>\n<p style=\"text-align: justify;\">VIDAL ORTEGA, Antonino (2002) <em><span style=\"text-decoration: underline;\">Cartagena de Indias y la regi\u00f3n hist\u00f3rica del Caribe. Cartagena de Indias 1580-1640<\/span><\/em>. Universidad de Sevilla,\u00a0 Pp.1-9<\/p>\n<p style=\"text-align: justify;\">VON GRAFENSTEIN, Johanna (1997). <em><span style=\"text-decoration: underline;\">Nueva Espa\u00f1a en el Circuncaribe, 1779 -1808. Revoluci\u00f3n, competencia imperial y v\u00ednculos intercoloniales<\/span><\/em>. CCYDEL \u2013 UNAM . M\u00e9xico P. 14<\/p>\n<p style=\"text-align: justify;\">WADE, Peter (2002) <em><span style=\"text-decoration: underline;\">Construcci\u00f3n de lo negro y de \u00c1frica en Colombia. Pol\u00edtica en la m\u00fasica coste\u00f1a y el rap<\/span><\/em>. Traducci\u00f3n de Fernando Visual. En <em>Afrodescendientes en las Am\u00e9ricas. Trayectorias sociales e identitarias, 150 a\u00f1os de la abolici\u00f3n de la esclavitud en Colombia<\/em>. Universidad Nacional de Colombia, otros. Bogot\u00e1.<\/p>\n<p style=\"text-align: justify;\">WILLIAMS, Eric (1944)<em> <span style=\"text-decoration: underline;\">Capitalism and Slavery<\/span><\/em>. Chapel Hill. University of North Carolina Press<\/p>\n<p style=\"text-align: justify;\">___________ (1970) <em><span style=\"text-decoration: underline;\">From Columbus to Castro: History of the Caribbean<\/span><\/em>, London: Andre Deutsch.<\/p>\n<p style=\"text-align: justify;\">YANES, Hern\u00e1n (2003) <em><span style=\"text-decoration: underline;\">El Gran Caribe de los Noventa. Perspectiva sociopol\u00edtica<\/span><\/em> en Feliciano J. Garc\u00eda (comp.) <em>Antolog\u00eda. Integraci\u00f3n Latinoamericana y Caribe\u00f1a<\/em>. Universidad Veracruzana. Jalapa. M\u00e9xico Pp. 205<\/p>\n<p style=\"text-align: justify;\">Z\u00daMETA, C\u00e9sar (1979) <em><span style=\"text-decoration: underline;\">El Continente Enfermo.<\/span><\/em> UNAM. M\u00e9xico. Pp. 5.<\/p>\n<p style=\"text-align: justify;\"><strong>NOTAS<\/strong><\/p>\n<p style=\"text-align: justify;\">* Jorge Enrique El\u00edas Caro es docente a Investigador de la Universidad del Magdalena, Santa Marta-Colombia.<\/p>\n<p style=\"text-align: justify;\"><a href=\"#_ednref1\">[1]<\/a> LOPEZ MICHELSEN, Alfonso (2005). <em><span style=\"text-decoration: underline;\">Hay despreocupaci\u00f3n por los problemas de l\u00edmites.<\/span><\/em> En\u00a0 Colombia y El Caribe. Ediciones Uninorte. Barranquilla, Pp. 13. Este art\u00edculo fue escrito con motivo del XIII Congreso de Colombianistas, celebrado en la ciudad de Barranquilla del 12 al 15 de Agosto de 2003 y Organizado por la Universidad del Norte y la Asociaci\u00f3n de Colombianistas.<\/p>\n<p style=\"text-align: justify;\"><a href=\"#_ednref2\">[2]<\/a> Ib\u00edd.<\/p>\n<p style=\"text-align: justify;\"><a href=\"#_ednref3\">[3]<\/a>[3] En P\u00c9REZ BETANCOURT, Rolando (2005) <em><span style=\"text-decoration: underline;\">Revelaciones literarias<\/span><\/em>. Diccionario de Palabras Garciamarquianas de Piedad Bonnet. Peri\u00f3dico Granma 11 de octubre del 2005. La  Habana Cuba. Gabriel Garc\u00eda M\u00e1rquez, textualmente sobre la concepci\u00f3n del caribe expresa <em>\u201cCaribe: es el \u00fanico mundo en que no me siento extranjero y donde pienso mejor<\/em>; Esta afirmaci\u00f3n tambi\u00e9n es expuesta por SANTANA CASTILLO, Joaqu\u00edn (2007) en su art\u00edculo <em><span style=\"text-decoration: underline;\">Repensando el Caribe: Valoraciones sobre el Gran Caribe Hispano<\/span><\/em>, Revista Cl\u00edo Am\u00e9rica. Universidad del Magdalena. Vol. 1 Nro. 2. Santa Marta. A\u00fan por publicar.<\/p>\n<p style=\"text-align: justify;\"><a href=\"#_ednref4\">[4]<\/a> El Instituto Geogr\u00e1fico Agust\u00edn Codazzi (IGAC), entidad que en Colombia se encarga de los asuntos geogr\u00e1ficos, enuncia que el territorio nacional colombiano, presenta una extensi\u00f3n de 1.114.480 Km<sup>2<\/sup>, espacio que no incluye el \u00e1rea de la plataforma mar\u00edtima, pues \u00e9ste a\u00fan se desconoce en su extensi\u00f3n.<\/p>\n<p style=\"text-align: justify;\"><a href=\"#_ednref5\">[5]<\/a> Este desconocimiento es tan abrumador que el Ex-Vicepresidente de Colombia Humberto de la Calle Lombana (1994-1996), s\u00f3lo se enter\u00f3 que Colombia limitaba con Jamaica hasta unos d\u00edas antes de su posesi\u00f3n en el cargo, b\u00e1sicamente por el tratado lim\u00edtrofe que firm\u00f3 el Ex-presidente Cesar Gaviria (1990-1994) a finales de su mandato con el Gobierno de ese pa\u00eds, al cual la prensa colombiana le dio mucho resonancia y despliegue, por lo cual el electo vicepresidente anunci\u00f3 \u201c<em>Quien sab\u00eda hasta hace pocos d\u00edas, que \u00e9ramos vecinos de Jamaica<\/em>\u201d. Este hecho, fue mencionado en alusi\u00f3n al sistema educativo colombiano, a quien el vicepresidente catalog\u00f3 con mucha cr\u00edtica, puesto \u201c<em>se imparte con excesivo provincialismo<\/em>\u201d. En BELL LEMUS, Gustavo (2006) \u00bf<em><span style=\"text-decoration: underline;\">Costa Atl\u00e1ntica? No: Costa Caribe<\/span><\/em>. En El Caribe en la Naci\u00f3n Colombiana. Memorias X C\u00e1tedra Anual de Historia \u201cErnesto Restrepo Tirado\u201d. Ministerio de Cultura de Colombia, Museo Nacional de Colombia y el Observatorio del Caribe Colombiano Bogot\u00e1 D.C., Pp. 123-143.<\/p>\n<p style=\"text-align: justify;\"><a href=\"#_ednref6\">[6]<\/a> ARDILA, Martha (2005) <em><span style=\"text-decoration: underline;\">Colombia y El Caribe: Reflexi\u00f3n en Torno a sus Prioridades e Inserci\u00f3n Internacional<\/span><\/em>. En Colombia y El Caribe. Ediciones Uninorte. Barranquilla, Pp. 155-171<\/p>\n<p style=\"text-align: justify;\"><a href=\"#_ednref7\">[7]<\/a> Ib\u00edd. Pp. 155; BELL LEMUS (2006) \u00bf<em><span style=\"text-decoration: underline;\">Costa Atl\u00e1ntica?&#8230;<\/span><\/em> Op Cit.;Ver tambi\u00e9n los trabajos de; AVELLA, Francisco (2006) <em><span style=\"text-decoration: underline;\">El Papel de la  Geohistoria Para la Construcci\u00f3n de la Regi\u00f3n Caribe. En El Caribe en la Naci\u00f3n  Colombiana. Memorias X C\u00e1tedra Anual de Historia \u201cErnesto Restrepo Tirado\u201d. Ministerio de Cultura de Colombia, Museo Nacional de Colombia y el Observatorio del Caribe Colombiano Bogot\u00e1 D.C., Pp. 106-122; BELL LEMUS (2006) \u00bfCosta Atl\u00e1ntica?&#8230;<\/span><\/em> Op Cit.; POLO ACU\u00d1A, Jos\u00e9 (2006) <em><span style=\"text-decoration: underline;\">Desde la Otra Orilla: las Fronteras del Caribe en la \u201cHistoria Nacional\u201d<\/span><\/em>. En El Caribe en la Naci\u00f3n Colombiana. Memorias X C\u00e1tedra Anual de Historia \u201cErnesto Restrepo Tirado\u201d. Ministerio de Cultura de Colombia, Museo Nacional de Colombia y el Observatorio del Caribe Colombiano Bogot\u00e1 D.C., Pp. 171-188<\/p>\n<p style=\"text-align: justify;\"><a href=\"#_ednref8\">[8]<\/a> GARC\u00cdA M\u00c1RQUEZ, Gabriel (1981) en <em><span style=\"text-decoration: underline;\">Algo M\u00e1s Sobre Literatura y Realidad.<\/span><\/em> Peri\u00f3dico el Espectador. Bogot\u00e1. Junio 1 de 1.981 expresa \u201c<em>Yo nac\u00ed y crec\u00ed en el Caribe. Lo conozco pa\u00eds por pa\u00eds, isla por isla, y tal vez de all\u00ed provenga mi frustraci\u00f3n de que nunca se me ha ocurrido nada ni he podido hacer nada que sea m\u00e1s asombroso que la realidad<\/em>\u201d. Ver ABELLO VIVES, Alberto (2006) <em><span style=\"text-decoration: underline;\">Una C\u00e1tedra para Entender el Caribe: Superar los Estereotipos.<\/span><\/em> En El Caribe en la Naci\u00f3n  Colombiana. Memorias X C\u00e1tedra Anual de Historia \u201cErnesto Restrepo Tirado\u201d. Ministerio de Cultura de Colombia, Museo Nacional de Colombia y el Observatorio del Caribe Colombiano. Bogot\u00e1 D.C., Pp. 21-28;<\/p>\n<p style=\"text-align: justify;\"><a href=\"#_ednref9\">[9]<\/a> ARDILA (2005). <em><span style=\"text-decoration: underline;\">Colombia y El caribe\u2026<\/span><\/em> Op. Cit. Pp. 155.<\/p>\n<p style=\"text-align: justify;\"><a href=\"#_ednref10\">[10]<\/a> ABELLO (2006). <span style=\"text-decoration: underline;\">Una C\u00e1tedra\u2026<\/span> Op. Cit. Pp. 22<\/p>\n<p style=\"text-align: justify;\"><a href=\"#_ednref11\">[11]<\/a> Ib\u00edd. Pp. 23.<\/p>\n<p style=\"text-align: justify;\"><a href=\"#_ednref12\">[12]<\/a> PEDROZA NIETO, William Tom\u00e1s (2003) <em><span style=\"text-decoration: underline;\">El Oc\u00e9ano en las Ciencias Naturales y Sociales<\/span><\/em>. Comisi\u00f3n Colombiana del Oc\u00e9ano (CCO). Armada Nacional de Colombia. Cartagena. Ver tambi\u00e9n GARCIA, Ang\u00e9lica (2003). <em><span style=\"text-decoration: underline;\">Colombia Pa\u00eds Maravilloso.<\/span><\/em> Situaci\u00f3n Astron\u00f3mica de Colombia. P\u00e1gina virtual bajada de la red el d\u00eda 27 de Junio de 2007. http:\/\/pwp.supercabletv.net.co\/garcru\/colombia\/Colombia\/mapaAstronomica.html.<\/p>\n<p style=\"text-align: justify;\"><a href=\"#_ednref13\">[13]<\/a> Todas estas discrepancias fueron dirimidas definitivamente, mediante el tratado de l\u00edmites entre Colombia y Venezuela, firmado el 5 de abril de 1941. No obstante, el<strong> <\/strong>tratado lim\u00edtrofe firmado en el a\u00f1o de 1941,<strong> <\/strong>en las \u00faltimas d\u00e9cadas<strong> <\/strong>han surgido nuevos problemas, como son: El relacionado<strong> <\/strong>con el archipi\u00e9lago<strong> <\/strong>de los Monjes. El problema surge debido a las dudas<strong> <\/strong>planteadas<strong> <\/strong>por Colombia relativas al derecho que tiene<strong> <\/strong>Venezuela sobre estos islotes,<strong> <\/strong>lo cual produjo una consulta Venezolana a Colombia, quien respondi\u00f3 en 1952 reconociendo<strong> <\/strong>la soberan\u00eda<strong> <\/strong>de Venezuela sobre<strong> <\/strong>el referido<strong> <\/strong>archipi\u00e9lago<strong>, <\/strong>lo que es ratificado<strong> <\/strong>por el Consejo de Estado<strong> <\/strong>de Colombia<strong> <\/strong>en 1976. En la<strong> <\/strong>actualidad el problema es canalizado de acuerdo con lo<strong> <\/strong>pautado en<strong> <\/strong>la<strong> \u00ab<\/strong>Declaraci\u00f3n de<strong> <\/strong>Ure\u00f1a<strong>\u00ab,<\/strong> firmada por<strong> <\/strong>los Presidentes de<strong> <\/strong>Venezuela y Colombia el 28 de<strong> <\/strong>marzo<strong> <\/strong>de 1989, en<strong> <\/strong>virtud de la cual<strong> <\/strong>se designaron<strong> <\/strong>los miembros de la<strong> <\/strong>Comisi\u00f3n Permanente de la Conciliaci\u00f3n,<strong> <\/strong>establecida en el \u00abTratado de<strong> <\/strong>No Agresi\u00f3n, Conciliaci\u00f3n,<strong> <\/strong>Arbitraje y Arreglo Judicial de 1939&#8243;, y<strong> <\/strong>de cuatro altos<strong> <\/strong>Comisionados para hacer el inventario de las principales cuestiones<strong> <\/strong>por examinar entre<strong> <\/strong>ambos pa\u00edses y formular<strong> <\/strong>propuestas de tratamiento y de soluci\u00f3n.<strong> <\/strong>Tambi\u00e9n se nombraron dos comisiones, una<strong> <\/strong>venezolana y otra<strong> <\/strong>colombiana, para que se encargaran de la preparaci\u00f3n y estudio de los Convenios y Tratados relativos al desarrollo economico y social de las \u00e1reas fronterizas. Tanto los altos<strong> <\/strong>comisionados<strong> <\/strong>como<strong> <\/strong>las comisiones<strong> <\/strong>de asuntos<strong> <\/strong>fronterizos<strong> <\/strong>han venido<strong> <\/strong>trabajando y han<strong> <\/strong>presentado<strong> <\/strong>los<strong> <\/strong>informes correspondientes a los<strong> <\/strong>respectivos gobiernos<strong>, <\/strong>los cuales est\u00e1n referidos a la<strong> <\/strong>evaluaci\u00f3n<strong> <\/strong>de<strong> <\/strong>los problemas<strong> <\/strong>fronterizos<strong>,<\/strong> pero<strong> <\/strong>hasta ahora no se ha llegado<strong> <\/strong>al<strong> <\/strong>fondo del problema principal que es el de las \u00e1reas marinas y submarinas del Golfo de Venezuela. Problemas planteados en relaci\u00f3n con la demarcaci\u00f3n lim\u00edtrofe Colombo-venezolana en BARBOZA, Elizabeth (2002) <em><span style=\"text-decoration: underline;\">L\u00edmites de Venezuela<\/span><\/em>. Rep\u00fablica Bolivariana de Venezuela. Ministerio de Educacion, Cultura y Deportes. Cabudare-Lara.<\/p>\n<p style=\"text-align: justify;\"><a href=\"#_ednref14\">[14]<\/a> Tal vez este sea el m\u00e1s conocido por los colombianos en cuanto a fronteras mar\u00edtimas se refiere, b\u00e1sicamente por el pleito internacional que durante mucho a\u00f1os han presentado estos dos pa\u00edses en la corte de la Haya, por motivo de dominio sobre San Andr\u00e9s y Providencia y dem\u00e1s islas circunvecinas.<\/p>\n<p style=\"text-align: justify;\"><a href=\"#_ednref15\">[15]<\/a> Tratado que una vez firmado, hizo que Nicaragua tambi\u00e9n entrara en discordia con Honduras y sirviera a su vez de pretexto para hacer dos demandas internacionales por temas fronterizos en la corte de la Haya, uno contra Colombia y la otra por supuesto, contra Honduras.<\/p>\n<p style=\"text-align: justify;\"><a href=\"#_ednref16\">[16]<\/a> PEDROZA (2003) <em><span style=\"text-decoration: underline;\">El Oc\u00e9ano.<\/span><\/em> Op. Cit. A pesar de los hechos hist\u00f3ricos que han caracterizado la relaci\u00f3n de Colombia con el Caribe, por ser delimitado recientemente, resulta extremadamente pasmosa dicha situaci\u00f3n, pues s\u00f3lo le legalizaron estos l\u00edmites, as\u00ed: Con Nicaragua en 1928, con Panam\u00e1 en 1976, con Costa Rica en 1977 el primer tratado, con Rep\u00fablica Dominicana en 1.978, con Hait\u00ed en 1.978, con Honduras 1.986 y con Jamaica 1.993. En GRISALES, Germ\u00e1n (2007) <em><span style=\"text-decoration: underline;\">Identidades, Violencia, Integraci\u00f3n y Regi\u00f3n Caribe<\/span><\/em>.\u00a0 Revista Jangwa Pana. Nro. 5 Enero \u2013 Junio. Universidad del Magdalena. Santa Marta<\/p>\n<p style=\"text-align: justify;\"><a href=\"#_ednref17\">[17]<\/a> Ver RAM\u00cdREZ OCAMPO, Augusto. <em><span style=\"text-decoration: underline;\">Balance y retos de la pol\u00edtica exterior colombiana hacia el Gran Caribe: Una perspectiva pol\u00edtica<\/span><\/em>, Foro Relaciones Internacionales de Colombia con el Gran Caribe, p. 89. en GONZ\u00c1LEZ ARANA, Roberto (2007) <em><span style=\"text-decoration: underline;\">Colombia en el Caribe<\/span><\/em>. Revista Huellas. Universidad del Norte. Barranquilla.<\/p>\n<p style=\"text-align: justify;\"><a href=\"#_ednref18\">[18]<\/a> Ibid.<\/p>\n<p style=\"text-align: justify;\"><a href=\"#_ednref19\">[19]<\/a> En este contexto, Costa Rica presenta una franja entre s\u00ed de tan s\u00f3lo 320  Km, con una longitud m\u00e1xima de 464 Km. (direcci\u00f3n NO-SE, desde dos millas antes de la desembocadura del R\u00edo Sapo\u00e1 hasta Punta Burica, puntos extremos en el territorio continental. Los dos puntos del territorio nacional m\u00e1s distantes entre s\u00ed, son Punta Castilla, en la costa del Caribe, y Cabo Dampier, en la Isla del Coco). Y la menor distancia entre los dos mares es de 119 Km. (direcci\u00f3n NE-SO, desde Tuba hasta boca Coronado). As\u00ed la cosas, este pa\u00eds tiene una latitud, as\u00ed: por el norte: 11\u00ba 13&#8242; 12&#8243; (lugar donde el R\u00edo Sapo\u00e1 entra a Nicaragua); al sur: 08\u00ba 02&#8242; 26&#8243; (Punta Burica, punto m\u00e1s meridional del territorio continental. El punto m\u00e1s meridional de todo el territorio nacional es Cabo Dampier, en la Isla del Coco, a 005\u00ba 30&#8242; 06&#8243; de Latitud Norte). As\u00ed mismo, una longitud de la siguiente manera: al este: 82\u00ba 33&#8242; 48&#8243; (Boca del R\u00edo Sixaola); al oeste: 85\u00ba 57&#8242; 57&#8243; (Cabo Santa Elena, punto m\u00e1s occidental del territorio continental. El punto m\u00e1s occidental de todo el territorio nacional se encuentra en el islote Dos Amigos, adyacente a la Isla del Coco, a 87\u00ba 06&#8242; 06&#8243; de longitud oeste).<\/p>\n<p style=\"text-align: justify;\"><a href=\"#_ednref20\">[20]<\/a> Instituto Geogr\u00e1fico Nacional de Costa Rica (2005). <em><span style=\"text-decoration: underline;\">Dimensiones del Territorio Nacional.<\/span><\/em> Divisi\u00f3n Territorial Administrativa de la  Rep\u00fablica de Costa Rica. Comisi\u00f3n Nacional de Divisi\u00f3n Territorial Administrativa. <a href=\"http:\/\/www.mopt.gov.cr\/\">www.mopt.gov.cr<\/a> , tomado de la red el 20 de Mayo de 2007.<\/p>\n<p style=\"text-align: justify;\"><a href=\"#_ednref21\">[21]<\/a> CARPIO CASTILLO, Rub\u00e9n (1981) <em><span style=\"text-decoration: underline;\">Geopolitica de Venezuela<\/span><\/em>. Editorial Ariel. Caracas; Ver tambi\u00e9n el trabajos de MARTINEZ, Raynell (1997) <em><span style=\"text-decoration: underline;\">El Espacio Geogr\u00e1fico Venezolano.<\/span><\/em> Web graf\u00eda. Caracas.<\/p>\n<p style=\"text-align: justify;\"><a href=\"#_ednref22\">[22]<\/a> AGUILERA, Jes\u00fas Antonio (1988) <em><span style=\"text-decoration: underline;\">Las fronteras de Venezuela<\/span><\/em>. Ediciones del Congreso de la Rep\u00fablica. Caracas. Ver tambi\u00e9n los trabajos de BARBOZA, Elizabeth (2002) <em><span style=\"text-decoration: underline;\">L\u00edmites de Venezuela<\/span><\/em>. Rep\u00fablica Bolivariana de Venezuela. Ministerio de Educacion, Cultura y Deportes. Cabudare-Lara; MORALES, Paul Isidro (1983) <em><span style=\"text-decoration: underline;\">La  Delimitaci\u00f3n<\/span><\/em><em><span style=\"text-decoration: underline;\"> de \u00c1reas Marinas y Submarinas <\/span><\/em><em><span style=\"text-decoration: underline;\">Al Norte de Venezuela<\/span><\/em>. Serie estudios. Caracas.<\/p>\n<p style=\"text-align: justify;\"><a href=\"#_ednref23\">[23]<\/a> L\u00d3PEZ GUERRA, Lu\u00eds y AGUIAR DE LUQUE, Lu\u00eds (2001) <em><span style=\"text-decoration: underline;\">Las Constituciones de Iberoam\u00e9rica.<\/span><\/em>: <em><span style=\"text-decoration: underline;\">An\u00e1lisis de la Constituci\u00f3n de la Rep\u00fablica Bolivariana de Venezuela<\/span><\/em>. Instituto de Derecho P\u00fablico Comparado. Universidad Carlos III de Madrid.<\/p>\n<p style=\"text-align: justify;\"><a href=\"#_ednref24\">[24]<\/a> Ib\u00edd.<\/p>\n<p style=\"text-align: justify;\"><a href=\"#_ednref25\">[25]<\/a> Para ello ver la informaci\u00f3n que difunde el Instituto Geogr\u00e1fico de Venezuela \u201cSim\u00f3n Bol\u00edvar\u201d en su P\u00e1gina Virtual Oficial. <a href=\"http:\/\/www.igvsb.gov.ve\/\">www.igvsb.gov.ve<\/a><\/p>\n<p style=\"text-align: justify;\"><a href=\"#_ednref26\">[26]<\/a> Las costa de Mosquitos m\u00e1s las islas adyacentes, como las de San Andr\u00e9s y Providencia, que durante la colonia permanecieron bajo la jurisdicci\u00f3n de la  Capitan\u00eda General de Guatemala, pasaron en 1803, por recomendaci\u00f3n de la Junta de Fortificaci\u00f3n y Defensa de Indias, al Virreinato de Nueva Granada, que estaba en mejor aptitud para defender la costa del Caribe, desde el castillo de Chagres en Panam\u00e1 hasta el Cabo Gracias a Dios.\u00a0 Aunque la real orden nunca implic\u00f3 segregaci\u00f3n de territorios, sino una simple comisi\u00f3n de vigilancia militar, tal documento dio base a la actual Colombia para reclamar soberan\u00eda sobre la  Costa Atl\u00e1ntica de Nicaragua e islas adyacentes. Como resultado del litigio se firm\u00f3 el tratado Esguerra &#8211; B\u00e1rcenas Meneces, ratificado por el congreso de Nicaragua, en 1930, mediante el cual Colombia mantuvo su dominio en el archipi\u00e9lago de San Andr\u00e9s y Providencia. Sin embargo, las islas, as\u00ed como los bancos de Quitasue\u00f1o, Serrana y Roncador, se encuentran situados a 250 Km. al este de Puerto Cabezas (Nicaragua) y a m\u00e1s de 600 Km. de las costas colombianas.<\/p>\n<p style=\"text-align: justify;\"><a href=\"#_ednref27\">[27]<\/a> El Golfo de Fonseca o Chorotega es el \u00fanico l\u00edmite que separa a Nicaragua con El Salvador. Para el ejercicio de su soberan\u00eda se considera como propiedad de Nicaragua las islitas Farallones, frente a Cosig\u00fcina, mientras las islas de Meanguera y Meanguerita son salvadore\u00f1as. Las aguas del Golfo son compartidas tambi\u00e9n por Honduras, \u00fanica salida de este pa\u00eds al Pac\u00edfico. Resulta por tanto dif\u00edcil de precisar qu\u00e9 parte del mar territorial y de la plataforma submarina, corresponde a cada uno de los tres pa\u00edses, resultando a veces infundados los reclamos, de un pa\u00eds a otro, como en el caso de la explotaci\u00f3n pesquera en el golfo, a menos que tales acciones se circunscriban a las inmediaciones litorales, sobre las que los pa\u00edses ejercen natural soberan\u00eda.\u00a0Ver INSTITUTO NICARAGUENSE DE INVESTIGACI\u00d3NES ECON\u00d3MICAS Y SOCIALES (INIES) (1995). <em><span style=\"text-decoration: underline;\">Estudio sobre el uso de los recursos naturales en dos microcuencas hidrogr\u00e1ficas de los municipios de Jinotega y Cua-Bocay departamento de Jinotega, Rep\u00fablica\u00a0de Nicaragua. <\/span><\/em>Universidad Nacional Agraria (Una). Managua.<\/p>\n<p style=\"text-align: justify;\"><a href=\"#_ednref28\">[28]<\/a> SECRETARIA DE ESTADO DE TURISMO Y COMERCIO (2000). <em><span style=\"text-decoration: underline;\">Rep\u00fablica de Panam\u00e1.<\/span><\/em> Secretar\u00eda de Turismo de Panam\u00e1. Panam\u00e1.<\/p>\n<p style=\"text-align: justify;\"><a href=\"#_ednref29\">[29]<\/a> PARME, significa Programa de Apoyo a la Reforma y Modernizaci\u00f3n del Estado de la Rep\u00fablica Dominicana. Ver en ese sentido Geograf\u00eda y Estructura Econ\u00f3mica. <a href=\"http:\/\/www.parme.gov.rd\/\">www.parme.gov.rd<\/a>, tomado de la red el d\u00eda 20 de Junio de 2007.<\/p>\n<p style=\"text-align: justify;\"><a href=\"#_ednref30\">[30]<\/a> ALARCON MENESES, Lu\u00eds (2006). <em><span style=\"text-decoration: underline;\">Representaciones Sociales y Pol\u00edticas Sobre el Caribe Colombiano<\/span><\/em>. En El Caribe en la Naci\u00f3n Colombiana. Memorias X C\u00e1tedra Anual de Historia \u201cErnesto Restrepo Tirado\u201d. Ministerio de Cultura de Colombia, Museo Nacional de Colombia y el Observatorio del Caribe Colombiano. Bogot\u00e1 D.C., Pp. 214-236;<\/p>\n<p style=\"text-align: justify;\"><a href=\"#_ednref31\">[31]<\/a> Ib\u00edd.<\/p>\n<p style=\"text-align: justify;\"><a href=\"#_ednref32\">[32]<\/a> Sobre este aspecto, las personas oriundas del interior de los pa\u00edses continentales, especialmente la de los suramericanos caribe\u00f1os, en un falso estereotipo, consideran que los caribe\u00f1os como tal, son muy poco dado al trabajo y al cultivo de la inteligencia, dejando ver una fobia hacia el proveniente de la regi\u00f3n Caribe, pues en el imaginario nacional consideran que las elites est\u00e1n es en la andinizaci\u00f3n y no en las costas, b\u00e1sicamente por la centralizaci\u00f3n de los poderes. Esto se refuta de ra\u00edz, por cuanto esas concepciones son infundadas e inocuas, ya que del caribe han salido las personas que le dan brillo a esos pa\u00edses, principalmente desde la literatura, las artes, los deportes, la m\u00fasica, etc.<\/p>\n<p style=\"text-align: justify;\"><a href=\"#_ednref33\">[33]<\/a> BRICE\u00d1O M\u00c9NDEZ, Manuel (1976) <em><span style=\"text-decoration: underline;\">Consideraciones sobre la Formaci\u00f3n del Espacio en Venezuela<\/span><\/em>. Caracas.<\/p>\n<p style=\"text-align: justify;\"><a href=\"#_ednref34\">[34]<\/a> M\u00c9NDEZ VERGARA, El\u00edas (1996) <em><span style=\"text-decoration: underline;\">Geograf\u00eda: Una ciencia en Construccion<\/span><\/em>.\u00a0 Mexico. D.F.<\/p>\n<p style=\"text-align: justify;\"><a href=\"#_ednref35\">[35]<\/a> MARTINEZ, (1997) <em><span style=\"text-decoration: underline;\">El Espacio\u2026<\/span><\/em> Op. Cit.<\/p>\n<p style=\"text-align: justify;\"><a href=\"#_ednref36\">[36]<\/a> ANDERSON, Benedict (1993) <em><span style=\"text-decoration: underline;\">Comunidades imaginadas. Reflexiones sobre el origen y difusi\u00f3n del nacionalismo<\/span><\/em>. M\u00e9xico D.F.; JODELET, Denis (2000) <em><span style=\"text-decoration: underline;\">Representaciones sociales: contribuci\u00f3n a un saber sociocultural sin fronteras<\/span><\/em>. En Denis Jodelet y Alfredo Guerrero Tapia, <em>Develando la Cultura. Estudios en representaciones sociales. Universidad Aut\u00f3noma de M\u00e9xico. UNAM. M\u00e9xico D.F. Pp. 7 &#8211; 30.<\/em><\/p>\n<p style=\"text-align: justify;\"><a href=\"#_ednref37\">[37]<\/a> ALARCON (2006) <em><span style=\"text-decoration: underline;\">Representaciones<\/span>\u2026<\/em> Op. Cit. Pp. 216.<\/p>\n<p style=\"text-align: justify;\"><a href=\"#_ednref38\">[38]<\/a> Ib\u00edd. En este sentido Germ\u00e1n Grisales (2007) establece \u201cSea que los llamemos regionalismos o nacionalismos, identidades regionales o nacionales no parecen constituir procesos naturales, en la mayor\u00eda de los casos, sino procesos ratif\u00edcales inducidos por la \u00e9lites en gran medida con poder pol\u00edtico o con poder econ\u00f3mico, o, que sin tenerlos aspiran tenerlos, o est\u00e1n inconformes con la cuota que conservan en un momento determinado\u2026.\u201d<\/p>\n<p style=\"text-align: justify;\"><a href=\"#_ednref39\">[39]<\/a> BELL (2006) <em><span style=\"text-decoration: underline;\">\u00bfCosta Atl\u00e1ntica?<\/span><\/em>.. Op. Cit. Pp. 130.<\/p>\n<p style=\"text-align: justify;\"><a href=\"#_ednref40\">[40]<\/a> AVELLA (2006). <em><span style=\"text-decoration: underline;\">El Papel de<\/span><\/em>\u2026 Op. Cit. Pp. 106.<\/p>\n<p style=\"text-align: justify;\"><a href=\"#_ednref41\">[41]<\/a> BRAUDEL, Fernand y DUBY, Georges (1987) <em><span style=\"text-decoration: underline;\">El Mediterr\u00e1neo<\/span><\/em>, Espasa-Calpe. Madrid. Pp. 37 &#8211; 60. En BELL (2006) <em><span style=\"text-decoration: underline;\">\u00bfCosta Atl\u00e1ntica?<\/span><\/em>.. Op. Cit. Pp. 130.<\/p>\n<p style=\"text-align: justify;\"><a href=\"#_ednref42\">[42]<\/a> Germ\u00e1n Arciniegas en su libro <em>Biograf\u00eda del Caribe,<\/em> en cuanto al fen\u00f3meno de los Huracanes, de forma pict\u00f3rica denomina al mar Caribe, como un: <em>\u201ccharco violento por donde se han paseado todos los huracanes\u201d.<\/em><\/p>\n<p style=\"text-align: justify;\"><a href=\"#_ednref43\">[43]<\/a> BELL (2006) \u00bf<em><span style=\"text-decoration: underline;\"> Costa Atl\u00e1ntica?<\/span><\/em>.. Op. Cit. Pp. 130.<\/p>\n<p style=\"text-align: justify;\"><a href=\"#_ednref44\">[44]<\/a> QUIJADA, M\u00f3nica (2001) <em>Imaginando la Homogeneidad: la alquimia de la Tierra. En M\u00f3nica Quijada, Carmen Bernard y Arnd Schneider. Homogeneidad y naci\u00f3n. Un estudio de caso. Argentina, siglos XIX y XX. CSIC. <\/em>Madrid. Pp. 182. Ver ALARCON (2006) <em><span style=\"text-decoration: underline;\">Representaciones<\/span>\u2026<\/em> Op. Cit. Pp. 233.<\/p>\n<p style=\"text-align: justify;\"><a href=\"#_ednref45\">[45]<\/a> Ib\u00edd.<\/p>\n<p style=\"text-align: justify;\"><a href=\"#_ednref46\">[46]<\/a> TURNER, Frederic Jackson (1894) <em><span style=\"text-decoration: underline;\">\u201cThe Significance of the Frontier in American History\u201d<\/span><\/em> Annual Report Of The American Historical Association, Government Printing office. Washington. Este trabajo posteriormente fue reeditato por David Weber y Jane Rausch (editores) <em>Where Cultures Meet<\/em> (Frontiers in Latin American History). Jaguar Books, Wilmington. 1994. Pp. 1-18. En POLO ACU\u00d1A, Jos\u00e9 (2006) <em><span style=\"text-decoration: underline;\">Desde la Otra Orilla: las Fronteras del Caribe en la \u201cHistoria Nacional\u201d<\/span><\/em>. En El Caribe en la Naci\u00f3n Colombiana. Memorias X C\u00e1tedra Anual de Historia \u201cErnesto Restrepo Tirado\u201d. Ministerio de Cultura de Colombia, Museo Nacional de Colombia y el Observatorio del Caribe Colombiano Bogot\u00e1 D.C., Pp. 172.<\/p>\n<p style=\"text-align: justify;\"><a href=\"#_ednref47\">[47]<\/a> POLO (2006) <em><span style=\"text-decoration: underline;\">Desde la Otra  Orilla:<\/span><\/em> \u2026 Op. Cit. Pp. 172.<\/p>\n<p style=\"text-align: justify;\"><a href=\"#_ednref48\">[48]<\/a> Para comprender lo anterior, ver tambi\u00e9n el trabajo de LONDO\u00d1O MOTA, Jaime (2003) <em><span style=\"text-decoration: underline;\">\u201cLa Frontera un Concepto en Construcci\u00f3n\u201d.<\/span><\/em> En Clara In\u00e9s Garc\u00eda (Compiladora), <em>Fronteras (Territorios y Met\u00e1foras)<\/em>. Hombre Nuevo Editores\/Instituto Estudios Regionales de la Universidad de Antioquia, Medell\u00edn, Pp. 61-83.<\/p>\n<p style=\"text-align: justify;\"><a href=\"#_ednref49\">[49]<\/a> Turner en su ensayo mezcla geograf\u00eda, pol\u00edtica, econom\u00eda, y cultura y desde estas peculiaridades arguye que la vida de frontera contribuye a forjar una nueva naci\u00f3n, con valores y pr\u00e1cticas compartidas que sustituyen progresivamente a las diferentes tradiciones culturales importadas desde Europa por los primeros emigrantes, concluyendo tajantemente que todo ese proceso que vivi\u00f3 Estados Unidos en la primera mitad del siglo XIX, fue por las Fronteras y no por los g\u00e9rmenes de identidad americana. Entendi\u00e9ndose a esta frontera, sobre todo en su dimensi\u00f3n geogr\u00e1fica, como un inmenso territorio de tierras libres, abiertas a la colonizaci\u00f3n. Turner, a su vez aduce que, en la oferta de tierras sin ocupar, que proporcionan las planicies centrales del continente, apenas pobladas, estar\u00eda la clave de un sistema social extraordinariamente estable y fluido.\u00a0 Por ello, su existencia explica no s\u00f3lo el r\u00e1pido desarrollo econ\u00f3mico alcanzado por el pa\u00eds desde el momento de su independencia, sino particularidades pol\u00edticas y culturales. Trabajo que fue continuado, m\u00e1s adelante por el mismo Turner en 1903, con su obra \u201c<em>Contribuciones del Oeste Americano a la democracia<\/em>\u201d, donde en esencia Turner trata de\u00a0 mostrar la relaci\u00f3n que se establece entre democracia y frontera, aduciendo que el poder se centralizaba s\u00f3lo en personas que proced\u00edan de esas fronteras. Hecho que a la luz de l\u00f3gica, en tiempos actuales sobre todo en Colombia, tiene una alta dosis de verdad.\u00a0\u00a0 Trabajos que posteriormente fueron tratados con lujos de detalle, ya sea por cr\u00edticas o en apolog\u00edas, por Bolton (1917), Bannon (1974), Moorhead (1975), Faulk (1976) y Langer y Jackson (1997).<\/p>\n<p style=\"text-align: justify;\"><a href=\"#_ednref50\">[50]<\/a> Bandeirantes son llamados los hombres que a partir del siglo XVI penetraban en los territorios interiores del Brasil. La villa de San Pablo (<em>Sao Paulo<\/em>) era entonces distinta de las dem\u00e1s poblaciones portuguesas en Am\u00e9rica porque no se encontraba en el litoral, sino enclavada sobre el altiplano que se alcanzaba despu\u00e9s de subir la \u00abSierra del Mar\u00bb. As\u00ed, aislados del comercio y sin alternativas econ\u00f3micas, all\u00ed los hombres se hicieron brav\u00edos y pasaron a atacar a los ind\u00edgenas para hacerlos esclavos en sus plantaciones de az\u00facar. Los Bandeirantes \u00e9tnicamente eran descendientes de portugueses, casi mestizos con elementos ind\u00edgenas. Caminaban descalzados por la selva y hablaban el \u00abtupi\u00bb ense\u00f1ado por los jesuitas en la escuela creada los comienzos de la colonizaci\u00f3n de la villa. Pero sus acciones violentas contra la poblaci\u00f3n ind\u00edgena fueron condenadas por los sacerdotes de la Compa\u00f1\u00eda de Jes\u00fas, que se volvieron sus enemigos.<\/p>\n<p style=\"text-align: justify;\"><a href=\"#_ednref51\">[51]<\/a> POLO (2006) <em><span style=\"text-decoration: underline;\">Desde la Otra  Orilla: <\/span><\/em>Op. Cit. Pp. 174.<\/p>\n<p style=\"text-align: justify;\"><a href=\"#_ednref52\">[52]<\/a> Ib\u00edd.<\/p>\n<p style=\"text-align: justify;\"><a href=\"#_ednref53\">[53]<\/a> WADE, Peter (2002) <em><span style=\"text-decoration: underline;\">Construcci\u00f3n de lo negro y de \u00c1frica en Colombia. Pol\u00edtica en la m\u00fasica coste\u00f1a y el rap<\/span><\/em>. Traducci\u00f3n de Fernando Visual. En <em>Afrodescendientes en las Am\u00e9ricas. Trayectorias sociales e identitarias, 150 a\u00f1os de la abolici\u00f3n de la esclavitud en Colombia<\/em>. Universidad Nacional de Colombia, otros. Bogot\u00e1; AJA ESLAVA, Lorena (2007) <em><span style=\"text-decoration: underline;\">M\u00fasica, cuerpos e identidades hibridas en el Caribe: \u00bfCu\u00e1l m\u00fasica, cual cuerpo, cual identidad, cual Caribe?<\/span><\/em>. Revista Jangwa Pana. Nro. 5 Enero-Junio. Universidad del Magdalena. Santa Marta. Pp. 41.<\/p>\n<p style=\"text-align: justify;\"><a href=\"#_ednref54\">[54]<\/a> Ib\u00edd.<\/p>\n<p style=\"text-align: justify;\"><a href=\"#_ednref55\">[55]<\/a> Ib\u00edd.<\/p>\n<p style=\"text-align: justify;\"><a href=\"#_ednref56\">[56]<\/a> RAM\u00cdREZ, Socorro (2003) <em><span style=\"text-decoration: underline;\">Avances y retrocesos del Gran Caribe. Etapas y resultados de la  Asociaci\u00f3n de Estados del Caribe . <\/span><\/em>XXII Conferencia Anual de la Caribbean Assotiation, Barranquilla, mayo de 1997, Pp. 13- 40. En GONZALEZ ARANA (2007) <em><span style=\"text-decoration: underline;\">Colombia en el Caribe<\/span><\/em>\u2026 Op. Cit..<\/p>\n<p style=\"text-align: justify;\"><a href=\"#_ednref57\">[57]<\/a> Este tipo de trabajo especialmente en Latinoam\u00e9rica y el Caribe han sido pocos, aunque con un gran avance durante la \u00faltima d\u00e9cada, sin embargo en esos pocos que se han elaborado, sobre estos apartes, se recomienda ver los trabajos de MUNERA, Alfonso (2005) <em><span style=\"text-decoration: underline;\">Fronteras Imaginadas<\/span><\/em>: <em><span style=\"text-decoration: underline;\">La construcci\u00f3n de las razas y de la geograf\u00eda en el siglo XIX colombiano<\/span><\/em>. Editorial Planeta Colombiana S.A. Primera Edici\u00f3n. Bogot\u00e1 D.C; GRIMSON, Alejandro (2005) <em><span style=\"text-decoration: underline;\">Los procesos de fronterizaci\u00f3n: flujos, redes e historiocidad\u201d<\/span><\/em> en Clara In\u00e9s Garc\u00eda (compiladora) <em>Fronteras (Territorios-Met\u00e1foras)<\/em>. Hombre Nuevo Editores\/Instituto Estudios Regionales de la  Universidad de Antioquia, Medell\u00edn, Pp. 15-33; HERNANDEZ ASENCIO, Ra\u00fal (2004) <em><span style=\"text-decoration: underline;\">Los estudios de frontera y los discursos relativos a las fronteras tropicales a comienzos del siglo XVII.<\/span><\/em> En La frontera Occidental de la Audiencia de Quito. Viajes y Relatos 1.595 \u2013 1.630- Instituto Franc\u00e9s de Estudios Andinos e Instituto de Estudios Peruanos. Colecci\u00f3n Popular. Primera Edici\u00f3n. Per\u00fa Septiembre de 2.004. Pp. 17 &#8211; 45.\u00a0 Ya de manera m\u00e1s provincial, es rescatable los trabajos de Philip W. Powell y David J. Weber.\u00a0 Powell (1977 y 1980) centra sus esfuerzos en analizar las relaciones entre las poblaciones sedentarias espa\u00f1olas al norte de M\u00e9xico y los Pueblos N\u00f3madas Chichimecas, fronteras que se han suscitado incluso desde \u00e9pocas prehisp\u00e1nicas.\u00a0 As\u00ed mismo, Hermes Tovar Pinz\u00f3n en <em>Convocatoria al poder del n\u00famero: censos y estad\u00edsticas de la Nueva  Granada 1750-1830, <\/em>toca el tema de la \u201c<em><span style=\"text-decoration: underline;\">frontera del Nuevo Mundo y el doblamiento en la Nueva Granada\u201d<\/span><\/em>. Archivo General de la  Naci\u00f3n. Bogot\u00e1. 1994. Pp. 17-59; el mismo Jos\u00e9 Polo Acu\u00f1a, lo hace en \u201c<em><span style=\"text-decoration: underline;\">Contrabando y pacificaci\u00f3n ind\u00edgena en la frontera Colombo-venezolana de la Guajira 1750-1820\u201d en Am\u00e9rica Latina en la  Historia Econ\u00f3mica, julio-diciembre 1995. M\u00e9xico. Pp. 87-130. Igualmente \u201cEtnicidad, conflicto social y cultura fronteriza en la Guajira 1700-1850\u201d<\/span><\/em>. Universidad de los Andes\/Ministerio de Cultura\/Observatorio del Caribe Colombiano. Bogot\u00e1. 2005; y \u201c<em><span style=\"text-decoration: underline;\">Etnicidad, poder y negociaci\u00f3n en la frontera Guajira 1750-1850\u201d<\/span><\/em>. Instituto Colombiano de Antropolog\u00eda en Historia. ICANH. Bogot\u00e1. 2005; A manera de ejemplo tambi\u00e9n podemos citar a: Jane Rausch (1994) \u201c<em><span style=\"text-decoration: underline;\">Una frontera en la sabana tropical. Los llanos de Colombia, 1531-1831\u201d. Banco de la Rep\u00fablica. Bogot\u00e1. (2002) <\/span>la Frontera de los llanos orientales en la historia de Colombia<\/em>. Banco de la Rep\u00fablica-El Ancora Editores. Bogot\u00e1; Mar\u00eda Clemencia Ram\u00edrez de Jara (1996) <em><span style=\"text-decoration: underline;\">Frontera fluida entra Andes, Piedemonte y Selva. El Caso del Valle del Sibundoy, siglos XVI \u2013 XVIII.<\/span><\/em> Instituto Colombiano de Historia Hisp\u00e1nica. Bogot\u00e1; Mar\u00eda Teresa Archiva (2003) <em><span style=\"text-decoration: underline;\">Una sociedad de frontera: El Bajo Cauca-Nech\u00ed a finales del periodo colonial<\/span><\/em>&#8211; Fronteras (Territorios-Met\u00e1foras). Hombre Nuevo Editores\/Instituto Estudios Regionales de la Universidad de Antioquia, Medell\u00edn, Pp. 273-287; Ar\u00edstides Ramos Pe\u00f1uela (1999) Los caminos al r\u00edo Magdalena: la frontera del Carare y del Op\u00f3n 1760-1860. Instituto Colombiano de Cultura Hisp\u00e1nica. Bogot\u00e1, 178 Pp. ;Richard James Goulet (2003) \u201c<em><span style=\"text-decoration: underline;\">Trade and Conversi\u00f3n: Indiens, Franciscans and Spaniards on the Upper Amazon Frontier, 1693-1790\u201d<\/span><\/em>. Tesis para optar t\u00edtulo de Doctor en Historia de la Universidad de Massachussets; Patricia Vargas (1995). <em><span style=\"text-decoration: underline;\">Naciones abor\u00edgenes y la estructuraci\u00f3n del espacio colonial: fronteras internas y externas en la Nueva  Granada durante los siglos XVI, XVII y XVIII<\/span><\/em>. En Regiones Culturales y Fronteras entre el Magdalena y el Pac\u00edfico, siglos XVI-XVIII. Fundaci\u00f3n para la promoci\u00f3n de la investigaci\u00f3n y la Tecnolog\u00eda. Bogot\u00e1; Miguel Garc\u00eda Bustamante (1997) <em><span style=\"text-decoration: underline;\">Un Pueblo de Frontera. Villavicencio, 1840-1940<\/span><\/em>. Cargraphic. Bogot\u00e1; Sandra Bravo y Medardo Restrepo (2003) <em><span style=\"text-decoration: underline;\">La frontera desde la perspectiva econ\u00f3mica: un estudio del caso de la vertiente Bajo Cauca-Nech\u00ed 1640-1830.<\/span><\/em> en Clara In\u00e9s Garc\u00eda Fronteras (Territorios-Met\u00e1foras). Hombre Nuevo Editores\/Instituto Estudios Regionales de la Universidad de Antioquia, Medell\u00edn, Pp. 265-272<\/p>\n<p style=\"text-align: justify;\"><a href=\"#_ednref58\">[58]<\/a> POLO (2006) <em><span style=\"text-decoration: underline;\">Desde la Otra  Orilla: <\/span><\/em>Op. Cit. Pp. 175.<\/p>\n<p style=\"text-align: justify;\"><a href=\"#_ednref59\">[59]<\/a> DUNCAN BARETTA, Silvio y MARKOFF, John (1978) <em><span style=\"text-decoration: underline;\">Civilization and Barbarism: Cattle Frontier in Latin America<\/span><\/em>. Comparaative Studies in Society and History. Vol. 20, 4 Pp. 587-620.<\/p>\n<p style=\"text-align: justify;\"><a href=\"#_ednref60\">[60]<\/a> POLO (2006) <em><span style=\"text-decoration: underline;\">Desde la Otra Orilla<\/span><\/em>\u2026 Op. Cit. Pp. 179.<\/p>\n<p style=\"text-align: justify;\"><a href=\"#_ednref61\">[61]<\/a> Ib\u00edd.. Pp. 178.<\/p>\n<p style=\"text-align: justify;\"><a href=\"#_ednref62\">[62]<\/a> HERNANDEZ ASENCIO (2004) <em><span style=\"text-decoration: underline;\">Los estudios de frontera<\/span><\/em>\u2026 Op. Cit. Pp. 25.<\/p>\n<p style=\"text-align: justify;\"><a href=\"#_ednref63\">[63]<\/a> Ib\u00edd.<\/p>\n<p style=\"text-align: justify;\"><a href=\"#_ednref64\">[64]<\/a> En este sentido, se trata de una renovaci\u00f3n general que ata\u00f1e a todas las ciencias sociales. Pues, en esencia la teor\u00eda de la dependencia, es aquella que trata de estudiar las relaciones entre los diferentes espacios geogr\u00e1ficos y culturales desde la perspectiva de los v\u00ednculos econ\u00f3micos que los unen entre s\u00ed.<\/p>\n<p style=\"text-align: justify;\"><a href=\"#_ednref65\">[65]<\/a> Un referente importante sobre este tema, lo constituyen los trabajos hechos en las d\u00e9cadas del 60 y 70, por Carlos Sempat Assadourian, quien dentro de la historiograf\u00eda americanista concibe una nueva forma de percibir los espacios regionales y con ello, d\u00e1ndose una ruptura en la visi\u00f3n tradicional de \u00e1reas centrales y \u00e1reas marginales desde el punto de vista pol\u00edtico, sustituida por la idea de espacios m\u00e1s o menos integrados en funci\u00f3n de un sistema global de relaciones sociales y econ\u00f3micas. Sobre el particular, Assadourian (1983, 129) sintetiza: \u201c<em>La  Am\u00e9rica<\/em><em> espa\u00f1ola se fractura en grandes zonas econ\u00f3micas que se adelantan a la zonificaci\u00f3n pol\u00edtica o administrativa. Cada una de estas zonas conforma un verdadero y complejo espacio econ\u00f3mico, cuyo dise\u00f1o m\u00e1s simple ser\u00eda el siguiente: (a) la estructura se asienta sobre uno o dos productos dominantes que orientan un crecimiento hacia fuera y sostienen el intercambio con la metr\u00f3poli; (b) en cada zona se genera un proceso que trae consigo una especializaci\u00f3n regional del trabajo, lo cual estructura un sistema de intercambios que organiza o concede a cada regi\u00f3n un nivel determinado de participaci\u00f3n y desarrollo dentro del complejo zonal; (c) la metr\u00f3poli legisla un sistema para comunicarse directamente con cada zona, al tiempo que veda el acceso de las otras potencias; y (d) la metr\u00f3poli, igualmente, regula, interfiere o niega la relaci\u00f3n entre grandes zonas coloniales<\/em>\u201d.<\/p>\n<p style=\"text-align: justify;\"><a href=\"#_ednref66\">[66]<\/a> HERNANDEZ (2004) <em><span style=\"text-decoration: underline;\">Los estudios de frontera<\/span><\/em>\u2026 Op. Cit. Pp. 25<\/p>\n<p style=\"text-align: justify;\"><a href=\"#_ednref67\">[67]<\/a> SANTANA (2007).\u00a0 <em><span style=\"text-decoration: underline;\">Repensando el Caribe<\/span><\/em>\u2026 Op. Cit. Pp. 1.<\/p>\n<p style=\"text-align: justify;\"><a href=\"#_ednref68\">[68]<\/a> ROJAS OSORIO, Carlos (1997) <em><span style=\"text-decoration: underline;\">La Filosof\u00eda<\/span><\/em><em><span style=\"text-decoration: underline;\"> moderna en el Caribe hispano<\/span><\/em>. Universidad de Puerto Rico. Decanato de Estudios Graduados e Investigaci\u00f3n, Rio Piedras. Editado por Miguel \u00c1ngel Porr\u00faa. M\u00e9xico p. 8<\/p>\n<p style=\"text-align: justify;\"><a href=\"#_ednref69\">[69]<\/a> En cuanto a la exclusi\u00f3n de Nicaragua, hipot\u00e9ticamente tal vez tal vez tenga raz\u00f3n si es vista desde el siglo XIX, y de ser as\u00ed es loable su pronunciamiento, pero de no ser \u00e9ste su resorte, no encontramos otra raz\u00f3n de peso para aceptarlo.<\/p>\n<p style=\"text-align: justify;\"><a href=\"#_ednref70\">[70]<\/a> GAZTAMBIDE, Antonio (2007) <em><span style=\"text-decoration: underline;\">La Invenci\u00f3n<\/span><\/em><em><span style=\"text-decoration: underline;\"> del Caribe a Partir de 1.898 (Las definiciones del Caribe, revisitadas).<\/span><\/em> Revista Jangwa Pana. Nro. 5 Enero- Junio. Universidad del Magdalena. Santa Marta. Pp. 1-23.\u00a0 SANTANA (2007).\u00a0 <em><span style=\"text-decoration: underline;\">Repensando el Caribe<\/span><\/em>\u2026 Op. Cit.<\/p>\n<p style=\"text-align: justify;\"><a href=\"#_ednref71\">[71]<\/a> Sobre esa uni\u00f3n fraternal caribe\u00f1a, Eric Hobsbawn (2001) plantea \u201c<em>El Caribe se distingue en la historia Universal, porque su gran contribuci\u00f3n ha sido el ethos caribe\u00f1o<\/em>\u201d.\u00a0 Entendi\u00e9ndose a ethos, acorde con Geertz (1997), como: \u201c<em>El ethos de un pueblo, es el tono, el car\u00e1cter y la calidad de su vida, su estilo moral y est\u00e9tico, la disposici\u00f3n de su \u00e1nimo. Se trata entonces de la actitud subyacente que un pueblo tiene ante s\u00ed mismo, y ante el mundo que la vida refleja. Su cosmovisi\u00f3n, es un retrato en que las cosas son en su pura efectividad: es su concepci\u00f3n de la naturaleza, de la persona de la sociedad. La cosmovisi\u00f3n tiene la ideas m\u00e1s generales de orden de ese pueblo\u201d<\/em>. Ante eso, Aja (2007) sobre el ethos Caribe, expone \u201c<em>Hibridaci\u00f3n, mezcla, dominaci\u00f3n, esclavitud, libertad, desorden, jolgorio, fiesta, ritmo, turismo, contrabando, cimarroner\u00eda, risa, plantaci\u00f3n, la raza c\u00f3smica, sistema-mundo\u2026<\/em>\u201d. HOBSBAWM, Eric (2001) <em><span style=\"text-decoration: underline;\">Historia del Siglo XX<\/span><\/em>. Cr\u00edtica. Barcelona; GEERTZ, Clifford (1997) <em><span style=\"text-decoration: underline;\">La interpretaci\u00f3n de las culturas<\/span><\/em>. Gedisa. Barcelona; AJA ESLAVA, Lorena (2007) <em><span style=\"text-decoration: underline;\">M\u00fasica, cuerpos e identidades hibridas en el Caribe: \u00bfCu\u00e1l m\u00fasica, cual cuerpo, cual identidad, cual Caribe?<\/span><\/em>. Revista Jangwa Pana. Nro. 5 Enero-Junio. Universidad del Magdalena. Santa Marta. Pp. 40.<\/p>\n<p style=\"text-align: justify;\"><a href=\"#_ednref72\">[72]<\/a> GONZALEZ ARANA (2007) <em><span style=\"text-decoration: underline;\">Colombia en el Caribe<\/span><\/em>\u2026 Op. Cit.<\/p>\n<p style=\"text-align: justify;\"><a href=\"#_ednref73\">[73]<\/a> AJA (2007) <em><span style=\"text-decoration: underline;\">M\u00fasica, Cuerpos\u2026<\/span><\/em> Op. Cit. Pp. 41<\/p>\n<p style=\"text-align: justify;\"><a href=\"#_ednref74\">[74]<\/a> No se necesitan muchos estudios para notar la diversidad de criterios que existen en cuanto a los l\u00edmites y las naciones que componen el cuadro caribe\u00f1o. Y m\u00e1s cuando de Caribe se trata, se apunta a los distintos enfoques en busca de lo homog\u00e9neo en una zona especialmente heterog\u00e9nea, dada su composici\u00f3n \u00e9tnica &#8211;\u00a0 racial y su diversidad ling\u00fc\u00edstica. Pluralidad de enfoques que se mueven en un complejo abanico de disciplinas y que van desde la geopol\u00edtica a los estudios culturales. Adem\u00e1s, porque en ello, se asientan las pautas te\u00f3rico metodol\u00f3gicas, para incluir o excluir a las naciones del universo caribe\u00f1o, pese a la diversidad de sus lenguas, religiones, de su geograf\u00eda fragmentada en miles de islas y en la \u201cpolvareda de pa\u00edses\u201d, algunos con s\u00f3lo 16.000 habitantes, que tienen voto en la ONU, como lo plantean los profesores Sandner (2001), Avella (2006) y Santana (2007).<\/p>\n<p style=\"text-align: justify;\"><a href=\"#_ednref75\">[75]<\/a> Ver los trabajos de SANDNER, Gerhard (2003) <em><span style=\"text-decoration: underline;\">Centro Am\u00e9rica &amp; el Caribe Occidental. Coyunturas, Crisis y Conflictos 1503-1984<\/span><\/em>. Traducc\u00f3n de Jaime Polan\u00eda. Universidad Nacional de Colombia. Sede San Andr\u00e9s islas. Instituto de Estudios Caribe\u00f1os. Bogot\u00e1; (2001) Estudios Regionales del Caribe. \u00bfen qu\u00e9 sentido?. V Seminario Internacional de Estudios del Caribe, Universidad Nacional Sede de San Andr\u00e9s. Cartagena; AVELLA, Francisco (2001) <em><span style=\"text-decoration: underline;\">Bases Geohist\u00f3ricas del Caribe Colombiano<\/span><\/em>. En respirando el Caribe. Memorias de la C\u00e1tedra del Caribe Colombiano. Vol. 1 Ariel Castillo Mier (Compilador). Observatorio del Caribe Colombiano, Ministerio de Cultura, Universidad del Atl\u00e1ntico; AVELLA (2006) <em><span style=\"text-decoration: underline;\">El Papel\u2026<\/span><\/em> Op. Cit. Pp. 109.; AJA (2007) <em><span style=\"text-decoration: underline;\">M\u00fasica, Cuerpos\u2026<\/span><\/em> Op. Cit. Pp. 41<\/p>\n<p style=\"text-align: justify;\"><a href=\"#_ednref76\">[76]<\/a> BEJARANO, Jes\u00fas Antonio (1994) <em><span style=\"text-decoration: underline;\">Historia Econ\u00f3mica y Desarrollo. La historiograf\u00eda econ\u00f3mica sobre los siglos XIX y XX en Colombia<\/span><\/em>. CEREC. Editorial Presencia. Bogot\u00e1. Pp. 160.<\/p>\n<p style=\"text-align: justify;\"><a href=\"#_ednref77\">[77]<\/a> Ib\u00edd. Ver tambi\u00e9n los trabajos de ORTIZ, Lu\u00eds Javier (1987) <em><span style=\"text-decoration: underline;\">Aproximaci\u00f3n al concepto de Regi\u00f3n en la historia de Colombia<\/span><\/em>. En Revista Otras Quijotadas. Nro. 4-5 Medell\u00edn. Agosto. Pp. 17.<\/p>\n<p style=\"text-align: justify;\"><a href=\"#_ednref78\">[78]<\/a> Este concepto b\u00e1sicamente se puede notar en el trabajo de KEITH, Christie (1985) <em><span style=\"text-decoration: underline;\">Oligarcas, campesinos y pol\u00edtica en Colombia. Aspectos de la historia sociopol\u00edtica de la frontera Antioque\u00f1a<\/span><\/em>. Ed. Universidad Nacional. Bogot\u00e1.<\/p>\n<p style=\"text-align: justify;\"><a href=\"#_ednref79\">[79]<\/a> BELL (2006) \u00bf<em><span style=\"text-decoration: underline;\"> Costa Atl\u00e1ntica?<\/span><\/em>.. Op. Cit. Pp. 136.\u00a0 Ver tambi\u00e9n a DUNCAN y MARKOFF, (1978) <em><span style=\"text-decoration: underline;\">Civilization and Barbarism.<\/span><\/em> Op. Cit.Pp. 587-620; POLO (2006) <em><span style=\"text-decoration: underline;\">Desde la otra Orilla<\/span><\/em>\u2026 Op. Cit. Pp. 175.<\/p>\n<p style=\"text-align: justify;\"><a href=\"#_ednref80\">[80]<\/a> ABELLO (2006) <em><span style=\"text-decoration: underline;\">Una c\u00e1tedra\u2026<\/span><\/em> Op. Cit. Pp. 22.<\/p>\n<p style=\"text-align: justify;\"><a href=\"#_ednref81\">[81]<\/a> Ib\u00edd.\u00a0 Lo anterior hecho con base en los pronunciamientos del reconocido escritor cubano Antonio Ben\u00edtez Rojo.<\/p>\n<p style=\"text-align: justify;\"><a href=\"#_ednref82\">[82]<\/a> GAZTAMBIDE, (2007) <em><span style=\"text-decoration: underline;\">La Invenci\u00f3n<\/span><\/em><em><span style=\"text-decoration: underline;\"> del Caribe<\/span><\/em>\u2026 Op. Cit.; GAZTAMBIDE \u2013 GEIGEL, Antonio (1996). <em><span style=\"text-decoration: underline;\">La invenci\u00f3n del Caribe. Las definiciones del Caribe como problema hist\u00f3rico y metodol\u00f3gico<\/span><\/em>. Revista Mexicana del Caribe. Chetumal, Quintana Roo, M\u00e9xico, No 1 , p.\u00a0 75<\/p>\n<p style=\"text-align: justify;\"><a href=\"#_ednref83\">[83]<\/a> Ib\u00edd. Ver tambi\u00e9n a SANTANA (2007). <em><span style=\"text-decoration: underline;\">Repensando el Caribe<\/span><\/em>\u2026.Op. Cit.\u00a0 Sobre este aspecto, hay que tener en cuenta, que fuera de las pugnas que se presentaron entre Francia, Inglaterra, Espa\u00f1a y en menor medida Holanda y Dinamarca, por la hegemon\u00eda de las colonias en el Caribe en la segunda mitad del siglo XVIII, se le debe sumar que a partir de 1.776 cuando Estados Unidos se independiza, los conflictos sobre el Caribe se acrecentaron notoriamente, aunque para este periodo la supremac\u00eda reca\u00eda sobre Inglaterra y Espa\u00f1a empezaba a presentar su mayor declive. Ver tambi\u00e9n a BELL (2006)\u00a0 \u00bf<em><span style=\"text-decoration: underline;\">Costa Atl\u00e1ntica no?<\/span><\/em>&#8230; Op. Cit. Pp. 126. FRANCO (1989) <em><span style=\"text-decoration: underline;\">Ensayos Sobre<\/span><\/em>\u2026 Op. Cit. Pp. 43-70.<\/p>\n<p style=\"text-align: justify;\"><a href=\"#_ednref84\">[84]<\/a> SANTANA (2007) <em><span style=\"text-decoration: underline;\">Repensando el Caribe<\/span><\/em>\u2026.Op. Cit; BELL (2006) \u00bf<em><span style=\"text-decoration: underline;\"> Costa Atl\u00e1ntica?<\/span><\/em>.. Op. Cit. Pp. 125.<\/p>\n<p style=\"text-align: justify;\"><a href=\"#_ednref85\">[85]<\/a> SANTANA (2007) Ib\u00edd.<\/p>\n<p style=\"text-align: justify;\"><a href=\"#_ednref86\">[86]<\/a> ARROM, J. (1980). <em><span style=\"text-decoration: underline;\">Estudios de Lexicolog\u00eda Antillana<\/span><\/em>, Casa de las Am\u00e9ricas. La Habana, P\u00e1g., 95.<\/p>\n<p style=\"text-align: justify;\"><a href=\"#_ednref87\">[87]<\/a> SANTANA (2007) <em><span style=\"text-decoration: underline;\">Repensando el Caribe<\/span><\/em>\u2026.Op. Cit; BELL (2006) \u00bf<em><span style=\"text-decoration: underline;\">Costa Atl\u00e1ntica no?<\/span><\/em>.. Op. Cit. Pp. 125.<\/p>\n<p style=\"text-align: justify;\"><a href=\"#_ednref88\">[88]<\/a> Ver tambi\u00e9n a BELL (2006) \u00bf<em><span style=\"text-decoration: underline;\"> Costa Atl\u00e1ntica?<\/span><\/em>.. Op. Cit. Pp. 126-128.<\/p>\n<p style=\"text-align: justify;\"><a href=\"#_ednref89\">[89]<\/a> Algunos historiadores acostumbran a llamar esta integraci\u00f3n de pa\u00edses la Gran Colombia, para diferenciarla de de la actual Rep\u00fablica de Colombia.<\/p>\n<p style=\"text-align: justify;\"><a href=\"#_ednref90\">[90]<\/a> Biblioteca Nacional de Colombia. Hemeroteca. Peri\u00f3dico Gazeta de Santa Marta. Nro. 19. S\u00e1bado 15 de Septiembre de 1.821. Bogot\u00e1.\u00a0 Ver tambi\u00e9n a Pombo y Guerra (1892) Constituciones de Colombia. Constituci\u00f3n de la Rep\u00fablica de Colombia, a\u00f1o 1821-II. Rosario de C\u00facuta. Octubre 12. Bogot\u00e1. Pp. III. En ALARCON (2006) <em><span style=\"text-decoration: underline;\">Representaciones<\/span>\u2026<\/em> Op. Cit. Pp. 217-218..<\/p>\n<p style=\"text-align: justify;\"><a href=\"#_ednref91\">[91]<\/a> Ib\u00edd.<\/p>\n<p style=\"text-align: justify;\"><a href=\"#_ednref92\">[92]<\/a> LOPEZ (2005). <em><span style=\"text-decoration: underline;\">Hay Despreocupaci\u00f3n\u2026<\/span><\/em> Op. Cit. Hay que tener en cuenta que si analizamos la geohistoria, en este sentido al estar Venezuela integrado al territorio de Colombia en el siglo XIX, ahora si pueda ser comprensible entonces, porqu\u00e9 en algunos mapas aparecen fronteras de Colombia con el Oc\u00e9ano Atl\u00e1ntico y sobre ellos, algunos profesores ense\u00f1en err\u00f3neamente Geograf\u00eda en los colegios, como dijimos al iniciar este escrito, que Colombia limita con el Oc\u00e9ano Atl\u00e1ntico, pues Venezuela como naci\u00f3n soberana al noroeste de sus l\u00edmites, s\u00ed colinda con el Oc\u00e9ano Atl\u00e1ntico.<\/p>\n<p style=\"text-align: justify;\"><a href=\"#_ednref93\">[93]<\/a> Ver tambi\u00e9n del mismo autor (1991) \u201c<em><span style=\"text-decoration: underline;\">La conexi\u00f3n jamaiquina y la Nueva Granada 1760-1840. Cartagena de Indias de la  Colonia a la Rep\u00fablica. Fundaci\u00f3n Sim\u00f3n y Lola Guberek. Bogot\u00e1. Adem\u00e1s de Jamaica por m\u00faltiples razones, pero en especial por comercio licito e il\u00edcito, el Caribe Hispano, se mantuvo ligado al Caribe franc\u00f3fono, anglosaj\u00f3n y holand\u00e9s, primordialmente con Hait\u00ed, Aruba y Curazao. <\/span><\/em><\/p>\n<p style=\"text-align: justify;\"><a href=\"#_ednref94\">[94]<\/a> Para Arturo Sorhegui, este proceso favoreci\u00f3 una mejor utilizaci\u00f3n de las aguas del Mediterr\u00e1neo americano en su triple condici\u00f3n de puente l\u00edquido mar\u00edtimo de uni\u00f3n entre las Antillas y el norte, sur y centro del continente; punto obligado durante dichas centurias para la intercomunicaci\u00f3n con Europa y \u00c1frica, a trav\u00e9s de la corriente ecuatorial y ruta imprescindible en la conexi\u00f3n con el Asia, por medio de Manila (Filipinas) que aprovechando la corriente del <em>Gulf Stream<\/em> llegaban al viejo continente. en SORHEGUI D\u00b4MARES, Arturo (2004)\u00a0 L<em><span style=\"text-decoration: underline;\">a Habana<\/span><\/em><em><span style=\"text-decoration: underline;\"> y la Nueva Espa\u00f1a, el Mediterr\u00e1neo Americano y la Administraci\u00f3n Espa\u00f1ola en el siglo XVIII.<\/span><\/em> Revista Chacmool. Cuadernos de Trabajo Cubano-Mexicano III. Ediciones Imagen Contempor\u00e1nea. Casa de Altos Estudios Don Fernando Ortiz. Universidad de la Habana. La Habana. Pp. 85; (2002) <em><span style=\"text-decoration: underline;\">La Habana<\/span><\/em><em><span style=\"text-decoration: underline;\"> \u2013 Veracruz. El Mediterr\u00e1neo Americano y el Circuito Imperial Hispano (1519-1821)<\/span><\/em> en Bernardo Garc\u00eda y Sergio Guerra Vilaboy (Coord.) La Habana\/Veracruz-Veracruz\/La Habana. Las dos orillas. Universidad Veracruzana. M\u00e9xico; VIDAL ORTEGA, Antonino (2002) <em><span style=\"text-decoration: underline;\">Cartagena de Indias y la regi\u00f3n hist\u00f3rica del Caribe. Cartagena de Indias 1580-1640<\/span><\/em>. Universidad de Sevilla,\u00a0 Pp.1-9. en GONZ\u00c1LEZ ARANA, Roberto (2007) <em><span style=\"text-decoration: underline;\">Colombia en el Caribe<\/span><\/em>. Revista Huellas. Universidad del Norte. Barranquilla.<\/p>\n<p style=\"text-align: justify;\"><a href=\"#_ednref95\">[95]<\/a> FRANCO, Jos\u00e9 Luciano (1989) <em><span style=\"text-decoration: underline;\">Ensayos sobre el Caribe<\/span><\/em>. Editorial de Ciencias Sociales. La Habana. Pp 1-79.<\/p>\n<p style=\"text-align: justify;\"><a href=\"#_ednref96\">[96]<\/a> BELL (2006) \u00bf<em><span style=\"text-decoration: underline;\">Costa Atl\u00e1ntica no?<\/span><\/em>&#8230; Op. Cit. Pp. 126; FRANCO (1989) <em><span style=\"text-decoration: underline;\">Ensayos Sobre\u2026<\/span><\/em>. Op. Cit.\u00a0\u00a0\u00a0\u00a0\u00a0\u00a0\u00a0\u00a0\u00a0 Pp. 43-70.<\/p>\n<p style=\"text-align: justify;\"><a href=\"#_ednref97\">[97]<\/a> Para conocer de manera m\u00e1s profunda al respecto se recomienda ver los trabajos de GAZTAMBIDE \u2013 GEIGEL, Antonio (1996). <em><span style=\"text-decoration: underline;\">La invenci\u00f3n del Caribe. Las definiciones del Caribe como problema hist\u00f3rico y metodol\u00f3gico<\/span><\/em>. Revista Mexicana del Caribe. Chetumal, Quintana Roo, M\u00e9xico, No 1.\u00a0 BELL (2006) \u00bf<em><span style=\"text-decoration: underline;\">Costa Atl\u00e1ntica no?<\/span><\/em>&#8230; Op. Cit. Pp. 126 y SANTANA (2007) <em><span style=\"text-decoration: underline;\">Repensando el Caribe<\/span><\/em>\u2026.Op. Cit.<\/p>\n<p style=\"text-align: justify;\"><a href=\"#_ednref98\">[98]<\/a> GAZTAMBDE (1996), (2007) <em><span style=\"text-decoration: underline;\">La invenci\u00f3n del Caribe\u2026<\/span><\/em> Op. Cit; SANTANA (2007) <em><span style=\"text-decoration: underline;\">Repensando el caribe\u2026<\/span><\/em> Op. Cit.; BELL (2006) \u00bf<em><span style=\"text-decoration: underline;\">Costa Atl\u00e1ntica no?<\/span><\/em>&#8230; Op. Cit. Pp. 12.<\/p>\n<p style=\"text-align: justify;\"><a href=\"#_ednref99\">[99]<\/a> Ib\u00edd..<\/p>\n<p style=\"text-align: justify;\"><a href=\"#_ednref100\">[100]<\/a> SANTANA (2007) <em><span style=\"text-decoration: underline;\">Repensando el Caribe<\/span><\/em>\u2026 Op. Cit.<\/p>\n<p style=\"text-align: justify;\"><a href=\"#_ednref101\">[101]<\/a> Ib\u00edd.<\/p>\n<p style=\"text-align: justify;\"><a href=\"#_ednref102\">[102]<\/a> Ib\u00edd. ; FRANCO (1989) <em><span style=\"text-decoration: underline;\">Ensayos sobre el Caribe<\/span><\/em>. Op. Cit. Pp. 75-79<\/p>\n<p style=\"text-align: justify;\"><a href=\"#_ednref103\">[103]<\/a> FRANCO (1989) <em><span style=\"text-decoration: underline;\">Ensayos sobre el Caribe<\/span><\/em>. Op. Cit. Pp. 75<\/p>\n<p style=\"text-align: justify;\"><a href=\"#_ednref104\">[104]<\/a> Dentro de las colonias danesas en el Caribe, al perder esta posesi\u00f3n, Dinamarca tal vez pierde su mayor piedra angular, por lo que geoestrat\u00e9gicamente a tiempos actuales le hubiese representado.<\/p>\n<p style=\"text-align: justify;\"><a href=\"#_ednref105\">[105]<\/a> FRANCO (1989) <em><span style=\"text-decoration: underline;\">Ensayos sobre el Caribe<\/span><\/em>. Op. Cit. Pp. 79<\/p>\n<p style=\"text-align: justify;\"><a href=\"#_ednref106\">[106]<\/a> Ib\u00edd.<\/p>\n<p style=\"text-align: justify;\"><a href=\"#_ednref107\">[107]<\/a> SANTANA (2007) <em><span style=\"text-decoration: underline;\">Repensando el Caribe<\/span><\/em>\u2026 Op. Cit. Sobre este aspecto, ver tambi\u00e9n a GUERRA VILABOY, Sergio (2001) <em><span style=\"text-decoration: underline;\">Historia m\u00ednima de Am\u00e9rica<\/span><\/em>. Editorial F\u00e9lix Varela. La Habana Pp. 219 \u2013 220.<\/p>\n<p style=\"text-align: justify;\"><a href=\"#_ednref108\">[108]<\/a> El corolario Roosevelt\u00a0 fue de hecho una adecuaci\u00f3n de la  Doctrina Monroe al nuevo per\u00edodo. T. Roosevelt Presidente en ese entonces de la naci\u00f3n norte\u00f1a, declar\u00f3 que en el Hemisferio Occidental la adhesi\u00f3n a la doctrina Monroe pod\u00eda obligar a Estados Unidos al ejercicio de un poder de polic\u00eda internacional<\/p>\n<p style=\"text-align: justify;\"><a href=\"#_ednref109\">[109]<\/a> GAZTAMBDE (1996), (2007) <em><span style=\"text-decoration: underline;\">La invenci\u00f3n del Caribe\u2026<\/span><\/em> Op. Cit; SANTANA (2007) <em><span style=\"text-decoration: underline;\">Repensando el caribe\u2026<\/span><\/em> Op. Cit.<\/p>\n<p style=\"text-align: justify;\"><a href=\"#_ednref110\">[110]<\/a> SANTANA (2007) <em><span style=\"text-decoration: underline;\">Repensando el caribe\u2026<\/span><\/em> Op. Cit.<\/p>\n<p style=\"text-align: justify;\"><a href=\"#_ednref111\">[111]<\/a> GAZTAMBIDE (2007) Op. Cit.<\/p>\n<p style=\"text-align: justify;\"><a href=\"#_ednref112\">[112]<\/a> SANTANA (2007). <em><span style=\"text-decoration: underline;\">Repensando el Caribe<\/span><\/em>\u2026. Op. Cit. Sobre la historiograf\u00eda del imperialismo e inherencia yanqui en el Caribe, es bueno ver las obras de HOSTOS, Eugenio Mar\u00eda (1976). <em><span style=\"text-decoration: underline;\">Obras<\/span><\/em>. Casa de las Am\u00e9ricas. La Habana, Pp. 503-512, exponente de la ideolog\u00eda antiimperialista antillana, quien refuta el anexionismo puertorrique\u00f1o, se\u00f1alando que ten\u00eda el inconveniente de \u201csubordinar la riqueza y la independencia econ\u00f3mica de Puerto Rico a la torpe pol\u00edtica econ\u00f3mica de los Estados Unidos\u201d.\u00a0 A su vez, m\u00e1s adelante expresa que en 1900 ve\u00eda en \u201cel predominio de los peores representantes del esp\u00edritu americano ha resultado el robo de Puerto Rico\u201d; Sobre este aspecto ver tambi\u00e9n a Mariano Abril Ostel\u00f3; SOLER, R. (1980) <em><span style=\"text-decoration: underline;\">Idea y cuesti\u00f3n nacional latinoamericanas, de la independencia a la emergencia del imperialismo<\/span><\/em>, Editorial Siglo XXI, M\u00e9xico. Pp. 225; Z\u00daMETA, C\u00e9sar (1979) <em><span style=\"text-decoration: underline;\">El Continente Enfermo.<\/span><\/em> UNAM. M\u00e9xico. Pp. 5; GUERRA VILABOY, Sergio (2003) <em><span style=\"text-decoration: underline;\">Cinco siglos de historiograf\u00eda latinoamericana<\/span><\/em>. Editorial F\u00e9lix Varela, La Habana, Pp. 93; VARGAS VILA, Jos\u00e9 Mar\u00eda. <em><span style=\"text-decoration: underline;\">Ante los b\u00e1rbaros (los Estados Unidos y la Guerra).El yanqui; he aqu\u00ed el enemigo.<\/span><\/em> Panfleto. Bogot\u00e1.<\/p>\n<p style=\"text-align: justify;\"><a href=\"#_ednref113\">[113]<\/a> En esta referencia humildemente, fuera de lo expuesto hasta ahora, trataremos de hacer una cronolog\u00eda del material existente sobre el Caribe, en especial despu\u00e9s de la concepci\u00f3n yanqui de lo que es denominado c\u00f3mo Caribe, as\u00ed: ENAMORADO CUESTA, Jos\u00e9 (1936) <em><span style=\"text-decoration: underline;\">El Imperialismo Yanqui y la  Revoluci\u00f3n en el Caribe<\/span><\/em>. Universidad de Puerto Rico. San Juan. Esta obra no se limitaba a las Antillas, pues inclu\u00eda adem\u00e1s a Panam\u00e1 y la Am\u00e9rica Central; GUERRA, Ramiro (1935) <em><span style=\"text-decoration: underline;\">La expansi\u00f3n territorial de los Estados Unidos a expensas de Espa\u00f1a\u00a0 y de los pa\u00edses\u00a0 hispanoamericanos<\/span><\/em>. Aqu\u00ed el autor pone de manifiesto la ambici\u00f3n expansionista norteamericana en relaci\u00f3n con M\u00e9xico, Am\u00e9rica Central y las Antillas, en una regi\u00f3n que denomina tambi\u00e9n como Caribe. ARCINIEGAS, Germ\u00e1n (1945) <em><span style=\"text-decoration: underline;\">Biograf\u00eda del caribe<\/span><\/em>. Obra reeditada en muchas ocasiones, en la cual ya extiende los escenarios hasta la ocupaci\u00f3n del canal de Panam\u00e1 de parte de los norteamericanos. Es bueno mencionar que un a\u00f1o antes de la publicaci\u00f3n de la obra de Arciniegas, en Marzo de 1.944 se imprime masivamente la primera edici\u00f3n de Gaceta del Caribe, publicaci\u00f3n cubana que mostraba la producci\u00f3n intelectual de los escritores de la \u00e9poca, a trav\u00e9s de un intercambio literario, de la cual era editor principal Nicol\u00e1s Guill\u00e9n. Aunado a lo anterior, hay que sumarles las obras de los trinitarios JAMES, C.L.R. (1938) <em><span style=\"text-decoration: underline;\">The Black Jacobins: Toussant L\u00b4Overture and the San Domingo Revolution<\/span><\/em>. London. Secker and Warburg, Reditada posteriormente en 1963; WILLIAMS, Eric (1944)<em> <span style=\"text-decoration: underline;\">Capitalism and Slavery<\/span><\/em>. Chapel Hill. University of North Carolina Press; y (1970) <em><span style=\"text-decoration: underline;\">From Columbus to Castro: History of the Caribbean<\/span><\/em>, London: Andre Deutsch. Por su parte el Jamaicano ROBERTS W,. Adolphe (1940) <span style=\"text-decoration: underline;\">The Caribbean: The Story of our Sea of Destiny,<\/span> New York, the Bobbs-Merill Company; Nuevamente el colombiano Germ\u00e1n Arciniegas en 1.946 publica en Ingl\u00e9s otra obra alusiva al Caribe, denominada <em><span style=\"text-decoration: underline;\">Caribbean: Sea of the New World.<\/span><\/em> New Cork. Hasta ahora, estos autores \u00edconos y pioneros en la visi\u00f3n\u00a0 Caribe, escrib\u00edan seg\u00fan Santana (2007) m\u00e1s all\u00e1 de las barreras ling\u00fc\u00edsticas y de los lazos coloniales, para centrarse en las experiencias hist\u00f3ricas comunes: exterminio de la poblaci\u00f3n aborigen, las rivalidades entre las potencias coloniales, la esclavitud y la trata, el sistema de plantaciones y la pol\u00edtica agresiva y expansionista de Estados Unidos.<\/p>\n<p style=\"text-align: justify;\"><a href=\"#_ednref114\">[114]<\/a> Estudios que dan pie a la creaci\u00f3n en 1.968 de la Asociaci\u00f3n Caribe\u00f1a de Libre Comercio, conocida por las siglas de CARIFTA, que se ser\u00eda el punto de partida para la creaci\u00f3n en 1973 de la Comunidad Econ\u00f3mica del Caribe (CARICOM). Ver SANTANA (2007) <em><span style=\"text-decoration: underline;\">Repensando el Caribe\u2026<\/span><\/em> Op. Cit.<\/p>\n<p style=\"text-align: justify;\"><a href=\"#_ednref115\">[115]<\/a> BOSCH, Juan (1999). <em><span style=\"text-decoration: underline;\">De Crist\u00f3bal a Fidel Castro: El Caribe, frontera imperial<\/span>. <\/em>Santo Domingo.\u00a0 (d\u00e9cima edici\u00f3n dominicana); Pp. 34. (Primera publicaci\u00f3n 1970)<\/p>\n<p style=\"text-align: justify;\"><a href=\"#_ednref116\">[116]<\/a> Bosch, Juan. Obra citada. P. 34<\/p>\n<p style=\"text-align: justify;\"><a href=\"#_ednref117\">[117]<\/a> RODR\u00cdGUEZ JULI\u00c1, Edgardo (1988) <em><span style=\"text-decoration: underline;\">Puerto Rico y el Caribe: historia de una marginalidad<\/span><\/em>, en <em>El Nuevo D\u00eda<\/em>, San Juan, 20 Noviembre. En GIRVAN, Norman (2000) <em><span style=\"text-decoration: underline;\">Reinterpretar el Caribe.<\/span><\/em> Revista Mexicana del Caribe. No 7. M\u00e9xico.<\/p>\n<p style=\"text-align: justify;\"><a href=\"#_ednref118\">[118]<\/a> MOYA PONDS, Frank (1978) <em><span style=\"text-decoration: underline;\">Caribbean consciousness: What the Caribbean ist not. <\/span><\/em><em><span style=\"text-decoration: underline;\">Caribbean<\/span><\/em> Educational Bulletin, vol.5, n\u00fam. 3, Septiembre. Pp.41.<\/p>\n<p style=\"text-align: justify;\"><a href=\"#_ednref119\">[119]<\/a> VON GRAFENSTEIN, Johanna (1997). <em><span style=\"text-decoration: underline;\">Nueva Espa\u00f1a en el Circuncaribe, 1779 -1808. Revoluci\u00f3n, competencia imperial y v\u00ednculos intercoloniales<\/span><\/em>. CCYDEL \u2013 UNAM . M\u00e9xico P. 14<\/p>\n<p style=\"text-align: justify;\"><a href=\"#_ednref120\">[120]<\/a> Ibid. P 23<\/p>\n<p style=\"text-align: justify;\"><a href=\"#_ednref121\">[121]<\/a> SANTANA (2007) Op. Cit.<\/p>\n<p style=\"text-align: justify;\"><a href=\"#_ednref122\">[122]<\/a> YANES, Hern\u00e1n (2003) <em><span style=\"text-decoration: underline;\">El Gran Caribe de los Noventa. Perspectiva sociopol\u00edtica<\/span><\/em> en Feliciano J. Garc\u00eda (comp.) <em>Antolog\u00eda. Integraci\u00f3n Latinoamericana y Caribe\u00f1a<\/em>. Universidad Veracruzana. Jalapa. M\u00e9xico Pp. 205<\/p>\n<p style=\"text-align: justify;\"><a href=\"#_ednref123\">[123]<\/a> ARDILA (2005) <em><span style=\"text-decoration: underline;\">Colombia y el Caribe<\/span>\u2026<\/em>. Op. Cit. Pp. 159<\/p>\n<p style=\"text-align: justify;\"><a href=\"#_ednref124\">[124]<\/a> SANTANA (2007) <em><span style=\"text-decoration: underline;\">Repensando el Caribe\u2026 <\/span><\/em>Op. Cit<\/p>\n<p style=\"text-align: justify;\"><a href=\"#_ednref125\">[125]<\/a> Tomado textualmente de ARDILA (2005) <em><span style=\"text-decoration: underline;\">Colombia y el Caribe<\/span>\u2026<\/em>. Op. Cit. Pp. 157<\/p>\n<p style=\"text-align: justify;\"><a href=\"#_ednref126\">[126]<\/a> SANTANA (2007) <em><span style=\"text-decoration: underline;\">Repensando el Caribe\u2026 <\/span><\/em>Op. Cit<\/p>\n<p style=\"text-align: justify;\"><a href=\"#_ednref127\">[127]<\/a> ARDILA (2005) <em><span style=\"text-decoration: underline;\">Colombia y el Caribe<\/span>\u2026<\/em>. Op. Cit. Pp. 158<\/p>\n<p style=\"text-align: justify;\"><a href=\"#_ednref128\">[128]<\/a> Ib\u00edd.<\/p>\n<p style=\"text-align: justify;\"><a href=\"#_ednref129\">[129]<\/a> Ib\u00edd. Pp. 158<\/p>\n<p style=\"text-align: justify;\"><a href=\"#_ednref130\">[130]<\/a> Ib\u00edd.<\/p>\n<p style=\"text-align: justify;\"><a href=\"#_ednref131\">[131]<\/a> SANTANA (2007) <em><span style=\"text-decoration: underline;\">Repensando el Caribe\u2026 <\/span><\/em>Op. Cit.<\/p>\n<p style=\"text-align: justify;\"><a href=\"#_ednref132\">[132]<\/a> Tomado textualmente de ARDILA (2005) <em><span style=\"text-decoration: underline;\">Colombia y el Caribe<\/span>\u2026<\/em>. Op. Cit. Pp. 160.<\/p>\n<p style=\"text-align: justify;\"><a href=\"#_ednref133\">[133]<\/a> Ib\u00edd.<\/p>\n<p style=\"text-align: justify;\"><a href=\"#_ednref134\">[134]<\/a> Las estad\u00edsticas de las importaciones de EE.UU. indican que el flujo comercial de los pa\u00edses del Caribe, que tienen como destino final de sus productos y mercanc\u00edas, oscila entre el 30 y el 50%. Fuera de los beneficios arancelarios que pueden recibir, por la inclusi\u00f3n de Puerto Rico, que de acuerdo a la Ley de Impuestos de los Estados Unidos, est\u00e1 pre\u00f1ada de significancia comercial, seg\u00fan lo estipulado en la Iniciativa de la Cuenca del Caribe.<\/p>\n<p style=\"text-align: justify;\"><a href=\"#_ednref135\">[135]<\/a> Estas operaciones comerciales se dan b\u00e1sicamente por la tradici\u00f3n hist\u00f3rica de sus ex \u2013 colonias, amparadas econ\u00f3micamente con excelentes beneficios arancelarios por medio del convenio de Lom\u00e9.<\/p>\n<p style=\"text-align: justify;\"><a href=\"#_ednref136\">[136]<\/a> Ib\u00edd. Pp. 166<\/p>\n<p style=\"text-align: justify;\"><a href=\"#_ednref137\">[137]<\/a> ARDILA (2005) <em><span style=\"text-decoration: underline;\">Colombia y el Caribe<\/span>\u2026<\/em>. Op. Cit. Pp. 160.<\/p>\n<p style=\"text-align: justify;\"><span style=\"color: #ffffff;\">\/<\/span><\/p>\n<p><em>Ariadna Tucma Revista Latinoamericana.<\/em><em> <\/em><em>N\u00ba\u00a05. Marzo 2010-Febrero 2011<\/em><\/p>\n<p>&nbsp;<\/p>\n<p><strong>Publicado por \u00a9www.ariadnatucma.com.ar<\/strong><\/p>\n<p><span style=\"color: #ffffff;\">\/<\/span><\/p>\n<p>Contacto: info@ariadnatucma.com.ar<\/p>\n","protected":false},"excerpt":{"rendered":"<p>nuevas visiones Jorge Enrique El\u00edas Caro * I. A manera de\u00a0Introducci\u00f3n \/ Hace algunos d\u00edas, despu\u00e9s de leer un art\u00edculo del Ex-presidente de Colombia Alfonso L\u00f3pez Michelsen (1978-1982), denominado \u201cHay despreocupaci\u00f3n por los problemas de l\u00edmites\u201d[1], me caus\u00f3 mucha sorpresa un p\u00e1rrafo en especial, por lo ut\u00f3pico y real que a la vez puede resultar: &hellip; <\/p>\n<p class=\"link-more\"><a href=\"https:\/\/www.ariadnatucma.com.ar\/?p=1164\" class=\"more-link\">Seguir leyendo<span class=\"screen-reader-text\"> \u00abIntegraci\u00f3n y fronteras en el Caribe\u00bb<\/span><\/a><\/p>\n","protected":false},"author":39,"featured_media":0,"comment_status":"closed","ping_status":"closed","sticky":false,"template":"","format":"standard","meta":{"footnotes":""},"categories":[145,3],"tags":[56,90,173,93],"class_list":["post-1164","post","type-post","status-publish","format-standard","hentry","category-biblioteca","category-historia","tag-caribe","tag-colombia","tag-frontera","tag-integracion-regional","entry"],"_links":{"self":[{"href":"https:\/\/www.ariadnatucma.com.ar\/index.php?rest_route=\/wp\/v2\/posts\/1164","targetHints":{"allow":["GET"]}}],"collection":[{"href":"https:\/\/www.ariadnatucma.com.ar\/index.php?rest_route=\/wp\/v2\/posts"}],"about":[{"href":"https:\/\/www.ariadnatucma.com.ar\/index.php?rest_route=\/wp\/v2\/types\/post"}],"author":[{"embeddable":true,"href":"https:\/\/www.ariadnatucma.com.ar\/index.php?rest_route=\/wp\/v2\/users\/39"}],"replies":[{"embeddable":true,"href":"https:\/\/www.ariadnatucma.com.ar\/index.php?rest_route=%2Fwp%2Fv2%2Fcomments&post=1164"}],"version-history":[{"count":20,"href":"https:\/\/www.ariadnatucma.com.ar\/index.php?rest_route=\/wp\/v2\/posts\/1164\/revisions"}],"predecessor-version":[{"id":1172,"href":"https:\/\/www.ariadnatucma.com.ar\/index.php?rest_route=\/wp\/v2\/posts\/1164\/revisions\/1172"}],"wp:attachment":[{"href":"https:\/\/www.ariadnatucma.com.ar\/index.php?rest_route=%2Fwp%2Fv2%2Fmedia&parent=1164"}],"wp:term":[{"taxonomy":"category","embeddable":true,"href":"https:\/\/www.ariadnatucma.com.ar\/index.php?rest_route=%2Fwp%2Fv2%2Fcategories&post=1164"},{"taxonomy":"post_tag","embeddable":true,"href":"https:\/\/www.ariadnatucma.com.ar\/index.php?rest_route=%2Fwp%2Fv2%2Ftags&post=1164"}],"curies":[{"name":"wp","href":"https:\/\/api.w.org\/{rel}","templated":true}]}}